{"id":1006,"date":"2009-09-09T18:10:07","date_gmt":"2009-09-09T16:10:07","guid":{"rendered":"http:\/\/blog.rockpixx.com\/?p=91"},"modified":"2013-02-27T18:50:29","modified_gmt":"2013-02-27T17:50:29","slug":"bildernutzung-bzw-bilderklau","status":"publish","type":"post","link":"http:\/\/www.rockpixx.com\/wordpress\/bildernutzung-bzw-bilderklau\/","title":{"rendered":"Bildernutzung bzw. Bilderklau"},"content":{"rendered":"<p>Moin,<\/p>\n<p>ich mag ja schon gar nicht mehr in mein Postfach gucken\u2026<\/p>\n<p>Wenn ich dort Mails finde, die sinngem\u00e4\u00df etwa folgenderma\u00dfen lauten:<\/p>\n<p><em>\u201eHallo, ich habe gerade Eure Bilder auf rockpixx.com gesehen und finde die ja sowas von toll! Gerne w\u00fcrde ich die auch auf<br \/>\n[_] meiner Homepage<br \/>\n[_] meiner MySpace-Seite<br \/>\n[_] meiner Facebook-Seite<br \/>\n[_] meiner Lokalisten-Seite<br \/>\n[_] meiner xyz<\/em><br \/>\n(sucht Euch irgendetwas zum Ankreuzen aus)<br \/>\n<em>in meiner Galerie zeigen. Kannst Du mir die Bilder noch einmal in hoher Aufl\u00f6sung und m\u00f6glichst ohne Logo schicken?\u201c<\/em><\/p>\n<p>&#8211; dann mag ich in Outlook schon gar nicht mehr wirklich auf den \u201eAntworten\u201c-Knopf dr\u00fccken.<!--more--><\/p>\n<p>Immerhin kann ich den Mailversendern ja noch zugute halten, dass sie wenigstens vorher fragen und ich nicht irgendwann einmal durch Zufall oder durch einen Hinweis \u00fcber unsere Bilder auf fremden Seiten stolpere. Aber dieses <em>\u201ew\u00fcrde ich gerne umsonst erwerben\u201c<\/em> (um einmal einen anderen Fotografen zu zitieren), ist einfach nur noch entnervend: Erwidert man nichts, dann gilt das als stillschweigende Zustimmung zum Bilderklau, schreibt man zur\u00fcck \u201eGerne, wohin darf ich die Rechnung schicken?\u201c, gilt man als arrogant beziehungsweise geldgeil. Egal, was man macht, der \u00c4rger ist vorprogrammiert und wieder einmal ist wertvolle Zeit mit so etwas Sinnlosem verplempert worden.<\/p>\n<p>Nat\u00fcrlich ist es ein sch\u00f6nes Gef\u00fchl, wenn die eigenen Bilder auch anderen gefallen, dennoch bleibt ein schaler Nachgeschmack ob der Gedankenlosigkeit einiger Zeitgenossen in den Zeiten des Web 2.0.<br \/>\n(Weniger Wohlmeinende w\u00fcrden das als \u201eDreistigkeit\u201c etikettieren.)<\/p>\n<p>Vermutlich bin ich nur hoffnungslos altmodisch, dass mich so etwas \u00fcberhaupt noch besch\u00e4ftigt und ich dar\u00fcber sogar einen Blogeintrag verfasse. Andererseits aber tr\u00e4gt die Fotografie f\u00fcr Menschen wie mich zu einen Gutteil auch zum Lebensunterhalt bei \u2013 von daher m\u00f6chte ich einmal den B\u00e4cker sehen, der seine Sahnetorte an einen Interessenten verschenkt, nur weil diese so lecker aussieht.<\/p>\n","protected":false},"excerpt":{"rendered":"<p>Moin, ich mag ja schon gar nicht mehr in mein Postfach gucken\u2026 Wenn ich dort <a href=\"http:\/\/www.rockpixx.com\/wordpress\/bildernutzung-bzw-bilderklau\/\">Read more<\/a><\/p>\n","protected":false},"author":1,"featured_media":0,"comment_status":"open","ping_status":"open","sticky":false,"template":"","format":"standard","meta":{"_jetpack_memberships_contains_paid_content":false,"footnotes":"","jetpack_publicize_message":"Bildernutzung bzw. Bilderklau","jetpack_publicize_feature_enabled":true,"jetpack_social_post_already_shared":true,"jetpack_social_options":{"image_generator_settings":{"template":"highway","default_image_id":0,"font":"","enabled":false},"version":2}},"categories":[445,19],"tags":[231,131,911],"class_list":["post-1006","post","type-post","status-publish","format-standard","hentry","category-445","category-backstage","tag-argerliches","tag-bilderklau-argerliches","tag-urheberrechtsverletzung"],"aioseo_notices":[],"jetpack_publicize_connections":[],"jetpack_featured_media_url":"","jetpack-related-posts":[{"id":11296,"url":"http:\/\/www.rockpixx.com\/wordpress\/laith-al-deen-29-06-2013-kiel-ndr-buhne\/","url_meta":{"origin":1006,"position":0},"title":"Laith Al-Deen, 29.06.2013, Kiel, NDR-B\u00fchne","author":"Anja","date":"30. Juni 2013","format":false,"excerpt":"Eigentlich k\u00f6nnte ich ja die Einleitung vom Review von \u2192\u00a0Johannes Oerding hier 1:1 \u00fcbernehmen, mache ich aber nicht. Um 22:00 sollte es an diesem Abend mit Laith Al-Deen weitergehen und auch auf ihn freute ich mich wieder, da ich pers\u00f6nlich mit seinem Konzert vor zwei Jahren das Erlebnis meiner f\u00fcr\u2026","rel":"","context":"In &quot;Acts&quot;","block_context":{"text":"Acts","link":"http:\/\/www.rockpixx.com\/wordpress\/category\/acts\/"},"img":{"alt_text":"","src":"https:\/\/i0.wp.com\/www.rockpixx.com\/wordpress\/wp-content\/uploads\/2013\/06\/20130629-05-045_laith-al-deen-Artikel.jpg?resize=350%2C200","width":350,"height":200,"srcset":"https:\/\/i0.wp.com\/www.rockpixx.com\/wordpress\/wp-content\/uploads\/2013\/06\/20130629-05-045_laith-al-deen-Artikel.jpg?resize=350%2C200 1x, https:\/\/i0.wp.com\/www.rockpixx.com\/wordpress\/wp-content\/uploads\/2013\/06\/20130629-05-045_laith-al-deen-Artikel.jpg?resize=525%2C300 1.5x, https:\/\/i0.wp.com\/www.rockpixx.com\/wordpress\/wp-content\/uploads\/2013\/06\/20130629-05-045_laith-al-deen-Artikel.jpg?resize=700%2C400 2x"},"classes":[]},{"id":8701,"url":"http:\/\/www.rockpixx.com\/wordpress\/ey-alda-mach-mal-n-bild-von-mir\/","url_meta":{"origin":1006,"position":1},"title":"\u201eEy Alda, mach&#8216; mal &#8217;n Bild von mir!\u201c","author":"admin","date":"7. Juli 2008","format":false,"excerpt":"\u2026 oder warum ich Partyknipser eigentlich nicht leiden kann... Nicht, dass mich hier jemand falsch versteht: Ich pflege nicht mehr in Diskotheken oder \u00e4hnliche Etablissement zu gehen \u2013 nachdem ich Anfang der Achtziger Jahre des letzten Jahrhunderts zu Studentenzeiten lange Zeit als Discjockey gearbeitet habe (ich bin tats\u00e4chlich schon so\u2026","rel":"","context":"In &quot;2008&quot;","block_context":{"text":"2008","link":"http:\/\/www.rockpixx.com\/wordpress\/category\/backstage\/2008\/"},"img":{"alt_text":"","src":"","width":0,"height":0},"classes":[]},{"id":1016,"url":"http:\/\/www.rockpixx.com\/wordpress\/hotels\/","url_meta":{"origin":1006,"position":2},"title":"Hotels","author":"admin","date":"23. Februar 2010","format":false,"excerpt":"Moin, neulich hatte ich ja schon ein Hotelzimmer mit Dusche, bei dem das WC \u2192 aufpreispflichtig war. Letztes Wochenende war ich kl\u00fcger und buchte gleich ein Hotel, welches auf der Webseite einen guten Eindruck hinterlie\u00df, g\u00fcnstig vom Preis und von der Lage her erschien und sogar drei Sterne hatte. Und\u2026","rel":"","context":"In &quot;2010&quot;","block_context":{"text":"2010","link":"http:\/\/www.rockpixx.com\/wordpress\/category\/backstage\/2010\/"},"img":{"alt_text":"bed and breakfast im Saarland","src":"https:\/\/i0.wp.com\/www.rockpixx.com\/wordpress\/wp-content\/uploads\/2010\/02\/20100223-hotel-breakfast.jpg?resize=350%2C200","width":350,"height":200,"srcset":"https:\/\/i0.wp.com\/www.rockpixx.com\/wordpress\/wp-content\/uploads\/2010\/02\/20100223-hotel-breakfast.jpg?resize=350%2C200 1x, https:\/\/i0.wp.com\/www.rockpixx.com\/wordpress\/wp-content\/uploads\/2010\/02\/20100223-hotel-breakfast.jpg?resize=525%2C300 1.5x, https:\/\/i0.wp.com\/www.rockpixx.com\/wordpress\/wp-content\/uploads\/2010\/02\/20100223-hotel-breakfast.jpg?resize=700%2C400 2x"},"classes":[]},{"id":950,"url":"http:\/\/www.rockpixx.com\/wordpress\/wie-mit-smokie-alles-begann\/","url_meta":{"origin":1006,"position":3},"title":"Wie mit \u201eSmokie\u201c alles begann","author":"admin","date":"5. November 2007","format":false,"excerpt":"Mein erstes Konzert mit \u201eKamera-Begleitung\u201c \u2013 das muss so um 1978\/79 gewesen sein. Nat\u00fcrlich hatte ich schon einige Erfahrung mit einer SLR sammeln k\u00f6nnen, aber noch keine eigene Kamera. Also fragte ich meinen Philosophie-Lehrer aus der gymnasialen Oberstufe, ob ich denn vielleicht einmal f\u00fcr ein, zwei Tage seine SLR mit\u2026","rel":"","context":"In &quot;2007&quot;","block_context":{"text":"2007","link":"http:\/\/www.rockpixx.com\/wordpress\/category\/backstage\/2007\/"},"img":{"alt_text":"Tina Turner, um 1984","src":"https:\/\/i0.wp.com\/rockpixx.com\/wordpress\/wp-content\/uploads\/2012\/11\/20071103-tina-turner-02.jpg?resize=350%2C200","width":350,"height":200},"classes":[]},{"id":1017,"url":"http:\/\/www.rockpixx.com\/wordpress\/canon-eos-7d-auf-konzerten\/","url_meta":{"origin":1006,"position":4},"title":"Canon EOS 7D auf Konzerten","author":"admin","date":"15. M\u00e4rz 2010","format":false,"excerpt":"Moin, Einleitung Viel habe ich bereits \u00fcber die neue 7D von Canon gelesen \u2013 wenig allerdings an Erfahrungsberichten aus der Konzertfotoszene. Und so bin ich eine ganze Weile um sie herumgeschlichen, bis ich mich entschlossen hatte, eine zu erwerben. Bislang hatte ich ja alle meine Gigs mit drei 20D fotografiert,\u2026","rel":"","context":"In &quot;2010&quot;","block_context":{"text":"2010","link":"http:\/\/www.rockpixx.com\/wordpress\/category\/backstage\/2010\/"},"img":{"alt_text":"","src":"","width":0,"height":0},"classes":[]},{"id":10297,"url":"http:\/\/www.rockpixx.com\/wordpress\/konzerte-wie-komme-ich-als-anfanger-an-akkreditierungen\/","url_meta":{"origin":1006,"position":5},"title":"Konzerte: Wie komme ich als Anf\u00e4nger an Akkreditierungen?","author":"admin","date":"14. April 2013","format":false,"excerpt":"Aus aktuellem Anlass (und weil diese Frage immer wieder auftaucht) hier einmal ein paar Zeilen aus der Rubrik \u201eLebenshilfe\u201c. H\u00e4ufig bekomme ich Mails \/ lese im von uns betriebenen Forum \u2192 \u201eThree Songs | No Flash\u201c \/sehe auf facebook die eingangs erw\u00e4hnte Frage \u2013 oftmals gleich verbunden mit dem Einwand:\u2026","rel":"","context":"In &quot;Tipps ohne Tricks&quot;","block_context":{"text":"Tipps ohne Tricks","link":"http:\/\/www.rockpixx.com\/wordpress\/category\/verschiedenes\/tipps-ohne-tricks\/"},"img":{"alt_text":"pitpass-teaser","src":"https:\/\/i0.wp.com\/www.rockpixx.com\/wordpress\/wp-content\/uploads\/2013\/01\/pitpass-teaser.jpg?resize=350%2C200","width":350,"height":200,"srcset":"https:\/\/i0.wp.com\/www.rockpixx.com\/wordpress\/wp-content\/uploads\/2013\/01\/pitpass-teaser.jpg?resize=350%2C200 1x, https:\/\/i0.wp.com\/www.rockpixx.com\/wordpress\/wp-content\/uploads\/2013\/01\/pitpass-teaser.jpg?resize=525%2C300 1.5x, https:\/\/i0.wp.com\/www.rockpixx.com\/wordpress\/wp-content\/uploads\/2013\/01\/pitpass-teaser.jpg?resize=700%2C400 2x"},"classes":[]}],"jetpack_sharing_enabled":true,"publishpress_future_action":{"enabled":false,"date":"2026-05-08 21:22:24","action":"change-status","newStatus":"draft","terms":[],"taxonomy":"category","extraData":[]},"publishpress_future_workflow_manual_trigger":{"enabledWorkflows":[]},"_links":{"self":[{"href":"http:\/\/www.rockpixx.com\/wordpress\/wp-json\/wp\/v2\/posts\/1006","targetHints":{"allow":["GET"]}}],"collection":[{"href":"http:\/\/www.rockpixx.com\/wordpress\/wp-json\/wp\/v2\/posts"}],"about":[{"href":"http:\/\/www.rockpixx.com\/wordpress\/wp-json\/wp\/v2\/types\/post"}],"author":[{"embeddable":true,"href":"http:\/\/www.rockpixx.com\/wordpress\/wp-json\/wp\/v2\/users\/1"}],"replies":[{"embeddable":true,"href":"http:\/\/www.rockpixx.com\/wordpress\/wp-json\/wp\/v2\/comments?post=1006"}],"version-history":[{"count":0,"href":"http:\/\/www.rockpixx.com\/wordpress\/wp-json\/wp\/v2\/posts\/1006\/revisions"}],"wp:attachment":[{"href":"http:\/\/www.rockpixx.com\/wordpress\/wp-json\/wp\/v2\/media?parent=1006"}],"wp:term":[{"taxonomy":"category","embeddable":true,"href":"http:\/\/www.rockpixx.com\/wordpress\/wp-json\/wp\/v2\/categories?post=1006"},{"taxonomy":"post_tag","embeddable":true,"href":"http:\/\/www.rockpixx.com\/wordpress\/wp-json\/wp\/v2\/tags?post=1006"}],"curies":[{"name":"wp","href":"https:\/\/api.w.org\/{rel}","templated":true}]}}