{"id":1007,"date":"2009-09-24T21:18:24","date_gmt":"2009-09-24T19:18:24","guid":{"rendered":"http:\/\/blog.rockpixx.com\/?p=118"},"modified":"2013-02-27T19:03:39","modified_gmt":"2013-02-27T18:03:39","slug":"deppen-in-fotoforen","status":"publish","type":"post","link":"http:\/\/www.rockpixx.com\/wordpress\/deppen-in-fotoforen\/","title":{"rendered":"Deppen in Fotoforen"},"content":{"rendered":"<p>Moin,<\/p>\n<p>ich habe neue Erkenntnisse gewonnen:<\/p>\n<p><strong>1. Beleuchter verdienen mehr Geld als Fotografen.<br \/>\n2. Meine Bilder sind gut.<br \/>\n3. Ich bin ein ****** und ein schlechter Vater.<\/strong><\/p>\n<p>Wie es dazu gekommen ist? Nun, dank des modernen Lebenshilfe-Mediums (vulgo: \u201eFotoforum im www\u201c) bin ich wieder ein wenig schlauer. Doch der Reihe nach\u2026<\/p>\n<p>Ich bin ja nun schon seit vielen Jahren regelm\u00e4\u00dfiger Forennutzer im www. Eigentlich war ich schon ab 1995 viel im Usenet unterwegs, bis dann diese Kommunikationsfom auch ins www her\u00fcberschwappte. Mittlerweile betreibe ich seit etlichen Jahren auch selbst ein Forum, das\u00a0\u2192 <a title=\"Opel-Modell-Forum\" href=\"http:\/\/opelmodellforum.de\" target=\"_blank\">Opel-Modell-Forum<\/a>.<\/p>\n<p>Hier soll&#8217;s aber einmal um die Fotoforen im Web gehen &#8211; genauer gesagt, um manche der dort vertretenen Nutzer. Nehmen wir aus aktuellem Anlass doch einmal ein Beispiel:<!--more--><\/p>\n<p>Ein User zeigt Konzertfotos bei denen die Beleuchtung so etwas von daneben war und fragt, wie und ob seine Bilder noch irgendwie rettbar sind. Er bekommt jede Menge Tipps, das Diskussionsklima ist freundlich und mit spitzen Bemerkungen \u00fcber manche Lichtmenschen und Ihr (Nicht-) Tun wird auch nicht unbedingt gespart, bis&#8230; ja bis &#8211; zum folgenden Post eines Neuusers (1. Beitrag nach 7 Monaten Mitlesens, <em><span style=\"color: #ffff99;\">gelber Text<\/span><\/em>: User Xxxx, <span style=\"color: #99ccff;\"><em>blauer Text<\/em><\/span> ist aus meiner Tastatur):<\/p>\n<p>\/* &#8212;&#8212;&#8212;&#8212;&#8212;&#8212;&#8211; Ursprungspost &#8212;&#8212;&#8212;&#8212;&#8212;&#8212;&#8211; *\/<\/p>\n<p><span style=\"color: #ffff99;\"><em>Ich muss hier mal fragen wo das Problem ist.<\/em><\/span><\/p>\n<p><span style=\"color: #ffff99;\"><em>Ihr macht Fotos von einem Konzert und nicht in einem Studio.<br \/>\nDas was gesagt wurde mit dem &#8222;Gute Beleuchter machen wei\u00dfes Frontlicht&#8220;<br \/>\nist nat\u00fcrlich auch K\u00e4se.<\/em><\/span><\/p>\n<p><span style=\"color: #ffff99;\"><em>Ich als junger Fotograf und Lichttechniker muss sagen, wenn ich die<br \/>\nLampen Rot mach dann will ich die B\u00fchne Rot, wenn ich die Lampen<br \/>\nBlau mach will ich die B\u00fchne Blau.<\/em><\/span><\/p>\n<p><span style=\"color: #ffff99;\"><em>Das ist eine Lichtstimmung, hat der ein oder andere Fotograf schonmal<br \/>\ngeh\u00f6rt. Das ist gewollt. Ob ihr jetzt die aktuelle Stimmung verdrehen wollt<br \/>\nist eure Frage.<br \/>\nDann macht den Blitz an. Wobei mich blitzende Fotografen auch wieder<br \/>\nFurchtbar aufregen. Und sie regen sich selber auf wenn sie den seichten<br \/>\nNebel auf ihren Bildern bemerken. <\/em><\/span><\/p>\n<p>Hui! Da hat einer &#8218;was in den falschen Hals bekommen und begreift \u00fcberhaupt nicht, um was es geht. Ich kann&#8217;s nat\u00fcrlich nicht lassen und schreibe &#8211; nachdem ich den Post ein paar Tage sp\u00e4ter entdecke, eine Retourkutsche an den Neuling, um ihn \u00fcber die Situation im Thread aufzukl\u00e4ren:<\/p>\n<p>\/* &#8212;&#8212;&#8212;&#8212;&#8212;&#8212;&#8211; meine Antwort &#8212;&#8212;&#8212;&#8212;&#8212;&#8212;&#8211; *\/<\/p>\n<p><span style=\"color: #99ccff;\"><em>Moin,<\/em><\/span><\/p>\n<p><span style=\"color: #99ccff;\"><em>na da lehnt sich einer mit seinem ersten Beitrag nach \u00fcber 7 Monaten ganz sch\u00f6n weit aus dem Fenster&#8230;<\/em><\/span><\/p>\n<p><em><span style=\"color: #ffff99;\">Zitat:<br \/>\n[&#8230;] Ihr macht Fotos von einem Konzert und nicht in einem Studio.<br \/>\nDas was gesagt wurde mit dem &#8222;Gute Beleuchter machen wei\u00dfes Frontlicht&#8220;<br \/>\nist nat\u00fcrlich auch K\u00e4se.<\/span><br \/>\n<span style=\"color: #ccffcc;\">&#8211;<span style=\"color: #99ccff;\"> deshalb setzen auch nur die unf\u00e4higsten Beleuchter bei Gigs wei\u00dfe FollowUps ein &#8211; nicht wahr?<\/span><\/span><\/em><\/p>\n<p><em><span style=\"color: #ffff99;\">Zitat:<br \/>\nIch als junger Fotograf und Lichttechniker muss sagen, wenn ich die<br \/>\nLampen Rot mach dann will ich die B\u00fchne Rot, wenn ich die Lampen<br \/>\nBlau mach will ich die B\u00fchne Blau. Das ist eine Lichtstimmung, hat der ein oder andere Fotograf schonmal geh\u00f6rt.<\/span><br \/>\n<span style=\"color: #99ccff;\">&#8211; bist Du vielleicht auch ein &#8222;junger Lichttechniker&#8220;?<\/span><span style=\"color: #99ccff;\">[&#8230;]<\/span><\/em><span style=\"color: #99ccff;\"><em>dann weisst Du, wor\u00fcber hier geredet wird. Deine Klassenfeten-Lichtorgel darfst Du damit nicht vergleichen.<\/em><\/span><\/p>\n<p><em><span style=\"color: #ffff99;\">Zitat:<br \/>\nDas ist gewollt. Ob ihr jetzt die aktuelle Stimmung verdrehen wollt<br \/>\nist eure Frage.<br \/>\nDann macht den Blitz an. Wobei mich blitzende Fotografen auch wieder<br \/>\nFurchtbar aufregen. Und sie regen sich selber auf wenn sie den seichten<br \/>\nNebel auf ihren Bildern bemerken.<\/span><br \/>\n<span style=\"color: #99ccff;\">&#8211; keiner will hier &#8222;Lichtstimmungen verdrehen&#8220;. <\/span><\/em><em><span style=\"color: #99ccff;\">[&#8230;]<\/span><\/em><\/p>\n<p><span style=\"color: #99ccff;\"><em>Immer noch kopfsch\u00fcttelnd<\/em><\/span><\/p>\n<p><span style=\"color: #99ccff;\"><em>Alex <\/em><\/span><\/p>\n<p>War wohl zu hart f\u00fcr den Armen, denn was fand ich gestern in meinem dortigen Forenpostfach? Richtig, eine private Nachricht:<\/p>\n<p>\/* &#8212;&#8212;&#8212;&#8212;&#8212;&#8212;&#8211; private Nachricht von Xxxx an mich &#8212;&#8212;&#8212;&#8212;&#8212;&#8212;&#8211; *\/<\/p>\n<p><span style=\"color: #ffff99;\"><em>Niveau, ade!<br \/>\nBitte mal etwas mehr Haltung.<\/em><\/span><\/p>\n<p><span style=\"color: #ffff99;\"><em>F\u00fcr jemand so gute Fotos macht bist<br \/>\ndu aber ein ganz sch\u00f6nes *********.<\/em><\/span><\/p>\n<p><span style=\"color: #ffff99;\"><em>Bitte mal an deiner Freundlichkeit arbeiten.<\/em><\/span><\/p>\n<p><span style=\"color: #ffff99;\"><em>Und nicht alle jugendlichen (jungen Erwachsenen)<br \/>\nals Dummk\u00f6pfe verschreien nur weil es manche sind<br \/>\noder du einer warst.<\/em><\/span><\/p>\n<p><span style=\"color: #ffff99;\"><em>Der Schwachsinn im Rot Thread k\u00f6nnen wir jetzt<br \/>\nja bleiben lassen. Ich lasse mich wohl genauso<br \/>\nwenig wie du als Dilettanten hinstellen. <\/em><\/span><\/p>\n<p>Parallel dazu gab&#8217;s imThread noch ein Statement von diesem Herzchen:<\/p>\n<p>\/* &#8212;&#8212;&#8212;&#8212;&#8212;&#8212;&#8211; Nachtreten im Forum &#8212;&#8212;&#8212;&#8212;&#8212;&#8212;&#8211; *\/<\/p>\n<p><span style=\"color: #99ccff;\"><em>Zitat von AlexHahl Beitrag anzeigen<br \/>\nMoin,<\/em><\/span><\/p>\n<p><span style=\"color: #99ccff;\"><em>na da lehnt sich einer mit seinem ersten Beitrag nach \u00fcber 7 Monaten ganz sch\u00f6n weit aus dem Fenster&#8230;<\/em><\/span><\/p>\n<p><em><span style=\"color: #99ccff;\">&#8211; deshalb setzen auch nur die unf\u00e4higsten Beleuchter bei Gigs wei\u00dfe FollowUps ein &#8211; nicht wahr?<\/span><br \/>\n<span style=\"color: #ffff99;\">Das ist so eine wunderbar pauschale Aussage.<br \/>\nWei\u00dfes Licht von vorne muss schon auch mal sein, aber<br \/>\nbei roten Frontlicht den Beleuchter als unf\u00e4hig zu verschreien halte ich<br \/>\nmal f\u00fcr etwas \u00fcbertrieben?<\/span><\/em><\/p>\n<p><em><span style=\"color: #99ccff;\">Zitat:<br \/>\n&#8211; bist Du vielleicht auch ein &#8222;junger Lichttechniker&#8220;? Hast wahrscheinlich beim letzten Klassenfest Deine Lichtorgel ausgepackt und alles sch\u00f6n bunt gemacht&#8230;<\/span><br \/>\n<span style=\"color: #ffff99;\">Ich mache mit diesem Nebengewerbe(!) das ich doch schon einige Jahre<br \/>\nbetreibe wohl um ein vielfaches mehr Geld als die meisten Nebenfotografen<br \/>\nhier und werd auch regelm\u00e4\u00dfig von gro\u00dfen Firmen, f\u00fcr gro\u00dfe B\u00fchnen beauftragt. Sowas l\u00e4cherliches verbitte ich mir.<\/span><\/em><\/p>\n<p><span style=\"color: #99ccff;\"><em>Zitat:<br \/>\nWenn eine B\u00fchne gut ausgeleuchtet ist <\/em><\/span><em><span style=\"color: #99ccff;\">[&#8230;]<\/span><\/em><\/p>\n<p><span style=\"color: #99ccff;\"><em>Immer noch kopfsch\u00fcttelnd<\/em><\/span><\/p>\n<p><span style=\"color: #99ccff;\"><em>Alex<br \/>\n<span style=\"color: #ffff99;\">Niveau, ade.<\/span><\/em><\/span><\/p>\n<p><span style=\"color: #ffff99;\"><em>Wenn du bereit bist dich mit mir ohne l\u00e4cherliche und unbegr\u00fcndete<br \/>\nVoruteile zu unterhalten machen wir gerne weiter.<\/em><\/span><\/p>\n<p><span style=\"color: #ffff99;\"><em>Wenn wir jetzt so niveaulos anfangen, du bist bestimmt ein schlechter Vater.<\/em><\/span><\/p>\n<p><span style=\"color: #ffff99;\"><em>Guter Schuss ins Blaue, ha?<\/em><\/span><\/p>\n<p><span style=\"color: #ffff99;\"><em>Du bist hier der sich blamiert und nur beweist wie engstirnig und verklemmt man sein kann.<\/em><\/span><\/p>\n<p><span style=\"color: #ffff99;\"><em>Ich entschuldige mich hiermit bei allen ANDEREN die sich von meinem Beitrage angesto\u00dfen f\u00fchlen k\u00f6nnten und m\u00f6chte mich blo\u00df rechtfertigen.<\/em><\/span><\/p>\n<p><span style=\"color: #ffff99;\"><em>Beleidigen lassen, auch im Internet, m\u00f6chte sich doch niemand wirklich gerne.<\/em><\/span><\/p>\n<p><span style=\"color: #ffff99;\"><em>Gr\u00fc\u00dfe an den sonst so vern\u00fcftigen Haufen hier,<br \/>\nXxxxx <\/em><\/span><\/p>\n<p>(Den Namen habe ich ausgeXt)<\/p>\n<p>Tja, und so habe ich also endlich einmal von einem professionellen Beleuchter meine langj\u00e4hrigen Vermutungen best\u00e4tigt bekommen:<\/p>\n<p><strong>1. Beleuchter verdienen mehr Geld als Fotografen.<br \/>\n2. Meine Bilder sind gut.<br \/>\n3. Ich bin ein ****** und ein schlechter Vater.<\/strong><\/p>\n<p>Irgend etwas mache ich verkehrt, wenn gute Bilder weniger zum Lebensunterhalt beitragen als schlechtes Licht&#8230;<\/p>\n<p>Gru\u00df Alex<\/p>\n","protected":false},"excerpt":{"rendered":"<p>Moin, ich habe neue Erkenntnisse gewonnen: 1. Beleuchter verdienen mehr Geld als Fotografen. 2. Meine <a href=\"http:\/\/www.rockpixx.com\/wordpress\/deppen-in-fotoforen\/\">Read more<\/a><\/p>\n","protected":false},"author":1,"featured_media":0,"comment_status":"open","ping_status":"open","sticky":false,"template":"","format":"standard","meta":{"_jetpack_memberships_contains_paid_content":false,"footnotes":"","jetpack_publicize_message":"Deppen in Fotoforen http:\/\/rockpixx.com\/wordpress\/?p=1007","jetpack_publicize_feature_enabled":true,"jetpack_social_post_already_shared":true,"jetpack_social_options":{"image_generator_settings":{"template":"highway","default_image_id":0,"font":"","enabled":false},"version":2}},"categories":[445,19],"tags":[157,134],"class_list":["post-1007","post","type-post","status-publish","format-standard","hentry","category-445","category-backstage","tag-deppen","tag-fotoforen"],"aioseo_notices":[],"jetpack_publicize_connections":[],"jetpack_featured_media_url":"","jetpack-related-posts":[{"id":8694,"url":"http:\/\/www.rockpixx.com\/wordpress\/was-ich-bei-einem-gig-alles-so-dabei-habe\/","url_meta":{"origin":1007,"position":0},"title":"Was ich bei einem Gig alles so dabei habe\u2026","author":"admin","date":"25. Januar 2008","format":false,"excerpt":"Oft werde ich gefragt, womit ich denn so fotografiere und was f\u00fcr Konzertfotografie denn nun die \u201erichtige Ausr\u00fcstung\u201c sei. Und genauso oft gibt es in diversen Internet-Fotoforen dar\u00fcber erbitterte Diskussionen \u2013 am lautesten oft von denjenigen Deppen gef\u00fchrt, die noch nie ein brauchbares Bild vorzeigen konnten bzw. \u00fcber den Status\u2026","rel":"","context":"In &quot;2008&quot;","block_context":{"text":"2008","link":"http:\/\/www.rockpixx.com\/wordpress\/category\/backstage\/2008\/"},"img":{"alt_text":"20080125-akt","src":"https:\/\/i0.wp.com\/rockpixx.com\/wordpress\/wp-content\/uploads\/2008\/01\/20080125-akt.jpg?resize=350%2C200","width":350,"height":200},"classes":[]},{"id":1018,"url":"http:\/\/www.rockpixx.com\/wordpress\/canon-regelt-cps-neu\/","url_meta":{"origin":1007,"position":1},"title":"Canon regelt CPS neu","author":"admin","date":"7. April 2010","format":false,"excerpt":"Moin, so, nun ist's amtlich! Heute lag in der (Brief-) Post ein Schreiben von Canon, in dem die Neustrukturierung des CPS erkl\u00e4rt wurde. Dort konnte ich jetzt nachlesen, dass es zuk\u00fcnftig die Stufen \u201ePlatin\u201c, \u201eGold\u201c und \u201eSilber\u201c (plus einer \u201eVideostufe\u201c) geben wird. Die Einteilung in diese Stufen regelt das vorhandene\u2026","rel":"","context":"In &quot;2010&quot;","block_context":{"text":"2010","link":"http:\/\/www.rockpixx.com\/wordpress\/category\/backstage\/2010\/"},"img":{"alt_text":"","src":"","width":0,"height":0},"classes":[]},{"id":1041,"url":"http:\/\/www.rockpixx.com\/wordpress\/abba-oder-musikantenstadel-das-publikum\/","url_meta":{"origin":1007,"position":2},"title":"ABBA vs. Musikantenstadel: Das Publikum","author":"admin","date":"22. Januar 2011","format":false,"excerpt":"Moin, so, gestern Abend war ich bei \u2192 \u201eABBA The Show\u201c in Kempten. Vorab: Ich mag ABBA seit 1976 sehr und kenne auch so ziemlich alles von denen mehr als gut. Und ich fand die Show gestern Abend auch recht gut. Dennoch habe ich nach sechs Songs fluchtartig die Halle\u2026","rel":"","context":"In &quot;2011&quot;","block_context":{"text":"2011","link":"http:\/\/www.rockpixx.com\/wordpress\/category\/backstage\/2011\/"},"img":{"alt_text":"","src":"","width":0,"height":0},"classes":[]},{"id":8191,"url":"http:\/\/www.rockpixx.com\/wordpress\/in-extremo-23-07-2011-nordholz-deichbrand-festival\/","url_meta":{"origin":1007,"position":3},"title":"In Extremo, 23.07.2011, Nordholz, Deichbrand Festival","author":"Anja","date":"23. Juli 2011","format":false,"excerpt":"Wieder im Pressezelt erfahre ich via facebook, dass ich wohl soeben im Fernsehen auf N3 in einem Bericht \u00fcber das Deichbrand Festival zu sehen gewesen bin. Toll - mit meinem \u201elila Strampelanzug\u201c werde ich noch zur Modeikone unter den Konzertfotografen dieser Welt. (Allerdings muss ich einr\u00e4umen, dass ich dar\u00fcber noch\u2026","rel":"","context":"In &quot;Acts&quot;","block_context":{"text":"Acts","link":"http:\/\/www.rockpixx.com\/wordpress\/category\/acts\/"},"img":{"alt_text":"In Extremo","src":"https:\/\/i0.wp.com\/www.rockpixx.com\/wordpress\/wp-content\/uploads\/2013\/02\/20110723-08-in-extremo-Artikel.jpg?resize=350%2C200","width":350,"height":200,"srcset":"https:\/\/i0.wp.com\/www.rockpixx.com\/wordpress\/wp-content\/uploads\/2013\/02\/20110723-08-in-extremo-Artikel.jpg?resize=350%2C200 1x, https:\/\/i0.wp.com\/www.rockpixx.com\/wordpress\/wp-content\/uploads\/2013\/02\/20110723-08-in-extremo-Artikel.jpg?resize=525%2C300 1.5x, https:\/\/i0.wp.com\/www.rockpixx.com\/wordpress\/wp-content\/uploads\/2013\/02\/20110723-08-in-extremo-Artikel.jpg?resize=700%2C400 2x"},"classes":[]},{"id":967,"url":"http:\/\/www.rockpixx.com\/wordpress\/beobachtungen-zu-fotografierenden-zeitgenossen-auf-konzerten\/","url_meta":{"origin":1007,"position":4},"title":"Beobachtungen zu fotografierenden Zeitgenossen auf Konzerten","author":"admin","date":"22. November 2007","format":false,"excerpt":"Der Besuch eines Konzertes ist f\u00fcr wohl fast jeden Besucher ein tolles Erlebnis. Verst\u00e4ndlich, dass so etwas auch in Bild und\/oder Ton festgehalten werden soll. Nun muss aber unterschieden werden, wer da so alles Bilder macht \u2013 fangen wir doch 'mal mit einer groben Unterteilung an: 1. \u201eNormale\u201c Besucher \u2026\u2026","rel":"","context":"In &quot;2007&quot;","block_context":{"text":"2007","link":"http:\/\/www.rockpixx.com\/wordpress\/category\/backstage\/2007\/"},"img":{"alt_text":"Fotodeppen","src":"https:\/\/i0.wp.com\/www.rockpixx.com\/wordpress\/wp-content\/uploads\/2007\/11\/20091010-0308.jpg?resize=350%2C200","width":350,"height":200,"srcset":"https:\/\/i0.wp.com\/www.rockpixx.com\/wordpress\/wp-content\/uploads\/2007\/11\/20091010-0308.jpg?resize=350%2C200 1x, https:\/\/i0.wp.com\/www.rockpixx.com\/wordpress\/wp-content\/uploads\/2007\/11\/20091010-0308.jpg?resize=525%2C300 1.5x, https:\/\/i0.wp.com\/www.rockpixx.com\/wordpress\/wp-content\/uploads\/2007\/11\/20091010-0308.jpg?resize=700%2C400 2x"},"classes":[]},{"id":1040,"url":"http:\/\/www.rockpixx.com\/wordpress\/konzertfotografie-forum-3-songs-no-flash\/","url_meta":{"origin":1007,"position":5},"title":"Konzertfotografie-Forum \u201e3 Songs \u2013 no Flash\u201c","author":"admin","date":"8. Januar 2011","format":false,"excerpt":"Mit Beginn des Jahres 2011 hat das Team von rockpixx.com das \u2192 Konzertfotografie-Forum \u201e3 Songs \u2013 no Flash\u201c als Betreiber \u00fcbernommen. In diesem Forum geht es prim\u00e4r um das Thema \u201eKonzertfotografie\u201c und dementsprechend sind dort fast ausschlie\u00dflich Konzertfotografen versammelt. Das Forum als solches gibt es schon seit Mai 2007 und\u2026","rel":"","context":"In &quot;2011&quot;","block_context":{"text":"2011","link":"http:\/\/www.rockpixx.com\/wordpress\/category\/backstage\/2011\/"},"img":{"alt_text":"3 Somgs - No Flash | Das Forum f\u00fcr Konzertfotografie","src":"https:\/\/i0.wp.com\/rockpixx.com\/wordpress\/wp-content\/uploads\/2011\/01\/20110108-logo_3snf_500.jpg?resize=350%2C200","width":350,"height":200},"classes":[]}],"jetpack_sharing_enabled":true,"publishpress_future_action":{"enabled":false,"date":"2026-05-08 06:07:53","action":"change-status","newStatus":"draft","terms":[],"taxonomy":"category","extraData":[]},"publishpress_future_workflow_manual_trigger":{"enabledWorkflows":[]},"_links":{"self":[{"href":"http:\/\/www.rockpixx.com\/wordpress\/wp-json\/wp\/v2\/posts\/1007","targetHints":{"allow":["GET"]}}],"collection":[{"href":"http:\/\/www.rockpixx.com\/wordpress\/wp-json\/wp\/v2\/posts"}],"about":[{"href":"http:\/\/www.rockpixx.com\/wordpress\/wp-json\/wp\/v2\/types\/post"}],"author":[{"embeddable":true,"href":"http:\/\/www.rockpixx.com\/wordpress\/wp-json\/wp\/v2\/users\/1"}],"replies":[{"embeddable":true,"href":"http:\/\/www.rockpixx.com\/wordpress\/wp-json\/wp\/v2\/comments?post=1007"}],"version-history":[{"count":0,"href":"http:\/\/www.rockpixx.com\/wordpress\/wp-json\/wp\/v2\/posts\/1007\/revisions"}],"wp:attachment":[{"href":"http:\/\/www.rockpixx.com\/wordpress\/wp-json\/wp\/v2\/media?parent=1007"}],"wp:term":[{"taxonomy":"category","embeddable":true,"href":"http:\/\/www.rockpixx.com\/wordpress\/wp-json\/wp\/v2\/categories?post=1007"},{"taxonomy":"post_tag","embeddable":true,"href":"http:\/\/www.rockpixx.com\/wordpress\/wp-json\/wp\/v2\/tags?post=1007"}],"curies":[{"name":"wp","href":"https:\/\/api.w.org\/{rel}","templated":true}]}}