{"id":10071,"date":"2013-03-19T23:58:17","date_gmt":"2013-03-19T22:58:17","guid":{"rendered":"http:\/\/rockpixx.com\/wordpress\/?p=10071"},"modified":"2013-04-26T10:05:25","modified_gmt":"2013-04-26T09:05:25","slug":"update-19-03-2013-2","status":"publish","type":"post","link":"http:\/\/www.rockpixx.com\/wordpress\/update-19-03-2013-2\/","title":{"rendered":"Update, 19.03.2013"},"content":{"rendered":"<ul>\n<li>Suchergebnisseite ver\u00e4ndert:\n<ul>\n<li>Nicht vorhandene Portfolios werden nicht mehr durchsucht (und somit auch das Resultat \u201eKeine Treffer\u201c\u00a0 nicht mehr ausgegeben)<\/li>\n<li>Treffer zu einzelnen Artiklen werden mit Thumbnail (sofern vorhanden) ausgegeben<\/li>\n<\/ul>\n<\/li>\n<li>Fu\u00dfzeile:\n<ul>\n<li>Fu\u00dfzeile mit den Boxen zu Facebook und Twitter entfernt wegen einer Umstellung in den APIs bei Facebook, die zu unsch\u00f6nen roten Warnhinwesien in fremder Sprache mitten auf der Seite f\u00fchrte<\/li>\n<\/ul>\n<\/li>\n<\/ul>\n","protected":false},"excerpt":{"rendered":"<p>Suchergebnisseite ver\u00e4ndert: Nicht vorhandene Portfolios werden nicht mehr durchsucht (und somit auch das Resultat \u201eKeine <a href=\"http:\/\/www.rockpixx.com\/wordpress\/update-19-03-2013-2\/\">Read more<\/a><\/p>\n","protected":false},"author":1,"featured_media":0,"comment_status":"open","ping_status":"open","sticky":false,"template":"","format":"standard","meta":{"_jetpack_memberships_contains_paid_content":false,"footnotes":"","jetpack_publicize_message":"Update, 19.03.2013","jetpack_publicize_feature_enabled":true,"jetpack_social_post_already_shared":true,"jetpack_social_options":{"image_generator_settings":{"template":"highway","default_image_id":0,"font":"","enabled":false},"version":2}},"categories":[32,108],"tags":[109,110],"class_list":["post-10071","post","type-post","status-publish","format-standard","hentry","category-sonstiges","category-updates","tag-intern","tag-update"],"aioseo_notices":[],"jetpack_publicize_connections":[],"jetpack_featured_media_url":"","jetpack-related-posts":[{"id":5290,"url":"http:\/\/www.rockpixx.com\/wordpress\/update-30-07-2011\/","url_meta":{"origin":10071,"position":0},"title":"Update, 30.07.2011","author":"admin","date":"30. Juli 2011","format":false,"excerpt":"Auf der rockpixx.com-Fanpage bei facebook l\u00e4uft jetzt eine eigene Seite als sog. \u201eApp\u201c mit den neuesten Informationen \u00fcber die letzten Gigs. Die Texte und Bilder hierzu werden direkt aus unserer Datenbank geholt und auf facebook angezeigt. Edit 13.01.2013: Die Seite bei facebook gibt es nat\u00fcrlich immer noch (und erfreut sich\u2026","rel":"","context":"In &quot;Internes&quot;","block_context":{"text":"Internes","link":"http:\/\/www.rockpixx.com\/wordpress\/category\/sonstiges\/"},"img":{"alt_text":"","src":"","width":0,"height":0},"classes":[]},{"id":1065,"url":"http:\/\/www.rockpixx.com\/wordpress\/deichbrand-festival-2011-tag-2\/","url_meta":{"origin":10071,"position":1},"title":"Deichbrand Festival 2011, Tag 2","author":"admin","date":"24. Juli 2011","format":false,"excerpt":"Moin, Tag 2 auf dem \u201eDeichbrand Festival\u201c \u2013 der morgendliche Gang \u00fcber das Gel\u00e4nde zeigt die gefl\u00fcgelten M\u00fcllwerker in Aktion und in etlichen Ecken sammelt sich noch weniger schmackhafter M\u00fcll, den der Sturm \u00fcber Nacht zusammengeweht hat. Vor den beiden B\u00fchnen gibt es nun einen sch\u00f6nen Blick auf die \u201eSchie\u00dfscharten\u201c\u2026","rel":"","context":"In &quot;2011&quot;","block_context":{"text":"2011","link":"http:\/\/www.rockpixx.com\/wordpress\/category\/backstage\/2011\/"},"img":{"alt_text":"Deichbrand Festival 2011 | lost & found","src":"https:\/\/i0.wp.com\/www.rockpixx.com\/wordpress\/wp-content\/uploads\/2013\/03\/20110724-20110723-011.jpg?resize=350%2C200","width":350,"height":200,"srcset":"https:\/\/i0.wp.com\/www.rockpixx.com\/wordpress\/wp-content\/uploads\/2013\/03\/20110724-20110723-011.jpg?resize=350%2C200 1x, https:\/\/i0.wp.com\/www.rockpixx.com\/wordpress\/wp-content\/uploads\/2013\/03\/20110724-20110723-011.jpg?resize=525%2C300 1.5x, https:\/\/i0.wp.com\/www.rockpixx.com\/wordpress\/wp-content\/uploads\/2013\/03\/20110724-20110723-011.jpg?resize=700%2C400 2x"},"classes":[]},{"id":11857,"url":"http:\/\/www.rockpixx.com\/wordpress\/woa-2013-tag-2-more-commerce-than-in-hell\/","url_meta":{"origin":10071,"position":2},"title":"W:O:A 2013, Tag-2 (More Commerce than in Hell)","author":"admin","date":"3. August 2013","format":false,"excerpt":"So, Tag-2 ist vollbracht und dieses Mal war es Schwerstarbeit. Nicht, dass ich au\u00dfergew\u00f6hnlich viele Bands fotografiert h\u00e4tte oder \u00fcber Geb\u00fchr durch die Gegend gelaufen w\u00e4re \u2013 nein, es war einfach nur zu hei\u00df! Daf\u00fcr kann nat\u00fcrlich keiner etwas und ein wenig Sonne ist immer noch deutlich angenehmer, als zu\u2026","rel":"","context":"In &quot;2013&quot;","block_context":{"text":"2013","link":"http:\/\/www.rockpixx.com\/wordpress\/category\/backstage\/2013\/"},"img":{"alt_text":"Impressionen, 02.08.2013, Wacken, W:O:A 2013","src":"https:\/\/i0.wp.com\/www.rockpixx.com\/wordpress\/wp-content\/uploads\/2013\/08\/20130802-00-018.jpg?resize=350%2C200","width":350,"height":200,"srcset":"https:\/\/i0.wp.com\/www.rockpixx.com\/wordpress\/wp-content\/uploads\/2013\/08\/20130802-00-018.jpg?resize=350%2C200 1x, https:\/\/i0.wp.com\/www.rockpixx.com\/wordpress\/wp-content\/uploads\/2013\/08\/20130802-00-018.jpg?resize=525%2C300 1.5x, https:\/\/i0.wp.com\/www.rockpixx.com\/wordpress\/wp-content\/uploads\/2013\/08\/20130802-00-018.jpg?resize=700%2C400 2x"},"classes":[]},{"id":5389,"url":"http:\/\/www.rockpixx.com\/wordpress\/update-14-12-2012\/","url_meta":{"origin":10071,"position":3},"title":"Update, 14.12.2012","author":"admin","date":"14. Dezember 2012","format":false,"excerpt":"Die Arbeiten am Relaunch von rockpixx.com haben begonnen! Nach den guten Erfahrungen, die wir mit Wordpress beim Relaunch und bei den steten Aktualisierungen unserer \u2192 Firmenwebseite double-A-design gemacht hatten, haben wir uns entschlossen, rockpixx.com ebenfalls auf dieses System umzustellen. Gleichzeitig wird es mehr Funktionalit\u00e4t als bisher geben und die Verzahnung\u2026","rel":"","context":"In &quot;Internes&quot;","block_context":{"text":"Internes","link":"http:\/\/www.rockpixx.com\/wordpress\/category\/sonstiges\/"},"img":{"alt_text":"","src":"","width":0,"height":0},"classes":[]},{"id":11326,"url":"http:\/\/www.rockpixx.com\/wordpress\/kieler-woche-tagebuch-2013-tag-10\/","url_meta":{"origin":10071,"position":4},"title":"Kieler Woche Tagebuch 2013 | Tag 10","author":"admin","date":"1. Juli 2013","format":false,"excerpt":"Sonntag, 30.06.2013 Der letzte Abend auf der Kieler Woche 2013. Irgendwie ist es heute \u2013 im Vergleich zum Vortag \u2013 deutlich leerer in Kiel, die Massen werden erst zum Abschlussfeuerwerk in die Innenstandt an die Wasserkante str\u00f6men \u2013 das kennen wir schon. Zwei Locations werden heute noch von uns angesteuert,\u2026","rel":"","context":"In &quot;2013&quot;","block_context":{"text":"2013","link":"http:\/\/www.rockpixx.com\/wordpress\/category\/backstage\/2013\/"},"img":{"alt_text":"Kieler Woche 2013, Impressionen","src":"https:\/\/i0.wp.com\/www.rockpixx.com\/wordpress\/wp-content\/uploads\/2013\/07\/20130621-00-017_KiWo-2013.jpg?resize=350%2C200","width":350,"height":200,"srcset":"https:\/\/i0.wp.com\/www.rockpixx.com\/wordpress\/wp-content\/uploads\/2013\/07\/20130621-00-017_KiWo-2013.jpg?resize=350%2C200 1x, https:\/\/i0.wp.com\/www.rockpixx.com\/wordpress\/wp-content\/uploads\/2013\/07\/20130621-00-017_KiWo-2013.jpg?resize=525%2C300 1.5x, https:\/\/i0.wp.com\/www.rockpixx.com\/wordpress\/wp-content\/uploads\/2013\/07\/20130621-00-017_KiWo-2013.jpg?resize=700%2C400 2x"},"classes":[]},{"id":11078,"url":"http:\/\/www.rockpixx.com\/wordpress\/kieler-woche-tagebuch-2013-tag-1\/","url_meta":{"origin":10071,"position":5},"title":"Kieler Woche Tagebuch 2013 | Tag 1","author":"admin","date":"23. Juni 2013","format":false,"excerpt":"Moin, wie in den vergangenen Jahren, so werden wir auch dieses Mal wieder von Begebenheiten und Befindlichkeiten w\u00e4hrend der \u201eKieler Woche\u201c berichten. Also: Alles, was nicht unmittelbar mit Konzerten zu tun hat, landet dann hier in diesem \u2192 \u201eKieler Woche Tagebuch\u201c. Freitag, 21.06.2013 Erster Tag und keinen Umzugsstress und keine\u2026","rel":"","context":"In &quot;2013&quot;","block_context":{"text":"2013","link":"http:\/\/www.rockpixx.com\/wordpress\/category\/backstage\/2013\/"},"img":{"alt_text":"Kieler Woche 2013 | Impressionen","src":"https:\/\/i0.wp.com\/www.rockpixx.com\/wordpress\/wp-content\/uploads\/2013\/06\/20130621-00-001_KiWo-2013.jpg?resize=350%2C200","width":350,"height":200,"srcset":"https:\/\/i0.wp.com\/www.rockpixx.com\/wordpress\/wp-content\/uploads\/2013\/06\/20130621-00-001_KiWo-2013.jpg?resize=350%2C200 1x, https:\/\/i0.wp.com\/www.rockpixx.com\/wordpress\/wp-content\/uploads\/2013\/06\/20130621-00-001_KiWo-2013.jpg?resize=525%2C300 1.5x, https:\/\/i0.wp.com\/www.rockpixx.com\/wordpress\/wp-content\/uploads\/2013\/06\/20130621-00-001_KiWo-2013.jpg?resize=700%2C400 2x"},"classes":[]}],"jetpack_sharing_enabled":true,"publishpress_future_action":{"enabled":false,"date":"2026-05-07 06:26:15","action":"change-status","newStatus":"draft","terms":[],"taxonomy":"category","extraData":[]},"publishpress_future_workflow_manual_trigger":{"enabledWorkflows":[]},"_links":{"self":[{"href":"http:\/\/www.rockpixx.com\/wordpress\/wp-json\/wp\/v2\/posts\/10071","targetHints":{"allow":["GET"]}}],"collection":[{"href":"http:\/\/www.rockpixx.com\/wordpress\/wp-json\/wp\/v2\/posts"}],"about":[{"href":"http:\/\/www.rockpixx.com\/wordpress\/wp-json\/wp\/v2\/types\/post"}],"author":[{"embeddable":true,"href":"http:\/\/www.rockpixx.com\/wordpress\/wp-json\/wp\/v2\/users\/1"}],"replies":[{"embeddable":true,"href":"http:\/\/www.rockpixx.com\/wordpress\/wp-json\/wp\/v2\/comments?post=10071"}],"version-history":[{"count":0,"href":"http:\/\/www.rockpixx.com\/wordpress\/wp-json\/wp\/v2\/posts\/10071\/revisions"}],"wp:attachment":[{"href":"http:\/\/www.rockpixx.com\/wordpress\/wp-json\/wp\/v2\/media?parent=10071"}],"wp:term":[{"taxonomy":"category","embeddable":true,"href":"http:\/\/www.rockpixx.com\/wordpress\/wp-json\/wp\/v2\/categories?post=10071"},{"taxonomy":"post_tag","embeddable":true,"href":"http:\/\/www.rockpixx.com\/wordpress\/wp-json\/wp\/v2\/tags?post=10071"}],"curies":[{"name":"wp","href":"https:\/\/api.w.org\/{rel}","templated":true}]}}