{"id":1018,"date":"2010-04-07T17:39:55","date_gmt":"2010-04-07T15:39:55","guid":{"rendered":"http:\/\/blog.rockpixx.com\/?p=188"},"modified":"2013-02-27T19:35:42","modified_gmt":"2013-02-27T18:35:42","slug":"canon-regelt-cps-neu","status":"publish","type":"post","link":"http:\/\/www.rockpixx.com\/wordpress\/canon-regelt-cps-neu\/","title":{"rendered":"Canon regelt CPS neu"},"content":{"rendered":"<p>Moin,<\/p>\n<p>so, nun ist&#8217;s amtlich! Heute lag in der (Brief-) Post ein Schreiben von Canon, in dem die Neustrukturierung des CPS erkl\u00e4rt wurde. Dort konnte ich jetzt nachlesen, dass es zuk\u00fcnftig die Stufen \u201ePlatin\u201c, \u201eGold\u201c und \u201eSilber\u201c (plus einer \u201eVideostufe\u201c) geben wird. Die Einteilung in diese Stufen regelt das vorhandene Equipment. Nicht, dass ich so eine Einteilung nun als v\u00f6llig daneben empfinden w\u00fcrde, aber einiges l\u00e4sst mich dann doch den Kopf sch\u00fctteln: Eine EOS 40D reicht f\u00fcr \u201eSilber\u201c, eine 1D II fliegt aus der Liste raus \u2013 ebenso das 85\/1.2 I und das 50\/1.4. Egal, ich bin \u2013 laut meinem Equipment \u2013 dann auch nicht mehr dabei.<\/p>\n<p>Momentan schwanke ich also zwischen zwei Gem\u00fctszust\u00e4nden:<!--more--><\/p>\n<p>1. <em>\u201eJuchu! Endlich eine Plastikarte weniger im Geldbeutel!\u201c<\/em><\/p>\n<p>Nachdem mittlerweile unter anderem auch schon mein bevorzugter Wochenmarkth\u00e4ndler f\u00fcr fangfrische skandinavische Kokosn\u00fcsse mir seine Platin-Kundenkarte verehrt hat, wurde es langsam eng im Geldbeutel. Insofern bin ich nat\u00fcrlich dankbar, wenn ich die CPS-Karte von Canon nicht mehr mit mir herumtragen muss.<br \/>\nZudem muss ich gestehen, dass ich bislang weder Canon&#8217;s \u201eCheck &amp; Clean\u201c noch sonstige Dienstleistungen in Anspruch genommen habe. Selbst die unter Fotoforen-Mitgliedern unbedingte Pflicht des Inanspruchnehmens von Justage-Arbeiten habe ich bislang verweigert. Und\u2026 sollte Equipment ausfallen, so fliegt hier gen\u00fcgend Ersatz herum, um f\u00fcr die Dauer der Reparatur dennoch nicht auf die M\u00f6glichkeit verzichten zu m\u00fcssen, brauchbare Bilder machen zu k\u00f6nnen. Und das periodisch f\u00fcr die Mitglieder von CPS erscheinende \u201eCPS Journal\u201c bietet h\u00fcbsche Bilder und interessante Werbetexte, ist ansonsten aber entbehrlich.<\/p>\n<p>Der zweite Gem\u00fctszustand ist nat\u00fcrlich erheblich kritischer f\u00fcr mein Seelenbefinden:<\/p>\n<p>2. <em>\u201eMist! Wie kann ich zuk\u00fcnftig noch andere Fotoforen-Fotografen beeindrucken, wenn ich nicht &#8218;mal mehr eine CPS-Karte habe?\u201c<\/em><\/p>\n<p>Wenn ich ehrlich sein soll, dann muss ich gestehen, dass ich daran im Moment doch erheblich zu knabbern habe\u2026<\/p>\n","protected":false},"excerpt":{"rendered":"<p>Moin, so, nun ist&#8217;s amtlich! Heute lag in der (Brief-) Post ein Schreiben von Canon, <a href=\"http:\/\/www.rockpixx.com\/wordpress\/canon-regelt-cps-neu\/\">Read more<\/a><\/p>\n","protected":false},"author":1,"featured_media":0,"comment_status":"open","ping_status":"open","sticky":false,"template":"","format":"standard","meta":{"_jetpack_memberships_contains_paid_content":false,"footnotes":"","jetpack_publicize_message":"Canon regelt CPS neu http:\/\/rockpixx.com\/wordpress\/?p=1018","jetpack_publicize_feature_enabled":true,"jetpack_social_post_already_shared":true,"jetpack_social_options":{"image_generator_settings":{"template":"highway","default_image_id":0,"font":"","enabled":false},"version":2}},"categories":[446,19],"tags":[1832,168,171,125,217],"class_list":["post-1018","post","type-post","status-publish","format-standard","hentry","category-446","category-backstage","tag-1832","tag-canon","tag-cps","tag-equipment","tag-service"],"aioseo_notices":[],"jetpack_publicize_connections":[],"jetpack_featured_media_url":"","jetpack-related-posts":[{"id":1017,"url":"http:\/\/www.rockpixx.com\/wordpress\/canon-eos-7d-auf-konzerten\/","url_meta":{"origin":1018,"position":0},"title":"Canon EOS 7D auf Konzerten","author":"admin","date":"15. M\u00e4rz 2010","format":false,"excerpt":"Moin, Einleitung Viel habe ich bereits \u00fcber die neue 7D von Canon gelesen \u2013 wenig allerdings an Erfahrungsberichten aus der Konzertfotoszene. Und so bin ich eine ganze Weile um sie herumgeschlichen, bis ich mich entschlossen hatte, eine zu erwerben. Bislang hatte ich ja alle meine Gigs mit drei 20D fotografiert,\u2026","rel":"","context":"In &quot;2010&quot;","block_context":{"text":"2010","link":"http:\/\/www.rockpixx.com\/wordpress\/category\/backstage\/2010\/"},"img":{"alt_text":"","src":"","width":0,"height":0},"classes":[]},{"id":1042,"url":"http:\/\/www.rockpixx.com\/wordpress\/7d-undoder-5d-mk-i\/","url_meta":{"origin":1018,"position":1},"title":"7D und\/oder 5D Mk. I","author":"admin","date":"4. M\u00e4rz 2011","format":false,"excerpt":"Moin, so geht's einem also, wenn Erfahrungsberichte ein Update bekommen\u2026 Nun bin ich also nach meinem gestrigen \u2192 Update des Erfahrungsberichtes zur EOS 7D in meinem Forum \u2192 3 Songs | No Flash gefragt worden, wie ich denn die 7D im Vergleich zur 5D einsch\u00e4tze. (Im Gegensatz zum Forum habe\u2026","rel":"","context":"In &quot;2011&quot;","block_context":{"text":"2011","link":"http:\/\/www.rockpixx.com\/wordpress\/category\/backstage\/2011\/"},"img":{"alt_text":"","src":"","width":0,"height":0},"classes":[]},{"id":958,"url":"http:\/\/www.rockpixx.com\/wordpress\/ein-paar-worte-zum-thema-catering\/","url_meta":{"origin":1018,"position":2},"title":"Ein paar Worte zum Thema \u201eCatering\u201c","author":"admin","date":"17. November 2007","format":false,"excerpt":"Oft habe ich bei Konzerten die M\u00f6glichkeit gehabt, nicht nur im Graben zu stehen, sondern konnte mich als Gast der jeweiligen Bands auch ungehindert hinter der B\u00fchne bewegen. Dieser bei vielen begehrte \u201eAccess all areas\u201c-Ausweis er\u00f6ffnet seinem Tr\u00e4ger dann eine v\u00f6llig andere Welt als die, welche der normale Konzertbesucher w\u00e4hrend\u2026","rel":"","context":"In &quot;2007&quot;","block_context":{"text":"2007","link":"http:\/\/www.rockpixx.com\/wordpress\/category\/backstage\/2007\/"},"img":{"alt_text":"Catering","src":"https:\/\/i0.wp.com\/www.rockpixx.com\/wordpress\/wp-content\/uploads\/2007\/11\/20091010-0002.jpg?resize=350%2C200","width":350,"height":200,"srcset":"https:\/\/i0.wp.com\/www.rockpixx.com\/wordpress\/wp-content\/uploads\/2007\/11\/20091010-0002.jpg?resize=350%2C200 1x, https:\/\/i0.wp.com\/www.rockpixx.com\/wordpress\/wp-content\/uploads\/2007\/11\/20091010-0002.jpg?resize=525%2C300 1.5x, https:\/\/i0.wp.com\/www.rockpixx.com\/wordpress\/wp-content\/uploads\/2007\/11\/20091010-0002.jpg?resize=700%2C400 2x"},"classes":[]},{"id":327,"url":"http:\/\/www.rockpixx.com\/wordpress\/canon-eos-7d-auf-konzerten-update\/","url_meta":{"origin":1018,"position":3},"title":"Canon EOS 7D auf Konzerten, Update","author":"admin","date":"3. M\u00e4rz 2011","format":false,"excerpt":"Moin, im M\u00e4rz 2010 hatte ich \u2192 in diesem Artikel ganz frisch \u00fcber die ersten Erfahrungen mit der 7D auf Konzerten geschrieben. Mittlerweile ist ein knappes Jahr vergangen und ich bin ein wenig weiter mit den gemachten Erfahrungen. Im M\u00e4rz 2010 sah mein Setup folgenderma\u00dfen aus: Frisch gewechselt von 3\u2026","rel":"","context":"In &quot;2011&quot;","block_context":{"text":"2011","link":"http:\/\/www.rockpixx.com\/wordpress\/category\/backstage\/2011\/"},"img":{"alt_text":"Kameraporn (Erfahrungsbericht 7D, Teil 2))","src":"https:\/\/i0.wp.com\/www.rockpixx.com\/wordpress\/wp-content\/uploads\/2011\/03\/20110303-2011-06_Kieler-Woche-0038.jpg?resize=350%2C200","width":350,"height":200,"srcset":"https:\/\/i0.wp.com\/www.rockpixx.com\/wordpress\/wp-content\/uploads\/2011\/03\/20110303-2011-06_Kieler-Woche-0038.jpg?resize=350%2C200 1x, https:\/\/i0.wp.com\/www.rockpixx.com\/wordpress\/wp-content\/uploads\/2011\/03\/20110303-2011-06_Kieler-Woche-0038.jpg?resize=525%2C300 1.5x, https:\/\/i0.wp.com\/www.rockpixx.com\/wordpress\/wp-content\/uploads\/2011\/03\/20110303-2011-06_Kieler-Woche-0038.jpg?resize=700%2C400 2x"},"classes":[]},{"id":967,"url":"http:\/\/www.rockpixx.com\/wordpress\/beobachtungen-zu-fotografierenden-zeitgenossen-auf-konzerten\/","url_meta":{"origin":1018,"position":4},"title":"Beobachtungen zu fotografierenden Zeitgenossen auf Konzerten","author":"admin","date":"22. November 2007","format":false,"excerpt":"Der Besuch eines Konzertes ist f\u00fcr wohl fast jeden Besucher ein tolles Erlebnis. Verst\u00e4ndlich, dass so etwas auch in Bild und\/oder Ton festgehalten werden soll. Nun muss aber unterschieden werden, wer da so alles Bilder macht \u2013 fangen wir doch 'mal mit einer groben Unterteilung an: 1. \u201eNormale\u201c Besucher \u2026\u2026","rel":"","context":"In &quot;2007&quot;","block_context":{"text":"2007","link":"http:\/\/www.rockpixx.com\/wordpress\/category\/backstage\/2007\/"},"img":{"alt_text":"Fotodeppen","src":"https:\/\/i0.wp.com\/www.rockpixx.com\/wordpress\/wp-content\/uploads\/2007\/11\/20091010-0308.jpg?resize=350%2C200","width":350,"height":200,"srcset":"https:\/\/i0.wp.com\/www.rockpixx.com\/wordpress\/wp-content\/uploads\/2007\/11\/20091010-0308.jpg?resize=350%2C200 1x, https:\/\/i0.wp.com\/www.rockpixx.com\/wordpress\/wp-content\/uploads\/2007\/11\/20091010-0308.jpg?resize=525%2C300 1.5x, https:\/\/i0.wp.com\/www.rockpixx.com\/wordpress\/wp-content\/uploads\/2007\/11\/20091010-0308.jpg?resize=700%2C400 2x"},"classes":[]},{"id":8694,"url":"http:\/\/www.rockpixx.com\/wordpress\/was-ich-bei-einem-gig-alles-so-dabei-habe\/","url_meta":{"origin":1018,"position":5},"title":"Was ich bei einem Gig alles so dabei habe\u2026","author":"admin","date":"25. Januar 2008","format":false,"excerpt":"Oft werde ich gefragt, womit ich denn so fotografiere und was f\u00fcr Konzertfotografie denn nun die \u201erichtige Ausr\u00fcstung\u201c sei. Und genauso oft gibt es in diversen Internet-Fotoforen dar\u00fcber erbitterte Diskussionen \u2013 am lautesten oft von denjenigen Deppen gef\u00fchrt, die noch nie ein brauchbares Bild vorzeigen konnten bzw. \u00fcber den Status\u2026","rel":"","context":"In &quot;2008&quot;","block_context":{"text":"2008","link":"http:\/\/www.rockpixx.com\/wordpress\/category\/backstage\/2008\/"},"img":{"alt_text":"20080125-akt","src":"https:\/\/i0.wp.com\/rockpixx.com\/wordpress\/wp-content\/uploads\/2008\/01\/20080125-akt.jpg?resize=350%2C200","width":350,"height":200},"classes":[]}],"jetpack_sharing_enabled":true,"publishpress_future_action":{"enabled":false,"date":"2026-05-10 15:55:17","action":"change-status","newStatus":"draft","terms":[],"taxonomy":"category","extraData":[]},"publishpress_future_workflow_manual_trigger":{"enabledWorkflows":[]},"_links":{"self":[{"href":"http:\/\/www.rockpixx.com\/wordpress\/wp-json\/wp\/v2\/posts\/1018","targetHints":{"allow":["GET"]}}],"collection":[{"href":"http:\/\/www.rockpixx.com\/wordpress\/wp-json\/wp\/v2\/posts"}],"about":[{"href":"http:\/\/www.rockpixx.com\/wordpress\/wp-json\/wp\/v2\/types\/post"}],"author":[{"embeddable":true,"href":"http:\/\/www.rockpixx.com\/wordpress\/wp-json\/wp\/v2\/users\/1"}],"replies":[{"embeddable":true,"href":"http:\/\/www.rockpixx.com\/wordpress\/wp-json\/wp\/v2\/comments?post=1018"}],"version-history":[{"count":0,"href":"http:\/\/www.rockpixx.com\/wordpress\/wp-json\/wp\/v2\/posts\/1018\/revisions"}],"wp:attachment":[{"href":"http:\/\/www.rockpixx.com\/wordpress\/wp-json\/wp\/v2\/media?parent=1018"}],"wp:term":[{"taxonomy":"category","embeddable":true,"href":"http:\/\/www.rockpixx.com\/wordpress\/wp-json\/wp\/v2\/categories?post=1018"},{"taxonomy":"post_tag","embeddable":true,"href":"http:\/\/www.rockpixx.com\/wordpress\/wp-json\/wp\/v2\/tags?post=1018"}],"curies":[{"name":"wp","href":"https:\/\/api.w.org\/{rel}","templated":true}]}}