{"id":10193,"date":"2013-03-24T14:28:43","date_gmt":"2013-03-24T13:28:43","guid":{"rendered":"http:\/\/rockpixx.com\/wordpress\/?p=10193"},"modified":"2013-04-26T21:29:56","modified_gmt":"2013-04-26T20:29:56","slug":"simon-gloe-flensburg-flensburg-unplugged-22-03-2013","status":"publish","type":"post","link":"http:\/\/www.rockpixx.com\/wordpress\/simon-gloe-flensburg-flensburg-unplugged-22-03-2013\/","title":{"rendered":"Simon Gloe, Flensburg, flensburg unplugged, 22.03.2013"},"content":{"rendered":"<p>Simon Gloe er\u00f6ffnete den Musikerreigen des \u2192 \u201e<a title=\"flensburg unplugged, Flensburg, AZF, 22.03.2013\" href=\"http:\/\/rockpixx.com\/wordpress\/flensburg-unplugged-flensburg-azf-22-03-2013\/\">flensburg unplugged<\/a>\u201c. Simon Gloe kam in seinen jungen Jahren bereits weit herum. <!--more--><\/p>\n<p>Von Flensburg ging es nach D\u00e4nemark, seit 2010 spielte er Stra\u00dfenmusik in verschiedenen St\u00e4dte von Deutschland, Frankreich, Italien, Holland und D\u00e4nemark. Dies Eindr\u00fccke beeinflussen seine Musik, genauso wie die Einfl\u00fcsse amerikanischer Songwriter und die Erfahrungen, die er bei seinem Praktikum in den von Jimi Hendrix gegr\u00fcndeten Musikstudios sammeln konnte.<\/p>\n<p>Zwei Songs stehen heute Abend jedem K\u00fcnstler zu und so entlie\u00df er mit dem \u201eSummersong\u201c das Publikum beschwingt in den restlichen Abend.<\/p>\n<p style=\"text-align: right;\">Fotos: <a href=\"mailto:info@rockpixx.com\">Alex<\/a>, <a href=\"mailto:a.roselt@rockpixx.com\">Anja<\/a> | Text: <a href=\"mailto:a.roselt@rockpixx.com\">Anja<\/a><\/p>\n<p>&nbsp;<\/p>\n<p>[slideshow id=239]<\/p>\n","protected":false},"excerpt":{"rendered":"<p>Simon Gloe er\u00f6ffnete den Musikerreigen des \u2192 \u201eflensburg unplugged\u201c. Simon Gloe kam in seinen jungen <a href=\"http:\/\/www.rockpixx.com\/wordpress\/simon-gloe-flensburg-flensburg-unplugged-22-03-2013\/\">Read more<\/a><\/p>\n","protected":false},"author":2,"featured_media":10214,"comment_status":"open","ping_status":"open","sticky":false,"template":"","format":"standard","meta":{"_jetpack_memberships_contains_paid_content":false,"footnotes":"","jetpack_publicize_message":"","jetpack_publicize_feature_enabled":true,"jetpack_social_post_already_shared":true,"jetpack_social_options":{"image_generator_settings":{"template":"highway","default_image_id":0,"font":"","enabled":false},"version":2}},"categories":[34,1624],"tags":[2065,2070,2079,2095,1004],"class_list":["post-10193","post","type-post","status-publish","format-standard","has-post-thumbnail","hentry","category-acts","category-simon-gloe","tag-2065","tag-flensburg","tag-flensburg-unplugged","tag-simon-gloe","tag-unplugged"],"aioseo_notices":[],"jetpack_publicize_connections":[],"jetpack_featured_media_url":"http:\/\/www.rockpixx.com\/wordpress\/wp-content\/uploads\/2013\/03\/20130322-01-simon-gloe-Artikel.jpg","jetpack-related-posts":[{"id":10191,"url":"http:\/\/www.rockpixx.com\/wordpress\/flensburg-unplugged-flensburg-azf-22-03-2013\/","url_meta":{"origin":10193,"position":0},"title":"flensburg unplugged, Flensburg, AZF, 22.03.2013","author":"Anja","date":"24. M\u00e4rz 2013","format":false,"excerpt":"Das f\u00fcnfte \u201eflensburg unplugged\u201c erlebte an diesem Abend nach f\u00fcnf Jahren Pause eine Neuauflage. Begleitet vom 16-k\u00f6pfigen \u201eFlensburg Acoustic Orchestra\u201c stellten 10 K\u00fcnstler der Region ihre eigenen Songs \u2013 neu arrangiert und unplugged vor. Stop, ich muss mich korrigieren \u2013 leider musste Bj\u00f6rn Both seinen Auftritt absagen. F\u00fcr den K\u00fcnstler\u2026","rel":"","context":"In &quot;2013&quot;","block_context":{"text":"2013","link":"http:\/\/www.rockpixx.com\/wordpress\/category\/backstage\/2013\/"},"img":{"alt_text":"flensburg unplugged 22.03.2013","src":"https:\/\/i0.wp.com\/www.rockpixx.com\/wordpress\/wp-content\/uploads\/2013\/03\/20130324_20130322-00-020.jpg?resize=350%2C200","width":350,"height":200,"srcset":"https:\/\/i0.wp.com\/www.rockpixx.com\/wordpress\/wp-content\/uploads\/2013\/03\/20130324_20130322-00-020.jpg?resize=350%2C200 1x, https:\/\/i0.wp.com\/www.rockpixx.com\/wordpress\/wp-content\/uploads\/2013\/03\/20130324_20130322-00-020.jpg?resize=525%2C300 1.5x, https:\/\/i0.wp.com\/www.rockpixx.com\/wordpress\/wp-content\/uploads\/2013\/03\/20130324_20130322-00-020.jpg?resize=700%2C400 2x"},"classes":[]},{"id":10207,"url":"http:\/\/www.rockpixx.com\/wordpress\/michael-schulte-flensburg-flensburg-unplugged-22-03-2013\/","url_meta":{"origin":10193,"position":1},"title":"Michael Schulte, Flensburg, flensburg unplugged, 22.03.2013","author":"Anja","date":"24. M\u00e4rz 2013","format":false,"excerpt":"Michael Schulte war der n\u00e4chste K\u00fcnstler im Programm von\u00a0\u2192 \u201eflensburg unplugged\u201c. Vielen ist er bekannt durch die Castingshow \u201eVoice of Germany\u201c. Dort hatte er es 2012 im Team von\u00a0\u2192 Rea Garvey bis ins Finale geschafft. Ruhige und gef\u00fchlvolle Balladen nehmen das Publikum mit in Welt von Michael Schulte. Und wie\u2026","rel":"","context":"In &quot;Acts&quot;","block_context":{"text":"Acts","link":"http:\/\/www.rockpixx.com\/wordpress\/category\/acts\/"},"img":{"alt_text":"Michael Schulte","src":"https:\/\/i0.wp.com\/www.rockpixx.com\/wordpress\/wp-content\/uploads\/2013\/03\/20130322-04-michael-schulte-Artikel.jpg?resize=350%2C200","width":350,"height":200,"srcset":"https:\/\/i0.wp.com\/www.rockpixx.com\/wordpress\/wp-content\/uploads\/2013\/03\/20130322-04-michael-schulte-Artikel.jpg?resize=350%2C200 1x, https:\/\/i0.wp.com\/www.rockpixx.com\/wordpress\/wp-content\/uploads\/2013\/03\/20130322-04-michael-schulte-Artikel.jpg?resize=525%2C300 1.5x, https:\/\/i0.wp.com\/www.rockpixx.com\/wordpress\/wp-content\/uploads\/2013\/03\/20130322-04-michael-schulte-Artikel.jpg?resize=700%2C400 2x"},"classes":[]},{"id":10210,"url":"http:\/\/www.rockpixx.com\/wordpress\/trojaner-flensburg-flensburg-unplugged-22-03-2013\/","url_meta":{"origin":10193,"position":2},"title":"Trojaner, Flensburg, flensburg unplugged, 22.03.2013","author":"Anja","date":"24. M\u00e4rz 2013","format":false,"excerpt":"Das Intro f\u00fcr den n\u00e4chsten K\u00fcnstler bei \u2192 \u201eflensburg unplugged\u201c, war echt witzig gemacht: Auf der Leinwand hinter den Musikern sieht man zwei leicht \u201et\u00fcddelige Omis\u201c auf einer Parkbank sitzen. Im breitesten Platt schnackten \u00a0sie \u00fcber den n\u00e4chsten K\u00fcnstler und seine Musik. Ich war als \u201eNicht-Nordlicht\u201c doch erstaunt, dass ich\u2026","rel":"","context":"In &quot;Acts&quot;","block_context":{"text":"Acts","link":"http:\/\/www.rockpixx.com\/wordpress\/category\/acts\/"},"img":{"alt_text":"Trojaner","src":"https:\/\/i0.wp.com\/www.rockpixx.com\/wordpress\/wp-content\/uploads\/2013\/03\/20130322-05-trojaner-Artikel.jpg?resize=350%2C200","width":350,"height":200,"srcset":"https:\/\/i0.wp.com\/www.rockpixx.com\/wordpress\/wp-content\/uploads\/2013\/03\/20130322-05-trojaner-Artikel.jpg?resize=350%2C200 1x, https:\/\/i0.wp.com\/www.rockpixx.com\/wordpress\/wp-content\/uploads\/2013\/03\/20130322-05-trojaner-Artikel.jpg?resize=525%2C300 1.5x, https:\/\/i0.wp.com\/www.rockpixx.com\/wordpress\/wp-content\/uploads\/2013\/03\/20130322-05-trojaner-Artikel.jpg?resize=700%2C400 2x"},"classes":[]},{"id":10224,"url":"http:\/\/www.rockpixx.com\/wordpress\/onemillionsteps-nora-oertel-sebastian-gimm-flensburg-flensburg-unplugged-22-03-2013\/","url_meta":{"origin":10193,"position":3},"title":"Onemillionsteps (Nora Oertel, Sebastian Gimm), Flensburg, flensburg unplugged, 22.03.2013","author":"Anja","date":"24. M\u00e4rz 2013","format":false,"excerpt":"Als n\u00e4chstes stehen Nora Oertel und Sebastian Gimm von \u201eOnemillionsteps\u201c, die Gewinner des begehrten Hamburger Newcomerpreises \u201eKrach und Get\u00f6se\u201c 2012, auf der B\u00fchne von\u00a0\u2192 \u201eflensburg unplugged\u201c. Im Stil der amerikanischen Singer\/Songwriter untermalen Nora und Sebastian mit\u00a0Akustikgitarren ihre Musik. Begleitet werden Sie von Michael Becker am Cello, der auch schon f\u00fcr\u2026","rel":"","context":"In &quot;Acts&quot;","block_context":{"text":"Acts","link":"http:\/\/www.rockpixx.com\/wordpress\/category\/acts\/"},"img":{"alt_text":"Onemillionsteps","src":"https:\/\/i0.wp.com\/www.rockpixx.com\/wordpress\/wp-content\/uploads\/2013\/03\/20130322-07-onemillionsteps-Artikel.jpg?resize=350%2C200","width":350,"height":200,"srcset":"https:\/\/i0.wp.com\/www.rockpixx.com\/wordpress\/wp-content\/uploads\/2013\/03\/20130322-07-onemillionsteps-Artikel.jpg?resize=350%2C200 1x, https:\/\/i0.wp.com\/www.rockpixx.com\/wordpress\/wp-content\/uploads\/2013\/03\/20130322-07-onemillionsteps-Artikel.jpg?resize=525%2C300 1.5x, https:\/\/i0.wp.com\/www.rockpixx.com\/wordpress\/wp-content\/uploads\/2013\/03\/20130322-07-onemillionsteps-Artikel.jpg?resize=700%2C400 2x"},"classes":[]},{"id":10212,"url":"http:\/\/www.rockpixx.com\/wordpress\/buket-kelmer-flensburg-flensburg-unplugged-22-03-2013\/","url_meta":{"origin":10193,"position":4},"title":"Buket &#038; Kelmer, Flensburg, flensburg unplugged, 22.03.2013","author":"Anja","date":"24. M\u00e4rz 2013","format":false,"excerpt":"Hinter Buket & Kelmer, den n\u00e4chsten K\u00fcnstlern auf der\u00a0\u2192 \u201eflensburg unplugged\u201c B\u00fchne, verbergen sich Buket \u2013 eine 25-j\u00e4hrige Flensburgerin mit t\u00fcrkischen Wurzeln \u2013 und Michael Kelmer, ein Musiker aus Flensburg, der in verschieden Bandkonstellationen als Gastmusiker unterwegs ist. Gef\u00fchlvolle und gleichzeitig mitrei\u00dfende Musik, ber\u00fchrend und eine Geschichte erz\u00e4hlend\u2026 so nehmen\u2026","rel":"","context":"In &quot;Acts&quot;","block_context":{"text":"Acts","link":"http:\/\/www.rockpixx.com\/wordpress\/category\/acts\/"},"img":{"alt_text":"Buket & Kelmer","src":"https:\/\/i0.wp.com\/www.rockpixx.com\/wordpress\/wp-content\/uploads\/2013\/03\/20130322-06-buket-und-kelmer-Artikel.jpg?resize=350%2C200","width":350,"height":200,"srcset":"https:\/\/i0.wp.com\/www.rockpixx.com\/wordpress\/wp-content\/uploads\/2013\/03\/20130322-06-buket-und-kelmer-Artikel.jpg?resize=350%2C200 1x, https:\/\/i0.wp.com\/www.rockpixx.com\/wordpress\/wp-content\/uploads\/2013\/03\/20130322-06-buket-und-kelmer-Artikel.jpg?resize=525%2C300 1.5x, https:\/\/i0.wp.com\/www.rockpixx.com\/wordpress\/wp-content\/uploads\/2013\/03\/20130322-06-buket-und-kelmer-Artikel.jpg?resize=700%2C400 2x"},"classes":[]},{"id":10230,"url":"http:\/\/www.rockpixx.com\/wordpress\/lara-erichsen-flensburg-flensburg-unplugged-22-03-2013\/","url_meta":{"origin":10193,"position":5},"title":"Lara Erichsen, Flensburg, flensburg unplugged, 22.03.2013","author":"Anja","date":"24. M\u00e4rz 2013","format":false,"excerpt":"Den Abschluss des ersten Abends bei\u00a0\u2192 \u201eflensburg unplugged\u201c bildete der Auftritt von Lara Erichsen. Altersm\u00e4\u00dfig ist sie mit ihren 17 Jahren das \u201eK\u00fcken\u201c des Abends, aber stimmlich muss sie sich nicht verstecken. Als ihre musikalischen Vorbilder nennt sie Tina Turner und Jannis Joplin. Mein Eindruck war auch, dass sie stimmlich\u2026","rel":"","context":"In &quot;Acts&quot;","block_context":{"text":"Acts","link":"http:\/\/www.rockpixx.com\/wordpress\/category\/acts\/"},"img":{"alt_text":"Lara Erichsen","src":"https:\/\/i0.wp.com\/www.rockpixx.com\/wordpress\/wp-content\/uploads\/2013\/03\/20130322-09-lara-erichsen-Artikel.jpg?resize=350%2C200","width":350,"height":200,"srcset":"https:\/\/i0.wp.com\/www.rockpixx.com\/wordpress\/wp-content\/uploads\/2013\/03\/20130322-09-lara-erichsen-Artikel.jpg?resize=350%2C200 1x, https:\/\/i0.wp.com\/www.rockpixx.com\/wordpress\/wp-content\/uploads\/2013\/03\/20130322-09-lara-erichsen-Artikel.jpg?resize=525%2C300 1.5x, https:\/\/i0.wp.com\/www.rockpixx.com\/wordpress\/wp-content\/uploads\/2013\/03\/20130322-09-lara-erichsen-Artikel.jpg?resize=700%2C400 2x"},"classes":[]}],"jetpack_sharing_enabled":true,"publishpress_future_action":{"enabled":false,"date":"2026-05-07 10:39:45","action":"change-status","newStatus":"draft","terms":[],"taxonomy":"category","extraData":[]},"publishpress_future_workflow_manual_trigger":{"enabledWorkflows":[]},"_links":{"self":[{"href":"http:\/\/www.rockpixx.com\/wordpress\/wp-json\/wp\/v2\/posts\/10193","targetHints":{"allow":["GET"]}}],"collection":[{"href":"http:\/\/www.rockpixx.com\/wordpress\/wp-json\/wp\/v2\/posts"}],"about":[{"href":"http:\/\/www.rockpixx.com\/wordpress\/wp-json\/wp\/v2\/types\/post"}],"author":[{"embeddable":true,"href":"http:\/\/www.rockpixx.com\/wordpress\/wp-json\/wp\/v2\/users\/2"}],"replies":[{"embeddable":true,"href":"http:\/\/www.rockpixx.com\/wordpress\/wp-json\/wp\/v2\/comments?post=10193"}],"version-history":[{"count":0,"href":"http:\/\/www.rockpixx.com\/wordpress\/wp-json\/wp\/v2\/posts\/10193\/revisions"}],"wp:featuredmedia":[{"embeddable":true,"href":"http:\/\/www.rockpixx.com\/wordpress\/wp-json\/wp\/v2\/media\/10214"}],"wp:attachment":[{"href":"http:\/\/www.rockpixx.com\/wordpress\/wp-json\/wp\/v2\/media?parent=10193"}],"wp:term":[{"taxonomy":"category","embeddable":true,"href":"http:\/\/www.rockpixx.com\/wordpress\/wp-json\/wp\/v2\/categories?post=10193"},{"taxonomy":"post_tag","embeddable":true,"href":"http:\/\/www.rockpixx.com\/wordpress\/wp-json\/wp\/v2\/tags?post=10193"}],"curies":[{"name":"wp","href":"https:\/\/api.w.org\/{rel}","templated":true}]}}