{"id":10230,"date":"2013-03-24T15:16:27","date_gmt":"2013-03-24T14:16:27","guid":{"rendered":"http:\/\/rockpixx.com\/wordpress\/?p=10230"},"modified":"2013-04-26T21:22:34","modified_gmt":"2013-04-26T20:22:34","slug":"lara-erichsen-flensburg-flensburg-unplugged-22-03-2013","status":"publish","type":"post","link":"http:\/\/www.rockpixx.com\/wordpress\/lara-erichsen-flensburg-flensburg-unplugged-22-03-2013\/","title":{"rendered":"Lara Erichsen, Flensburg, flensburg unplugged, 22.03.2013"},"content":{"rendered":"<p>Den Abschluss des ersten Abends bei\u00a0\u2192 \u201e<a title=\"flensburg unplugged, Flensburg, AZF, 22.03.2013\" href=\"http:\/\/rockpixx.com\/wordpress\/flensburg-unplugged-flensburg-azf-22-03-2013\/\">flensburg unplugged<\/a>\u201c bildete der Auftritt von Lara Erichsen. Altersm\u00e4\u00dfig ist sie mit ihren 17 Jahren das \u201eK\u00fcken\u201c des Abends, aber stimmlich muss sie sich nicht verstecken. <!--more--><\/p>\n<p>Als ihre musikalischen Vorbilder nennt sie Tina Turner und Jannis Joplin. Mein Eindruck war auch, dass sie stimmlich nahe an Janis rankommt, mit der \u201eEinschr\u00e4nkung\u201c, dass die Stimme von Janis \u201eschmutziger\u201c klingt. Ich denke, Lara ist auf einem guten Weg. Mit der Zeit und der Erfahrung, kommt dann auch die Selbstsicherheit, um auf einer B\u00fchne alleine vor einem gro\u00dfen Publikum zu stehen.<\/p>\n<p style=\"text-align: right;\">Fotos:\u00a0<a href=\"mailto:info@rockpixx.com\">Alex<\/a>,\u00a0<a href=\"mailto:a.roselt@rockpixx.com\">Anja\u00a0<\/a>| Text:\u00a0<a href=\"mailto:a.roselt@rockpixx.com\">Anja<\/a><\/p>\n<p>&nbsp;<\/p>\n<p>[slideshow id=247]<\/p>\n","protected":false},"excerpt":{"rendered":"<p>Den Abschluss des ersten Abends bei\u00a0\u2192 \u201eflensburg unplugged\u201c bildete der Auftritt von Lara Erichsen. Altersm\u00e4\u00dfig <a href=\"http:\/\/www.rockpixx.com\/wordpress\/lara-erichsen-flensburg-flensburg-unplugged-22-03-2013\/\">Read more<\/a><\/p>\n","protected":false},"author":2,"featured_media":10222,"comment_status":"open","ping_status":"open","sticky":false,"template":"","format":"standard","meta":{"_jetpack_memberships_contains_paid_content":false,"footnotes":"","jetpack_publicize_message":"","jetpack_publicize_feature_enabled":true,"jetpack_social_post_already_shared":true,"jetpack_social_options":{"image_generator_settings":{"template":"highway","default_image_id":0,"font":"","enabled":false},"version":2}},"categories":[34,1602],"tags":[2065,2070,2079,2097,1004],"class_list":["post-10230","post","type-post","status-publish","format-standard","has-post-thumbnail","hentry","category-acts","category-lara-erichsen","tag-2065","tag-flensburg","tag-flensburg-unplugged","tag-lara-erichsen","tag-unplugged"],"aioseo_notices":[],"jetpack_publicize_connections":[],"jetpack_featured_media_url":"http:\/\/www.rockpixx.com\/wordpress\/wp-content\/uploads\/2013\/03\/20130322-09-lara-erichsen-Artikel.jpg","jetpack-related-posts":[{"id":10191,"url":"http:\/\/www.rockpixx.com\/wordpress\/flensburg-unplugged-flensburg-azf-22-03-2013\/","url_meta":{"origin":10230,"position":0},"title":"flensburg unplugged, Flensburg, AZF, 22.03.2013","author":"Anja","date":"24. M\u00e4rz 2013","format":false,"excerpt":"Das f\u00fcnfte \u201eflensburg unplugged\u201c erlebte an diesem Abend nach f\u00fcnf Jahren Pause eine Neuauflage. Begleitet vom 16-k\u00f6pfigen \u201eFlensburg Acoustic Orchestra\u201c stellten 10 K\u00fcnstler der Region ihre eigenen Songs \u2013 neu arrangiert und unplugged vor. Stop, ich muss mich korrigieren \u2013 leider musste Bj\u00f6rn Both seinen Auftritt absagen. F\u00fcr den K\u00fcnstler\u2026","rel":"","context":"In &quot;2013&quot;","block_context":{"text":"2013","link":"http:\/\/www.rockpixx.com\/wordpress\/category\/backstage\/2013\/"},"img":{"alt_text":"flensburg unplugged 22.03.2013","src":"https:\/\/i0.wp.com\/www.rockpixx.com\/wordpress\/wp-content\/uploads\/2013\/03\/20130324_20130322-00-020.jpg?resize=350%2C200","width":350,"height":200,"srcset":"https:\/\/i0.wp.com\/www.rockpixx.com\/wordpress\/wp-content\/uploads\/2013\/03\/20130324_20130322-00-020.jpg?resize=350%2C200 1x, https:\/\/i0.wp.com\/www.rockpixx.com\/wordpress\/wp-content\/uploads\/2013\/03\/20130324_20130322-00-020.jpg?resize=525%2C300 1.5x, https:\/\/i0.wp.com\/www.rockpixx.com\/wordpress\/wp-content\/uploads\/2013\/03\/20130324_20130322-00-020.jpg?resize=700%2C400 2x"},"classes":[]},{"id":10224,"url":"http:\/\/www.rockpixx.com\/wordpress\/onemillionsteps-nora-oertel-sebastian-gimm-flensburg-flensburg-unplugged-22-03-2013\/","url_meta":{"origin":10230,"position":1},"title":"Onemillionsteps (Nora Oertel, Sebastian Gimm), Flensburg, flensburg unplugged, 22.03.2013","author":"Anja","date":"24. M\u00e4rz 2013","format":false,"excerpt":"Als n\u00e4chstes stehen Nora Oertel und Sebastian Gimm von \u201eOnemillionsteps\u201c, die Gewinner des begehrten Hamburger Newcomerpreises \u201eKrach und Get\u00f6se\u201c 2012, auf der B\u00fchne von\u00a0\u2192 \u201eflensburg unplugged\u201c. Im Stil der amerikanischen Singer\/Songwriter untermalen Nora und Sebastian mit\u00a0Akustikgitarren ihre Musik. Begleitet werden Sie von Michael Becker am Cello, der auch schon f\u00fcr\u2026","rel":"","context":"In &quot;Acts&quot;","block_context":{"text":"Acts","link":"http:\/\/www.rockpixx.com\/wordpress\/category\/acts\/"},"img":{"alt_text":"Onemillionsteps","src":"https:\/\/i0.wp.com\/www.rockpixx.com\/wordpress\/wp-content\/uploads\/2013\/03\/20130322-07-onemillionsteps-Artikel.jpg?resize=350%2C200","width":350,"height":200,"srcset":"https:\/\/i0.wp.com\/www.rockpixx.com\/wordpress\/wp-content\/uploads\/2013\/03\/20130322-07-onemillionsteps-Artikel.jpg?resize=350%2C200 1x, https:\/\/i0.wp.com\/www.rockpixx.com\/wordpress\/wp-content\/uploads\/2013\/03\/20130322-07-onemillionsteps-Artikel.jpg?resize=525%2C300 1.5x, https:\/\/i0.wp.com\/www.rockpixx.com\/wordpress\/wp-content\/uploads\/2013\/03\/20130322-07-onemillionsteps-Artikel.jpg?resize=700%2C400 2x"},"classes":[]},{"id":10227,"url":"http:\/\/www.rockpixx.com\/wordpress\/kissin-dynamite-hannes-braun-jim-muller-flensburg-flensburg-unplugged-22-03-2013\/","url_meta":{"origin":10230,"position":2},"title":"Kissin&#8216; Dynamite (Hannes Braun, Jim M\u00fcller), Flensburg, flensburg unplugged, 22.03.2013","author":"Anja","date":"24. M\u00e4rz 2013","format":false,"excerpt":"Als n\u00e4chstes stehen alte Bekannte von uns auf der\u00a0\u2192 \u201eflensburg unplugged\u201c B\u00fchne: Hannes Braun und Jim M\u00fcller, die K\u00f6pfe von \u2192 \u201eKissin' Dynamite\u201c, sind zur Zeit in Flensburg, um bei\u00a0\u00a0Elephant-Music ihr viertes Album einzuspielen. Obwohl die beiden \u201eStuttgarter Gew\u00e4chse\u201c sind, verbindet sie mit Flensburg die Studio-Arbeit an Ihren Alben und\u2026","rel":"","context":"In &quot;Acts&quot;","block_context":{"text":"Acts","link":"http:\/\/www.rockpixx.com\/wordpress\/category\/acts\/"},"img":{"alt_text":"Kssin Dynamite","src":"https:\/\/i0.wp.com\/www.rockpixx.com\/wordpress\/wp-content\/uploads\/2013\/03\/20130322-08-kissin-dynamite-Artikel.jpg?resize=350%2C200","width":350,"height":200,"srcset":"https:\/\/i0.wp.com\/www.rockpixx.com\/wordpress\/wp-content\/uploads\/2013\/03\/20130322-08-kissin-dynamite-Artikel.jpg?resize=350%2C200 1x, https:\/\/i0.wp.com\/www.rockpixx.com\/wordpress\/wp-content\/uploads\/2013\/03\/20130322-08-kissin-dynamite-Artikel.jpg?resize=525%2C300 1.5x, https:\/\/i0.wp.com\/www.rockpixx.com\/wordpress\/wp-content\/uploads\/2013\/03\/20130322-08-kissin-dynamite-Artikel.jpg?resize=700%2C400 2x"},"classes":[]},{"id":10210,"url":"http:\/\/www.rockpixx.com\/wordpress\/trojaner-flensburg-flensburg-unplugged-22-03-2013\/","url_meta":{"origin":10230,"position":3},"title":"Trojaner, Flensburg, flensburg unplugged, 22.03.2013","author":"Anja","date":"24. M\u00e4rz 2013","format":false,"excerpt":"Das Intro f\u00fcr den n\u00e4chsten K\u00fcnstler bei \u2192 \u201eflensburg unplugged\u201c, war echt witzig gemacht: Auf der Leinwand hinter den Musikern sieht man zwei leicht \u201et\u00fcddelige Omis\u201c auf einer Parkbank sitzen. Im breitesten Platt schnackten \u00a0sie \u00fcber den n\u00e4chsten K\u00fcnstler und seine Musik. Ich war als \u201eNicht-Nordlicht\u201c doch erstaunt, dass ich\u2026","rel":"","context":"In &quot;Acts&quot;","block_context":{"text":"Acts","link":"http:\/\/www.rockpixx.com\/wordpress\/category\/acts\/"},"img":{"alt_text":"Trojaner","src":"https:\/\/i0.wp.com\/www.rockpixx.com\/wordpress\/wp-content\/uploads\/2013\/03\/20130322-05-trojaner-Artikel.jpg?resize=350%2C200","width":350,"height":200,"srcset":"https:\/\/i0.wp.com\/www.rockpixx.com\/wordpress\/wp-content\/uploads\/2013\/03\/20130322-05-trojaner-Artikel.jpg?resize=350%2C200 1x, https:\/\/i0.wp.com\/www.rockpixx.com\/wordpress\/wp-content\/uploads\/2013\/03\/20130322-05-trojaner-Artikel.jpg?resize=525%2C300 1.5x, https:\/\/i0.wp.com\/www.rockpixx.com\/wordpress\/wp-content\/uploads\/2013\/03\/20130322-05-trojaner-Artikel.jpg?resize=700%2C400 2x"},"classes":[]},{"id":10212,"url":"http:\/\/www.rockpixx.com\/wordpress\/buket-kelmer-flensburg-flensburg-unplugged-22-03-2013\/","url_meta":{"origin":10230,"position":4},"title":"Buket &#038; Kelmer, Flensburg, flensburg unplugged, 22.03.2013","author":"Anja","date":"24. M\u00e4rz 2013","format":false,"excerpt":"Hinter Buket & Kelmer, den n\u00e4chsten K\u00fcnstlern auf der\u00a0\u2192 \u201eflensburg unplugged\u201c B\u00fchne, verbergen sich Buket \u2013 eine 25-j\u00e4hrige Flensburgerin mit t\u00fcrkischen Wurzeln \u2013 und Michael Kelmer, ein Musiker aus Flensburg, der in verschieden Bandkonstellationen als Gastmusiker unterwegs ist. Gef\u00fchlvolle und gleichzeitig mitrei\u00dfende Musik, ber\u00fchrend und eine Geschichte erz\u00e4hlend\u2026 so nehmen\u2026","rel":"","context":"In &quot;Acts&quot;","block_context":{"text":"Acts","link":"http:\/\/www.rockpixx.com\/wordpress\/category\/acts\/"},"img":{"alt_text":"Buket & Kelmer","src":"https:\/\/i0.wp.com\/www.rockpixx.com\/wordpress\/wp-content\/uploads\/2013\/03\/20130322-06-buket-und-kelmer-Artikel.jpg?resize=350%2C200","width":350,"height":200,"srcset":"https:\/\/i0.wp.com\/www.rockpixx.com\/wordpress\/wp-content\/uploads\/2013\/03\/20130322-06-buket-und-kelmer-Artikel.jpg?resize=350%2C200 1x, https:\/\/i0.wp.com\/www.rockpixx.com\/wordpress\/wp-content\/uploads\/2013\/03\/20130322-06-buket-und-kelmer-Artikel.jpg?resize=525%2C300 1.5x, https:\/\/i0.wp.com\/www.rockpixx.com\/wordpress\/wp-content\/uploads\/2013\/03\/20130322-06-buket-und-kelmer-Artikel.jpg?resize=700%2C400 2x"},"classes":[]},{"id":10199,"url":"http:\/\/www.rockpixx.com\/wordpress\/leon-leon-flensburg-flensburg-unplugged-22-03-2013\/","url_meta":{"origin":10230,"position":5},"title":"Leon &#038; Leon, Flensburg, flensburg unplugged, 22.03.2013","author":"Anja","date":"24. M\u00e4rz 2013","format":false,"excerpt":"Die n\u00e4chsten K\u00fcnstler auf der\u00a0\u2192 \u201eflensburg unplugged\u201c B\u00fchne sind Leon & Leon. Die beiden jungen K\u00fcnstler sind hier im Norden ansonsten mit ihren Bandprojekten \u201eCrashkurs\u201c und \u201eSalamanda\u201c unterwegs. Vom Moderator Mathias Harrebye Brandt wird ihre Musik den Einfl\u00fcssen und Vorbildern von\u00a0Krautrock, Psychedelic, Rock'n'Roll, Reaggae, Blues, StonerRock und Progressiv, Bands und\u2026","rel":"","context":"In &quot;Acts&quot;","block_context":{"text":"Acts","link":"http:\/\/www.rockpixx.com\/wordpress\/category\/acts\/"},"img":{"alt_text":"Leon & Leon","src":"https:\/\/i0.wp.com\/www.rockpixx.com\/wordpress\/wp-content\/uploads\/2013\/03\/20130322-03-leon-und-leon-Artikel.jpg?resize=350%2C200","width":350,"height":200,"srcset":"https:\/\/i0.wp.com\/www.rockpixx.com\/wordpress\/wp-content\/uploads\/2013\/03\/20130322-03-leon-und-leon-Artikel.jpg?resize=350%2C200 1x, https:\/\/i0.wp.com\/www.rockpixx.com\/wordpress\/wp-content\/uploads\/2013\/03\/20130322-03-leon-und-leon-Artikel.jpg?resize=525%2C300 1.5x, https:\/\/i0.wp.com\/www.rockpixx.com\/wordpress\/wp-content\/uploads\/2013\/03\/20130322-03-leon-und-leon-Artikel.jpg?resize=700%2C400 2x"},"classes":[]}],"jetpack_sharing_enabled":true,"publishpress_future_action":{"enabled":false,"date":"2026-05-07 07:47:19","action":"change-status","newStatus":"draft","terms":[],"taxonomy":"category","extraData":[]},"publishpress_future_workflow_manual_trigger":{"enabledWorkflows":[]},"_links":{"self":[{"href":"http:\/\/www.rockpixx.com\/wordpress\/wp-json\/wp\/v2\/posts\/10230","targetHints":{"allow":["GET"]}}],"collection":[{"href":"http:\/\/www.rockpixx.com\/wordpress\/wp-json\/wp\/v2\/posts"}],"about":[{"href":"http:\/\/www.rockpixx.com\/wordpress\/wp-json\/wp\/v2\/types\/post"}],"author":[{"embeddable":true,"href":"http:\/\/www.rockpixx.com\/wordpress\/wp-json\/wp\/v2\/users\/2"}],"replies":[{"embeddable":true,"href":"http:\/\/www.rockpixx.com\/wordpress\/wp-json\/wp\/v2\/comments?post=10230"}],"version-history":[{"count":0,"href":"http:\/\/www.rockpixx.com\/wordpress\/wp-json\/wp\/v2\/posts\/10230\/revisions"}],"wp:featuredmedia":[{"embeddable":true,"href":"http:\/\/www.rockpixx.com\/wordpress\/wp-json\/wp\/v2\/media\/10222"}],"wp:attachment":[{"href":"http:\/\/www.rockpixx.com\/wordpress\/wp-json\/wp\/v2\/media?parent=10230"}],"wp:term":[{"taxonomy":"category","embeddable":true,"href":"http:\/\/www.rockpixx.com\/wordpress\/wp-json\/wp\/v2\/categories?post=10230"},{"taxonomy":"post_tag","embeddable":true,"href":"http:\/\/www.rockpixx.com\/wordpress\/wp-json\/wp\/v2\/tags?post=10230"}],"curies":[{"name":"wp","href":"https:\/\/api.w.org\/{rel}","templated":true}]}}