{"id":1026,"date":"2010-06-24T13:49:37","date_gmt":"2010-06-24T11:49:37","guid":{"rendered":"http:\/\/blog.rockpixx.com\/?p=212"},"modified":"2013-02-27T19:48:18","modified_gmt":"2013-02-27T18:48:18","slug":"kieler-woche-tag-6","status":"publish","type":"post","link":"http:\/\/www.rockpixx.com\/wordpress\/kieler-woche-tag-6\/","title":{"rendered":"Kieler Woche, Tag 6"},"content":{"rendered":"<p>Die zweite Halbzeit auf der diesj\u00e4hrigen Kieler Woche hat also begonnen\u2026 Gestern Abend ging&#8217;s ruhig zu \u2013 das lag aber wohl auch am Fu\u00dfball-L\u00e4nderspiel bei der WM in S\u00fcdafrika gegen Ghana. Irgendwie war es reichlich leer in Kiel \u2013 wenn man einmal von den Menschentrauben vor diversen Leinw\u00e4nden absieht. Ok, wir geben&#8217;s ja zu: Wir waren auch darunter \u2013 ohne Kameras und auch ohne Tr\u00f6ten. Rund um&#8217;s Public Viewing haben wir dann aber doch noch zwei Acts fotografiert.<\/p>\n<p>Und irgendwie sind wir heute ein wenig platt, die letzten Tage fangen langsam an, an unserer Kondition zu nagen. Das ist aber auch kein Wunder, wenn pro Tag irgendwie nur noch knapp 6 Stunden Schlaf bleiben.<\/p>\n","protected":false},"excerpt":{"rendered":"<p>Die zweite Halbzeit auf der diesj\u00e4hrigen Kieler Woche hat also begonnen\u2026 Gestern Abend ging&#8217;s ruhig <a href=\"http:\/\/www.rockpixx.com\/wordpress\/kieler-woche-tag-6\/\">Read more<\/a><\/p>\n","protected":false},"author":1,"featured_media":0,"comment_status":"open","ping_status":"open","sticky":false,"template":"","format":"standard","meta":{"_jetpack_memberships_contains_paid_content":false,"footnotes":"","jetpack_publicize_message":"Kieler Woche, Tag 6 http:\/\/rockpixx.com\/wordpress\/?p=1026","jetpack_publicize_feature_enabled":true,"jetpack_social_post_already_shared":true,"jetpack_social_options":{"image_generator_settings":{"template":"highway","default_image_id":0,"font":"","enabled":false},"version":2}},"categories":[446,19],"tags":[1832,868],"class_list":["post-1026","post","type-post","status-publish","format-standard","hentry","category-446","category-backstage","tag-1832","tag-kieler-woche-tagebuch"],"aioseo_notices":[],"jetpack_publicize_connections":[],"jetpack_featured_media_url":"","jetpack-related-posts":[{"id":1049,"url":"http:\/\/www.rockpixx.com\/wordpress\/kieler-woche-2011-tag-null\/","url_meta":{"origin":1026,"position":0},"title":"Kieler Woche 2011, Tag -1","author":"admin","date":"16. Juni 2011","format":false,"excerpt":"Moin, angekommen im Norden sind wir irgendwie so \u00fcberdreht, dass auch nach einer Wachperiode von knapp 30 Stunden kein Schlaf kommen will. Also Aufbauen und Verkabeln der gesamten EDV. Sorge bereitet der Internetzugang \u2013 hier ist seit dem letzten Sommer umgebaut worden. Entweder finden wir unseren Server oder wir kommen\u2026","rel":"","context":"In &quot;2011&quot;","block_context":{"text":"2011","link":"http:\/\/www.rockpixx.com\/wordpress\/category\/backstage\/2011\/"},"img":{"alt_text":"Kieler Woche 2011, lost & found","src":"https:\/\/i0.wp.com\/www.rockpixx.com\/wordpress\/wp-content\/uploads\/2011\/06\/20110616-2011-06_Kieler-Woche-0011.jpg?resize=350%2C200","width":350,"height":200,"srcset":"https:\/\/i0.wp.com\/www.rockpixx.com\/wordpress\/wp-content\/uploads\/2011\/06\/20110616-2011-06_Kieler-Woche-0011.jpg?resize=350%2C200 1x, https:\/\/i0.wp.com\/www.rockpixx.com\/wordpress\/wp-content\/uploads\/2011\/06\/20110616-2011-06_Kieler-Woche-0011.jpg?resize=525%2C300 1.5x, https:\/\/i0.wp.com\/www.rockpixx.com\/wordpress\/wp-content\/uploads\/2011\/06\/20110616-2011-06_Kieler-Woche-0011.jpg?resize=700%2C400 2x"},"classes":[]},{"id":11326,"url":"http:\/\/www.rockpixx.com\/wordpress\/kieler-woche-tagebuch-2013-tag-10\/","url_meta":{"origin":1026,"position":1},"title":"Kieler Woche Tagebuch 2013 | Tag 10","author":"admin","date":"1. Juli 2013","format":false,"excerpt":"Sonntag, 30.06.2013 Der letzte Abend auf der Kieler Woche 2013. Irgendwie ist es heute \u2013 im Vergleich zum Vortag \u2013 deutlich leerer in Kiel, die Massen werden erst zum Abschlussfeuerwerk in die Innenstandt an die Wasserkante str\u00f6men \u2013 das kennen wir schon. Zwei Locations werden heute noch von uns angesteuert,\u2026","rel":"","context":"In &quot;2013&quot;","block_context":{"text":"2013","link":"http:\/\/www.rockpixx.com\/wordpress\/category\/backstage\/2013\/"},"img":{"alt_text":"Kieler Woche 2013, Impressionen","src":"https:\/\/i0.wp.com\/www.rockpixx.com\/wordpress\/wp-content\/uploads\/2013\/07\/20130621-00-017_KiWo-2013.jpg?resize=350%2C200","width":350,"height":200,"srcset":"https:\/\/i0.wp.com\/www.rockpixx.com\/wordpress\/wp-content\/uploads\/2013\/07\/20130621-00-017_KiWo-2013.jpg?resize=350%2C200 1x, https:\/\/i0.wp.com\/www.rockpixx.com\/wordpress\/wp-content\/uploads\/2013\/07\/20130621-00-017_KiWo-2013.jpg?resize=525%2C300 1.5x, https:\/\/i0.wp.com\/www.rockpixx.com\/wordpress\/wp-content\/uploads\/2013\/07\/20130621-00-017_KiWo-2013.jpg?resize=700%2C400 2x"},"classes":[]},{"id":11260,"url":"http:\/\/www.rockpixx.com\/wordpress\/kieler-woche-tagebuch-2013-tag-8\/","url_meta":{"origin":1026,"position":2},"title":"Kieler Woche Tagebuch 2013 | Tag 8","author":"admin","date":"29. Juni 2013","format":false,"excerpt":"Freitag, 28.06.2013 Nach einem Tag Pause stehen wir wieder im Regen \u2013 was auch sonst? Hey, es ist schlie\u00dflich Kieler Woche und das ist bekannterma\u00dfen die einzige Jahreszeit in Schleswig-Holstein, in der der Regen immerhin etwas w\u00e4rmer ist. Das Abendprogramm in K\u00fcrze: MAXB\u00fchne mit \u2192 \u201eReamade\u201c und sp\u00e4ter \u2192 \u201eCoverLine\u201c,\u2026","rel":"","context":"In &quot;2013&quot;","block_context":{"text":"2013","link":"http:\/\/www.rockpixx.com\/wordpress\/category\/backstage\/2013\/"},"img":{"alt_text":"Kieler Woche 2013 | Impressionen","src":"https:\/\/i0.wp.com\/www.rockpixx.com\/wordpress\/wp-content\/uploads\/2013\/06\/20130628-05-016_KiWo-2013.jpg?resize=350%2C200","width":350,"height":200,"srcset":"https:\/\/i0.wp.com\/www.rockpixx.com\/wordpress\/wp-content\/uploads\/2013\/06\/20130628-05-016_KiWo-2013.jpg?resize=350%2C200 1x, https:\/\/i0.wp.com\/www.rockpixx.com\/wordpress\/wp-content\/uploads\/2013\/06\/20130628-05-016_KiWo-2013.jpg?resize=525%2C300 1.5x, https:\/\/i0.wp.com\/www.rockpixx.com\/wordpress\/wp-content\/uploads\/2013\/06\/20130628-05-016_KiWo-2013.jpg?resize=700%2C400 2x"},"classes":[]},{"id":1053,"url":"http:\/\/www.rockpixx.com\/wordpress\/kieler-woche-2011-tag-3\/","url_meta":{"origin":1026,"position":3},"title":"Kieler Woche 2011, Tag 3","author":"admin","date":"25. Juni 2011","format":false,"excerpt":"Moin, \u2026 wir haben im Blog ein paar Tage Pause machen m\u00fcssen, da das Tagesgesch\u00e4ft uns zu sehr in Anspruch genommen hat: Wenn pro Tag nur noch 4 \u2013 5 Stunden Schlaf \u00fcbrig bleiben, dann m\u00fcssen irgendwie Priorit\u00e4ten bei der Ver\u00f6ffentlichung gesetzt werden. Ok, heute (am zweiten Sonnabend der Kieler\u2026","rel":"","context":"In &quot;2011&quot;","block_context":{"text":"2011","link":"http:\/\/www.rockpixx.com\/wordpress\/category\/backstage\/2011\/"},"img":{"alt_text":"Kieler Woche 2011, lost & found","src":"https:\/\/i0.wp.com\/www.rockpixx.com\/wordpress\/wp-content\/uploads\/2011\/06\/20110625-2011-06_Kieler-Woche-0085.jpg?resize=350%2C200","width":350,"height":200,"srcset":"https:\/\/i0.wp.com\/www.rockpixx.com\/wordpress\/wp-content\/uploads\/2011\/06\/20110625-2011-06_Kieler-Woche-0085.jpg?resize=350%2C200 1x, https:\/\/i0.wp.com\/www.rockpixx.com\/wordpress\/wp-content\/uploads\/2011\/06\/20110625-2011-06_Kieler-Woche-0085.jpg?resize=525%2C300 1.5x, https:\/\/i0.wp.com\/www.rockpixx.com\/wordpress\/wp-content\/uploads\/2011\/06\/20110625-2011-06_Kieler-Woche-0085.jpg?resize=700%2C400 2x"},"classes":[]},{"id":14358,"url":"http:\/\/www.rockpixx.com\/wordpress\/markus-20-06-2014-kiel-kieler-woche-musikzelt\/","url_meta":{"origin":1026,"position":4},"title":"Markus, 20.06.2014, Kiel, Kieler Woche Musikzelt","author":"admin","date":"21. Juni 2014","format":false,"excerpt":"Und noch ein alter Bekannter, eine Stunde sp\u00e4ter als \u2192 Rea Garvey und eine B\u00fchne weiter: Markus versichert dem Publikum, dass sein Ferrari immer noch 210 f\u00e4hrt. Das Kieler Woche Musikzelt ist ja musikalisch eher f\u00fcr die Spa\u00df- und Partymusik zust\u00e4ndig \u2013 so ist es nur folgerichtig, dass zum Auftakt\u2026","rel":"","context":"In &quot;Acts&quot;","block_context":{"text":"Acts","link":"http:\/\/www.rockpixx.com\/wordpress\/category\/acts\/"},"img":{"alt_text":"Markus, 20.06.2014, Kiel, Kieler Woche Musikzelt","src":"https:\/\/i0.wp.com\/www.rockpixx.com\/wordpress\/wp-content\/uploads\/2014\/06\/20140620-04-092_markus_Artikel.jpg?resize=350%2C200","width":350,"height":200,"srcset":"https:\/\/i0.wp.com\/www.rockpixx.com\/wordpress\/wp-content\/uploads\/2014\/06\/20140620-04-092_markus_Artikel.jpg?resize=350%2C200 1x, https:\/\/i0.wp.com\/www.rockpixx.com\/wordpress\/wp-content\/uploads\/2014\/06\/20140620-04-092_markus_Artikel.jpg?resize=525%2C300 1.5x, https:\/\/i0.wp.com\/www.rockpixx.com\/wordpress\/wp-content\/uploads\/2014\/06\/20140620-04-092_markus_Artikel.jpg?resize=700%2C400 2x"},"classes":[]},{"id":1060,"url":"http:\/\/www.rockpixx.com\/wordpress\/kieler-woche-2011-tag-10\/","url_meta":{"origin":1026,"position":5},"title":"Kieler Woche 2011, Tag 10","author":"admin","date":"5. Juli 2011","format":false,"excerpt":"Moin, nach unserem \u201eRuhetag\u201c am Sonnabend (der uns im \u00dcbrigen ganz gut getan hat, wir sind schlie\u00dflich auch nicht mehr die J\u00fcngsten), steht nun mit dem abschlie\u00dfenden Sonntag also der letzte Tag in unserem diesj\u00e4hrigen \u201eKieler Woche\u201c-Programm an. Also schnell in die Arbeitsklamotten geschl\u00fcpft (komplett schwarz, versteht sich), alle Fotop\u00e4sse\u2026","rel":"","context":"In &quot;2011&quot;","block_context":{"text":"2011","link":"http:\/\/www.rockpixx.com\/wordpress\/category\/backstage\/2011\/"},"img":{"alt_text":"Kieler Woche 2011, lost & found","src":"https:\/\/i0.wp.com\/www.rockpixx.com\/wordpress\/wp-content\/uploads\/2013\/02\/20110705-2011-06_Kieler-Woche-0155.jpg?resize=350%2C200","width":350,"height":200,"srcset":"https:\/\/i0.wp.com\/www.rockpixx.com\/wordpress\/wp-content\/uploads\/2013\/02\/20110705-2011-06_Kieler-Woche-0155.jpg?resize=350%2C200 1x, https:\/\/i0.wp.com\/www.rockpixx.com\/wordpress\/wp-content\/uploads\/2013\/02\/20110705-2011-06_Kieler-Woche-0155.jpg?resize=525%2C300 1.5x, https:\/\/i0.wp.com\/www.rockpixx.com\/wordpress\/wp-content\/uploads\/2013\/02\/20110705-2011-06_Kieler-Woche-0155.jpg?resize=700%2C400 2x"},"classes":[]}],"jetpack_sharing_enabled":true,"publishpress_future_action":{"enabled":false,"date":"2026-05-08 04:00:39","action":"change-status","newStatus":"draft","terms":[],"taxonomy":"category","extraData":[]},"publishpress_future_workflow_manual_trigger":{"enabledWorkflows":[]},"_links":{"self":[{"href":"http:\/\/www.rockpixx.com\/wordpress\/wp-json\/wp\/v2\/posts\/1026","targetHints":{"allow":["GET"]}}],"collection":[{"href":"http:\/\/www.rockpixx.com\/wordpress\/wp-json\/wp\/v2\/posts"}],"about":[{"href":"http:\/\/www.rockpixx.com\/wordpress\/wp-json\/wp\/v2\/types\/post"}],"author":[{"embeddable":true,"href":"http:\/\/www.rockpixx.com\/wordpress\/wp-json\/wp\/v2\/users\/1"}],"replies":[{"embeddable":true,"href":"http:\/\/www.rockpixx.com\/wordpress\/wp-json\/wp\/v2\/comments?post=1026"}],"version-history":[{"count":0,"href":"http:\/\/www.rockpixx.com\/wordpress\/wp-json\/wp\/v2\/posts\/1026\/revisions"}],"wp:attachment":[{"href":"http:\/\/www.rockpixx.com\/wordpress\/wp-json\/wp\/v2\/media?parent=1026"}],"wp:term":[{"taxonomy":"category","embeddable":true,"href":"http:\/\/www.rockpixx.com\/wordpress\/wp-json\/wp\/v2\/categories?post=1026"},{"taxonomy":"post_tag","embeddable":true,"href":"http:\/\/www.rockpixx.com\/wordpress\/wp-json\/wp\/v2\/tags?post=1026"}],"curies":[{"name":"wp","href":"https:\/\/api.w.org\/{rel}","templated":true}]}}