{"id":10268,"date":"2013-03-28T16:27:25","date_gmt":"2013-03-28T15:27:25","guid":{"rendered":"http:\/\/rockpixx.com\/wordpress\/?p=10268"},"modified":"2013-03-28T16:42:50","modified_gmt":"2013-03-28T15:42:50","slug":"vor-dem-konzert-brit-floyd-munchen-29-10-2011","status":"publish","type":"post","link":"http:\/\/www.rockpixx.com\/wordpress\/vor-dem-konzert-brit-floyd-munchen-29-10-2011\/","title":{"rendered":"Vor dem Konzert (Brit Floyd, M\u00fcnchen 29.10.2011)"},"content":{"rendered":"<p>Wir sind ja sehr oft vor dem eigentlichen Konzertbeginn schon in den Hallen oder auf dem Gel\u00e4nde. Auch wenn es backstage mitunter interessant ist, mit den Musikern noch ein paar Worte zu wechseln, so sollte stets bedacht werden, dass diese oftmals aber auch die \u201eRuhe vor dem Sturm\u201c brauchen, um sich auf die Show vorzubereiten. Jeder Musiker ist da anders: W\u00e4hrend der eine v\u00f6llig \u00fcberdreht die wildesten Dinge anstellt, um \u201eauf Touren zu kommen\u201c, will der andere am liebsten in einer dunklen Garderobe alleine sein.<!--more--><\/p>\n<p>Oftmals nutze ich als Fotograf dann die Gunst der Stunde, um in der Halle die letzten hektischen Vorbereitungen zu beobachten \u2013 eine kleine unauff\u00e4llige Kamera ist dann meistens dabei \u2013 so wie hier beim ersten Konzert, welches 2011 in der neu erbauten \u201eKleinen Olympiahalle\u201c in M\u00fcnchen stattfand. Die Ehre, die Halle einzuweihen, hatten \u2192 \u201e<a title=\"Brit Floyd, 29.10.2011, M\u00fcnchen, Kleine Olympiahalle\" href=\"http:\/\/rockpixx.com\/wordpress\/brit-floyd-29-10-2011-munchen-kleine-olympiahalle\/\">Brit Floyd<\/a>\u201c.<\/p>\n<p>&nbsp;<\/p>\n<div class=\"eat-left eat-right\"><div class=\"thumbs-masonry isotope\"><div class=\"isotope-item block-2 block-h-2\"><a href=\"http:\/\/www.rockpixx.com\/wordpress\/wp-content\/uploads\/2013\/03\/20111029-003.jpg\" rel=\"prettyPhoto[postgal_10269]\" class=\"show-hover-link block-h-2\"\"><img decoding=\"async\" src=\"http:\/\/www.rockpixx.com\/wordpress\/wp-content\/uploads\/2013\/03\/20111029-003-480x480.jpg\" alt=\"Vor dem Konzert\"\/><span class=\"before\"><\/span><span class=\"after\"><\/span><\/a><\/div><div class=\"isotope-item block-1 block-h-1\"><a href=\"http:\/\/www.rockpixx.com\/wordpress\/wp-content\/uploads\/2013\/03\/20111029-004.jpg\" rel=\"prettyPhoto[postgal_10269]\" class=\"show-hover-link block-h-1\"\"><img decoding=\"async\" src=\"http:\/\/www.rockpixx.com\/wordpress\/wp-content\/uploads\/2013\/03\/20111029-004-480x480.jpg\" alt=\"Vor dem Konzert\"\/><span class=\"before\"><\/span><span class=\"after\"><\/span><\/a><\/div><div class=\"isotope-item block-1 block-h-1\"><a href=\"http:\/\/www.rockpixx.com\/wordpress\/wp-content\/uploads\/2013\/03\/20111029-005.jpg\" rel=\"prettyPhoto[postgal_10269]\" class=\"show-hover-link block-h-1\"\"><img decoding=\"async\" src=\"http:\/\/www.rockpixx.com\/wordpress\/wp-content\/uploads\/2013\/03\/20111029-005-480x480.jpg\" alt=\"Vor dem Konzert\"\/><span class=\"before\"><\/span><span class=\"after\"><\/span><\/a><\/div><div class=\"isotope-item block-2 block-h-2\"><a href=\"http:\/\/www.rockpixx.com\/wordpress\/wp-content\/uploads\/2013\/03\/20111029-009.jpg\" rel=\"prettyPhoto[postgal_10269]\" class=\"show-hover-link block-h-2\"\"><img decoding=\"async\" src=\"http:\/\/www.rockpixx.com\/wordpress\/wp-content\/uploads\/2013\/03\/20111029-009-480x480.jpg\" alt=\"Vor dem Konzert\"\/><span class=\"before\"><\/span><span class=\"after\"><\/span><\/a><\/div><div class=\"isotope-item block-1 block-h-1\"><a href=\"http:\/\/www.rockpixx.com\/wordpress\/wp-content\/uploads\/2013\/03\/20111029-014.jpg\" rel=\"prettyPhoto[postgal_10269]\" class=\"show-hover-link block-h-1\"\"><img decoding=\"async\" src=\"http:\/\/www.rockpixx.com\/wordpress\/wp-content\/uploads\/2013\/03\/20111029-014-480x480.jpg\" alt=\"Vor dem Konzert\"\/><span class=\"before\"><\/span><span class=\"after\"><\/span><\/a><\/div><div class=\"isotope-item block-1 block-h-1\"><a href=\"http:\/\/www.rockpixx.com\/wordpress\/wp-content\/uploads\/2013\/03\/20111029-020.jpg\" rel=\"prettyPhoto[postgal_10269]\" class=\"show-hover-link block-h-1\"\"><img decoding=\"async\" src=\"http:\/\/www.rockpixx.com\/wordpress\/wp-content\/uploads\/2013\/03\/20111029-020-480x480.jpg\" alt=\"Vor dem Konzert\"\/><span class=\"before\"><\/span><span class=\"after\"><\/span><\/a><\/div><div class=\"isotope-item block-2 block-h-2\"><a href=\"http:\/\/www.rockpixx.com\/wordpress\/wp-content\/uploads\/2013\/03\/20111029-021.jpg\" rel=\"prettyPhoto[postgal_10269]\" class=\"show-hover-link block-h-2\"\"><img decoding=\"async\" src=\"http:\/\/www.rockpixx.com\/wordpress\/wp-content\/uploads\/2013\/03\/20111029-021-480x480.jpg\" alt=\"Vor dem Konzert\"\/><span class=\"before\"><\/span><span class=\"after\"><\/span><\/a><\/div><div class=\"isotope-item block-1 block-h-1\"><a href=\"http:\/\/www.rockpixx.com\/wordpress\/wp-content\/uploads\/2013\/03\/20111029-024.jpg\" rel=\"prettyPhoto[postgal_10269]\" class=\"show-hover-link block-h-1\"\"><img decoding=\"async\" src=\"http:\/\/www.rockpixx.com\/wordpress\/wp-content\/uploads\/2013\/03\/20111029-024-480x480.jpg\" alt=\"Vor dem Konzert\"\/><span class=\"before\"><\/span><span class=\"after\"><\/span><\/a><\/div><\/div><\/div>\n","protected":false},"excerpt":{"rendered":"<p>Wir sind ja sehr oft vor dem eigentlichen Konzertbeginn schon in den Hallen oder auf <a href=\"http:\/\/www.rockpixx.com\/wordpress\/vor-dem-konzert-brit-floyd-munchen-29-10-2011\/\">Read more<\/a><\/p>\n","protected":false},"author":1,"featured_media":10275,"comment_status":"open","ping_status":"open","sticky":false,"template":"","format":"standard","meta":{"_jetpack_memberships_contains_paid_content":false,"footnotes":"","jetpack_publicize_message":"Vor dem Konzert (Brit Floyd, M\u00fcnchen 29.10.2011)","jetpack_publicize_feature_enabled":true,"jetpack_social_post_already_shared":true,"jetpack_social_options":{"image_generator_settings":{"template":"highway","default_image_id":0,"font":"","enabled":false},"version":2}},"categories":[899,19],"tags":[2065,1719,1907,1030],"class_list":["post-10268","post","type-post","status-publish","format-standard","has-post-thumbnail","hentry","category-899","category-backstage","tag-2065","tag-backstage","tag-brit-floyd","tag-vor-dem-konzert"],"aioseo_notices":[],"jetpack_publicize_connections":[],"jetpack_featured_media_url":"http:\/\/www.rockpixx.com\/wordpress\/wp-content\/uploads\/2013\/03\/20111029-020.jpg","jetpack-related-posts":[{"id":8320,"url":"http:\/\/www.rockpixx.com\/wordpress\/brit-floyd-29-10-2011-munchen-kleine-olympiahalle\/","url_meta":{"origin":10268,"position":0},"title":"Brit Floyd, 29.10.2011, M\u00fcnchen, Kleine Olympiahalle","author":"Anja","date":"29. Oktober 2011","format":false,"excerpt":"Kaum aus dem Urlaub zur\u00fcck, gibt's schon wieder einen Leckerbissen: Zum zweiten Mal in diesem Jahr habe ich \u201eBrit Floyd\u201c vor den Kameras, dieses Mal allerdings nicht in \u2192\u00a0London's ehrw\u00fcrdiger Royal Albert Hall, sondern in der (neuen) \u201eKleinen Olympiahalle\u201c in M\u00fcnchen. Und das ist sogar f\u00fcr uns noch eine Premiere:\u2026","rel":"","context":"In &quot;Acts&quot;","block_context":{"text":"Acts","link":"http:\/\/www.rockpixx.com\/wordpress\/category\/acts\/"},"img":{"alt_text":"Brit Floyd, 29.10.2011, M\u00fcnchen, Kleine Olympiahalle","src":"https:\/\/i0.wp.com\/www.rockpixx.com\/wordpress\/wp-content\/uploads\/2013\/02\/20111029-brit-floyd-Artikel.jpg?resize=350%2C200","width":350,"height":200,"srcset":"https:\/\/i0.wp.com\/www.rockpixx.com\/wordpress\/wp-content\/uploads\/2013\/02\/20111029-brit-floyd-Artikel.jpg?resize=350%2C200 1x, https:\/\/i0.wp.com\/www.rockpixx.com\/wordpress\/wp-content\/uploads\/2013\/02\/20111029-brit-floyd-Artikel.jpg?resize=525%2C300 1.5x, https:\/\/i0.wp.com\/www.rockpixx.com\/wordpress\/wp-content\/uploads\/2013\/02\/20111029-brit-floyd-Artikel.jpg?resize=700%2C400 2x"},"classes":[]},{"id":1043,"url":"http:\/\/www.rockpixx.com\/wordpress\/london-tag-1\/","url_meta":{"origin":10268,"position":1},"title":"London, Tag 1","author":"admin","date":"19. April 2011","format":false,"excerpt":"Moin, so, heute ging's also nach London, wo morgen Abend \u201eBrit Floyd\u201c in der Royal Albert Hall vor meine Kameras geraten werden. Hinflug war ganz entspannt von M\u00fcnchen mit KLM via Amsterdam. Schiphol ist allerdings ein lustiger Flughafen. Ankommen, aussteigen, raus aus dem Transitbereich. Auf Etage 1 einmal das gesamte\u2026","rel":"","context":"In &quot;2011&quot;","block_context":{"text":"2011","link":"http:\/\/www.rockpixx.com\/wordpress\/category\/backstage\/2011\/"},"img":{"alt_text":"","src":"","width":0,"height":0},"classes":[]},{"id":1044,"url":"http:\/\/www.rockpixx.com\/wordpress\/london-tag-2\/","url_meta":{"origin":10268,"position":2},"title":"London, Tag 2","author":"admin","date":"22. April 2011","format":false,"excerpt":"So\u2026 der erste volle Tag in London steht an und mit gepacktem Rucksack (Kameras f\u00fcr das Konzert am Abend) geht's mit dem Vorortzug und anschlie\u00dfend mit der Tube in die City. Die Royal Albert Hall ist schnell gefunden \u2013 somit steht dem abendlichen Konzert keine lange Sucherei im Weg. Auf\u2026","rel":"","context":"In &quot;2011&quot;","block_context":{"text":"2011","link":"http:\/\/www.rockpixx.com\/wordpress\/category\/backstage\/2011\/"},"img":{"alt_text":"London 2011, Royal Albert Hall","src":"https:\/\/i0.wp.com\/www.rockpixx.com\/wordpress\/wp-content\/uploads\/2011\/04\/20110420-012-rah.jpg?resize=350%2C200","width":350,"height":200,"srcset":"https:\/\/i0.wp.com\/www.rockpixx.com\/wordpress\/wp-content\/uploads\/2011\/04\/20110420-012-rah.jpg?resize=350%2C200 1x, https:\/\/i0.wp.com\/www.rockpixx.com\/wordpress\/wp-content\/uploads\/2011\/04\/20110420-012-rah.jpg?resize=525%2C300 1.5x, https:\/\/i0.wp.com\/www.rockpixx.com\/wordpress\/wp-content\/uploads\/2011\/04\/20110420-012-rah.jpg?resize=700%2C400 2x"},"classes":[]},{"id":1074,"url":"http:\/\/www.rockpixx.com\/wordpress\/das-war-2011\/","url_meta":{"origin":10268,"position":3},"title":"Das war 2011","author":"admin","date":"29. Dezember 2011","format":false,"excerpt":"Ein ereignisreiches Jahr neigt sich dem Ende zu. Es war f\u00fcr uns das Jahr, in dem wir die bisher meisten Acts fotografiert haben: Erstmals haben wir die Hunderter-Marke mit insgesamt 116 Acts geknackt! In der Gesamtheit ist ja alles auf \u2192 rockpixx.com nachzulesen \u2013 hier soll dagegen unser pers\u00f6nliches Fazit\u2026","rel":"","context":"In &quot;2011&quot;","block_context":{"text":"2011","link":"http:\/\/www.rockpixx.com\/wordpress\/category\/backstage\/2011\/"},"img":{"alt_text":"Konzertposter 2011","src":"https:\/\/i0.wp.com\/www.rockpixx.com\/wordpress\/wp-content\/uploads\/2013\/03\/20111229-Konzerte-2011-100x70.jpg?resize=350%2C200","width":350,"height":200,"srcset":"https:\/\/i0.wp.com\/www.rockpixx.com\/wordpress\/wp-content\/uploads\/2013\/03\/20111229-Konzerte-2011-100x70.jpg?resize=350%2C200 1x, https:\/\/i0.wp.com\/www.rockpixx.com\/wordpress\/wp-content\/uploads\/2013\/03\/20111229-Konzerte-2011-100x70.jpg?resize=525%2C300 1.5x, https:\/\/i0.wp.com\/www.rockpixx.com\/wordpress\/wp-content\/uploads\/2013\/03\/20111229-Konzerte-2011-100x70.jpg?resize=700%2C400 2x"},"classes":[]},{"id":972,"url":"http:\/\/www.rockpixx.com\/wordpress\/ein-blick-hinter-die-kulissen\/","url_meta":{"origin":10268,"position":4},"title":"Ein Blick hinter die Kulissen\u2026","author":"admin","date":"29. Dezember 2007","format":false,"excerpt":"Ok \u2013 auf der B\u00fchne ist es meistenteils h\u00fcbsch anzusehen, die bunten Lichter, die mehr oder minder gestylten Musiker, das ganze Drumherum\u2026 Aber wie sieht es eigentlich hinter den Kulissen aus? Wie sieht die B\u00fchne vor und nach dem Gig aus, was passiert vor dem Gig im Backstage-Bereich? Wer oder\u2026","rel":"","context":"In &quot;2007&quot;","block_context":{"text":"2007","link":"http:\/\/www.rockpixx.com\/wordpress\/category\/backstage\/2007\/"},"img":{"alt_text":"backstage, Setlist","src":"https:\/\/i0.wp.com\/www.rockpixx.com\/wordpress\/wp-content\/uploads\/2012\/11\/20071222-pro-057.jpg?resize=350%2C200","width":350,"height":200},"classes":[]},{"id":950,"url":"http:\/\/www.rockpixx.com\/wordpress\/wie-mit-smokie-alles-begann\/","url_meta":{"origin":10268,"position":5},"title":"Wie mit \u201eSmokie\u201c alles begann","author":"admin","date":"5. November 2007","format":false,"excerpt":"Mein erstes Konzert mit \u201eKamera-Begleitung\u201c \u2013 das muss so um 1978\/79 gewesen sein. Nat\u00fcrlich hatte ich schon einige Erfahrung mit einer SLR sammeln k\u00f6nnen, aber noch keine eigene Kamera. Also fragte ich meinen Philosophie-Lehrer aus der gymnasialen Oberstufe, ob ich denn vielleicht einmal f\u00fcr ein, zwei Tage seine SLR mit\u2026","rel":"","context":"In &quot;2007&quot;","block_context":{"text":"2007","link":"http:\/\/www.rockpixx.com\/wordpress\/category\/backstage\/2007\/"},"img":{"alt_text":"Tina Turner, um 1984","src":"https:\/\/i0.wp.com\/rockpixx.com\/wordpress\/wp-content\/uploads\/2012\/11\/20071103-tina-turner-02.jpg?resize=350%2C200","width":350,"height":200},"classes":[]}],"jetpack_sharing_enabled":true,"publishpress_future_action":{"enabled":false,"date":"2026-05-07 07:47:21","action":"change-status","newStatus":"draft","terms":[],"taxonomy":"category","extraData":[]},"publishpress_future_workflow_manual_trigger":{"enabledWorkflows":[]},"_links":{"self":[{"href":"http:\/\/www.rockpixx.com\/wordpress\/wp-json\/wp\/v2\/posts\/10268","targetHints":{"allow":["GET"]}}],"collection":[{"href":"http:\/\/www.rockpixx.com\/wordpress\/wp-json\/wp\/v2\/posts"}],"about":[{"href":"http:\/\/www.rockpixx.com\/wordpress\/wp-json\/wp\/v2\/types\/post"}],"author":[{"embeddable":true,"href":"http:\/\/www.rockpixx.com\/wordpress\/wp-json\/wp\/v2\/users\/1"}],"replies":[{"embeddable":true,"href":"http:\/\/www.rockpixx.com\/wordpress\/wp-json\/wp\/v2\/comments?post=10268"}],"version-history":[{"count":0,"href":"http:\/\/www.rockpixx.com\/wordpress\/wp-json\/wp\/v2\/posts\/10268\/revisions"}],"wp:featuredmedia":[{"embeddable":true,"href":"http:\/\/www.rockpixx.com\/wordpress\/wp-json\/wp\/v2\/media\/10275"}],"wp:attachment":[{"href":"http:\/\/www.rockpixx.com\/wordpress\/wp-json\/wp\/v2\/media?parent=10268"}],"wp:term":[{"taxonomy":"category","embeddable":true,"href":"http:\/\/www.rockpixx.com\/wordpress\/wp-json\/wp\/v2\/categories?post=10268"},{"taxonomy":"post_tag","embeddable":true,"href":"http:\/\/www.rockpixx.com\/wordpress\/wp-json\/wp\/v2\/tags?post=10268"}],"curies":[{"name":"wp","href":"https:\/\/api.w.org\/{rel}","templated":true}]}}