{"id":1027,"date":"2010-06-25T00:19:34","date_gmt":"2010-06-24T22:19:34","guid":{"rendered":"http:\/\/blog.rockpixx.com\/?p=215"},"modified":"2013-02-27T19:54:51","modified_gmt":"2013-02-27T18:54:51","slug":"komische-erfahrungen-mit-deutschen-bands","status":"publish","type":"post","link":"http:\/\/www.rockpixx.com\/wordpress\/komische-erfahrungen-mit-deutschen-bands\/","title":{"rendered":"Komische Erfahrungen mit deutschen Bands"},"content":{"rendered":"<p>Deutschsprachige Bands auf der Kieler Woche 2010 \u2013 irgendwie machen wir jetzt schon die dritte Erfahrung der anderen Art:<!--more--><\/p>\n<p><strong>\u2192 <a title=\"Selig, 22.06.2010, Kiel, Unser Norden-B\u00fchne\" href=\"http:\/\/rockpixx.com\/wordpress\/selig-22-06-2010-kiel-unser-norden-buhne\/\">Selig<\/a>:<\/strong> Trotz Akkreditierung beim Veranstalter l\u00e4sst das Tourmanagement die Presse gar nicht erst in den Graben rein. Auf nachdr\u00fcckliches Bitten und Betteln der Veranstalter darf dann aber wenigstens noch der Fotograf der \u00f6rtlichen Tageszeitung ein paar Bilder machen.<\/p>\n<p><strong>\u2192 <a title=\"Silbermond, 24.06.2010, Kiel, NDR-B\u00fchne\" href=\"http:\/\/rockpixx.com\/wordpress\/silbermond-24-06-2010-kiel-ndr-buhne\/\">Silbermond<\/a>:<\/strong> Die &#8222;Zicken vom Dienst&#8220; (aka das Management) haben wieder zugeschlagen: Trotz Akkreditierung beim Veranstalter d\u00fcrfen wir nicht&#8230; ach, lassen wir das. Dem geneigten Leser sei zum Thema \u201eSilbermond\u201c der Blog vom Kollegen Peter Wafzig w\u00e4rmstens empfohlen.<\/p>\n<p><strong>\u2192 <a title=\"One Fine Day, 22.06.2010, Kiel, Unser Norden-B\u00fchne\" href=\"http:\/\/rockpixx.com\/wordpress\/one-fine-day-22-06-2010-kiel-unser-norden-buhne\/\">One Fine Day<\/a>:<br \/>\n<\/strong><\/p>\n<p><strong>Update vom 04.08.2010<\/strong>: Die ganze Angelegenheit mit dem Bilderklau ist mit einem befriedigenden Ergebnis f\u00fcr alle Beteiligten zu einem Ende gekommen.<\/p>\n","protected":false},"excerpt":{"rendered":"<p>Deutschsprachige Bands auf der Kieler Woche 2010 \u2013 irgendwie machen wir jetzt schon die dritte <a href=\"http:\/\/www.rockpixx.com\/wordpress\/komische-erfahrungen-mit-deutschen-bands\/\">Read more<\/a><\/p>\n","protected":false},"author":1,"featured_media":9212,"comment_status":"open","ping_status":"open","sticky":false,"template":"","format":"standard","meta":{"_jetpack_memberships_contains_paid_content":false,"footnotes":"","jetpack_publicize_message":"Komische Erfahrungen mit deutschen Bands http:\/\/rockpixx.com\/wordpress\/?p=1027","jetpack_publicize_feature_enabled":true,"jetpack_social_post_already_shared":true,"jetpack_social_options":{"image_generator_settings":{"template":"highway","default_image_id":0,"font":"","enabled":false},"version":2}},"categories":[446,19],"tags":[1832,868],"class_list":["post-1027","post","type-post","status-publish","format-standard","has-post-thumbnail","hentry","category-446","category-backstage","tag-1832","tag-kieler-woche-tagebuch"],"aioseo_notices":[],"jetpack_publicize_connections":[],"jetpack_featured_media_url":"http:\/\/www.rockpixx.com\/wordpress\/wp-content\/uploads\/2010\/06\/20100625-deutsche-bands.jpg","jetpack-related-posts":[{"id":6835,"url":"http:\/\/www.rockpixx.com\/wordpress\/silbermond-24-06-2010-kiel-ndr-buhne\/","url_meta":{"origin":1027,"position":0},"title":"Silbermond, 24.06.2010, Kiel, NDR-B\u00fchne","author":"Anja","date":"24. Juni 2010","format":false,"excerpt":"So, die n\u00e4chste Band nach Selig, denen wir feierlich das bew\u00e4hrte schwarze Konzertbild aus dem Hause rockpixx.com \u00fcberreichen\u2026 Unsere Akkreditierung f\u00fcr den Gig lag vom NDR als Veranstalter vor, das Management hat diese dann kurz vor Konzertbeginn gekippt. So etwas ist \u00e4rgerlich! Nicht, weil wir keine Bilder machen konnten, das\u2026","rel":"","context":"In &quot;Acts&quot;","block_context":{"text":"Acts","link":"http:\/\/www.rockpixx.com\/wordpress\/category\/acts\/"},"img":{"alt_text":"Silbermond, 24.06.2010, Kiel, NDR-B\u00fchne","src":"https:\/\/i0.wp.com\/www.rockpixx.com\/wordpress\/wp-content\/uploads\/2013\/01\/20100624-00-silbermond-Artikel.jpg?resize=350%2C200","width":350,"height":200,"srcset":"https:\/\/i0.wp.com\/www.rockpixx.com\/wordpress\/wp-content\/uploads\/2013\/01\/20100624-00-silbermond-Artikel.jpg?resize=350%2C200 1x, https:\/\/i0.wp.com\/www.rockpixx.com\/wordpress\/wp-content\/uploads\/2013\/01\/20100624-00-silbermond-Artikel.jpg?resize=525%2C300 1.5x, https:\/\/i0.wp.com\/www.rockpixx.com\/wordpress\/wp-content\/uploads\/2013\/01\/20100624-00-silbermond-Artikel.jpg?resize=700%2C400 2x"},"classes":[]},{"id":10588,"url":"http:\/\/www.rockpixx.com\/wordpress\/fotopass-recycling\/","url_meta":{"origin":1027,"position":1},"title":"Fotopass-Recycling?!?","author":"admin","date":"3. Mai 2013","format":false,"excerpt":"Moin, gerade hatte ich ein nettes Telefonat bez\u00fcglich einer Foto-Akkreditierung. Vom Veranstalter erfahre ich, dass f\u00fcr die im n\u00e4chsten Monat stattfindende Veranstaltung noch keine Vorbereitungen hinsichtlich Akkreditierung und Ver\u00f6ffentlichung des Programmes getroffen worden sind und eigentlich auch keine gesonderte Foto-Akkreditierung notwendig sei. Ich stelle daraufhin die Frage, wie wir es\u2026","rel":"","context":"In &quot;2013&quot;","block_context":{"text":"2013","link":"http:\/\/www.rockpixx.com\/wordpress\/category\/backstage\/2013\/"},"img":{"alt_text":"rockpixx.com, Pitp\u00e4sse","src":"https:\/\/i0.wp.com\/www.rockpixx.com\/wordpress\/wp-content\/uploads\/2012\/12\/20121213-001.jpg?resize=350%2C200","width":350,"height":200,"srcset":"https:\/\/i0.wp.com\/www.rockpixx.com\/wordpress\/wp-content\/uploads\/2012\/12\/20121213-001.jpg?resize=350%2C200 1x, https:\/\/i0.wp.com\/www.rockpixx.com\/wordpress\/wp-content\/uploads\/2012\/12\/20121213-001.jpg?resize=525%2C300 1.5x, https:\/\/i0.wp.com\/www.rockpixx.com\/wordpress\/wp-content\/uploads\/2012\/12\/20121213-001.jpg?resize=700%2C400 2x"},"classes":[]},{"id":1035,"url":"http:\/\/www.rockpixx.com\/wordpress\/bandfotografen-only\/","url_meta":{"origin":1027,"position":2},"title":"Bandfotografen only!","author":"admin","date":"21. Juli 2010","format":false,"excerpt":"Moin, irgendwie entwickelt sich der Sommer 2010 zu einem Sommer der Widrigkeiten (oder, um es mit der Sprache von MAD auszudr\u00fccken: \u201eNeulich, beim Telefonat mit dem Veranstalter\u2026\u201c): Ein sch\u00f6nes zweit\u00e4giges Tribute-Festival steht vor der T\u00fcr mit mehreren Top-Acts aus diesem Genre. Die H\u00e4lfte der Bands dort kennen wir, sie kennen\u2026","rel":"","context":"In &quot;2010&quot;","block_context":{"text":"2010","link":"http:\/\/www.rockpixx.com\/wordpress\/category\/backstage\/2010\/"},"img":{"alt_text":"","src":"","width":0,"height":0},"classes":[]},{"id":6698,"url":"http:\/\/www.rockpixx.com\/wordpress\/selig-22-06-2010-kiel-unser-norden-buhne\/","url_meta":{"origin":1027,"position":3},"title":"Selig, 22.06.2010, Kiel, Unser Norden-B\u00fchne","author":"Anja","date":"22. Juni 2010","format":false,"excerpt":"Ihr seid sicherlich hier, weil Ihr Bilder vom Selig Konzert auf der Kieler Wochen sehen wollt? Tja Pech f\u00fcr Euch... Unsere Fotografin war gestern p\u00fcnktlich an der B\u00fchne und eine viertel Stunde vor Konzertbeginn kommt die Ansage vom Management \u201eKeine Presse und keine Fotos aus dem Publikum, die kommerziell verwertbar\u2026","rel":"","context":"In &quot;Acts&quot;","block_context":{"text":"Acts","link":"http:\/\/www.rockpixx.com\/wordpress\/category\/acts\/"},"img":{"alt_text":"Selig, 22.06.2010, Kiel, Unser Norden-B\u00fchne","src":"https:\/\/i0.wp.com\/www.rockpixx.com\/wordpress\/wp-content\/uploads\/2013\/01\/20100622-00-selig-Artikel.jpg?resize=350%2C200","width":350,"height":200,"srcset":"https:\/\/i0.wp.com\/www.rockpixx.com\/wordpress\/wp-content\/uploads\/2013\/01\/20100622-00-selig-Artikel.jpg?resize=350%2C200 1x, https:\/\/i0.wp.com\/www.rockpixx.com\/wordpress\/wp-content\/uploads\/2013\/01\/20100622-00-selig-Artikel.jpg?resize=525%2C300 1.5x, https:\/\/i0.wp.com\/www.rockpixx.com\/wordpress\/wp-content\/uploads\/2013\/01\/20100622-00-selig-Artikel.jpg?resize=700%2C400 2x"},"classes":[]},{"id":11304,"url":"http:\/\/www.rockpixx.com\/wordpress\/kieler-woche-tagebuch-2013-tag-9\/","url_meta":{"origin":1027,"position":4},"title":"Kieler Woche Tagebuch 2013 | Tag 9","author":"admin","date":"30. Juni 2013","format":false,"excerpt":"Sonnabend, 29.06.2013 Ein sch\u00fcchterner Sommertag deutet sich an und f\u00fcr heute stehen sechs Acts auf unserem Laufzettel: \u2192 \u201erOcklabirint\u201c, \u2192 \u201eSteamfly\u201c und \u2192 \u201ePurple Rising\u201c an der MAXB\u00fchne, \u2192 Johannes Oerding und und \u2192 Laith al Deen beim NDR sowie \u2192 \u201eABBA Cover\u201c an der h\u00f6rn b\u00fchne. Fangen wir mit\u2026","rel":"","context":"In &quot;2013&quot;","block_context":{"text":"2013","link":"http:\/\/www.rockpixx.com\/wordpress\/category\/backstage\/2013\/"},"img":{"alt_text":"Kieler Woche 2013, Impressionen","src":"https:\/\/i0.wp.com\/www.rockpixx.com\/wordpress\/wp-content\/uploads\/2013\/06\/20130629-00-014_KiWo-2013.jpg?resize=350%2C200","width":350,"height":200,"srcset":"https:\/\/i0.wp.com\/www.rockpixx.com\/wordpress\/wp-content\/uploads\/2013\/06\/20130629-00-014_KiWo-2013.jpg?resize=350%2C200 1x, https:\/\/i0.wp.com\/www.rockpixx.com\/wordpress\/wp-content\/uploads\/2013\/06\/20130629-00-014_KiWo-2013.jpg?resize=525%2C300 1.5x, https:\/\/i0.wp.com\/www.rockpixx.com\/wordpress\/wp-content\/uploads\/2013\/06\/20130629-00-014_KiWo-2013.jpg?resize=700%2C400 2x"},"classes":[]},{"id":15541,"url":"http:\/\/www.rockpixx.com\/wordpress\/rockpixx-com-berichtet-nicht-ueber-das-festival-am-08-10-08-2014\/","url_meta":{"origin":1027,"position":5},"title":"rockpixx.com berichtet nicht \u00fcber das Festival am 08.\u201310.08.2014","author":"admin","date":"25. Juli 2014","format":false,"excerpt":"Wir sind soeben per Telefon und Mail dar\u00fcber aufgekl\u00e4rt worden, dass die Abbildung des Plakates eines Festivals durch uns eine Urheberrechtsverletzung darstellt. Eine Anwaltskanzlei werde sich unser annehmen und die beteiligten K\u00fcnstler w\u00fcrden informiert, damit diese rechtliche Konsequenzen pr\u00fcfen k\u00f6nnten. Das Plakat hatten wir unbeanstandet mehrere Monate auf unserer Webseite\u2026","rel":"","context":"In &quot;2014&quot;","block_context":{"text":"2014","link":"http:\/\/www.rockpixx.com\/wordpress\/category\/backstage\/2014\/"},"img":{"alt_text":"","src":"https:\/\/i0.wp.com\/www.rockpixx.com\/wordpress\/wp-content\/uploads\/2014\/07\/Artikel_Juebek-2014-31.png?resize=350%2C200","width":350,"height":200,"srcset":"https:\/\/i0.wp.com\/www.rockpixx.com\/wordpress\/wp-content\/uploads\/2014\/07\/Artikel_Juebek-2014-31.png?resize=350%2C200 1x, https:\/\/i0.wp.com\/www.rockpixx.com\/wordpress\/wp-content\/uploads\/2014\/07\/Artikel_Juebek-2014-31.png?resize=525%2C300 1.5x, https:\/\/i0.wp.com\/www.rockpixx.com\/wordpress\/wp-content\/uploads\/2014\/07\/Artikel_Juebek-2014-31.png?resize=700%2C400 2x"},"classes":[]}],"jetpack_sharing_enabled":true,"publishpress_future_action":{"enabled":false,"date":"2026-05-08 05:51:52","action":"change-status","newStatus":"draft","terms":[],"taxonomy":"category","extraData":[]},"publishpress_future_workflow_manual_trigger":{"enabledWorkflows":[]},"_links":{"self":[{"href":"http:\/\/www.rockpixx.com\/wordpress\/wp-json\/wp\/v2\/posts\/1027","targetHints":{"allow":["GET"]}}],"collection":[{"href":"http:\/\/www.rockpixx.com\/wordpress\/wp-json\/wp\/v2\/posts"}],"about":[{"href":"http:\/\/www.rockpixx.com\/wordpress\/wp-json\/wp\/v2\/types\/post"}],"author":[{"embeddable":true,"href":"http:\/\/www.rockpixx.com\/wordpress\/wp-json\/wp\/v2\/users\/1"}],"replies":[{"embeddable":true,"href":"http:\/\/www.rockpixx.com\/wordpress\/wp-json\/wp\/v2\/comments?post=1027"}],"version-history":[{"count":0,"href":"http:\/\/www.rockpixx.com\/wordpress\/wp-json\/wp\/v2\/posts\/1027\/revisions"}],"wp:featuredmedia":[{"embeddable":true,"href":"http:\/\/www.rockpixx.com\/wordpress\/wp-json\/wp\/v2\/media\/9212"}],"wp:attachment":[{"href":"http:\/\/www.rockpixx.com\/wordpress\/wp-json\/wp\/v2\/media?parent=1027"}],"wp:term":[{"taxonomy":"category","embeddable":true,"href":"http:\/\/www.rockpixx.com\/wordpress\/wp-json\/wp\/v2\/categories?post=1027"},{"taxonomy":"post_tag","embeddable":true,"href":"http:\/\/www.rockpixx.com\/wordpress\/wp-json\/wp\/v2\/tags?post=1027"}],"curies":[{"name":"wp","href":"https:\/\/api.w.org\/{rel}","templated":true}]}}