{"id":10315,"date":"2013-04-16T22:59:43","date_gmt":"2013-04-16T21:59:43","guid":{"rendered":"http:\/\/rockpixx.com\/wordpress\/?p=10315"},"modified":"2013-05-19T22:22:48","modified_gmt":"2013-05-19T21:22:48","slug":"kieler-woche-stars-beim-ndr","status":"publish","type":"post","link":"http:\/\/www.rockpixx.com\/wordpress\/kieler-woche-stars-beim-ndr\/","title":{"rendered":"Kieler Woche: Stars beim NDR"},"content":{"rendered":"<p>Die Open-Air-Saison nimmt immer mehr konkrete Z\u00fcge an.<\/p>\n<p>Heute sind die ersten drei Main-Acts der NDR-B\u00fchne auf der Kieler Woche 2013 bekannt gegeben worden. So k\u00f6nnen sich die Fans dieses Jahr auf Michy Reincke und Friends,genauso auf Nena (\u2192 <a title=\"Nena, 26.06.2010, Kiel, Unser Norden-B\u00fchne\" href=\"http:\/\/rockpixx.com\/wordpress\/nena-26-06-2010-kiel-unser-norden-buhne\/\">Nena 2010 auf der Kieler Woche<\/a>) und auf Silbermond freuen.<\/p>\n<p style=\"text-align: right;\">Text: <a href=\"mailto:a.roselt@rockpixx.com\">Anja<\/a><\/p>\n","protected":false},"excerpt":{"rendered":"<p>Die Open-Air-Saison nimmt immer mehr konkrete Z\u00fcge an. Heute sind die ersten drei Main-Acts der <a href=\"http:\/\/www.rockpixx.com\/wordpress\/kieler-woche-stars-beim-ndr\/\">Read more<\/a><\/p>\n","protected":false},"author":2,"featured_media":7013,"comment_status":"open","ping_status":"open","sticky":false,"template":"","format":"standard","meta":{"_jetpack_memberships_contains_paid_content":false,"footnotes":"","jetpack_publicize_message":"Bekanntgabe der ersten Stars auf der NDR-B\u00fchne zur Kieler Woche 2013.","jetpack_publicize_feature_enabled":true,"jetpack_social_post_already_shared":true,"jetpack_social_options":{"image_generator_settings":{"template":"highway","default_image_id":0,"font":"","enabled":false},"version":2}},"categories":[899,19],"tags":[2065,133,1735,138,1775],"class_list":["post-10315","post","type-post","status-publish","format-standard","has-post-thumbnail","hentry","category-899","category-backstage","tag-2065","tag-festivals","tag-kiel","tag-kieler-woche","tag-ndr-buhne"],"aioseo_notices":[],"jetpack_publicize_connections":[],"jetpack_featured_media_url":"http:\/\/www.rockpixx.com\/wordpress\/wp-content\/uploads\/2013\/01\/20100626-02-nena-Artikel.jpg","jetpack-related-posts":[{"id":10970,"url":"http:\/\/www.rockpixx.com\/wordpress\/die-fotopasse-fur-die-ndr-buhne-sind-da\/","url_meta":{"origin":10315,"position":0},"title":"Die Fotop\u00e4sse f\u00fcr die NDR-B\u00fchne sind da","author":"admin","date":"18. Juni 2013","format":false,"excerpt":"\u2013 die \u201eKieler Woche\u201c 2013 kann losgehen! Wir freuen uns auf viele spannende Acts auf der \u2192 NDR-B\u00fchne, der \u2192 Rathausb\u00fchne, im \u2192 Musikzelt, an der \u2192 h\u00f6rn b\u00fchne und nat\u00fcrlich an der \u2192 MAXB\u00fchne. Die ersten Bilder und Reviews gibt es dann hier t\u00e4glich frisch auf rockpixx.com ab dem\u2026","rel":"","context":"In &quot;2013&quot;","block_context":{"text":"2013","link":"http:\/\/www.rockpixx.com\/wordpress\/category\/backstage\/2013\/"},"img":{"alt_text":"Pitp\u00e4sse NDR-B\u00fchne zur Kieler Woche 2013","src":"https:\/\/i0.wp.com\/www.rockpixx.com\/wordpress\/wp-content\/uploads\/2013\/06\/20130618_Pitpass-NDR-KiWo-2013.png?resize=350%2C200","width":350,"height":200,"srcset":"https:\/\/i0.wp.com\/www.rockpixx.com\/wordpress\/wp-content\/uploads\/2013\/06\/20130618_Pitpass-NDR-KiWo-2013.png?resize=350%2C200 1x, https:\/\/i0.wp.com\/www.rockpixx.com\/wordpress\/wp-content\/uploads\/2013\/06\/20130618_Pitpass-NDR-KiWo-2013.png?resize=525%2C300 1.5x, https:\/\/i0.wp.com\/www.rockpixx.com\/wordpress\/wp-content\/uploads\/2013\/06\/20130618_Pitpass-NDR-KiWo-2013.png?resize=700%2C400 2x"},"classes":[]},{"id":11353,"url":"http:\/\/www.rockpixx.com\/wordpress\/nena-30-06-2013-kiel-ndr-buhne-2\/","url_meta":{"origin":10315,"position":1},"title":"Nena, 30.06.2013, Kiel, NDR-B\u00fchne","author":"Anja","date":"1. Juli 2013","format":false,"excerpt":"Nena zum \u2192\u00a0zweiten Mal nach 2010 auf der Kieler Woche und auch diesmal berichten wir von diesem Konzert bzw. wir berichten vom ersten Song und zeigen die dazu geh\u00f6renden Bilder. Aber der Reihe nach. Das erste was mir auffiel, war die gro\u00dfe Nervosit\u00e4t der Security-Mitarbeiter an diesem Abend. Ob das\u2026","rel":"","context":"In &quot;Acts&quot;","block_context":{"text":"Acts","link":"http:\/\/www.rockpixx.com\/wordpress\/category\/acts\/"},"img":{"alt_text":"Nena, 30.06.2013, Kiel, NDR-B\u00fchne","src":"https:\/\/i0.wp.com\/www.rockpixx.com\/wordpress\/wp-content\/uploads\/2013\/07\/20130630-04-032_nena-Artikel.jpg?resize=350%2C200","width":350,"height":200,"srcset":"https:\/\/i0.wp.com\/www.rockpixx.com\/wordpress\/wp-content\/uploads\/2013\/07\/20130630-04-032_nena-Artikel.jpg?resize=350%2C200 1x, https:\/\/i0.wp.com\/www.rockpixx.com\/wordpress\/wp-content\/uploads\/2013\/07\/20130630-04-032_nena-Artikel.jpg?resize=525%2C300 1.5x, https:\/\/i0.wp.com\/www.rockpixx.com\/wordpress\/wp-content\/uploads\/2013\/07\/20130630-04-032_nena-Artikel.jpg?resize=700%2C400 2x"},"classes":[]},{"id":6406,"url":"http:\/\/www.rockpixx.com\/wordpress\/quo-19-06-2010-kiel-ndr-buhne\/","url_meta":{"origin":10315,"position":2},"title":"Quo, 19.06.2010, Kiel, NDR-B\u00fchne","author":"Anja","date":"19. Juni 2010","format":false,"excerpt":"Irgendwie geh\u00f6ren die vier Jungs von \u201eQuo\u201c f\u00fcr uns auf der \u201eKieler Woche\u201c ja schon beinahe zum Inventar \u2013 egal auf welcher B\u00fchne. Dieses Jahr liefern sie also auf der NDR-B\u00fchne ihre Show und es f\u00fchlt sich \u2013 wie die Jahre zuvor \u2013 ebenfalls wieder richtig gut nach \u2192\u00a0\u201eStatus Quo\u201c\u2026","rel":"","context":"In &quot;Acts&quot;","block_context":{"text":"Acts","link":"http:\/\/www.rockpixx.com\/wordpress\/category\/acts\/"},"img":{"alt_text":"Quo, 19.06.2010, Kiel, NDR-B\u00fchne","src":"https:\/\/i0.wp.com\/www.rockpixx.com\/wordpress\/wp-content\/uploads\/2013\/01\/20100619-01-quo-Artikel.jpg?resize=350%2C200","width":350,"height":200,"srcset":"https:\/\/i0.wp.com\/www.rockpixx.com\/wordpress\/wp-content\/uploads\/2013\/01\/20100619-01-quo-Artikel.jpg?resize=350%2C200 1x, https:\/\/i0.wp.com\/www.rockpixx.com\/wordpress\/wp-content\/uploads\/2013\/01\/20100619-01-quo-Artikel.jpg?resize=525%2C300 1.5x, https:\/\/i0.wp.com\/www.rockpixx.com\/wordpress\/wp-content\/uploads\/2013\/01\/20100619-01-quo-Artikel.jpg?resize=700%2C400 2x"},"classes":[]},{"id":18195,"url":"http:\/\/www.rockpixx.com\/wordpress\/glasperlenspiel-19-06-2015-kieler-woche-ndr-buehne-kiel\/","url_meta":{"origin":10315,"position":3},"title":"Glasperlenspiel, 19.06.2015, Kieler Woche, NDR-B\u00fchne, Kiel","author":"Anja","date":"20. Juni 2015","format":false,"excerpt":"\u201eGlasperlenspiel\u201c auf der diesj\u00e4hrigen Kieler Woche verdanken wir dem nicht so sch\u00f6nen Umstand, dass der eigentlich geplante S\u00e4nger \u201eDotan\u201c krankheitsbedingt absagen muss, auf diesem Weg gute Besserung. Nat\u00fcrlich freute ich mich pers\u00f6nlich dar\u00fcber, dass Glasperlenspiel so kurzfristig eingesprungen sind, zum einen weil sie sicherlich neben ihren bekannten Hits wie \u201eIch\u2026","rel":"","context":"In &quot;Acts&quot;","block_context":{"text":"Acts","link":"http:\/\/www.rockpixx.com\/wordpress\/category\/acts\/"},"img":{"alt_text":"Glasperlenspiel, 19.06.2015, NDR-B\u00fchne, Kiel","src":"https:\/\/i0.wp.com\/www.rockpixx.com\/wordpress\/wp-content\/uploads\/2015\/06\/20150619-05-025_glasperlenspiel_Artikel.jpg?resize=350%2C200","width":350,"height":200,"srcset":"https:\/\/i0.wp.com\/www.rockpixx.com\/wordpress\/wp-content\/uploads\/2015\/06\/20150619-05-025_glasperlenspiel_Artikel.jpg?resize=350%2C200 1x, https:\/\/i0.wp.com\/www.rockpixx.com\/wordpress\/wp-content\/uploads\/2015\/06\/20150619-05-025_glasperlenspiel_Artikel.jpg?resize=525%2C300 1.5x, https:\/\/i0.wp.com\/www.rockpixx.com\/wordpress\/wp-content\/uploads\/2015\/06\/20150619-05-025_glasperlenspiel_Artikel.jpg?resize=700%2C400 2x"},"classes":[]},{"id":7639,"url":"http:\/\/www.rockpixx.com\/wordpress\/alive-and-kicking-17-06-2011-kiel-ndr-buhne\/","url_meta":{"origin":10315,"position":4},"title":"Alive &#038; Kicking, 17.06.2011, Kiel, NDR-B\u00fchne","author":"Anja","date":"17. Juni 2011","format":false,"excerpt":"Die \u201eKieler Woche 2011\u201c geht f\u00fcr mich dann also an der NDR-B\u00fchne mit \u201eAlive & Kicking\u201c los. Wie der Name es schon vermuten l\u00e4sst, handelt es sich bei den Musikern aus Kiel und Umgebung um eine Simple Minds-Tributeband. Der Platz vor der B\u00fchne ist leider noch sehr leer \u2013 das\u2026","rel":"","context":"In &quot;Acts&quot;","block_context":{"text":"Acts","link":"http:\/\/www.rockpixx.com\/wordpress\/category\/acts\/"},"img":{"alt_text":"Alive and Kicking, 17.06.2011, Kiel, NDR-B\u00fchne","src":"https:\/\/i0.wp.com\/www.rockpixx.com\/wordpress\/wp-content\/uploads\/2013\/01\/20110617-01-alive-and-kicking-Artikel.jpg?resize=350%2C200","width":350,"height":200,"srcset":"https:\/\/i0.wp.com\/www.rockpixx.com\/wordpress\/wp-content\/uploads\/2013\/01\/20110617-01-alive-and-kicking-Artikel.jpg?resize=350%2C200 1x, https:\/\/i0.wp.com\/www.rockpixx.com\/wordpress\/wp-content\/uploads\/2013\/01\/20110617-01-alive-and-kicking-Artikel.jpg?resize=525%2C300 1.5x, https:\/\/i0.wp.com\/www.rockpixx.com\/wordpress\/wp-content\/uploads\/2013\/01\/20110617-01-alive-and-kicking-Artikel.jpg?resize=700%2C400 2x"},"classes":[]},{"id":1050,"url":"http:\/\/www.rockpixx.com\/wordpress\/kieler-woche-2011-tag-1-2\/","url_meta":{"origin":10315,"position":5},"title":"Kieler Woche 2011, Tag 1","author":"admin","date":"19. Juni 2011","format":false,"excerpt":"Moin, mit einem Tag Versp\u00e4tung hier also der Nachtrag vom \u201eSoundcheck-Tag\u201c auf der Kieler Woche. Am Freitag vor dem eigentlichen Beginn ist auf allen B\u00fchnen schon das volle Programm zu bewundern. Uns hat's gleich voll erwischt: 12 Acts haben wir in dieser Nacht mitgenommen \u2013 was das f\u00fcr eine Arbeit\u2026","rel":"","context":"In &quot;2011&quot;","block_context":{"text":"2011","link":"http:\/\/www.rockpixx.com\/wordpress\/category\/backstage\/2011\/"},"img":{"alt_text":"Kieler Woche 2011, lost & found","src":"https:\/\/i0.wp.com\/www.rockpixx.com\/wordpress\/wp-content\/uploads\/2013\/02\/20110619-2011-06_Kieler-Woche-0036.jpg?resize=350%2C200","width":350,"height":200,"srcset":"https:\/\/i0.wp.com\/www.rockpixx.com\/wordpress\/wp-content\/uploads\/2013\/02\/20110619-2011-06_Kieler-Woche-0036.jpg?resize=350%2C200 1x, https:\/\/i0.wp.com\/www.rockpixx.com\/wordpress\/wp-content\/uploads\/2013\/02\/20110619-2011-06_Kieler-Woche-0036.jpg?resize=525%2C300 1.5x, https:\/\/i0.wp.com\/www.rockpixx.com\/wordpress\/wp-content\/uploads\/2013\/02\/20110619-2011-06_Kieler-Woche-0036.jpg?resize=700%2C400 2x"},"classes":[]}],"jetpack_sharing_enabled":true,"publishpress_future_action":{"enabled":false,"date":"2026-05-06 19:06:49","action":"change-status","newStatus":"draft","terms":[],"taxonomy":"category","extraData":[]},"publishpress_future_workflow_manual_trigger":{"enabledWorkflows":[]},"_links":{"self":[{"href":"http:\/\/www.rockpixx.com\/wordpress\/wp-json\/wp\/v2\/posts\/10315","targetHints":{"allow":["GET"]}}],"collection":[{"href":"http:\/\/www.rockpixx.com\/wordpress\/wp-json\/wp\/v2\/posts"}],"about":[{"href":"http:\/\/www.rockpixx.com\/wordpress\/wp-json\/wp\/v2\/types\/post"}],"author":[{"embeddable":true,"href":"http:\/\/www.rockpixx.com\/wordpress\/wp-json\/wp\/v2\/users\/2"}],"replies":[{"embeddable":true,"href":"http:\/\/www.rockpixx.com\/wordpress\/wp-json\/wp\/v2\/comments?post=10315"}],"version-history":[{"count":0,"href":"http:\/\/www.rockpixx.com\/wordpress\/wp-json\/wp\/v2\/posts\/10315\/revisions"}],"wp:featuredmedia":[{"embeddable":true,"href":"http:\/\/www.rockpixx.com\/wordpress\/wp-json\/wp\/v2\/media\/7013"}],"wp:attachment":[{"href":"http:\/\/www.rockpixx.com\/wordpress\/wp-json\/wp\/v2\/media?parent=10315"}],"wp:term":[{"taxonomy":"category","embeddable":true,"href":"http:\/\/www.rockpixx.com\/wordpress\/wp-json\/wp\/v2\/categories?post=10315"},{"taxonomy":"post_tag","embeddable":true,"href":"http:\/\/www.rockpixx.com\/wordpress\/wp-json\/wp\/v2\/tags?post=10315"}],"curies":[{"name":"wp","href":"https:\/\/api.w.org\/{rel}","templated":true}]}}