{"id":1044,"date":"2011-04-22T10:21:24","date_gmt":"2011-04-22T08:21:24","guid":{"rendered":"http:\/\/blog.rockpixx.com\/?p=349"},"modified":"2013-02-27T21:20:38","modified_gmt":"2013-02-27T20:20:38","slug":"london-tag-2","status":"publish","type":"post","link":"http:\/\/www.rockpixx.com\/wordpress\/london-tag-2\/","title":{"rendered":"London, Tag 2"},"content":{"rendered":"<p>So\u2026 der erste volle Tag in London steht an und mit gepacktem Rucksack (Kameras f\u00fcr das Konzert am Abend) geht&#8217;s mit dem Vorortzug und anschlie\u00dfend mit der Tube in die City. Die Royal Albert Hall ist schnell gefunden \u2013 somit steht dem abendlichen Konzert keine lange Sucherei im Weg.<!--more--><\/p>\n<p><img loading=\"lazy\" decoding=\"async\" data-attachment-id=\"9254\" data-permalink=\"http:\/\/www.rockpixx.com\/wordpress\/london-tag-2\/london-2011-2\/\" data-orig-file=\"http:\/\/www.rockpixx.com\/wordpress\/wp-content\/uploads\/2013\/02\/20110420-009_blog.jpg\" data-orig-size=\"300,450\" data-comments-opened=\"0\" data-image-meta=\"{&quot;aperture&quot;:&quot;0&quot;,&quot;credit&quot;:&quot;A. Hahl&quot;,&quot;camera&quot;:&quot;&quot;,&quot;caption&quot;:&quot;&quot;,&quot;created_timestamp&quot;:&quot;1303305170&quot;,&quot;copyright&quot;:&quot;A. Hahl | double-a-design&quot;,&quot;focal_length&quot;:&quot;0&quot;,&quot;iso&quot;:&quot;0&quot;,&quot;shutter_speed&quot;:&quot;0&quot;,&quot;title&quot;:&quot;London 2011&quot;}\" data-image-title=\"London 2011\" data-image-description=\"\" data-image-caption=\"\" data-large-file=\"http:\/\/www.rockpixx.com\/wordpress\/wp-content\/uploads\/2013\/02\/20110420-009_blog.jpg\" class=\"alignleft  wp-image-9254\" title=\"London 2011\" alt=\"London 2011\" src=\"http:\/\/rockpixx.com\/wordpress\/wp-content\/uploads\/2013\/02\/20110420-009_blog.jpg\" width=\"168\" height=\"252\" srcset=\"http:\/\/www.rockpixx.com\/wordpress\/wp-content\/uploads\/2013\/02\/20110420-009_blog.jpg 300w, http:\/\/www.rockpixx.com\/wordpress\/wp-content\/uploads\/2013\/02\/20110420-009_blog-200x300.jpg 200w\" sizes=\"auto, (max-width: 168px) 100vw, 168px\" \/>Auf dem Weg in die City laufe ich doch glatt an einem \u201eHard Rock Caf\u00e9\u201c vorbei und traue mich auch tats\u00e4chlich in den (separaten) Merchandise Shop hinein: Ein Fehler! Gef\u00fchlte 3.000 Besucher darinnen, laute Musik und drastisch \u00fcberteuerter Tinnef und Tand in den Regalen und auf den Kleiderst\u00e4ndern. Die erste Reaktion ist \u201eNix wie raus hier!\u201c, die zweite Reaktion ist Ratlosigkeit: \u201eWarum nur kommt man hier zwar schnell rein, aber nur langsam wieder raus?\u201c.<\/p>\n<p>Zum Gl\u00fcck schaffe ich es dann doch noch wieder auf die Stra\u00dfe und erhole mch erst einmal in einem nahe gelegenen Park, bevor ich (wie Millionen anderer Touristen auch), den Weg zum Buckingham Palace antrete. Alles dort ist schon eine riesige Baustelle ob der bevorstehenden Hochzeit von William und Kate: Gigantische Trib\u00fchnen f\u00fcr die Medien werden aufgebaut, Blumenschmuck hinter Bauz\u00e4unen \u00fcberall und dazwischen die \u00fcblichen Menschenmengen \u2013 der ganz normale touristische Wahnsinn halt, nur noch versch\u00e4rft um den Faktor \u201eRoyal Wedding\u201c.<\/p>\n<p>Ich beschlie\u00dfe zu<img loading=\"lazy\" decoding=\"async\" data-attachment-id=\"9252\" data-permalink=\"http:\/\/www.rockpixx.com\/wordpress\/london-tag-2\/london-2011\/\" data-orig-file=\"http:\/\/www.rockpixx.com\/wordpress\/wp-content\/uploads\/2013\/02\/20110420-001_blog.jpg\" data-orig-size=\"300,450\" data-comments-opened=\"0\" data-image-meta=\"{&quot;aperture&quot;:&quot;0&quot;,&quot;credit&quot;:&quot;A. Hahl&quot;,&quot;camera&quot;:&quot;&quot;,&quot;caption&quot;:&quot;&quot;,&quot;created_timestamp&quot;:&quot;1303311431&quot;,&quot;copyright&quot;:&quot;A. Hahl | double-a-design&quot;,&quot;focal_length&quot;:&quot;0&quot;,&quot;iso&quot;:&quot;0&quot;,&quot;shutter_speed&quot;:&quot;0&quot;,&quot;title&quot;:&quot;London 2011&quot;}\" data-image-title=\"London 2011\" data-image-description=\"\" data-image-caption=\"\" data-large-file=\"http:\/\/www.rockpixx.com\/wordpress\/wp-content\/uploads\/2013\/02\/20110420-001_blog.jpg\" class=\"wp-image-9252 alignright\" title=\"London 2011\" alt=\"London 2011\" src=\"http:\/\/rockpixx.com\/wordpress\/wp-content\/uploads\/2013\/02\/20110420-001_blog.jpg\" width=\"168\" height=\"252\" srcset=\"http:\/\/www.rockpixx.com\/wordpress\/wp-content\/uploads\/2013\/02\/20110420-001_blog.jpg 300w, http:\/\/www.rockpixx.com\/wordpress\/wp-content\/uploads\/2013\/02\/20110420-001_blog-200x300.jpg 200w\" sizes=\"auto, (max-width: 168px) 100vw, 168px\" \/>r\u00fcck nach Kensington zu schlendern (ein h\u00f6heres Tempo lassen die 26\u00b0 C und der schwere Rucksack auch nicht zu) und die Zeit bis zum Konzert mit einem Abendessen im \u201eCaf\u00e9 Consort\u201c der RAH zu verbringen. Anschlie\u00dfend hole ich mir meinen Fotopass \u2013 und das ist eine Story f\u00fcr sich:<\/p>\n<p>Der freundliche Mitarbeiter am Counter hinter der T\u00fcr \u201eStage Entrance\u201c holt mir sofort den Tourmanager von \u201eBrit Floyd\u201c ans Telefon und dieser teilt mir \u2013 ebenfalls sehr freundlich \u2013 mit, dass mein Pass im \u201eBoxOffice\u201c der Hall zur Abholung bereit l\u00e4ge. Zu Gl\u00fcck ist das nur eine T\u00fcr weiter, los geht&#8217;s also von \u201eDoor 11\u201c zu \u201eDoor 12\u201c. Nach kurzer Warterei bekomme ich dort auch meinen Pass und nun wird&#8217;s spannend: An einem der vielen Haupteing\u00e4nge (\u201eDoor 3\u201c) werde ich abgewiesen, da ich kein Ticket habe, ich m\u00f6ge doch bitte \u201eStage Entry\u201c (\u201eDoor 11\u201c) nutzen. Dort schaffe ich es doch tats\u00e4chlich durch zwei T\u00fcren (nach Telefonat von Counter zu Tourmanagement), um anschlie\u00dfed aber wieder mit freundlichen Worten hinauskomplimentiert zu werden. Hmmm\u2026 Der n\u00e4chste Selbstversuch, in die Halle zu gelangen, f\u00fchrt mich zwar zum n\u00e4chsten Haupteingang (\u201eDoor 9\u201c) aber immer noch nicht in die Halle. Also n\u00e4chster Versuch: Zur\u00fcck zu \u201eDoor 3\u201c \u2013 immerhin kennen die dort schon mein Gesicht. Und das Wunder passiert: Nach einer kurzen Erkl\u00e4rung der gesamten Umst\u00e4nde darf ich tats\u00e4chlich passieren und ein breites Grinsen legt sich auf mein Gesicht.<br \/>\n<img loading=\"lazy\" decoding=\"async\" data-attachment-id=\"9253\" data-permalink=\"http:\/\/www.rockpixx.com\/wordpress\/london-tag-2\/brit-floyd-20-04-2011-royal-albert-hall-london\/\" data-orig-file=\"http:\/\/www.rockpixx.com\/wordpress\/wp-content\/uploads\/2013\/02\/20110420-001_brit-floyd_blog.jpg\" data-orig-size=\"450,300\" data-comments-opened=\"0\" data-image-meta=\"{&quot;aperture&quot;:&quot;0&quot;,&quot;credit&quot;:&quot;rockpixx.com | A. Hahl&quot;,&quot;camera&quot;:&quot;&quot;,&quot;caption&quot;:&quot;&quot;,&quot;created_timestamp&quot;:&quot;1303326411&quot;,&quot;copyright&quot;:&quot;rockpixx.com | A. Hahl&quot;,&quot;focal_length&quot;:&quot;0&quot;,&quot;iso&quot;:&quot;0&quot;,&quot;shutter_speed&quot;:&quot;0&quot;,&quot;title&quot;:&quot;Brit Floyd, 20.04.2011, Royal Albert Hall, London&quot;}\" data-image-title=\"Brit Floyd, 20.04.2011, Royal Albert Hall, London\" data-image-description=\"\" data-image-caption=\"\" data-large-file=\"http:\/\/www.rockpixx.com\/wordpress\/wp-content\/uploads\/2013\/02\/20110420-001_brit-floyd_blog.jpg\" class=\"alignleft  wp-image-9253\" title=\"Royal Albert Hall, London\" alt=\"Royal Albert Hall, London\" src=\"http:\/\/rockpixx.com\/wordpress\/wp-content\/uploads\/2013\/02\/20110420-001_brit-floyd_blog.jpg\" width=\"315\" height=\"210\" srcset=\"http:\/\/www.rockpixx.com\/wordpress\/wp-content\/uploads\/2013\/02\/20110420-001_brit-floyd_blog.jpg 450w, http:\/\/www.rockpixx.com\/wordpress\/wp-content\/uploads\/2013\/02\/20110420-001_brit-floyd_blog-300x200.jpg 300w, http:\/\/www.rockpixx.com\/wordpress\/wp-content\/uploads\/2013\/02\/20110420-001_brit-floyd_blog-120x80.jpg 120w\" sizes=\"auto, (max-width: 315px) 100vw, 315px\" \/>Das Innere der Halle stellt sich als gewaltiges Labyrinth dar: Irgendwo lese ich etwas von \u201eArena\u201c, da werde ich wohl hinm\u00fcssen, aber wo zum Teufel ist \u201eStairs 6\u201c, die dorthin f\u00fchrt? So, wie ich vorhin die Halle von au\u00dfen mehrere Male umkreist habe, so umkreise ich sie nun von innen \u2013 bis mir ein weiterer sehr freundlicher Mitarbeiter dort den Weg weist.<\/p>\n<p>Nach ca. 5 Minuten Wegstrecke bin ich in der Arena und purzele in die Reste der Stellprobe mit dem Sch\u00fclerchor. Zwei weitere freundliche Mitarbeiter weisen mich noch darauf hin, dass ich nur die ersten vier Songs fotografieren darf (das Management hatte drei Songs erlaubt) und mit einem der Mtarbeiter komme ich noch ins Gespr\u00e4ch \u00fcber Hallen in Kontinentaleuropa.<\/p>\n<p>Und dann begann das Konzert und danach die problemlose R\u00fcckfahrt per \u201eTube\u201c und Vorortzug \u2013 ein langer Tag war zu Ende.<\/p>\n","protected":false},"excerpt":{"rendered":"<p>So\u2026 der erste volle Tag in London steht an und mit gepacktem Rucksack (Kameras f\u00fcr <a href=\"http:\/\/www.rockpixx.com\/wordpress\/london-tag-2\/\">Read more<\/a><\/p>\n","protected":false},"author":1,"featured_media":9260,"comment_status":"open","ping_status":"open","sticky":false,"template":"","format":"standard","meta":{"_jetpack_memberships_contains_paid_content":false,"footnotes":"","jetpack_publicize_message":"London, Tag 2 http:\/\/rockpixx.com\/wordpress\/?p=1044","jetpack_publicize_feature_enabled":true,"jetpack_social_post_already_shared":true,"jetpack_social_options":{"image_generator_settings":{"template":"highway","default_image_id":0,"font":"","enabled":false},"version":2}},"categories":[154,19],"tags":[1733,1907,1736,202,1732,232],"class_list":["post-1044","post","type-post","status-publish","format-standard","has-post-thumbnail","hentry","category-154","category-backstage","tag-1733","tag-brit-floyd","tag-konzert","tag-london-gb","tag-pink-floyd","tag-ruckblick"],"aioseo_notices":[],"jetpack_publicize_connections":[],"jetpack_featured_media_url":"http:\/\/www.rockpixx.com\/wordpress\/wp-content\/uploads\/2011\/04\/20110420-012-rah.jpg","jetpack-related-posts":[{"id":8320,"url":"http:\/\/www.rockpixx.com\/wordpress\/brit-floyd-29-10-2011-munchen-kleine-olympiahalle\/","url_meta":{"origin":1044,"position":0},"title":"Brit Floyd, 29.10.2011, M\u00fcnchen, Kleine Olympiahalle","author":"Anja","date":"29. Oktober 2011","format":false,"excerpt":"Kaum aus dem Urlaub zur\u00fcck, gibt's schon wieder einen Leckerbissen: Zum zweiten Mal in diesem Jahr habe ich \u201eBrit Floyd\u201c vor den Kameras, dieses Mal allerdings nicht in \u2192\u00a0London's ehrw\u00fcrdiger Royal Albert Hall, sondern in der (neuen) \u201eKleinen Olympiahalle\u201c in M\u00fcnchen. Und das ist sogar f\u00fcr uns noch eine Premiere:\u2026","rel":"","context":"In &quot;Acts&quot;","block_context":{"text":"Acts","link":"http:\/\/www.rockpixx.com\/wordpress\/category\/acts\/"},"img":{"alt_text":"Brit Floyd, 29.10.2011, M\u00fcnchen, Kleine Olympiahalle","src":"https:\/\/i0.wp.com\/www.rockpixx.com\/wordpress\/wp-content\/uploads\/2013\/02\/20111029-brit-floyd-Artikel.jpg?resize=350%2C200","width":350,"height":200,"srcset":"https:\/\/i0.wp.com\/www.rockpixx.com\/wordpress\/wp-content\/uploads\/2013\/02\/20111029-brit-floyd-Artikel.jpg?resize=350%2C200 1x, https:\/\/i0.wp.com\/www.rockpixx.com\/wordpress\/wp-content\/uploads\/2013\/02\/20111029-brit-floyd-Artikel.jpg?resize=525%2C300 1.5x, https:\/\/i0.wp.com\/www.rockpixx.com\/wordpress\/wp-content\/uploads\/2013\/02\/20111029-brit-floyd-Artikel.jpg?resize=700%2C400 2x"},"classes":[]},{"id":1043,"url":"http:\/\/www.rockpixx.com\/wordpress\/london-tag-1\/","url_meta":{"origin":1044,"position":1},"title":"London, Tag 1","author":"admin","date":"19. April 2011","format":false,"excerpt":"Moin, so, heute ging's also nach London, wo morgen Abend \u201eBrit Floyd\u201c in der Royal Albert Hall vor meine Kameras geraten werden. Hinflug war ganz entspannt von M\u00fcnchen mit KLM via Amsterdam. Schiphol ist allerdings ein lustiger Flughafen. Ankommen, aussteigen, raus aus dem Transitbereich. Auf Etage 1 einmal das gesamte\u2026","rel":"","context":"In &quot;2011&quot;","block_context":{"text":"2011","link":"http:\/\/www.rockpixx.com\/wordpress\/category\/backstage\/2011\/"},"img":{"alt_text":"","src":"","width":0,"height":0},"classes":[]},{"id":1074,"url":"http:\/\/www.rockpixx.com\/wordpress\/das-war-2011\/","url_meta":{"origin":1044,"position":2},"title":"Das war 2011","author":"admin","date":"29. Dezember 2011","format":false,"excerpt":"Ein ereignisreiches Jahr neigt sich dem Ende zu. Es war f\u00fcr uns das Jahr, in dem wir die bisher meisten Acts fotografiert haben: Erstmals haben wir die Hunderter-Marke mit insgesamt 116 Acts geknackt! In der Gesamtheit ist ja alles auf \u2192 rockpixx.com nachzulesen \u2013 hier soll dagegen unser pers\u00f6nliches Fazit\u2026","rel":"","context":"In &quot;2011&quot;","block_context":{"text":"2011","link":"http:\/\/www.rockpixx.com\/wordpress\/category\/backstage\/2011\/"},"img":{"alt_text":"Konzertposter 2011","src":"https:\/\/i0.wp.com\/www.rockpixx.com\/wordpress\/wp-content\/uploads\/2013\/03\/20111229-Konzerte-2011-100x70.jpg?resize=350%2C200","width":350,"height":200,"srcset":"https:\/\/i0.wp.com\/www.rockpixx.com\/wordpress\/wp-content\/uploads\/2013\/03\/20111229-Konzerte-2011-100x70.jpg?resize=350%2C200 1x, https:\/\/i0.wp.com\/www.rockpixx.com\/wordpress\/wp-content\/uploads\/2013\/03\/20111229-Konzerte-2011-100x70.jpg?resize=525%2C300 1.5x, https:\/\/i0.wp.com\/www.rockpixx.com\/wordpress\/wp-content\/uploads\/2013\/03\/20111229-Konzerte-2011-100x70.jpg?resize=700%2C400 2x"},"classes":[]},{"id":950,"url":"http:\/\/www.rockpixx.com\/wordpress\/wie-mit-smokie-alles-begann\/","url_meta":{"origin":1044,"position":3},"title":"Wie mit \u201eSmokie\u201c alles begann","author":"admin","date":"5. November 2007","format":false,"excerpt":"Mein erstes Konzert mit \u201eKamera-Begleitung\u201c \u2013 das muss so um 1978\/79 gewesen sein. Nat\u00fcrlich hatte ich schon einige Erfahrung mit einer SLR sammeln k\u00f6nnen, aber noch keine eigene Kamera. Also fragte ich meinen Philosophie-Lehrer aus der gymnasialen Oberstufe, ob ich denn vielleicht einmal f\u00fcr ein, zwei Tage seine SLR mit\u2026","rel":"","context":"In &quot;2007&quot;","block_context":{"text":"2007","link":"http:\/\/www.rockpixx.com\/wordpress\/category\/backstage\/2007\/"},"img":{"alt_text":"Tina Turner, um 1984","src":"https:\/\/i0.wp.com\/rockpixx.com\/wordpress\/wp-content\/uploads\/2012\/11\/20071103-tina-turner-02.jpg?resize=350%2C200","width":350,"height":200},"classes":[]},{"id":1045,"url":"http:\/\/www.rockpixx.com\/wordpress\/lodon-tag-3\/","url_meta":{"origin":1044,"position":4},"title":"London, Tag 3","author":"admin","date":"23. April 2011","format":false,"excerpt":"Der n\u00e4chste Tag beginnt mit der allmorgendlichen Konzentrations\u00fcbung im Bad: Wenn man beide Ventile am Wasserhahn aufdreht, dann kommt aus dem einzigen Hahn von links ein Strahl kochendhei\u00dfen Wassers und von rechts das kalte Wasser. Mischen tut es sich in den H\u00e4nden \u2013 interessant aber mitunter schmerzhaft. Zumindest ist man\u2026","rel":"","context":"In &quot;2011&quot;","block_context":{"text":"2011","link":"http:\/\/www.rockpixx.com\/wordpress\/category\/backstage\/2011\/"},"img":{"alt_text":"London 2011","src":"https:\/\/i0.wp.com\/www.rockpixx.com\/wordpress\/wp-content\/uploads\/2011\/04\/20110420-007-London.jpg?resize=350%2C200","width":350,"height":200,"srcset":"https:\/\/i0.wp.com\/www.rockpixx.com\/wordpress\/wp-content\/uploads\/2011\/04\/20110420-007-London.jpg?resize=350%2C200 1x, https:\/\/i0.wp.com\/www.rockpixx.com\/wordpress\/wp-content\/uploads\/2011\/04\/20110420-007-London.jpg?resize=525%2C300 1.5x, https:\/\/i0.wp.com\/www.rockpixx.com\/wordpress\/wp-content\/uploads\/2011\/04\/20110420-007-London.jpg?resize=700%2C400 2x"},"classes":[]},{"id":1011,"url":"http:\/\/www.rockpixx.com\/wordpress\/nokia-night-of-the-proms-splitter-2\/","url_meta":{"origin":1044,"position":5},"title":"Nokia Night of the Proms, Splitter-2","author":"admin","date":"14. Dezember 2009","format":false,"excerpt":"Moin, danke eines gereichten Trockentuches kann ich nun weiterschreiben. Wo war ich\u2026? Ach ja, der \u201ePf\u00f6rtnereingang\u201c\u2026 Nachdem mir also am Haupteingang die Auskunft erteilt wurde, \u201eDa am Bauzaun links und dann um die Halle herum und nach ca. 5\u201310 Minuten Fu\u00dfweg\u2026\u201c mache ich mich frohen Mutes auf den Weg. Der\u2026","rel":"","context":"In &quot;2009&quot;","block_context":{"text":"2009","link":"http:\/\/www.rockpixx.com\/wordpress\/category\/backstage\/2009\/"},"img":{"alt_text":"","src":"","width":0,"height":0},"classes":[]}],"jetpack_sharing_enabled":true,"publishpress_future_action":{"enabled":false,"date":"2026-05-07 13:27:05","action":"change-status","newStatus":"draft","terms":[],"taxonomy":"category","extraData":[]},"publishpress_future_workflow_manual_trigger":{"enabledWorkflows":[]},"_links":{"self":[{"href":"http:\/\/www.rockpixx.com\/wordpress\/wp-json\/wp\/v2\/posts\/1044","targetHints":{"allow":["GET"]}}],"collection":[{"href":"http:\/\/www.rockpixx.com\/wordpress\/wp-json\/wp\/v2\/posts"}],"about":[{"href":"http:\/\/www.rockpixx.com\/wordpress\/wp-json\/wp\/v2\/types\/post"}],"author":[{"embeddable":true,"href":"http:\/\/www.rockpixx.com\/wordpress\/wp-json\/wp\/v2\/users\/1"}],"replies":[{"embeddable":true,"href":"http:\/\/www.rockpixx.com\/wordpress\/wp-json\/wp\/v2\/comments?post=1044"}],"version-history":[{"count":0,"href":"http:\/\/www.rockpixx.com\/wordpress\/wp-json\/wp\/v2\/posts\/1044\/revisions"}],"wp:featuredmedia":[{"embeddable":true,"href":"http:\/\/www.rockpixx.com\/wordpress\/wp-json\/wp\/v2\/media\/9260"}],"wp:attachment":[{"href":"http:\/\/www.rockpixx.com\/wordpress\/wp-json\/wp\/v2\/media?parent=1044"}],"wp:term":[{"taxonomy":"category","embeddable":true,"href":"http:\/\/www.rockpixx.com\/wordpress\/wp-json\/wp\/v2\/categories?post=1044"},{"taxonomy":"post_tag","embeddable":true,"href":"http:\/\/www.rockpixx.com\/wordpress\/wp-json\/wp\/v2\/tags?post=1044"}],"curies":[{"name":"wp","href":"https:\/\/api.w.org\/{rel}","templated":true}]}}