{"id":1052,"date":"2011-06-23T16:29:57","date_gmt":"2011-06-23T14:29:57","guid":{"rendered":"http:\/\/blog.rockpixx.com\/?p=410"},"modified":"2013-04-27T18:20:47","modified_gmt":"2013-04-27T17:20:47","slug":"in-memoriam-ralf-piepers","status":"publish","type":"post","link":"http:\/\/www.rockpixx.com\/wordpress\/in-memoriam-ralf-piepers\/","title":{"rendered":"In Memoriam Ralf Piepers"},"content":{"rendered":"<p>Auf der \u201eKieler Woche 2011&#8243; haben wir im Gespr\u00e4ch mit anderen Musikern erfahren, dass S\u00e4nger Ralf Piepers von \u2192 <a title=\"Invisible Touch, 23.06.2008, Kiel, MAXB\u00fchne\" href=\"http:\/\/rockpixx.com\/wordpress\/invisible-touch-23-06-2008-kiel-maxbuhne\/\">\u201eInvisible Touch\u201c<\/a> leider schon Ende letzten Jahres verstorben ist. Wir sind deswegen sehr traurig, da wir 2008 Ralf als netten Menschen und gro\u00dfartigen Musiker kennenlernen durften.<\/p>\n<p>Lieber Ralf, keep on rocking in der himmlischen Allstar-Band.<\/p>\n","protected":false},"excerpt":{"rendered":"<p>Auf der \u201eKieler Woche 2011&#8243; haben wir im Gespr\u00e4ch mit anderen Musikern erfahren, dass S\u00e4nger <a href=\"http:\/\/www.rockpixx.com\/wordpress\/in-memoriam-ralf-piepers\/\">Read more<\/a><\/p>\n","protected":false},"author":1,"featured_media":3960,"comment_status":"open","ping_status":"open","sticky":false,"template":"","format":"standard","meta":{"_jetpack_memberships_contains_paid_content":false,"footnotes":"","jetpack_publicize_message":"In Memoriam Ralf Piepers http:\/\/rockpixx.com\/wordpress\/?p=1052","jetpack_publicize_feature_enabled":true,"jetpack_social_post_already_shared":true,"jetpack_social_options":{"image_generator_settings":{"template":"highway","default_image_id":0,"font":"","enabled":false},"version":2}},"categories":[154,19],"tags":[1733,1742,186,1741,207],"class_list":["post-1052","post","type-post","status-publish","format-standard","has-post-thumbnail","hentry","category-154","category-backstage","tag-1733","tag-genesis","tag-in-memoriam","tag-invisible-touch","tag-musiker"],"aioseo_notices":[],"jetpack_publicize_connections":[],"jetpack_featured_media_url":"http:\/\/www.rockpixx.com\/wordpress\/wp-content\/uploads\/2008\/06\/20080623-03-invisible-touch-Artikel.jpg","jetpack-related-posts":[{"id":9061,"url":"http:\/\/www.rockpixx.com\/wordpress\/elektroboys-18-01-2013-beverungen-stadthalle\/","url_meta":{"origin":1052,"position":0},"title":"Elektroboys, 18.01.2013, Beverungen, Stadthalle","author":"Anja","date":"18. Januar 2013","format":false,"excerpt":"Eine kurze Geschichte \u00fcber die wundersame Vermehrung von Musikern bei Dunkelheit\u2026 Also: Wir sind mal wieder in Beverungen (dieses Mal mit zwei Fotografen), um Barock auf der allj\u00e4hrlichen \u201eTour de NRW\u201c zu begleiten. Alte Bekannte gesellen sich als Suportact in der dortigen Stadthalle dazu: Es sind die \u201eElektroboys\u201c, die den\u2026","rel":"","context":"In &quot;Acts&quot;","block_context":{"text":"Acts","link":"http:\/\/www.rockpixx.com\/wordpress\/category\/acts\/"},"img":{"alt_text":"Elektroboys, 18.01.2013, Beverungen, Stadthalle","src":"https:\/\/i0.wp.com\/www.rockpixx.com\/wordpress\/wp-content\/uploads\/2013\/02\/20130118-01-elektroboys-Artikel.jpg?resize=350%2C200","width":350,"height":200,"srcset":"https:\/\/i0.wp.com\/www.rockpixx.com\/wordpress\/wp-content\/uploads\/2013\/02\/20130118-01-elektroboys-Artikel.jpg?resize=350%2C200 1x, https:\/\/i0.wp.com\/www.rockpixx.com\/wordpress\/wp-content\/uploads\/2013\/02\/20130118-01-elektroboys-Artikel.jpg?resize=525%2C300 1.5x, https:\/\/i0.wp.com\/www.rockpixx.com\/wordpress\/wp-content\/uploads\/2013\/02\/20130118-01-elektroboys-Artikel.jpg?resize=700%2C400 2x"},"classes":[]},{"id":2833,"url":"http:\/\/www.rockpixx.com\/wordpress\/mayqueen-18-07-2008-kislegg-immenried-sportplatz\/","url_meta":{"origin":1052,"position":1},"title":"MayQueen, 18.07.2008, Ki\u00dflegg-Immenried, Sportplatz","author":"Anja","date":"18. Juli 2008","format":false,"excerpt":"Der Mainact, auf dessen Einladung ich beim Independence-Festival war, startet mit gut einer Stunde Versp\u00e4tung \u2013 was aber nicht Schuld der f\u00fcnf Musiker um Gitarrist Ralf S\u00e4dler ist. Die Musik ist hervorragend die Show im Vergleich zu \u2192\u00a0\u201eMerQury\u201c vielleicht nicht ganz so \u201edramatisch\u201c aber grundsolide. Die Stimme des S\u00e4ngers kommt\u2026","rel":"","context":"In &quot;Acts&quot;","block_context":{"text":"Acts","link":"http:\/\/www.rockpixx.com\/wordpress\/category\/acts\/"},"img":{"alt_text":"MayQueen, 18.07.2008, Ki\u00dflegg-Immenried, Sportplatz","src":"https:\/\/i0.wp.com\/www.rockpixx.com\/wordpress\/wp-content\/uploads\/2008\/07\/20080718-03-mayqueen-Artikel.jpg?resize=350%2C200","width":350,"height":200,"srcset":"https:\/\/i0.wp.com\/www.rockpixx.com\/wordpress\/wp-content\/uploads\/2008\/07\/20080718-03-mayqueen-Artikel.jpg?resize=350%2C200 1x, https:\/\/i0.wp.com\/www.rockpixx.com\/wordpress\/wp-content\/uploads\/2008\/07\/20080718-03-mayqueen-Artikel.jpg?resize=525%2C300 1.5x, https:\/\/i0.wp.com\/www.rockpixx.com\/wordpress\/wp-content\/uploads\/2008\/07\/20080718-03-mayqueen-Artikel.jpg?resize=700%2C400 2x"},"classes":[]},{"id":7602,"url":"http:\/\/www.rockpixx.com\/wordpress\/kissin-dynamite-24-04-2011-senden-burgerhaus\/","url_meta":{"origin":1052,"position":2},"title":"Kissin&#8216; Dynamite, 24.04.2011, Senden, B\u00fcrgerhaus","author":"Anja","date":"24. April 2011","format":false,"excerpt":"\u201eKissin' Dynamite\u201c hei\u00dfen die 5 Musiker, die heute den Support f\u00fcr Barock im B\u00fcrgerhaus in Senden machen. Erster optischer Eindruck noch vor dem Soundcheck: Da werden etliche weibliche Fans heute abend aber lecker Metaller zu sehen bekommen. (Und der erste Eindruck verst\u00e4rkte sich noch um Einiges, als die Musiker dann\u2026","rel":"","context":"In &quot;Acts&quot;","block_context":{"text":"Acts","link":"http:\/\/www.rockpixx.com\/wordpress\/category\/acts\/"},"img":{"alt_text":"Kissin' Dynamite","src":"https:\/\/i0.wp.com\/www.rockpixx.com\/wordpress\/wp-content\/uploads\/2013\/01\/20110424-01-kissin-dynamite-Artikel.jpg?resize=350%2C200","width":350,"height":200,"srcset":"https:\/\/i0.wp.com\/www.rockpixx.com\/wordpress\/wp-content\/uploads\/2013\/01\/20110424-01-kissin-dynamite-Artikel.jpg?resize=350%2C200 1x, https:\/\/i0.wp.com\/www.rockpixx.com\/wordpress\/wp-content\/uploads\/2013\/01\/20110424-01-kissin-dynamite-Artikel.jpg?resize=525%2C300 1.5x, https:\/\/i0.wp.com\/www.rockpixx.com\/wordpress\/wp-content\/uploads\/2013\/01\/20110424-01-kissin-dynamite-Artikel.jpg?resize=700%2C400 2x"},"classes":[]},{"id":1053,"url":"http:\/\/www.rockpixx.com\/wordpress\/kieler-woche-2011-tag-3\/","url_meta":{"origin":1052,"position":3},"title":"Kieler Woche 2011, Tag 3","author":"admin","date":"25. Juni 2011","format":false,"excerpt":"Moin, \u2026 wir haben im Blog ein paar Tage Pause machen m\u00fcssen, da das Tagesgesch\u00e4ft uns zu sehr in Anspruch genommen hat: Wenn pro Tag nur noch 4 \u2013 5 Stunden Schlaf \u00fcbrig bleiben, dann m\u00fcssen irgendwie Priorit\u00e4ten bei der Ver\u00f6ffentlichung gesetzt werden. Ok, heute (am zweiten Sonnabend der Kieler\u2026","rel":"","context":"In &quot;2011&quot;","block_context":{"text":"2011","link":"http:\/\/www.rockpixx.com\/wordpress\/category\/backstage\/2011\/"},"img":{"alt_text":"Kieler Woche 2011, lost & found","src":"https:\/\/i0.wp.com\/www.rockpixx.com\/wordpress\/wp-content\/uploads\/2011\/06\/20110625-2011-06_Kieler-Woche-0085.jpg?resize=350%2C200","width":350,"height":200,"srcset":"https:\/\/i0.wp.com\/www.rockpixx.com\/wordpress\/wp-content\/uploads\/2011\/06\/20110625-2011-06_Kieler-Woche-0085.jpg?resize=350%2C200 1x, https:\/\/i0.wp.com\/www.rockpixx.com\/wordpress\/wp-content\/uploads\/2011\/06\/20110625-2011-06_Kieler-Woche-0085.jpg?resize=525%2C300 1.5x, https:\/\/i0.wp.com\/www.rockpixx.com\/wordpress\/wp-content\/uploads\/2011\/06\/20110625-2011-06_Kieler-Woche-0085.jpg?resize=700%2C400 2x"},"classes":[]},{"id":12304,"url":"http:\/\/www.rockpixx.com\/wordpress\/therockbizz-com-management-und-marketing-fuer-musiker-und-veranstalter\/","url_meta":{"origin":1052,"position":4},"title":"therockbizz.com | Management und Marketing f\u00fcr Musiker und Veranstalter","author":"admin","date":"13. Oktober 2013","format":false,"excerpt":"Ein neuer Gesch\u00e4ftsbereich hat seine Arbeit aufgenommen Wir sind als Werbeagentur unter dem Namen \u2192 \u201edouble-A-design\u201c seit vielen Jahren f\u00fcr Kunden im In- und Ausland t\u00e4tig und durch \u201erockpixx.com\u201c sind wir seit vielen Jahren in der Musikszene bestens verdrahtet. In diesem Jahr haben sich die Anfragen geh\u00e4uft, ob wir kombinierte\u2026","rel":"","context":"In &quot;2013&quot;","block_context":{"text":"2013","link":"http:\/\/www.rockpixx.com\/wordpress\/category\/backstage\/2013\/"},"img":{"alt_text":"therockbizz.com | Management und Marketing f\u00fcr Musiker und Veranstalter","src":"https:\/\/i0.wp.com\/www.rockpixx.com\/wordpress\/wp-content\/uploads\/2013\/10\/20131013_therockbizzcom.jpg?resize=350%2C200","width":350,"height":200,"srcset":"https:\/\/i0.wp.com\/www.rockpixx.com\/wordpress\/wp-content\/uploads\/2013\/10\/20131013_therockbizzcom.jpg?resize=350%2C200 1x, https:\/\/i0.wp.com\/www.rockpixx.com\/wordpress\/wp-content\/uploads\/2013\/10\/20131013_therockbizzcom.jpg?resize=525%2C300 1.5x, https:\/\/i0.wp.com\/www.rockpixx.com\/wordpress\/wp-content\/uploads\/2013\/10\/20131013_therockbizzcom.jpg?resize=700%2C400 2x"},"classes":[]},{"id":2538,"url":"http:\/\/www.rockpixx.com\/wordpress\/invisible-touch-23-06-2008-kiel-maxbuhne\/","url_meta":{"origin":1052,"position":5},"title":"Invisible Touch, 23.06.2008, Kiel, MAXB\u00fchne","author":"Anja","date":"23. Juni 2008","format":false,"excerpt":"Der H\u00f6hepunkt des Abends: Es erklingen die genialen Songs der Herren Banks, Collins, Rutherford und Gabriel. Die Band kam erst kurz vorher aus Aachen etwas ersatzgeschw\u00e4cht an der Max-B\u00fchne an, baute ihr Equipment auf und dann legten die f\u00fcnf Musiker so richtig los: Jede Menge Hits aus der kompletten Genesis-Zeit\u2026","rel":"","context":"In &quot;Acts&quot;","block_context":{"text":"Acts","link":"http:\/\/www.rockpixx.com\/wordpress\/category\/acts\/"},"img":{"alt_text":"Invisible Touch, 23.06.2008, Kiel, MAXB\u00fchne","src":"https:\/\/i0.wp.com\/www.rockpixx.com\/wordpress\/wp-content\/uploads\/2008\/06\/20080623-03-invisible-touch-Artikel.jpg?resize=350%2C200","width":350,"height":200,"srcset":"https:\/\/i0.wp.com\/www.rockpixx.com\/wordpress\/wp-content\/uploads\/2008\/06\/20080623-03-invisible-touch-Artikel.jpg?resize=350%2C200 1x, https:\/\/i0.wp.com\/www.rockpixx.com\/wordpress\/wp-content\/uploads\/2008\/06\/20080623-03-invisible-touch-Artikel.jpg?resize=525%2C300 1.5x, https:\/\/i0.wp.com\/www.rockpixx.com\/wordpress\/wp-content\/uploads\/2008\/06\/20080623-03-invisible-touch-Artikel.jpg?resize=700%2C400 2x"},"classes":[]}],"jetpack_sharing_enabled":true,"publishpress_future_action":{"enabled":false,"date":"2026-05-08 05:30:35","action":"change-status","newStatus":"draft","terms":[],"taxonomy":"category","extraData":[]},"publishpress_future_workflow_manual_trigger":{"enabledWorkflows":[]},"_links":{"self":[{"href":"http:\/\/www.rockpixx.com\/wordpress\/wp-json\/wp\/v2\/posts\/1052","targetHints":{"allow":["GET"]}}],"collection":[{"href":"http:\/\/www.rockpixx.com\/wordpress\/wp-json\/wp\/v2\/posts"}],"about":[{"href":"http:\/\/www.rockpixx.com\/wordpress\/wp-json\/wp\/v2\/types\/post"}],"author":[{"embeddable":true,"href":"http:\/\/www.rockpixx.com\/wordpress\/wp-json\/wp\/v2\/users\/1"}],"replies":[{"embeddable":true,"href":"http:\/\/www.rockpixx.com\/wordpress\/wp-json\/wp\/v2\/comments?post=1052"}],"version-history":[{"count":0,"href":"http:\/\/www.rockpixx.com\/wordpress\/wp-json\/wp\/v2\/posts\/1052\/revisions"}],"wp:featuredmedia":[{"embeddable":true,"href":"http:\/\/www.rockpixx.com\/wordpress\/wp-json\/wp\/v2\/media\/3960"}],"wp:attachment":[{"href":"http:\/\/www.rockpixx.com\/wordpress\/wp-json\/wp\/v2\/media?parent=1052"}],"wp:term":[{"taxonomy":"category","embeddable":true,"href":"http:\/\/www.rockpixx.com\/wordpress\/wp-json\/wp\/v2\/categories?post=1052"},{"taxonomy":"post_tag","embeddable":true,"href":"http:\/\/www.rockpixx.com\/wordpress\/wp-json\/wp\/v2\/tags?post=1052"}],"curies":[{"name":"wp","href":"https:\/\/api.w.org\/{rel}","templated":true}]}}