{"id":10574,"date":"2013-04-29T19:27:03","date_gmt":"2013-04-29T18:27:03","guid":{"rendered":"http:\/\/rockpixx.com\/wordpress\/?p=10574"},"modified":"2013-04-29T19:27:03","modified_gmt":"2013-04-29T18:27:03","slug":"interview-erfolgreich-abgearbeitet","status":"publish","type":"post","link":"http:\/\/www.rockpixx.com\/wordpress\/interview-erfolgreich-abgearbeitet\/","title":{"rendered":"Interview erfolgreich abgearbeitet"},"content":{"rendered":"<p>Heute war Interview-Tag. F\u00fcr ein gro\u00dfes Fotomagazin habe ich Rede und Antwort gestanden. Dazu noch die passenden Konzertbilder herausgesucht und jetzt alles auf den Weg gebracht. Nach dem \u2192 <a title=\"Interview im Radio\" href=\"http:\/\/rockpixx.com\/wordpress\/interview-im-radio\/\">Radio-Interview aus dem September 2011<\/a> nun also einmal etwas f\u00fcr die Papierform mit bunten Bildern dabei.<\/p>\n<p>Bin mal gespannt, wann das bundesweit im Zeitschriftenregal liegen wird\u2026<\/p>\n","protected":false},"excerpt":{"rendered":"<p>Heute war Interview-Tag. F\u00fcr ein gro\u00dfes Fotomagazin habe ich Rede und Antwort gestanden. Dazu noch <a href=\"http:\/\/www.rockpixx.com\/wordpress\/interview-erfolgreich-abgearbeitet\/\">Read more<\/a><\/p>\n","protected":false},"author":1,"featured_media":10575,"comment_status":"open","ping_status":"open","sticky":false,"template":"","format":"standard","meta":{"_jetpack_memberships_contains_paid_content":false,"footnotes":"","jetpack_publicize_message":"","jetpack_publicize_feature_enabled":true,"jetpack_social_post_already_shared":true,"jetpack_social_options":{"image_generator_settings":{"template":"highway","default_image_id":0,"font":"","enabled":false},"version":2}},"categories":[899,19,776],"tags":[1091,109,187],"class_list":["post-10574","post","type-post","status-publish","format-standard","has-post-thumbnail","hentry","category-899","category-backstage","category-verschiedenes","tag-fotomagazin","tag-intern","tag-interview"],"aioseo_notices":[],"jetpack_publicize_connections":[],"jetpack_featured_media_url":"http:\/\/www.rockpixx.com\/wordpress\/wp-content\/uploads\/2013\/04\/20130429-interview.jpg","jetpack-related-posts":[{"id":10666,"url":"http:\/\/www.rockpixx.com\/wordpress\/interview-mit-pictures-magazin-erscheint-ende-mai\/","url_meta":{"origin":10574,"position":0},"title":"Interview mit \u201ePictures Magazin\u201c erscheint Ende Mai","author":"admin","date":"8. Mai 2013","format":false,"excerpt":"Moin, vor ein paar Tagen schrieb ich ja schon, dass ich einen \u2192 Interviewtermin gehabt habe. Nun habe ich die PDFs zur abschlie\u00dfenden Korrektur und Freigabe auf dem Tisch gehabt. Was ich da auf insgesamt 6 Seiten gesehen habe, das gef\u00e4llt mir! Ab dem 26.05.2013 liegt das \u201ePictures Magazin\u201c dann\u2026","rel":"","context":"In &quot;2013&quot;","block_context":{"text":"2013","link":"http:\/\/www.rockpixx.com\/wordpress\/category\/backstage\/2013\/"},"img":{"alt_text":"Interview Pictures Magazin","src":"https:\/\/i0.wp.com\/www.rockpixx.com\/wordpress\/wp-content\/uploads\/2013\/05\/20130508-Pictures-Magazin-2013-06-Interview.png?resize=350%2C200","width":350,"height":200,"srcset":"https:\/\/i0.wp.com\/www.rockpixx.com\/wordpress\/wp-content\/uploads\/2013\/05\/20130508-Pictures-Magazin-2013-06-Interview.png?resize=350%2C200 1x, https:\/\/i0.wp.com\/www.rockpixx.com\/wordpress\/wp-content\/uploads\/2013\/05\/20130508-Pictures-Magazin-2013-06-Interview.png?resize=525%2C300 1.5x, https:\/\/i0.wp.com\/www.rockpixx.com\/wordpress\/wp-content\/uploads\/2013\/05\/20130508-Pictures-Magazin-2013-06-Interview.png?resize=700%2C400 2x"},"classes":[]},{"id":1070,"url":"http:\/\/www.rockpixx.com\/wordpress\/radio-interview-am-11-09-2011\/","url_meta":{"origin":10574,"position":1},"title":"Radio-Interview am 11.09.2011","author":"admin","date":"7. September 2011","format":false,"excerpt":"\u2026 und noch mal Moin f\u00fcr heute, Am Sonntag, 11.09.2011 ab 16:00 werde ich vom Berliner (Internet-) Radiosender \u2192 \u201e60 Minuten in Berlin\u201c in der Sendung ab 16:00 telefonisch dazugeschaltet und ein wenig \u00fcber die Konzertfotografiererei und das Drumherum mit Moderator Viktor B\u00fcttner plaudern. Bin schon ganz gespannt, wie das\u2026","rel":"","context":"In &quot;2011&quot;","block_context":{"text":"2011","link":"http:\/\/www.rockpixx.com\/wordpress\/category\/backstage\/2011\/"},"img":{"alt_text":"","src":"","width":0,"height":0},"classes":[]},{"id":1072,"url":"http:\/\/www.rockpixx.com\/wordpress\/kooperation-mit-60-minuten-in-berlin\/","url_meta":{"origin":10574,"position":2},"title":"Kooperation mit  \u201e60 Minuten in Berlin\u201c","author":"admin","date":"20. September 2011","format":false,"excerpt":"So... unser \u2192 Interview in der Radio-Sendung \u201e60 Minuten in Berlin\u201c am 11.09.2011 ist ja gut gelaufen. Zuk\u00fcnftig werden wir dann also ab und zu auch ein paar weitere Bilder und Reviews (und ggf. auch Interviews mit den K\u00fcnstlern) im Rahmen einer Zusammenarbeit mit 60minuten.net dort ver\u00f6ffentlichen. Den Anfang machen\u2026","rel":"","context":"In &quot;2011&quot;","block_context":{"text":"2011","link":"http:\/\/www.rockpixx.com\/wordpress\/category\/backstage\/2011\/"},"img":{"alt_text":"Chris de Burgh auf 60 Minuten","src":"https:\/\/i0.wp.com\/www.rockpixx.com\/wordpress\/wp-content\/uploads\/2013\/03\/20110920-chrisdeburgh-auf-60minutennet.jpg?resize=350%2C200","width":350,"height":200,"srcset":"https:\/\/i0.wp.com\/www.rockpixx.com\/wordpress\/wp-content\/uploads\/2013\/03\/20110920-chrisdeburgh-auf-60minutennet.jpg?resize=350%2C200 1x, https:\/\/i0.wp.com\/www.rockpixx.com\/wordpress\/wp-content\/uploads\/2013\/03\/20110920-chrisdeburgh-auf-60minutennet.jpg?resize=525%2C300 1.5x, https:\/\/i0.wp.com\/www.rockpixx.com\/wordpress\/wp-content\/uploads\/2013\/03\/20110920-chrisdeburgh-auf-60minutennet.jpg?resize=700%2C400 2x"},"classes":[]},{"id":21043,"url":"http:\/\/www.rockpixx.com\/wordpress\/pur-13-08-2016-eckernfoerde-suedstrand\/","url_meta":{"origin":10574,"position":3},"title":"PUR, 13.08.2016, Eckernf\u00f6rde, S\u00fcdstrand","author":"A. Hahl","date":"15. August 2016","format":false,"excerpt":"Die \u201eSch\u00fclerband von vor 35 Jahren\u201c steht erneut nach 2013 vor unseren Kameras und irgendwie sind die Musiker um Hartmut Engler schon seit einiger Zeit nicht mehr wirklich gealtert. Ich muss es ja zugeben: Die Musik von \u201ePUR\u201c ist nun wirklich nicht meine, aber ich bewundere die Musiker f\u00fcr ihren\u2026","rel":"","context":"In &quot;Acts&quot;","block_context":{"text":"Acts","link":"http:\/\/www.rockpixx.com\/wordpress\/category\/acts\/"},"img":{"alt_text":"PUR, 13.08.2016, Eckernf\u00f6rde, S\u00fcdstrand","src":"https:\/\/i0.wp.com\/www.rockpixx.com\/wordpress\/wp-content\/uploads\/2016\/08\/20160813-02-116.jpg?resize=350%2C200","width":350,"height":200,"srcset":"https:\/\/i0.wp.com\/www.rockpixx.com\/wordpress\/wp-content\/uploads\/2016\/08\/20160813-02-116.jpg?resize=350%2C200 1x, https:\/\/i0.wp.com\/www.rockpixx.com\/wordpress\/wp-content\/uploads\/2016\/08\/20160813-02-116.jpg?resize=525%2C300 1.5x, https:\/\/i0.wp.com\/www.rockpixx.com\/wordpress\/wp-content\/uploads\/2016\/08\/20160813-02-116.jpg?resize=700%2C400 2x"},"classes":[]},{"id":12304,"url":"http:\/\/www.rockpixx.com\/wordpress\/therockbizz-com-management-und-marketing-fuer-musiker-und-veranstalter\/","url_meta":{"origin":10574,"position":4},"title":"therockbizz.com | Management und Marketing f\u00fcr Musiker und Veranstalter","author":"admin","date":"13. Oktober 2013","format":false,"excerpt":"Ein neuer Gesch\u00e4ftsbereich hat seine Arbeit aufgenommen Wir sind als Werbeagentur unter dem Namen \u2192 \u201edouble-A-design\u201c seit vielen Jahren f\u00fcr Kunden im In- und Ausland t\u00e4tig und durch \u201erockpixx.com\u201c sind wir seit vielen Jahren in der Musikszene bestens verdrahtet. In diesem Jahr haben sich die Anfragen geh\u00e4uft, ob wir kombinierte\u2026","rel":"","context":"In &quot;2013&quot;","block_context":{"text":"2013","link":"http:\/\/www.rockpixx.com\/wordpress\/category\/backstage\/2013\/"},"img":{"alt_text":"therockbizz.com | Management und Marketing f\u00fcr Musiker und Veranstalter","src":"https:\/\/i0.wp.com\/www.rockpixx.com\/wordpress\/wp-content\/uploads\/2013\/10\/20131013_therockbizzcom.jpg?resize=350%2C200","width":350,"height":200,"srcset":"https:\/\/i0.wp.com\/www.rockpixx.com\/wordpress\/wp-content\/uploads\/2013\/10\/20131013_therockbizzcom.jpg?resize=350%2C200 1x, https:\/\/i0.wp.com\/www.rockpixx.com\/wordpress\/wp-content\/uploads\/2013\/10\/20131013_therockbizzcom.jpg?resize=525%2C300 1.5x, https:\/\/i0.wp.com\/www.rockpixx.com\/wordpress\/wp-content\/uploads\/2013\/10\/20131013_therockbizzcom.jpg?resize=700%2C400 2x"},"classes":[]},{"id":4810,"url":"http:\/\/www.rockpixx.com\/wordpress\/h-blockx-19-06-2009-kiel-schankwerk-buhne\/","url_meta":{"origin":10574,"position":5},"title":"H-Blockx, 19.06.2009, Kiel, Schankwerk-B\u00fchne","author":"Anja","date":"19. Juni 2009","format":false,"excerpt":"Und dann raus aus dem \u201eKieler Woche Musikzelt\u201c und hin zur \u201eSchankwerk B\u00fchne\u201c. Welch ein Andrang und was f\u00fcr Wassermassen von oben. \u201eH-Blockx\u201c stehen auf dem Programm und beim Anblick der (\u00fcberdachten) B\u00fchne und des (nicht \u00fcberdachten) Grabens davor kommen unwillk\u00fcrlich die l\u00e4ngst vergessen geglaubten Bilder des Fu\u00dfball-WM-Spieles \u201eDeutschland \u2013\u2026","rel":"","context":"In &quot;Acts&quot;","block_context":{"text":"Acts","link":"http:\/\/www.rockpixx.com\/wordpress\/category\/acts\/"},"img":{"alt_text":"H-Blockx, 19.06.2009, Kiel, Schankwerk-B\u00fchne","src":"https:\/\/i0.wp.com\/www.rockpixx.com\/wordpress\/wp-content\/uploads\/2012\/06\/20090619-05-hblocks-Artikel.jpg?resize=350%2C200","width":350,"height":200,"srcset":"https:\/\/i0.wp.com\/www.rockpixx.com\/wordpress\/wp-content\/uploads\/2012\/06\/20090619-05-hblocks-Artikel.jpg?resize=350%2C200 1x, https:\/\/i0.wp.com\/www.rockpixx.com\/wordpress\/wp-content\/uploads\/2012\/06\/20090619-05-hblocks-Artikel.jpg?resize=525%2C300 1.5x, https:\/\/i0.wp.com\/www.rockpixx.com\/wordpress\/wp-content\/uploads\/2012\/06\/20090619-05-hblocks-Artikel.jpg?resize=700%2C400 2x"},"classes":[]}],"jetpack_sharing_enabled":true,"publishpress_future_action":{"enabled":false,"date":"2026-05-07 05:13:24","action":"change-status","newStatus":"draft","terms":[],"taxonomy":"category","extraData":[]},"publishpress_future_workflow_manual_trigger":{"enabledWorkflows":[]},"_links":{"self":[{"href":"http:\/\/www.rockpixx.com\/wordpress\/wp-json\/wp\/v2\/posts\/10574","targetHints":{"allow":["GET"]}}],"collection":[{"href":"http:\/\/www.rockpixx.com\/wordpress\/wp-json\/wp\/v2\/posts"}],"about":[{"href":"http:\/\/www.rockpixx.com\/wordpress\/wp-json\/wp\/v2\/types\/post"}],"author":[{"embeddable":true,"href":"http:\/\/www.rockpixx.com\/wordpress\/wp-json\/wp\/v2\/users\/1"}],"replies":[{"embeddable":true,"href":"http:\/\/www.rockpixx.com\/wordpress\/wp-json\/wp\/v2\/comments?post=10574"}],"version-history":[{"count":0,"href":"http:\/\/www.rockpixx.com\/wordpress\/wp-json\/wp\/v2\/posts\/10574\/revisions"}],"wp:featuredmedia":[{"embeddable":true,"href":"http:\/\/www.rockpixx.com\/wordpress\/wp-json\/wp\/v2\/media\/10575"}],"wp:attachment":[{"href":"http:\/\/www.rockpixx.com\/wordpress\/wp-json\/wp\/v2\/media?parent=10574"}],"wp:term":[{"taxonomy":"category","embeddable":true,"href":"http:\/\/www.rockpixx.com\/wordpress\/wp-json\/wp\/v2\/categories?post=10574"},{"taxonomy":"post_tag","embeddable":true,"href":"http:\/\/www.rockpixx.com\/wordpress\/wp-json\/wp\/v2\/tags?post=10574"}],"curies":[{"name":"wp","href":"https:\/\/api.w.org\/{rel}","templated":true}]}}