{"id":10588,"date":"2013-05-03T11:05:55","date_gmt":"2013-05-03T10:05:55","guid":{"rendered":"http:\/\/rockpixx.com\/wordpress\/?p=10588"},"modified":"2013-05-03T11:05:55","modified_gmt":"2013-05-03T10:05:55","slug":"fotopass-recycling","status":"publish","type":"post","link":"http:\/\/www.rockpixx.com\/wordpress\/fotopass-recycling\/","title":{"rendered":"Fotopass-Recycling?!?"},"content":{"rendered":"<p>Moin,<\/p>\n<p>gerade hatte ich ein nettes Telefonat bez\u00fcglich einer Foto-Akkreditierung. <!--more--><\/p>\n<p>Vom Veranstalter erfahre ich, dass f\u00fcr die im n\u00e4chsten Monat stattfindende Veranstaltung noch keine Vorbereitungen hinsichtlich Akkreditierung und Ver\u00f6ffentlichung des Programmes getroffen worden sind und eigentlich auch keine gesonderte Foto-Akkreditierung notwendig sei. Ich stelle daraufhin die Frage, wie wir es denn der Security begreiflich machen k\u00f6nnen, dass wir zum Fotografieren in den Graben wollen. Immerhin h\u00e4tten wir im letzten Jahr daf\u00fcr ja einen Fotopass gehabt.<\/p>\n<p>Und mit diesem Satz habe ich dem Veranstalter eine goldene Br\u00fccke gebaut! Spontane Reaktion am Telefon: \u201eHaben Sie den Pass vom letzten Jahr noch?&#8220; \u2013 \u201e\u00c4h, ja\u2026&#8220; (Der h\u00e4ngt bei uns neben hunderten anderer an der Wand.) \u201eJa, dann bringen Sie den einfach mit, wir kleben da was dr\u00fcber!\u201c<\/p>\n<p>Umweltschutz f\u00e4ngt im Kleinen an.<\/p>\n","protected":false},"excerpt":{"rendered":"<p>Moin, gerade hatte ich ein nettes Telefonat bez\u00fcglich einer Foto-Akkreditierung.<\/p>\n","protected":false},"author":1,"featured_media":2869,"comment_status":"open","ping_status":"open","sticky":false,"template":"","format":"standard","meta":{"_jetpack_memberships_contains_paid_content":false,"footnotes":"","jetpack_publicize_message":"Fotopass-Recycling?!?","jetpack_publicize_feature_enabled":true,"jetpack_social_post_already_shared":true,"jetpack_social_options":{"image_generator_settings":{"template":"highway","default_image_id":0,"font":"","enabled":false},"version":2}},"categories":[899,19,1039,272,776],"tags":[2065,161,1761,868,1092],"class_list":["post-10588","post","type-post","status-publish","format-standard","has-post-thumbnail","hentry","category-899","category-backstage","category-egomania","category-fotopass","category-verschiedenes","tag-2065","tag-akkreditierung","tag-fotopass","tag-kieler-woche-tagebuch","tag-recycling"],"aioseo_notices":[],"jetpack_publicize_connections":[],"jetpack_featured_media_url":"http:\/\/www.rockpixx.com\/wordpress\/wp-content\/uploads\/2012\/12\/20121213-001.jpg","jetpack-related-posts":[{"id":12762,"url":"http:\/\/www.rockpixx.com\/wordpress\/in-eigener-sache-honky-tonk-husum-12-04-2014\/","url_meta":{"origin":10588,"position":0},"title":"\u2026 in eigener Sache: Honky Tonk Husum, 12.04.2014","author":"admin","date":"14. April 2014","format":false,"excerpt":"Moin, einige von Euch warten schon auf die Bilder vom \u201eHonky Tonk 2014\u201c in Husum. Damit k\u00f6nnen wir dieses Jahr leider nicht dienen. Bei der Akkreditierung f\u00fcr diese Veranstaltung ist dem lokalen Beauftragten des Veranstalters ein organisatorisches Missgeschick unterlaufen, welches dazu f\u00fchrte, dass wir vor Ort ohne Fotopass wieder umkehen\u2026","rel":"","context":"In &quot;2014&quot;","block_context":{"text":"2014","link":"http:\/\/www.rockpixx.com\/wordpress\/category\/backstage\/2014\/"},"img":{"alt_text":"","src":"https:\/\/i0.wp.com\/www.rockpixx.com\/wordpress\/wp-content\/uploads\/2014\/04\/Artikel_Honky-Tonk-Husum-2014_no.png?resize=350%2C200","width":350,"height":200,"srcset":"https:\/\/i0.wp.com\/www.rockpixx.com\/wordpress\/wp-content\/uploads\/2014\/04\/Artikel_Honky-Tonk-Husum-2014_no.png?resize=350%2C200 1x, https:\/\/i0.wp.com\/www.rockpixx.com\/wordpress\/wp-content\/uploads\/2014\/04\/Artikel_Honky-Tonk-Husum-2014_no.png?resize=525%2C300 1.5x, https:\/\/i0.wp.com\/www.rockpixx.com\/wordpress\/wp-content\/uploads\/2014\/04\/Artikel_Honky-Tonk-Husum-2014_no.png?resize=700%2C400 2x"},"classes":[]},{"id":10661,"url":"http:\/\/www.rockpixx.com\/wordpress\/fotopasse-fur-forde-festival-sind-da-unheilg-kann-kommen\/","url_meta":{"origin":10588,"position":1},"title":"Fotop\u00e4sse f\u00fcr \u201ef\u00f6rde festival\u201c sind da \u2013 Unheilg kann kommen!","author":"admin","date":"8. Mai 2013","format":false,"excerpt":"Soeben sind sie bei uns im Briefkasten gelandet: Die Fotop\u00e4sse f\u00fcr das \u2192 \u201ef\u00f6rde festival\u201c am 18.05.2013 in Laboe. Das ist doch mal ein toller Service (und auch ein so rechtzeitiger) \u2013 ein gro\u00dfes Kompliment geht an die Organisatoren! Nun kann \u201eDer Graf\u201c von \u2192 Unheilig kommen, ebenso noch ein\u2026","rel":"","context":"In &quot;2013&quot;","block_context":{"text":"2013","link":"http:\/\/www.rockpixx.com\/wordpress\/category\/backstage\/2013\/"},"img":{"alt_text":"Fotopass foerde festival 2013","src":"https:\/\/i0.wp.com\/www.rockpixx.com\/wordpress\/wp-content\/uploads\/2013\/05\/20130508-pitpass-foerde-festival.png?resize=350%2C200","width":350,"height":200,"srcset":"https:\/\/i0.wp.com\/www.rockpixx.com\/wordpress\/wp-content\/uploads\/2013\/05\/20130508-pitpass-foerde-festival.png?resize=350%2C200 1x, https:\/\/i0.wp.com\/www.rockpixx.com\/wordpress\/wp-content\/uploads\/2013\/05\/20130508-pitpass-foerde-festival.png?resize=525%2C300 1.5x, https:\/\/i0.wp.com\/www.rockpixx.com\/wordpress\/wp-content\/uploads\/2013\/05\/20130508-pitpass-foerde-festival.png?resize=700%2C400 2x"},"classes":[]},{"id":10970,"url":"http:\/\/www.rockpixx.com\/wordpress\/die-fotopasse-fur-die-ndr-buhne-sind-da\/","url_meta":{"origin":10588,"position":2},"title":"Die Fotop\u00e4sse f\u00fcr die NDR-B\u00fchne sind da","author":"admin","date":"18. Juni 2013","format":false,"excerpt":"\u2013 die \u201eKieler Woche\u201c 2013 kann losgehen! Wir freuen uns auf viele spannende Acts auf der \u2192 NDR-B\u00fchne, der \u2192 Rathausb\u00fchne, im \u2192 Musikzelt, an der \u2192 h\u00f6rn b\u00fchne und nat\u00fcrlich an der \u2192 MAXB\u00fchne. Die ersten Bilder und Reviews gibt es dann hier t\u00e4glich frisch auf rockpixx.com ab dem\u2026","rel":"","context":"In &quot;2013&quot;","block_context":{"text":"2013","link":"http:\/\/www.rockpixx.com\/wordpress\/category\/backstage\/2013\/"},"img":{"alt_text":"Pitp\u00e4sse NDR-B\u00fchne zur Kieler Woche 2013","src":"https:\/\/i0.wp.com\/www.rockpixx.com\/wordpress\/wp-content\/uploads\/2013\/06\/20130618_Pitpass-NDR-KiWo-2013.png?resize=350%2C200","width":350,"height":200,"srcset":"https:\/\/i0.wp.com\/www.rockpixx.com\/wordpress\/wp-content\/uploads\/2013\/06\/20130618_Pitpass-NDR-KiWo-2013.png?resize=350%2C200 1x, https:\/\/i0.wp.com\/www.rockpixx.com\/wordpress\/wp-content\/uploads\/2013\/06\/20130618_Pitpass-NDR-KiWo-2013.png?resize=525%2C300 1.5x, https:\/\/i0.wp.com\/www.rockpixx.com\/wordpress\/wp-content\/uploads\/2013\/06\/20130618_Pitpass-NDR-KiWo-2013.png?resize=700%2C400 2x"},"classes":[]},{"id":15541,"url":"http:\/\/www.rockpixx.com\/wordpress\/rockpixx-com-berichtet-nicht-ueber-das-festival-am-08-10-08-2014\/","url_meta":{"origin":10588,"position":3},"title":"rockpixx.com berichtet nicht \u00fcber das Festival am 08.\u201310.08.2014","author":"admin","date":"25. Juli 2014","format":false,"excerpt":"Wir sind soeben per Telefon und Mail dar\u00fcber aufgekl\u00e4rt worden, dass die Abbildung des Plakates eines Festivals durch uns eine Urheberrechtsverletzung darstellt. Eine Anwaltskanzlei werde sich unser annehmen und die beteiligten K\u00fcnstler w\u00fcrden informiert, damit diese rechtliche Konsequenzen pr\u00fcfen k\u00f6nnten. Das Plakat hatten wir unbeanstandet mehrere Monate auf unserer Webseite\u2026","rel":"","context":"In &quot;2014&quot;","block_context":{"text":"2014","link":"http:\/\/www.rockpixx.com\/wordpress\/category\/backstage\/2014\/"},"img":{"alt_text":"","src":"https:\/\/i0.wp.com\/www.rockpixx.com\/wordpress\/wp-content\/uploads\/2014\/07\/Artikel_Juebek-2014-31.png?resize=350%2C200","width":350,"height":200,"srcset":"https:\/\/i0.wp.com\/www.rockpixx.com\/wordpress\/wp-content\/uploads\/2014\/07\/Artikel_Juebek-2014-31.png?resize=350%2C200 1x, https:\/\/i0.wp.com\/www.rockpixx.com\/wordpress\/wp-content\/uploads\/2014\/07\/Artikel_Juebek-2014-31.png?resize=525%2C300 1.5x, https:\/\/i0.wp.com\/www.rockpixx.com\/wordpress\/wp-content\/uploads\/2014\/07\/Artikel_Juebek-2014-31.png?resize=700%2C400 2x"},"classes":[]},{"id":1027,"url":"http:\/\/www.rockpixx.com\/wordpress\/komische-erfahrungen-mit-deutschen-bands\/","url_meta":{"origin":10588,"position":4},"title":"Komische Erfahrungen mit deutschen Bands","author":"admin","date":"25. Juni 2010","format":false,"excerpt":"Deutschsprachige Bands auf der Kieler Woche 2010 \u2013 irgendwie machen wir jetzt schon die dritte Erfahrung der anderen Art: \u2192 Selig: Trotz Akkreditierung beim Veranstalter l\u00e4sst das Tourmanagement die Presse gar nicht erst in den Graben rein. Auf nachdr\u00fcckliches Bitten und Betteln der Veranstalter darf dann aber wenigstens noch der\u2026","rel":"","context":"In &quot;2010&quot;","block_context":{"text":"2010","link":"http:\/\/www.rockpixx.com\/wordpress\/category\/backstage\/2010\/"},"img":{"alt_text":"Deutsche Bands","src":"https:\/\/i0.wp.com\/www.rockpixx.com\/wordpress\/wp-content\/uploads\/2010\/06\/20100625-deutsche-bands.jpg?resize=350%2C200","width":350,"height":200,"srcset":"https:\/\/i0.wp.com\/www.rockpixx.com\/wordpress\/wp-content\/uploads\/2010\/06\/20100625-deutsche-bands.jpg?resize=350%2C200 1x, https:\/\/i0.wp.com\/www.rockpixx.com\/wordpress\/wp-content\/uploads\/2010\/06\/20100625-deutsche-bands.jpg?resize=525%2C300 1.5x, https:\/\/i0.wp.com\/www.rockpixx.com\/wordpress\/wp-content\/uploads\/2010\/06\/20100625-deutsche-bands.jpg?resize=700%2C400 2x"},"classes":[]},{"id":1035,"url":"http:\/\/www.rockpixx.com\/wordpress\/bandfotografen-only\/","url_meta":{"origin":10588,"position":5},"title":"Bandfotografen only!","author":"admin","date":"21. Juli 2010","format":false,"excerpt":"Moin, irgendwie entwickelt sich der Sommer 2010 zu einem Sommer der Widrigkeiten (oder, um es mit der Sprache von MAD auszudr\u00fccken: \u201eNeulich, beim Telefonat mit dem Veranstalter\u2026\u201c): Ein sch\u00f6nes zweit\u00e4giges Tribute-Festival steht vor der T\u00fcr mit mehreren Top-Acts aus diesem Genre. Die H\u00e4lfte der Bands dort kennen wir, sie kennen\u2026","rel":"","context":"In &quot;2010&quot;","block_context":{"text":"2010","link":"http:\/\/www.rockpixx.com\/wordpress\/category\/backstage\/2010\/"},"img":{"alt_text":"","src":"","width":0,"height":0},"classes":[]}],"jetpack_sharing_enabled":true,"publishpress_future_action":{"enabled":false,"date":"2026-05-07 10:10:54","action":"change-status","newStatus":"draft","terms":[],"taxonomy":"category","extraData":[]},"publishpress_future_workflow_manual_trigger":{"enabledWorkflows":[]},"_links":{"self":[{"href":"http:\/\/www.rockpixx.com\/wordpress\/wp-json\/wp\/v2\/posts\/10588","targetHints":{"allow":["GET"]}}],"collection":[{"href":"http:\/\/www.rockpixx.com\/wordpress\/wp-json\/wp\/v2\/posts"}],"about":[{"href":"http:\/\/www.rockpixx.com\/wordpress\/wp-json\/wp\/v2\/types\/post"}],"author":[{"embeddable":true,"href":"http:\/\/www.rockpixx.com\/wordpress\/wp-json\/wp\/v2\/users\/1"}],"replies":[{"embeddable":true,"href":"http:\/\/www.rockpixx.com\/wordpress\/wp-json\/wp\/v2\/comments?post=10588"}],"version-history":[{"count":0,"href":"http:\/\/www.rockpixx.com\/wordpress\/wp-json\/wp\/v2\/posts\/10588\/revisions"}],"wp:featuredmedia":[{"embeddable":true,"href":"http:\/\/www.rockpixx.com\/wordpress\/wp-json\/wp\/v2\/media\/2869"}],"wp:attachment":[{"href":"http:\/\/www.rockpixx.com\/wordpress\/wp-json\/wp\/v2\/media?parent=10588"}],"wp:term":[{"taxonomy":"category","embeddable":true,"href":"http:\/\/www.rockpixx.com\/wordpress\/wp-json\/wp\/v2\/categories?post=10588"},{"taxonomy":"post_tag","embeddable":true,"href":"http:\/\/www.rockpixx.com\/wordpress\/wp-json\/wp\/v2\/tags?post=10588"}],"curies":[{"name":"wp","href":"https:\/\/api.w.org\/{rel}","templated":true}]}}