{"id":1063,"date":"2011-07-21T21:48:28","date_gmt":"2011-07-21T19:48:28","guid":{"rendered":"http:\/\/blog.rockpixx.com\/?p=493"},"modified":"2013-03-01T15:23:38","modified_gmt":"2013-03-01T14:23:38","slug":"deichbrand-festival-2011-tag-0","status":"publish","type":"post","link":"http:\/\/www.rockpixx.com\/wordpress\/deichbrand-festival-2011-tag-0\/","title":{"rendered":"Deichbrand Festival 2011, Tag 0"},"content":{"rendered":"<p>Das \u201eMoin\u201c aus dem hohen Norden kommt schneller wieder, als man denkt&#8230;<\/p>\n<p>Nach der \u201eKieler Woche 2011\u201c h\u00e4tte ich auch nicht gedacht, dass ich so schnell schon wieder die A7 in den Norden hochfahre \u2013 dieses Mal gut 850 Kilometer Richtung Nordsee bei Cuxhaven. Drei Tage \u201eDeichbrand Festival 2011\u201c auf dem Flughafengel\u00e4nde in Nordholz stehen an. Und wie es sich geh\u00f6rt, startet alles einen Tag zuvor mit der Anreise. Das Hotel ist schon l\u00e4nger gebucht und der VIP-Parkausweis ist noch rechtzeitig per Einschreiben zu uns geschickt worden. Auf geht&#8217;s also&#8230;<!--more--><\/p>\n<p><img loading=\"lazy\" decoding=\"async\" data-attachment-id=\"9527\" data-permalink=\"http:\/\/www.rockpixx.com\/wordpress\/deichbrand-festival-2011-by-rockpixx-com-2\/\" data-orig-file=\"http:\/\/www.rockpixx.com\/wordpress\/wp-content\/uploads\/2013\/03\/20110721-005.jpg\" data-orig-size=\"450,300\" data-comments-opened=\"0\" data-image-meta=\"{&quot;aperture&quot;:&quot;0&quot;,&quot;credit&quot;:&quot;A. Hahl&quot;,&quot;camera&quot;:&quot;&quot;,&quot;caption&quot;:&quot;&quot;,&quot;created_timestamp&quot;:&quot;1311285285&quot;,&quot;copyright&quot;:&quot;rockpixx.com | A. Hahl&quot;,&quot;focal_length&quot;:&quot;0&quot;,&quot;iso&quot;:&quot;0&quot;,&quot;shutter_speed&quot;:&quot;0&quot;,&quot;title&quot;:&quot;Deichbrand Festival 2011 by rockpixx.com&quot;}\" data-image-title=\"Deichbrand Festival 2011 | lost &amp;#038; found\" data-image-description=\"\" data-image-caption=\"\" data-large-file=\"http:\/\/www.rockpixx.com\/wordpress\/wp-content\/uploads\/2013\/03\/20110721-005.jpg\" class=\"alignleft size-full wp-image-9527\" alt=\"Deichbrand Festival 2011 | lost &amp; found\" src=\"http:\/\/rockpixx.com\/wordpress\/wp-content\/uploads\/2013\/03\/20110721-005.jpg\" width=\"450\" height=\"300\" srcset=\"http:\/\/www.rockpixx.com\/wordpress\/wp-content\/uploads\/2013\/03\/20110721-005.jpg 450w, http:\/\/www.rockpixx.com\/wordpress\/wp-content\/uploads\/2013\/03\/20110721-005-300x200.jpg 300w, http:\/\/www.rockpixx.com\/wordpress\/wp-content\/uploads\/2013\/03\/20110721-005-120x80.jpg 120w\" sizes=\"auto, (max-width: 450px) 100vw, 450px\" \/>Die Fahrt ist unspektakul\u00e4r, leider muss ich die Strecke alleine abrei\u00dfen, da unsere Fotografin in den Alpen unabk\u00f6mmlich ist. Das Hotel macht einen guten Eindruck, lediglich die Internetanbindung ist nicht empfehlenswert: W\u00e4hrend ich diese Zeilen hier schreibe tickt unaufh\u00f6rlich die Uhr meines PrePaid-Sticks. Sowohl WLAN als auch LAN funktionieren auf dem Zimmer nicht, nur unten in der Lobby gibt&#8217;s ein weiteres WLAN, in welches ich mich einloggen kann&#8230;<\/p>\n<p>Ok, damit w\u00e4re also schon verraten, dass der Arbeitsplatz (Notebook und externe HD mit gen\u00fcgend Platz f\u00fcr mehr als 30 Liveacts in den n\u00e4chsten drei Tagen) im Zimmer aufgebaut ist.<\/p>\n<p>Und dann packt mich der Hunger! Also auf ins Auto (ins Hotelrestaurant habe ich heute keine Lust) und durch den Kurort gecruist. Und siehe da: Kurz hinter dem Wegweiser zum \u201eRomantikhotel B\u00f6serhof\u201c finde ich einen sch\u00f6nen D\u00f6nerladen. Rein, bestellen und f\u00fcr die Zubereitung den obligatorischen Spruch \u201eeinmal mit alles, bitte\u201c abgelassen. Die Antwort verbl\u00fcfft mich: \u201eOk, also mit alles, was noch da ist.\u201c Aber ich habe selten einen so leckeren D\u00f6ner gegessen wie in Bad Bederkesa, alleine das Fladenbrot war ausnehmend \u201efluffig\u201c!<\/p>\n<p>Bad Bederkesa ist \u00fcbrigens ein Kurort, dementsprechend h\u00fcbsch und tot zugleich ist es hier auch. Sogar das postkartentaugliche Abendrot wird \u00fcber der Hauptstra\u00dfe abends extra f\u00fcr die G\u00e4ste eingeschaltet. Aber irgendwie habe ich kaum welche gesehen. Die einzigen, die mir auf dem Weg zur\u00fcck ins Hotel begegneten, das waren diejenigen, die alle Zeit der Welt hatten, um ihr Gespr\u00e4ch \u00fcber Fangopackungen oder was wei\u00df ich in Ruhe zu beenden, bevor sie mir die Einfahrt zum Hotelparkplatz freigaben. Kurg\u00e4ste halt! Die werde ich in den n\u00e4chsten Tagen bestimmt nicht auf dem \u201eDeichbrand\u201c antreffen.<\/p>\n<p>Morgen fr\u00fch werde ich noch das hoteleigene Schwimmbad ausprobieren, dann sch\u00f6n fr\u00fchst\u00fccken und mich anschlie\u00dfend auf den Weg nach Nordholz machen&#8230;<\/p>\n<p>Stay tuned!<\/p>\n","protected":false},"excerpt":{"rendered":"<p>Das \u201eMoin\u201c aus dem hohen Norden kommt schneller wieder, als man denkt&#8230; Nach der \u201eKieler <a href=\"http:\/\/www.rockpixx.com\/wordpress\/deichbrand-festival-2011-tag-0\/\">Read more<\/a><\/p>\n","protected":false},"author":1,"featured_media":9526,"comment_status":"open","ping_status":"open","sticky":false,"template":"","format":"standard","meta":{"_jetpack_memberships_contains_paid_content":false,"footnotes":"","jetpack_publicize_message":"","jetpack_publicize_feature_enabled":true,"jetpack_social_post_already_shared":true,"jetpack_social_options":{"image_generator_settings":{"template":"highway","default_image_id":0,"font":"","enabled":false},"version":2}},"categories":[154,19],"tags":[1733,844,912],"class_list":["post-1063","post","type-post","status-publish","format-standard","has-post-thumbnail","hentry","category-154","category-backstage","tag-1733","tag-deichbrand-festival","tag-deichbrand-tagebuch"],"aioseo_notices":[],"jetpack_publicize_connections":[],"jetpack_featured_media_url":"http:\/\/www.rockpixx.com\/wordpress\/wp-content\/uploads\/2013\/03\/20110721-003.jpg","jetpack-related-posts":[{"id":1066,"url":"http:\/\/www.rockpixx.com\/wordpress\/deichbrand-festival-2011-tag-3\/","url_meta":{"origin":1063,"position":0},"title":"Deichbrand Festival 2011, Tag 3","author":"admin","date":"26. Juli 2011","format":false,"excerpt":"Moin, Sonntag - die Sturm- und Wasserspiele gehen weiter! Schon w\u00e4hrend meiner Anreise durch Wanh\u00f6den fallen mir viele Festival-Besucher auf, die bereits jetzt abreisen. Der morgendliche Gang \u00fcber das Gel\u00e4nde offenbart dann etliche Sturm- und Regensch\u00e4den, die w\u00e4hrend der Nacht entstanden sind. Es steht sogar kurzfristig die \u00dcberlegung im Raum,\u2026","rel":"","context":"In &quot;2011&quot;","block_context":{"text":"2011","link":"http:\/\/www.rockpixx.com\/wordpress\/category\/backstage\/2011\/"},"img":{"alt_text":"Deichbrand Festival 2011 | lost & found","src":"https:\/\/i0.wp.com\/www.rockpixx.com\/wordpress\/wp-content\/uploads\/2013\/03\/20110726-20110724-017.jpg?resize=350%2C200","width":350,"height":200,"srcset":"https:\/\/i0.wp.com\/www.rockpixx.com\/wordpress\/wp-content\/uploads\/2013\/03\/20110726-20110724-017.jpg?resize=350%2C200 1x, https:\/\/i0.wp.com\/www.rockpixx.com\/wordpress\/wp-content\/uploads\/2013\/03\/20110726-20110724-017.jpg?resize=525%2C300 1.5x, https:\/\/i0.wp.com\/www.rockpixx.com\/wordpress\/wp-content\/uploads\/2013\/03\/20110726-20110724-017.jpg?resize=700%2C400 2x"},"classes":[]},{"id":1064,"url":"http:\/\/www.rockpixx.com\/wordpress\/deichbrand-festival-2011-tag-1\/","url_meta":{"origin":1063,"position":1},"title":"Deichbrand Festival 2011, Tag 1","author":"admin","date":"23. Juli 2011","format":false,"excerpt":"Moin, gerade spielen (am zweiten Tag am fr\u00fchen Abend) \u201eKettcar\u201c und es ist ein wenig Zeit, vom Festivalgeschehen des ersten Tages zu berichten: Das Fr\u00fchst\u00fcck im Hotel findet in Gesellschaft eines kompletten Altenheimes statt, welches sich anscheinend auf einem Betriebsausflug befindet. So viele Rollatoren habe ich noch nie auf einem\u2026","rel":"","context":"In &quot;2011&quot;","block_context":{"text":"2011","link":"http:\/\/www.rockpixx.com\/wordpress\/category\/backstage\/2011\/"},"img":{"alt_text":"Deichbrand Festival 2011 | lost & found","src":"https:\/\/i0.wp.com\/www.rockpixx.com\/wordpress\/wp-content\/uploads\/2013\/03\/20110722-001.jpg?resize=350%2C200","width":350,"height":200,"srcset":"https:\/\/i0.wp.com\/www.rockpixx.com\/wordpress\/wp-content\/uploads\/2013\/03\/20110722-001.jpg?resize=350%2C200 1x, https:\/\/i0.wp.com\/www.rockpixx.com\/wordpress\/wp-content\/uploads\/2013\/03\/20110722-001.jpg?resize=525%2C300 1.5x, https:\/\/i0.wp.com\/www.rockpixx.com\/wordpress\/wp-content\/uploads\/2013\/03\/20110722-001.jpg?resize=700%2C400 2x"},"classes":[]},{"id":1065,"url":"http:\/\/www.rockpixx.com\/wordpress\/deichbrand-festival-2011-tag-2\/","url_meta":{"origin":1063,"position":2},"title":"Deichbrand Festival 2011, Tag 2","author":"admin","date":"24. Juli 2011","format":false,"excerpt":"Moin, Tag 2 auf dem \u201eDeichbrand Festival\u201c \u2013 der morgendliche Gang \u00fcber das Gel\u00e4nde zeigt die gefl\u00fcgelten M\u00fcllwerker in Aktion und in etlichen Ecken sammelt sich noch weniger schmackhafter M\u00fcll, den der Sturm \u00fcber Nacht zusammengeweht hat. Vor den beiden B\u00fchnen gibt es nun einen sch\u00f6nen Blick auf die \u201eSchie\u00dfscharten\u201c\u2026","rel":"","context":"In &quot;2011&quot;","block_context":{"text":"2011","link":"http:\/\/www.rockpixx.com\/wordpress\/category\/backstage\/2011\/"},"img":{"alt_text":"Deichbrand Festival 2011 | lost & found","src":"https:\/\/i0.wp.com\/www.rockpixx.com\/wordpress\/wp-content\/uploads\/2013\/03\/20110724-20110723-011.jpg?resize=350%2C200","width":350,"height":200,"srcset":"https:\/\/i0.wp.com\/www.rockpixx.com\/wordpress\/wp-content\/uploads\/2013\/03\/20110724-20110723-011.jpg?resize=350%2C200 1x, https:\/\/i0.wp.com\/www.rockpixx.com\/wordpress\/wp-content\/uploads\/2013\/03\/20110724-20110723-011.jpg?resize=525%2C300 1.5x, https:\/\/i0.wp.com\/www.rockpixx.com\/wordpress\/wp-content\/uploads\/2013\/03\/20110724-20110723-011.jpg?resize=700%2C400 2x"},"classes":[]},{"id":8196,"url":"http:\/\/www.rockpixx.com\/wordpress\/pennywise-23-07-2011-nordholz-deichbrand-festival\/","url_meta":{"origin":1063,"position":3},"title":"Pennywise, 23.07.2011, Nordholz, Deichbrand Festival","author":"Anja","date":"23. Juli 2011","format":false,"excerpt":"Was erwartet einen bei \u201ePennywise\u201c? Normalerweise ein mitrei\u00dfendes Konzert der \u201eAltmeister des Skate-Punk\u201c. Was erwartet einen bei \u201ePennywise\u201c auf dem \u201eDeichbrand Festival\u201c? Ca. 30 Fotografen dr\u00e4ngen sich am Grabeneingang, die Menge vor der Absperrung ist aufgeheizt, die Securities sind reichlich nerv\u00f6s nach den Vorf\u00e4llen bei \u2192\u00a0Jennifer Rostock und \u2192\u00a0In Extremo\u2026","rel":"","context":"In &quot;Acts&quot;","block_context":{"text":"Acts","link":"http:\/\/www.rockpixx.com\/wordpress\/category\/acts\/"},"img":{"alt_text":"Pennywise, 23.07.2011, Nordholz, Deichbrand Festival","src":"https:\/\/i0.wp.com\/www.rockpixx.com\/wordpress\/wp-content\/uploads\/2013\/02\/20110723-09-pennywise-Artikel.jpg?resize=350%2C200","width":350,"height":200,"srcset":"https:\/\/i0.wp.com\/www.rockpixx.com\/wordpress\/wp-content\/uploads\/2013\/02\/20110723-09-pennywise-Artikel.jpg?resize=350%2C200 1x, https:\/\/i0.wp.com\/www.rockpixx.com\/wordpress\/wp-content\/uploads\/2013\/02\/20110723-09-pennywise-Artikel.jpg?resize=525%2C300 1.5x, https:\/\/i0.wp.com\/www.rockpixx.com\/wordpress\/wp-content\/uploads\/2013\/02\/20110723-09-pennywise-Artikel.jpg?resize=700%2C400 2x"},"classes":[]},{"id":8191,"url":"http:\/\/www.rockpixx.com\/wordpress\/in-extremo-23-07-2011-nordholz-deichbrand-festival\/","url_meta":{"origin":1063,"position":4},"title":"In Extremo, 23.07.2011, Nordholz, Deichbrand Festival","author":"Anja","date":"23. Juli 2011","format":false,"excerpt":"Wieder im Pressezelt erfahre ich via facebook, dass ich wohl soeben im Fernsehen auf N3 in einem Bericht \u00fcber das Deichbrand Festival zu sehen gewesen bin. Toll - mit meinem \u201elila Strampelanzug\u201c werde ich noch zur Modeikone unter den Konzertfotografen dieser Welt. (Allerdings muss ich einr\u00e4umen, dass ich dar\u00fcber noch\u2026","rel":"","context":"In &quot;Acts&quot;","block_context":{"text":"Acts","link":"http:\/\/www.rockpixx.com\/wordpress\/category\/acts\/"},"img":{"alt_text":"In Extremo","src":"https:\/\/i0.wp.com\/www.rockpixx.com\/wordpress\/wp-content\/uploads\/2013\/02\/20110723-08-in-extremo-Artikel.jpg?resize=350%2C200","width":350,"height":200,"srcset":"https:\/\/i0.wp.com\/www.rockpixx.com\/wordpress\/wp-content\/uploads\/2013\/02\/20110723-08-in-extremo-Artikel.jpg?resize=350%2C200 1x, https:\/\/i0.wp.com\/www.rockpixx.com\/wordpress\/wp-content\/uploads\/2013\/02\/20110723-08-in-extremo-Artikel.jpg?resize=525%2C300 1.5x, https:\/\/i0.wp.com\/www.rockpixx.com\/wordpress\/wp-content\/uploads\/2013\/02\/20110723-08-in-extremo-Artikel.jpg?resize=700%2C400 2x"},"classes":[]},{"id":8222,"url":"http:\/\/www.rockpixx.com\/wordpress\/paint-me-picasso-24-07-2011-nordholz-deichbrand-festival\/","url_meta":{"origin":1063,"position":5},"title":"Paint me Picasso, 24.07.2011, Nordholz, Deichbrand Festival","author":"Anja","date":"24. Juli 2011","format":false,"excerpt":"Der Sonntag beginnt mit Aufr\u00e4umarbeiten: Das gesamte Festivalgel\u00e4nde ist in der Nacht von Sturm und Regen reichlich zerdengelt worden, an einen Einlass um 11:00 Uhr ist nicht zu denken. Zudem m\u00fcssen \u2013 aufgrund der gestrigen Vorf\u00e4lle \u2013 die Sicherheitsma\u00dfnahmen noch einmal versch\u00e4rft werden (weitere Wellenbrecher, deutliche Verbreiterung des Grabens) und\u2026","rel":"","context":"In &quot;Acts&quot;","block_context":{"text":"Acts","link":"http:\/\/www.rockpixx.com\/wordpress\/category\/acts\/"},"img":{"alt_text":"Paint me Picasso, 24.07.2011, Nordholz, Deichbrand Festival","src":"https:\/\/i0.wp.com\/www.rockpixx.com\/wordpress\/wp-content\/uploads\/2013\/02\/20110724-01-paint-me-picasso-Artikel.jpg?resize=350%2C200","width":350,"height":200,"srcset":"https:\/\/i0.wp.com\/www.rockpixx.com\/wordpress\/wp-content\/uploads\/2013\/02\/20110724-01-paint-me-picasso-Artikel.jpg?resize=350%2C200 1x, https:\/\/i0.wp.com\/www.rockpixx.com\/wordpress\/wp-content\/uploads\/2013\/02\/20110724-01-paint-me-picasso-Artikel.jpg?resize=525%2C300 1.5x, https:\/\/i0.wp.com\/www.rockpixx.com\/wordpress\/wp-content\/uploads\/2013\/02\/20110724-01-paint-me-picasso-Artikel.jpg?resize=700%2C400 2x"},"classes":[]}],"jetpack_sharing_enabled":true,"publishpress_future_action":{"enabled":false,"date":"2026-05-06 22:59:11","action":"change-status","newStatus":"draft","terms":[],"taxonomy":"category","extraData":[]},"publishpress_future_workflow_manual_trigger":{"enabledWorkflows":[]},"_links":{"self":[{"href":"http:\/\/www.rockpixx.com\/wordpress\/wp-json\/wp\/v2\/posts\/1063","targetHints":{"allow":["GET"]}}],"collection":[{"href":"http:\/\/www.rockpixx.com\/wordpress\/wp-json\/wp\/v2\/posts"}],"about":[{"href":"http:\/\/www.rockpixx.com\/wordpress\/wp-json\/wp\/v2\/types\/post"}],"author":[{"embeddable":true,"href":"http:\/\/www.rockpixx.com\/wordpress\/wp-json\/wp\/v2\/users\/1"}],"replies":[{"embeddable":true,"href":"http:\/\/www.rockpixx.com\/wordpress\/wp-json\/wp\/v2\/comments?post=1063"}],"version-history":[{"count":0,"href":"http:\/\/www.rockpixx.com\/wordpress\/wp-json\/wp\/v2\/posts\/1063\/revisions"}],"wp:featuredmedia":[{"embeddable":true,"href":"http:\/\/www.rockpixx.com\/wordpress\/wp-json\/wp\/v2\/media\/9526"}],"wp:attachment":[{"href":"http:\/\/www.rockpixx.com\/wordpress\/wp-json\/wp\/v2\/media?parent=1063"}],"wp:term":[{"taxonomy":"category","embeddable":true,"href":"http:\/\/www.rockpixx.com\/wordpress\/wp-json\/wp\/v2\/categories?post=1063"},{"taxonomy":"post_tag","embeddable":true,"href":"http:\/\/www.rockpixx.com\/wordpress\/wp-json\/wp\/v2\/tags?post=1063"}],"curies":[{"name":"wp","href":"https:\/\/api.w.org\/{rel}","templated":true}]}}