{"id":10661,"date":"2013-05-08T12:28:28","date_gmt":"2013-05-08T11:28:28","guid":{"rendered":"http:\/\/rockpixx.com\/wordpress\/?p=10661"},"modified":"2013-05-08T12:28:28","modified_gmt":"2013-05-08T11:28:28","slug":"fotopasse-fur-forde-festival-sind-da-unheilg-kann-kommen","status":"publish","type":"post","link":"http:\/\/www.rockpixx.com\/wordpress\/fotopasse-fur-forde-festival-sind-da-unheilg-kann-kommen\/","title":{"rendered":"Fotop\u00e4sse f\u00fcr \u201ef\u00f6rde festival\u201c sind da \u2013 Unheilg kann kommen!"},"content":{"rendered":"<p>Soeben sind sie bei uns im Briefkasten gelandet: Die Fotop\u00e4sse f\u00fcr das \u2192 \u201e<a title=\"PreView f\u00f6rde festival Laboe, 18.05.2013\" href=\"http:\/\/rockpixx.com\/wordpress\/preview-forde-festival-laboe-18-05-2013\/\">f\u00f6rde festival<\/a>\u201c am 18.05.2013 in Laboe. Das ist doch mal ein toller Service (und auch ein so rechtzeitiger) \u2013 ein gro\u00dfes Kompliment geht an die Organisatoren!<!--more--><\/p>\n<p>Nun kann \u201eDer Graf\u201c von \u2192 <a title=\"Unheilig, 21.08.2011, Coburg, Schlossplatz\" href=\"http:\/\/rockpixx.com\/wordpress\/unheilig-21-08-2011-coburg-schlossplatz\/\">Unheilig<\/a> kommen, ebenso noch ein paar andere bekannte Namen wie\u00a0\u2192 <a title=\"Illegal 2001 auf rockpixx.com\" href=\"http:\/\/rockpixx.com\/wordpress\/category\/acts\/andere-bands\/andere-i\/illegal-2001\/\">Illegal 2001<\/a> (die wir morgen schon auf dem \u2192 \u201e<a title=\"PreView Wallsb\u00fcll Open Air 2013\" href=\"http:\/\/rockpixx.com\/wordpress\/preview-wallsbull-open-air-2013\/\">Wallsb\u00fcll Open Air<\/a>\u201c fotografieren werden) sowie \u2192 <a title=\"Alive &amp; Kicking auf rockpixx.com\" href=\"http:\/\/rockpixx.com\/wordpress\/akkreditierungen-oder-warum-einfach-wenns-auch-kompliziert-geht\/\">Alive &amp; Kicking<\/a>.<\/p>\n<p>Und nat\u00fcrlich sind die beiden Pitp\u00e4sse auch sofort in unsere entsprechende \u2192 <a title=\"Unsere Fotop\u00e4sse\" href=\"http:\/\/rockpixx.com\/wordpress\/unsere-fotopasse\/\">Galerie<\/a> aufgenommen worden\u2026<\/p>\n","protected":false},"excerpt":{"rendered":"<p>Soeben sind sie bei uns im Briefkasten gelandet: Die Fotop\u00e4sse f\u00fcr das \u2192 \u201ef\u00f6rde festival\u201c <a href=\"http:\/\/www.rockpixx.com\/wordpress\/fotopasse-fur-forde-festival-sind-da-unheilg-kann-kommen\/\">Read more<\/a><\/p>\n","protected":false},"author":1,"featured_media":10662,"comment_status":"open","ping_status":"open","sticky":false,"template":"","format":"standard","meta":{"_jetpack_memberships_contains_paid_content":false,"footnotes":"","jetpack_publicize_message":"Fotop\u00e4sse f\u00fcr \u201ef\u00f6rde festival\u201c sind da \u2013 Unheilg kann kommen!","jetpack_publicize_feature_enabled":true,"jetpack_social_post_already_shared":true,"jetpack_social_options":{"image_generator_settings":{"template":"highway","default_image_id":0,"font":"","enabled":false},"version":2}},"categories":[899,19,1039,272,776],"tags":[2065,161,1719,2125,1761,1976],"class_list":["post-10661","post","type-post","status-publish","format-standard","has-post-thumbnail","hentry","category-899","category-backstage","category-egomania","category-fotopass","category-verschiedenes","tag-2065","tag-akkreditierung","tag-backstage","tag-forde-festival","tag-fotopass","tag-unheilig"],"aioseo_notices":[],"jetpack_publicize_connections":[],"jetpack_featured_media_url":"http:\/\/www.rockpixx.com\/wordpress\/wp-content\/uploads\/2013\/05\/20130508-pitpass-foerde-festival.png","jetpack-related-posts":[{"id":10816,"url":"http:\/\/www.rockpixx.com\/wordpress\/unheilig-18-05-2013-forde-festival-laboe\/","url_meta":{"origin":10661,"position":0},"title":"Unheilig, 18.05.2013, f\u00f6rde festival, Laboe","author":"Anja","date":"19. Mai 2013","format":false,"excerpt":"Und dann kam \u201eER\u201c \u2013 fr\u00fcher als vorgesehen. So ein Intro habe ich \u00fcbrigens auch beim \u2192 Gig am 21.08.2011 in Coburg geschrieben, wie ich gerade feststelle. Aber jetzt geht\u2019s anders weiter \u2013 versprochen! Statt des damaligen \u201eF\u00fcr mich soll\u2019s rote Rosen regnen\u201c von Hildegard Knef erklingen jetzt \u201eLilli Marleen\u201c\u2026","rel":"","context":"In &quot;Acts&quot;","block_context":{"text":"Acts","link":"http:\/\/www.rockpixx.com\/wordpress\/category\/acts\/"},"img":{"alt_text":"Unheilig, 18.05.2013, Laboe, f\u00f6rde festival 2013, Kurstrand","src":"https:\/\/i0.wp.com\/www.rockpixx.com\/wordpress\/wp-content\/uploads\/2013\/05\/20130518-08-169-unheilig-Artikel.jpg?resize=350%2C200","width":350,"height":200,"srcset":"https:\/\/i0.wp.com\/www.rockpixx.com\/wordpress\/wp-content\/uploads\/2013\/05\/20130518-08-169-unheilig-Artikel.jpg?resize=350%2C200 1x, https:\/\/i0.wp.com\/www.rockpixx.com\/wordpress\/wp-content\/uploads\/2013\/05\/20130518-08-169-unheilig-Artikel.jpg?resize=525%2C300 1.5x, https:\/\/i0.wp.com\/www.rockpixx.com\/wordpress\/wp-content\/uploads\/2013\/05\/20130518-08-169-unheilig-Artikel.jpg?resize=700%2C400 2x"},"classes":[]},{"id":10970,"url":"http:\/\/www.rockpixx.com\/wordpress\/die-fotopasse-fur-die-ndr-buhne-sind-da\/","url_meta":{"origin":10661,"position":1},"title":"Die Fotop\u00e4sse f\u00fcr die NDR-B\u00fchne sind da","author":"admin","date":"18. Juni 2013","format":false,"excerpt":"\u2013 die \u201eKieler Woche\u201c 2013 kann losgehen! Wir freuen uns auf viele spannende Acts auf der \u2192 NDR-B\u00fchne, der \u2192 Rathausb\u00fchne, im \u2192 Musikzelt, an der \u2192 h\u00f6rn b\u00fchne und nat\u00fcrlich an der \u2192 MAXB\u00fchne. Die ersten Bilder und Reviews gibt es dann hier t\u00e4glich frisch auf rockpixx.com ab dem\u2026","rel":"","context":"In &quot;2013&quot;","block_context":{"text":"2013","link":"http:\/\/www.rockpixx.com\/wordpress\/category\/backstage\/2013\/"},"img":{"alt_text":"Pitp\u00e4sse NDR-B\u00fchne zur Kieler Woche 2013","src":"https:\/\/i0.wp.com\/www.rockpixx.com\/wordpress\/wp-content\/uploads\/2013\/06\/20130618_Pitpass-NDR-KiWo-2013.png?resize=350%2C200","width":350,"height":200,"srcset":"https:\/\/i0.wp.com\/www.rockpixx.com\/wordpress\/wp-content\/uploads\/2013\/06\/20130618_Pitpass-NDR-KiWo-2013.png?resize=350%2C200 1x, https:\/\/i0.wp.com\/www.rockpixx.com\/wordpress\/wp-content\/uploads\/2013\/06\/20130618_Pitpass-NDR-KiWo-2013.png?resize=525%2C300 1.5x, https:\/\/i0.wp.com\/www.rockpixx.com\/wordpress\/wp-content\/uploads\/2013\/06\/20130618_Pitpass-NDR-KiWo-2013.png?resize=700%2C400 2x"},"classes":[]},{"id":4482,"url":"http:\/\/www.rockpixx.com\/wordpress\/unsere-fotopasse\/","url_meta":{"origin":10661,"position":2},"title":"Unsere Fotop\u00e4sse","author":"admin","date":"8. Januar 2013","format":false,"excerpt":"Der Fotopass oder auf neudeutsch auch PitPass genannt: Ohne einen solchen ist bei gr\u00f6\u00dferen Events das Fotografieren nicht m\u00f6glich. Insofern sammeln sich im Laufe der Zeit bei Konzertfotografen einige dieser \u201eTroph\u00e4en\u201c an. Manchesmal sogar mit dem begehrten \u201eAAA\u201c darauf, welches Zutritt zum Backstage-Bereich bedeuten kann. Mittlerweile h\u00e4ngt unsere \u201eTroph\u00e4ensammlung\u201c in\u2026","rel":"","context":"In &quot;Fotopass&quot;","block_context":{"text":"Fotopass","link":"http:\/\/www.rockpixx.com\/wordpress\/category\/verschiedenes\/egomania\/fotopass\/"},"img":{"alt_text":"rockpixx.com, Pitp\u00e4sse","src":"https:\/\/i0.wp.com\/www.rockpixx.com\/wordpress\/wp-content\/uploads\/2012\/12\/20121213-001.jpg?resize=350%2C200","width":350,"height":200,"srcset":"https:\/\/i0.wp.com\/www.rockpixx.com\/wordpress\/wp-content\/uploads\/2012\/12\/20121213-001.jpg?resize=350%2C200 1x, https:\/\/i0.wp.com\/www.rockpixx.com\/wordpress\/wp-content\/uploads\/2012\/12\/20121213-001.jpg?resize=525%2C300 1.5x, https:\/\/i0.wp.com\/www.rockpixx.com\/wordpress\/wp-content\/uploads\/2012\/12\/20121213-001.jpg?resize=700%2C400 2x"},"classes":[]},{"id":10809,"url":"http:\/\/www.rockpixx.com\/wordpress\/f-r-e-i-18-05-2013-forde-festival-laboe\/","url_meta":{"origin":10661,"position":3},"title":"F.R.E.I., 18.05.2013, f\u00f6rde festival, Laboe","author":"Anja","date":"19. Mai 2013","format":false,"excerpt":"\u201eF.R.E.I.\u201c sind nun der letzte Act, der vor \u201eUnheilig\u201c auf der B\u00fchne steht. Und, um es vorwegzunehmen: Es liegt nicht an ihnen, dass es nun zu schiffen anf\u00e4ngt. Eigentlich bl\u00f6d, denn was diese Band da auf der B\u00fchne an musikalischem Feuerwerk z\u00fcndet, das ist richtig gut und macht \u2013 zumindest\u2026","rel":"","context":"In &quot;Acts&quot;","block_context":{"text":"Acts","link":"http:\/\/www.rockpixx.com\/wordpress\/category\/acts\/"},"img":{"alt_text":"F.R.E.I., 18.05.2013, Laboe, f\u00f6rde festival 2013, Kurstrand","src":"https:\/\/i0.wp.com\/www.rockpixx.com\/wordpress\/wp-content\/uploads\/2013\/05\/20130518-07-030-frei-Artikel.jpg?resize=350%2C200","width":350,"height":200,"srcset":"https:\/\/i0.wp.com\/www.rockpixx.com\/wordpress\/wp-content\/uploads\/2013\/05\/20130518-07-030-frei-Artikel.jpg?resize=350%2C200 1x, https:\/\/i0.wp.com\/www.rockpixx.com\/wordpress\/wp-content\/uploads\/2013\/05\/20130518-07-030-frei-Artikel.jpg?resize=525%2C300 1.5x, https:\/\/i0.wp.com\/www.rockpixx.com\/wordpress\/wp-content\/uploads\/2013\/05\/20130518-07-030-frei-Artikel.jpg?resize=700%2C400 2x"},"classes":[]},{"id":10732,"url":"http:\/\/www.rockpixx.com\/wordpress\/illegal-2001-09-05-2013-wallsbull-open-air-wallsbull\/","url_meta":{"origin":10661,"position":4},"title":"Illegal 2001, 09.05.2013, Wallsb\u00fcll Open Air, Wallsb\u00fcll","author":"admin","date":"13. Mai 2013","format":false,"excerpt":"Gespr\u00e4chsfetzen vor dem Wohnwagen der Band kurz vor deren LineCheck: \u201eNa, wie kommt Ihr heute auf die B\u00fchne? Als Sportler?\u201e \u2013 \u201eN\u00f6.\u201c \u2013 \u201eAls Gartenzwerge?\u201c \u2013 \u201eN\u00f6.\u201c \u2013 \u201e???\u201c \u2013 \u201eAls Panzerknacker!\u201c Hmmm\u2026 die Panzerknacker sind ja bekannterma\u00dfen so was von d\u00e4mlich, aber \u201eDosenbier macht schlau\u201c \u2013 mal sehen, wie\u2026","rel":"","context":"In &quot;Acts&quot;","block_context":{"text":"Acts","link":"http:\/\/www.rockpixx.com\/wordpress\/category\/acts\/"},"img":{"alt_text":"Illegal 2001, 09.05.2013, Wallsb\u00fcll, Wallsb\u00fcll Open Air 2013","src":"https:\/\/i0.wp.com\/www.rockpixx.com\/wordpress\/wp-content\/uploads\/2013\/05\/20130509-08-illegal-2001-Artikel.jpg?resize=350%2C200","width":350,"height":200,"srcset":"https:\/\/i0.wp.com\/www.rockpixx.com\/wordpress\/wp-content\/uploads\/2013\/05\/20130509-08-illegal-2001-Artikel.jpg?resize=350%2C200 1x, https:\/\/i0.wp.com\/www.rockpixx.com\/wordpress\/wp-content\/uploads\/2013\/05\/20130509-08-illegal-2001-Artikel.jpg?resize=525%2C300 1.5x, https:\/\/i0.wp.com\/www.rockpixx.com\/wordpress\/wp-content\/uploads\/2013\/05\/20130509-08-illegal-2001-Artikel.jpg?resize=700%2C400 2x"},"classes":[]},{"id":10787,"url":"http:\/\/www.rockpixx.com\/wordpress\/alive-and-kicking-18-05-2013-forde-festival-laboe\/","url_meta":{"origin":10661,"position":5},"title":"Alive &#038; Kicking, 18.05.2013, f\u00f6rde festival, Laboe","author":"Anja","date":"19. Mai 2013","format":false,"excerpt":"\u201eAlive & Kicking\u201c stehen nunmehr nach \u2192\u00a02011 und \u2192\u00a02012 zum dritten Mal vor unseren Kameras. Unser erster Eindruck ist: \u201eDie Jungs werden immer besser.\u201c Hervorzuheben ist die B\u00fchnenpr\u00e4senz und die gesangliche Leistung Ihres neuen Frontmanns Marc Wolf, der kein Unbekannter mehr f\u00fcr uns ist, da wir Ihn auch schon mit\u2026","rel":"","context":"In &quot;Acts&quot;","block_context":{"text":"Acts","link":"http:\/\/www.rockpixx.com\/wordpress\/category\/acts\/"},"img":{"alt_text":"Alive & Kicking, 18.05.2013, Laboe, f\u00f6rde festival 2013, Kurstrand","src":"https:\/\/i0.wp.com\/www.rockpixx.com\/wordpress\/wp-content\/uploads\/2013\/05\/20130518-03-064-alive-and-kicking-Artikel.jpg?resize=350%2C200","width":350,"height":200,"srcset":"https:\/\/i0.wp.com\/www.rockpixx.com\/wordpress\/wp-content\/uploads\/2013\/05\/20130518-03-064-alive-and-kicking-Artikel.jpg?resize=350%2C200 1x, https:\/\/i0.wp.com\/www.rockpixx.com\/wordpress\/wp-content\/uploads\/2013\/05\/20130518-03-064-alive-and-kicking-Artikel.jpg?resize=525%2C300 1.5x, https:\/\/i0.wp.com\/www.rockpixx.com\/wordpress\/wp-content\/uploads\/2013\/05\/20130518-03-064-alive-and-kicking-Artikel.jpg?resize=700%2C400 2x"},"classes":[]}],"jetpack_sharing_enabled":true,"publishpress_future_action":{"enabled":false,"date":"2026-05-07 09:02:27","action":"change-status","newStatus":"draft","terms":[],"taxonomy":"category","extraData":[]},"publishpress_future_workflow_manual_trigger":{"enabledWorkflows":[]},"_links":{"self":[{"href":"http:\/\/www.rockpixx.com\/wordpress\/wp-json\/wp\/v2\/posts\/10661","targetHints":{"allow":["GET"]}}],"collection":[{"href":"http:\/\/www.rockpixx.com\/wordpress\/wp-json\/wp\/v2\/posts"}],"about":[{"href":"http:\/\/www.rockpixx.com\/wordpress\/wp-json\/wp\/v2\/types\/post"}],"author":[{"embeddable":true,"href":"http:\/\/www.rockpixx.com\/wordpress\/wp-json\/wp\/v2\/users\/1"}],"replies":[{"embeddable":true,"href":"http:\/\/www.rockpixx.com\/wordpress\/wp-json\/wp\/v2\/comments?post=10661"}],"version-history":[{"count":0,"href":"http:\/\/www.rockpixx.com\/wordpress\/wp-json\/wp\/v2\/posts\/10661\/revisions"}],"wp:featuredmedia":[{"embeddable":true,"href":"http:\/\/www.rockpixx.com\/wordpress\/wp-json\/wp\/v2\/media\/10662"}],"wp:attachment":[{"href":"http:\/\/www.rockpixx.com\/wordpress\/wp-json\/wp\/v2\/media?parent=10661"}],"wp:term":[{"taxonomy":"category","embeddable":true,"href":"http:\/\/www.rockpixx.com\/wordpress\/wp-json\/wp\/v2\/categories?post=10661"},{"taxonomy":"post_tag","embeddable":true,"href":"http:\/\/www.rockpixx.com\/wordpress\/wp-json\/wp\/v2\/tags?post=10661"}],"curies":[{"name":"wp","href":"https:\/\/api.w.org\/{rel}","templated":true}]}}