{"id":10666,"date":"2013-05-08T12:56:03","date_gmt":"2013-05-08T11:56:03","guid":{"rendered":"http:\/\/rockpixx.com\/wordpress\/?p=10666"},"modified":"2019-06-11T09:02:18","modified_gmt":"2019-06-11T08:02:18","slug":"interview-mit-pictures-magazin-erscheint-ende-mai","status":"publish","type":"post","link":"http:\/\/www.rockpixx.com\/wordpress\/interview-mit-pictures-magazin-erscheint-ende-mai\/","title":{"rendered":"Interview mit \u201ePictures Magazin\u201c erscheint Ende Mai"},"content":{"rendered":"<p>Moin,<\/p>\n<p>vor ein paar Tagen schrieb ich ja schon, dass ich einen \u2192 <a title=\"Interview erfolgreich abgearbeitet\" href=\"http:\/\/rockpixx.com\/wordpress\/interview-erfolgreich-abgearbeitet\/\">Interviewtermin<\/a> gehabt habe. Nun habe ich die PDFs zur abschlie\u00dfenden Korrektur und Freigabe auf dem Tisch gehabt. <!--more--><\/p>\n<p>Was ich da auf insgesamt 6 Seiten gesehen habe, das gef\u00e4llt mir! Ab dem 26.05.2013 liegt das \u201ePictures Magazin\u201c dann bundesweit in den Zeitschriftenregalen. Wird es jetzt Zeit, dass wir uns \u00fcber einen PR-Berater Gedanken machen? Immerhin haben wir schon die n\u00e4chste Interview-Anfrage im Juni f\u00fcr einen Podcast bekommen\u2026<\/p>\n","protected":false},"excerpt":{"rendered":"<p>Moin, vor ein paar Tagen schrieb ich ja schon, dass ich einen \u2192 Interviewtermin gehabt <a href=\"http:\/\/www.rockpixx.com\/wordpress\/interview-mit-pictures-magazin-erscheint-ende-mai\/\">Read more<\/a><\/p>\n","protected":false},"author":1,"featured_media":10667,"comment_status":"closed","ping_status":"closed","sticky":false,"template":"","format":"standard","meta":{"_jetpack_memberships_contains_paid_content":false,"footnotes":"","jetpack_publicize_message":"Interview mit \u201ePictures Magazin\u201c erscheint Ende Mai","jetpack_publicize_feature_enabled":true,"jetpack_social_post_already_shared":true,"jetpack_social_options":{"image_generator_settings":{"template":"highway","default_image_id":0,"font":"","enabled":false},"version":2}},"categories":[899,19,1039,32,147,776],"tags":[],"class_list":["post-10666","post","type-post","status-publish","format-standard","has-post-thumbnail","hentry","category-899","category-backstage","category-egomania","category-sonstiges","category-veroffentlichungen","category-verschiedenes"],"aioseo_notices":[],"jetpack_publicize_connections":[],"jetpack_featured_media_url":"http:\/\/www.rockpixx.com\/wordpress\/wp-content\/uploads\/2013\/05\/20130508-Pictures-Magazin-2013-06-Interview.png","jetpack-related-posts":[{"id":1015,"url":"http:\/\/www.rockpixx.com\/wordpress\/ein-wochenende-mit-auf-tour\/","url_meta":{"origin":10666,"position":0},"title":"Ein Wochenende mit auf Tour","author":"admin","date":"20. Januar 2010","format":false,"excerpt":"Die Winter-Tour von \u201eBarock\u201c l\u00e4uft und sie l\u00e4uft gut. Zeit f\u00fcr mich also, wieder einmal ein Wochende mitzufahren. Nachdem am Wochenende zuvor Tief \u201eDaisy\u201c mir den Trip verleidet hatte, sollte es dann endlich am 15.\/16.01.2010 losgehen\u2026 Donnerstag, Anreise, Teil 1 Am 14.01.2010 geht's also nach N\u00fcrnberg, im Hotel bin ich\u2026","rel":"","context":"In &quot;2010&quot;","block_context":{"text":"2010","link":"http:\/\/www.rockpixx.com\/wordpress\/category\/backstage\/2010\/"},"img":{"alt_text":"2009\/2010: on tour...","src":"https:\/\/i0.wp.com\/www.rockpixx.com\/wordpress\/wp-content\/uploads\/2010\/01\/20090115-17-g10-018-tour2009.jpg?resize=350%2C200","width":350,"height":200,"srcset":"https:\/\/i0.wp.com\/www.rockpixx.com\/wordpress\/wp-content\/uploads\/2010\/01\/20090115-17-g10-018-tour2009.jpg?resize=350%2C200 1x, https:\/\/i0.wp.com\/www.rockpixx.com\/wordpress\/wp-content\/uploads\/2010\/01\/20090115-17-g10-018-tour2009.jpg?resize=525%2C300 1.5x, https:\/\/i0.wp.com\/www.rockpixx.com\/wordpress\/wp-content\/uploads\/2010\/01\/20090115-17-g10-018-tour2009.jpg?resize=700%2C400 2x"},"classes":[]},{"id":1063,"url":"http:\/\/www.rockpixx.com\/wordpress\/deichbrand-festival-2011-tag-0\/","url_meta":{"origin":10666,"position":1},"title":"Deichbrand Festival 2011, Tag 0","author":"admin","date":"21. Juli 2011","format":false,"excerpt":"Das \u201eMoin\u201c aus dem hohen Norden kommt schneller wieder, als man denkt... Nach der \u201eKieler Woche 2011\u201c h\u00e4tte ich auch nicht gedacht, dass ich so schnell schon wieder die A7 in den Norden hochfahre \u2013 dieses Mal gut 850 Kilometer Richtung Nordsee bei Cuxhaven. Drei Tage \u201eDeichbrand Festival 2011\u201c auf\u2026","rel":"","context":"In &quot;2011&quot;","block_context":{"text":"2011","link":"http:\/\/www.rockpixx.com\/wordpress\/category\/backstage\/2011\/"},"img":{"alt_text":"Deichbrand Festival 2011 | lost & found","src":"https:\/\/i0.wp.com\/www.rockpixx.com\/wordpress\/wp-content\/uploads\/2013\/03\/20110721-003.jpg?resize=350%2C200","width":350,"height":200,"srcset":"https:\/\/i0.wp.com\/www.rockpixx.com\/wordpress\/wp-content\/uploads\/2013\/03\/20110721-003.jpg?resize=350%2C200 1x, https:\/\/i0.wp.com\/www.rockpixx.com\/wordpress\/wp-content\/uploads\/2013\/03\/20110721-003.jpg?resize=525%2C300 1.5x, https:\/\/i0.wp.com\/www.rockpixx.com\/wordpress\/wp-content\/uploads\/2013\/03\/20110721-003.jpg?resize=700%2C400 2x"},"classes":[]},{"id":958,"url":"http:\/\/www.rockpixx.com\/wordpress\/ein-paar-worte-zum-thema-catering\/","url_meta":{"origin":10666,"position":2},"title":"Ein paar Worte zum Thema \u201eCatering\u201c","author":"admin","date":"17. November 2007","format":false,"excerpt":"Oft habe ich bei Konzerten die M\u00f6glichkeit gehabt, nicht nur im Graben zu stehen, sondern konnte mich als Gast der jeweiligen Bands auch ungehindert hinter der B\u00fchne bewegen. Dieser bei vielen begehrte \u201eAccess all areas\u201c-Ausweis er\u00f6ffnet seinem Tr\u00e4ger dann eine v\u00f6llig andere Welt als die, welche der normale Konzertbesucher w\u00e4hrend\u2026","rel":"","context":"In &quot;2007&quot;","block_context":{"text":"2007","link":"http:\/\/www.rockpixx.com\/wordpress\/category\/backstage\/2007\/"},"img":{"alt_text":"Catering","src":"https:\/\/i0.wp.com\/www.rockpixx.com\/wordpress\/wp-content\/uploads\/2007\/11\/20091010-0002.jpg?resize=350%2C200","width":350,"height":200,"srcset":"https:\/\/i0.wp.com\/www.rockpixx.com\/wordpress\/wp-content\/uploads\/2007\/11\/20091010-0002.jpg?resize=350%2C200 1x, https:\/\/i0.wp.com\/www.rockpixx.com\/wordpress\/wp-content\/uploads\/2007\/11\/20091010-0002.jpg?resize=525%2C300 1.5x, https:\/\/i0.wp.com\/www.rockpixx.com\/wordpress\/wp-content\/uploads\/2007\/11\/20091010-0002.jpg?resize=700%2C400 2x"},"classes":[]},{"id":8694,"url":"http:\/\/www.rockpixx.com\/wordpress\/was-ich-bei-einem-gig-alles-so-dabei-habe\/","url_meta":{"origin":10666,"position":3},"title":"Was ich bei einem Gig alles so dabei habe\u2026","author":"admin","date":"25. Januar 2008","format":false,"excerpt":"Oft werde ich gefragt, womit ich denn so fotografiere und was f\u00fcr Konzertfotografie denn nun die \u201erichtige Ausr\u00fcstung\u201c sei. Und genauso oft gibt es in diversen Internet-Fotoforen dar\u00fcber erbitterte Diskussionen \u2013 am lautesten oft von denjenigen Deppen gef\u00fchrt, die noch nie ein brauchbares Bild vorzeigen konnten bzw. \u00fcber den Status\u2026","rel":"","context":"In &quot;2008&quot;","block_context":{"text":"2008","link":"http:\/\/www.rockpixx.com\/wordpress\/category\/backstage\/2008\/"},"img":{"alt_text":"20080125-akt","src":"https:\/\/i0.wp.com\/rockpixx.com\/wordpress\/wp-content\/uploads\/2008\/01\/20080125-akt.jpg?resize=350%2C200","width":350,"height":200},"classes":[]},{"id":22535,"url":"http:\/\/www.rockpixx.com\/wordpress\/motoerizer-2022\/","url_meta":{"origin":10666,"position":4},"title":"Mot\u00f6rizer, 22.04.2022, Kiel, R\u00e4ucherei","author":"A. Hahl","date":"23. April 2022","format":false,"excerpt":"846 Tage ist es her, seit dem letzten Konzert von \u201eMot\u00f6rizer\u201c welches ich in Hamburg in der Markthalle fotografiert habe. Leider ist es auch generell 846 Tage her, seitdem ich zum letzten Mal (mit der Kamera in den H\u00e4nden) \u00fcberhaupt vor einer Konzertb\u00fchne gestanden habe.","rel":"","context":"In &quot;Acts&quot;","block_context":{"text":"Acts","link":"http:\/\/www.rockpixx.com\/wordpress\/category\/acts\/"},"img":{"alt_text":"Mot\u00f6rizer, 22.04.2022, Kiel, R\u00e4ucherei | rockpixx.com","src":"https:\/\/i0.wp.com\/www.rockpixx.com\/wordpress\/wp-content\/uploads\/2022\/04\/20220422-rp-109.jpg?resize=350%2C200","width":350,"height":200,"srcset":"https:\/\/i0.wp.com\/www.rockpixx.com\/wordpress\/wp-content\/uploads\/2022\/04\/20220422-rp-109.jpg?resize=350%2C200 1x, https:\/\/i0.wp.com\/www.rockpixx.com\/wordpress\/wp-content\/uploads\/2022\/04\/20220422-rp-109.jpg?resize=525%2C300 1.5x, https:\/\/i0.wp.com\/www.rockpixx.com\/wordpress\/wp-content\/uploads\/2022\/04\/20220422-rp-109.jpg?resize=700%2C400 2x"},"classes":[]},{"id":12226,"url":"http:\/\/www.rockpixx.com\/wordpress\/neon-dogs-01-09-2013-schleswig-rsh-kindertag\/","url_meta":{"origin":10666,"position":5},"title":"Neon Dogs, 01.09.2013, Schleswig, RSH-Kindertag","author":"Anja","date":"4. September 2013","format":false,"excerpt":"Genau bei diesem Auftritt hatte ich zum ersten Mal an diesem Tag das Gef\u00fchl auf dem Kintertag zu sein. Auf der B\u00fchne stehen die Neon Dogs \u2013 2007 als Sch\u00fclerband \u201ePausenbrot\u201c gegr\u00fcndet. Ende 2012 brachten sie dann unter dem neuen Bandnamen \u201eNeon Dogs\u201c das Lied \u201eBaustelle\u201c inklusive eines Videoclips auf\u2026","rel":"","context":"In &quot;Acts&quot;","block_context":{"text":"Acts","link":"http:\/\/www.rockpixx.com\/wordpress\/category\/acts\/"},"img":{"alt_text":"","src":"https:\/\/i0.wp.com\/www.rockpixx.com\/wordpress\/wp-content\/uploads\/2013\/09\/20130901-03-045_neon-dogs-Artikel.jpg?resize=350%2C200","width":350,"height":200,"srcset":"https:\/\/i0.wp.com\/www.rockpixx.com\/wordpress\/wp-content\/uploads\/2013\/09\/20130901-03-045_neon-dogs-Artikel.jpg?resize=350%2C200 1x, https:\/\/i0.wp.com\/www.rockpixx.com\/wordpress\/wp-content\/uploads\/2013\/09\/20130901-03-045_neon-dogs-Artikel.jpg?resize=525%2C300 1.5x, https:\/\/i0.wp.com\/www.rockpixx.com\/wordpress\/wp-content\/uploads\/2013\/09\/20130901-03-045_neon-dogs-Artikel.jpg?resize=700%2C400 2x"},"classes":[]}],"jetpack_sharing_enabled":true,"publishpress_future_action":{"enabled":false,"date":"2026-05-07 14:17:37","action":"change-status","newStatus":"draft","terms":[],"taxonomy":"category","extraData":[]},"publishpress_future_workflow_manual_trigger":{"enabledWorkflows":[]},"_links":{"self":[{"href":"http:\/\/www.rockpixx.com\/wordpress\/wp-json\/wp\/v2\/posts\/10666","targetHints":{"allow":["GET"]}}],"collection":[{"href":"http:\/\/www.rockpixx.com\/wordpress\/wp-json\/wp\/v2\/posts"}],"about":[{"href":"http:\/\/www.rockpixx.com\/wordpress\/wp-json\/wp\/v2\/types\/post"}],"author":[{"embeddable":true,"href":"http:\/\/www.rockpixx.com\/wordpress\/wp-json\/wp\/v2\/users\/1"}],"replies":[{"embeddable":true,"href":"http:\/\/www.rockpixx.com\/wordpress\/wp-json\/wp\/v2\/comments?post=10666"}],"version-history":[{"count":1,"href":"http:\/\/www.rockpixx.com\/wordpress\/wp-json\/wp\/v2\/posts\/10666\/revisions"}],"predecessor-version":[{"id":22194,"href":"http:\/\/www.rockpixx.com\/wordpress\/wp-json\/wp\/v2\/posts\/10666\/revisions\/22194"}],"wp:featuredmedia":[{"embeddable":true,"href":"http:\/\/www.rockpixx.com\/wordpress\/wp-json\/wp\/v2\/media\/10667"}],"wp:attachment":[{"href":"http:\/\/www.rockpixx.com\/wordpress\/wp-json\/wp\/v2\/media?parent=10666"}],"wp:term":[{"taxonomy":"category","embeddable":true,"href":"http:\/\/www.rockpixx.com\/wordpress\/wp-json\/wp\/v2\/categories?post=10666"},{"taxonomy":"post_tag","embeddable":true,"href":"http:\/\/www.rockpixx.com\/wordpress\/wp-json\/wp\/v2\/tags?post=10666"}],"curies":[{"name":"wp","href":"https:\/\/api.w.org\/{rel}","templated":true}]}}