{"id":10671,"date":"2013-05-08T13:15:21","date_gmt":"2013-05-08T12:15:21","guid":{"rendered":"http:\/\/rockpixx.com\/wordpress\/?p=10671"},"modified":"2013-05-08T13:34:56","modified_gmt":"2013-05-08T12:34:56","slug":"unser-banner-auf-dem-wallsbull-open-air-2013","status":"publish","type":"post","link":"http:\/\/www.rockpixx.com\/wordpress\/unser-banner-auf-dem-wallsbull-open-air-2013\/","title":{"rendered":"Unser Banner auf dem Wallsb\u00fcll Open Air 2013"},"content":{"rendered":"<p>\u201eDat wart legend\u00e4\u00e4\u00e4\u00e4\u00e4\u00e4r!\u201c \u2013 so die Werbung f\u00fcr das wieder ins Leben gerufene \u2192 \u201e<a title=\"PreView Wallsb\u00fcll Open Air 2013\" href=\"http:\/\/rockpixx.com\/wordpress\/preview-wallsbull-open-air-2013\/\">Wallsb\u00fcll Open Air<\/a>\u201c. Wie schon vor einiger Zeit geschrieben, \u2192 <a title=\"rockpixx.com offizielle Fotografen des Wallsb\u00fcll Open Air 2013\" href=\"http:\/\/rockpixx.com\/wordpress\/rockpixx-com-offizielle-fotografen-des-wallsbull-open-air-2013\/\">stellt rockpixx.com die offiziellen Fotografen<\/a>. <!--more--><\/p>\n<p>Und gerade eben bekamen wir noch per Mail ein Bild, welches unser frisch an der B\u00fchne anget\u00fcddeltes drei mal einen Meter gro\u00dfes Banner zeigt. Danke f\u00fcr das Bild an Stephan Heinrich von\u00a0 \u2192 <a title=\"sh-event | Veranstaltungstechnik\" href=\"http:\/\/www.s-h-event.de\/\" target=\"_blank\">sh-event<\/a>.<\/p>\n","protected":false},"excerpt":{"rendered":"<p>\u201eDat wart legend\u00e4\u00e4\u00e4\u00e4\u00e4\u00e4r!\u201c \u2013 so die Werbung f\u00fcr das wieder ins Leben gerufene \u2192 \u201eWallsb\u00fcll <a href=\"http:\/\/www.rockpixx.com\/wordpress\/unser-banner-auf-dem-wallsbull-open-air-2013\/\">Read more<\/a><\/p>\n","protected":false},"author":1,"featured_media":10672,"comment_status":"open","ping_status":"open","sticky":false,"template":"","format":"standard","meta":{"_jetpack_memberships_contains_paid_content":false,"footnotes":"","jetpack_publicize_message":"Unser Banner auf dem Wallsb\u00fcll Open Air 2013","jetpack_publicize_feature_enabled":true,"jetpack_social_post_already_shared":true,"jetpack_social_options":{"image_generator_settings":{"template":"highway","default_image_id":0,"font":"","enabled":false},"version":2}},"categories":[899,19,1039,147,776],"tags":[1097,2066],"class_list":["post-10671","post","type-post","status-publish","format-standard","has-post-thumbnail","hentry","category-899","category-backstage","category-egomania","category-veroffentlichungen","category-verschiedenes","tag-banner","tag-wallsbull-open-air-2013"],"aioseo_notices":[],"jetpack_publicize_connections":[],"jetpack_featured_media_url":"http:\/\/www.rockpixx.com\/wordpress\/wp-content\/uploads\/2013\/05\/20130508-banner-walsbuell.png","jetpack-related-posts":[{"id":10711,"url":"http:\/\/www.rockpixx.com\/wordpress\/montreal-09-05-2013-wallsbull-open-air-wallsbull\/","url_meta":{"origin":10671,"position":0},"title":"Montreal, 09.05.2013, Wallsb\u00fcll Open Air, Wallsb\u00fcll","author":"Anja","date":"12. Mai 2013","format":false,"excerpt":"Nun kommt Leben in die Bude! Vor der B\u00fchne geht der Pogo los, auf der B\u00fchne spielen drei Musiker, zwei Schornsteinfeger halten das Banner mit dem Bandnamen vor den Drums hoch und die Lufthoheit haben am fr\u00fchen Nachmittag jetzt eindeutig die mehr oder weniger gef\u00fcllten Bierbecher \u00fcbernommen, die Richtung B\u00fchne\u2026","rel":"","context":"In &quot;Acts&quot;","block_context":{"text":"Acts","link":"http:\/\/www.rockpixx.com\/wordpress\/category\/acts\/"},"img":{"alt_text":"Montreal, 09.05.2013, Wallsb\u00fcll, Wallsb\u00fcll Open Air 2013","src":"https:\/\/i0.wp.com\/www.rockpixx.com\/wordpress\/wp-content\/uploads\/2013\/05\/20130509-05-montreal-Artikel.jpg?resize=350%2C200","width":350,"height":200,"srcset":"https:\/\/i0.wp.com\/www.rockpixx.com\/wordpress\/wp-content\/uploads\/2013\/05\/20130509-05-montreal-Artikel.jpg?resize=350%2C200 1x, https:\/\/i0.wp.com\/www.rockpixx.com\/wordpress\/wp-content\/uploads\/2013\/05\/20130509-05-montreal-Artikel.jpg?resize=525%2C300 1.5x, https:\/\/i0.wp.com\/www.rockpixx.com\/wordpress\/wp-content\/uploads\/2013\/05\/20130509-05-montreal-Artikel.jpg?resize=700%2C400 2x"},"classes":[]},{"id":10685,"url":"http:\/\/www.rockpixx.com\/wordpress\/los-09-05-2013-wallsbull-open-air-wallsbull\/","url_meta":{"origin":10671,"position":1},"title":"LOS!, 09.05.2013, Wallsb\u00fcll Open Air, Wallsb\u00fcll","author":"Anja","date":"10. Mai 2013","format":false,"excerpt":"Er\u00f6ffnung der Open Air-Saison \u2013 Beginn des Rammstein Jahrs bei rockpixx.com Die diesj\u00e4hrige Neuauflage des Wallsb\u00fcll Open Airs wurde von der Rammstein-Coverband LOS! aus Kiel er\u00f6ffnet. Wer sich ein bisschen mit Open Airs auskennt, wei\u00df dass sich das Wetter dann gern von seiner schlechteren Seite zeigt. So sah es auch\u2026","rel":"","context":"In &quot;Acts&quot;","block_context":{"text":"Acts","link":"http:\/\/www.rockpixx.com\/wordpress\/category\/acts\/"},"img":{"alt_text":"LOS!","src":"https:\/\/i0.wp.com\/www.rockpixx.com\/wordpress\/wp-content\/uploads\/2013\/05\/20130509-01-los.jpg?resize=350%2C200","width":350,"height":200,"srcset":"https:\/\/i0.wp.com\/www.rockpixx.com\/wordpress\/wp-content\/uploads\/2013\/05\/20130509-01-los.jpg?resize=350%2C200 1x, https:\/\/i0.wp.com\/www.rockpixx.com\/wordpress\/wp-content\/uploads\/2013\/05\/20130509-01-los.jpg?resize=525%2C300 1.5x, https:\/\/i0.wp.com\/www.rockpixx.com\/wordpress\/wp-content\/uploads\/2013\/05\/20130509-01-los.jpg?resize=700%2C400 2x"},"classes":[]},{"id":10745,"url":"http:\/\/www.rockpixx.com\/wordpress\/5-kleine-jagermeister-09-05-2013-wallsbull-open-air-wallsbull\/","url_meta":{"origin":10671,"position":2},"title":"5 kleine J\u00e4germeister, 09.05.2013, Wallsb\u00fcll Open Air, Wallsb\u00fcll","author":"Anja","date":"14. Mai 2013","format":false,"excerpt":"Sp\u00e4t, sp\u00e4ter, 1:40 Uhr: Showtime! Als letzter Festival-Act stehen \u201e5 kleine J\u00e4germeister\u201c auf der B\u00fchne \u2013 auch eine Band, die wir schon \u2192\u00a02012 in Kiel auf der \u201eh\u00f6rn b\u00fchne\u201c fotografiert hatten. \u201e5 kleine J\u00e4germeister\u201c standen dieses Mal allerdings nur zu viert auf der B\u00fchne, ein Bandmitglied war krankheitsbedingt ausgefallen (an\u2026","rel":"","context":"In &quot;5 kleine J\u00e4germeister&quot;","block_context":{"text":"5 kleine J\u00e4germeister","link":"http:\/\/www.rockpixx.com\/wordpress\/category\/acts\/tributebands\/die-toten-hosen\/5-kleine-jagermeister\/"},"img":{"alt_text":"5 kleine J\u00e4germeister, 09.05.2013, Wallsb\u00fcll, Wallsb\u00fcll Open Air 2013","src":"https:\/\/i0.wp.com\/www.rockpixx.com\/wordpress\/wp-content\/uploads\/2013\/05\/20130509-10-5-kleine-jaegermeister-Artikel.jpg?resize=350%2C200","width":350,"height":200,"srcset":"https:\/\/i0.wp.com\/www.rockpixx.com\/wordpress\/wp-content\/uploads\/2013\/05\/20130509-10-5-kleine-jaegermeister-Artikel.jpg?resize=350%2C200 1x, https:\/\/i0.wp.com\/www.rockpixx.com\/wordpress\/wp-content\/uploads\/2013\/05\/20130509-10-5-kleine-jaegermeister-Artikel.jpg?resize=525%2C300 1.5x, https:\/\/i0.wp.com\/www.rockpixx.com\/wordpress\/wp-content\/uploads\/2013\/05\/20130509-10-5-kleine-jaegermeister-Artikel.jpg?resize=700%2C400 2x"},"classes":[]},{"id":10740,"url":"http:\/\/www.rockpixx.com\/wordpress\/zanity-09-05-2013-wallsbull-open-air-wallsbull\/","url_meta":{"origin":10671,"position":3},"title":"Zanity, 09.05.2013, Wallsb\u00fcll Open Air, Wallsb\u00fcll","author":"Anja","date":"14. Mai 2013","format":false,"excerpt":"Wenn man wiederholt auf Festivals in der Region fotografiert, dann bleibt es nicht aus, dass man die eine oder andere Band, welche ebenfalls aus der Region stammt, wiedertrifft. Wie schon bei \u2192\u00a0\u201eIllegal 2001\u201c an diesem Tag, so verh\u00e4lt es sich sp\u00e4t nachts auch mit \u201eZanity\u201c. Diese Band hatte im September\u2026","rel":"","context":"In &quot;Acts&quot;","block_context":{"text":"Acts","link":"http:\/\/www.rockpixx.com\/wordpress\/category\/acts\/"},"img":{"alt_text":"Zanity, 09.05.2013, Wallsb\u00fcll, Wallsb\u00fcll Open Air 2013","src":"https:\/\/i0.wp.com\/www.rockpixx.com\/wordpress\/wp-content\/uploads\/2013\/05\/20130509-09-zanity-Artikel.jpg?resize=350%2C200","width":350,"height":200,"srcset":"https:\/\/i0.wp.com\/www.rockpixx.com\/wordpress\/wp-content\/uploads\/2013\/05\/20130509-09-zanity-Artikel.jpg?resize=350%2C200 1x, https:\/\/i0.wp.com\/www.rockpixx.com\/wordpress\/wp-content\/uploads\/2013\/05\/20130509-09-zanity-Artikel.jpg?resize=525%2C300 1.5x, https:\/\/i0.wp.com\/www.rockpixx.com\/wordpress\/wp-content\/uploads\/2013\/05\/20130509-09-zanity-Artikel.jpg?resize=700%2C400 2x"},"classes":[]},{"id":10719,"url":"http:\/\/www.rockpixx.com\/wordpress\/killerpilze-09-05-2013-wallsbull-open-air-wallsbull\/","url_meta":{"origin":10671,"position":4},"title":"Killerpilze, 09.05.2013, Wallsb\u00fcll Open Air, Wallsb\u00fcll","author":"admin","date":"13. Mai 2013","format":false,"excerpt":"So langsam wird's etwas k\u00e4lter, die Musik bleibt gleich temperiert und das Licht wird in dem Ma\u00dfe ganz vorsichtig bunter, wie es auf dem Gel\u00e4nde nicht mehr so strahlend hell ist. F\u00fcr eine laue Sommer-Open-Air-Nacht fehlen zwar noch gef\u00fchlte 20\u00b0 C, aber es ist trocken und wir sind ja hoch\u2026","rel":"","context":"In &quot;Acts&quot;","block_context":{"text":"Acts","link":"http:\/\/www.rockpixx.com\/wordpress\/category\/acts\/"},"img":{"alt_text":"Killerpilze, 09.05.2013, Wallsb\u00fcll, Wallsb\u00fcll Open Air 2013","src":"https:\/\/i0.wp.com\/www.rockpixx.com\/wordpress\/wp-content\/uploads\/2013\/05\/20130509-06-killerpilze-Artikel.jpg?resize=350%2C200","width":350,"height":200,"srcset":"https:\/\/i0.wp.com\/www.rockpixx.com\/wordpress\/wp-content\/uploads\/2013\/05\/20130509-06-killerpilze-Artikel.jpg?resize=350%2C200 1x, https:\/\/i0.wp.com\/www.rockpixx.com\/wordpress\/wp-content\/uploads\/2013\/05\/20130509-06-killerpilze-Artikel.jpg?resize=525%2C300 1.5x, https:\/\/i0.wp.com\/www.rockpixx.com\/wordpress\/wp-content\/uploads\/2013\/05\/20130509-06-killerpilze-Artikel.jpg?resize=700%2C400 2x"},"classes":[]},{"id":13973,"url":"http:\/\/www.rockpixx.com\/wordpress\/dorrn-29-05-2014-wallsbuell-openair-schafflund\/","url_meta":{"origin":10671,"position":5},"title":"dorrn, 29.05.2014, Wallsb\u00fcll OpenAir, Schafflund","author":"admin","date":"5. Juni 2014","format":false,"excerpt":"F\u00fcr das Protokoll: Die waren auch da \u2013 aber warum eigentlich? Aus der Rubrik \u201eVerriss der Woche\u201c (Eine andere \u2013 wegen anhaltender Erfolgslosigkeit mittlerweile aufgel\u00f6ste \u2013 Band hat uns vor Jahren ja mal unterstellt, wir br\u00e4uchten das f\u00fcr unser Ego, weil wir eigentlich nur arme Wichte seien.): Wenn also Fotografen,\u2026","rel":"","context":"In &quot;Acts&quot;","block_context":{"text":"Acts","link":"http:\/\/www.rockpixx.com\/wordpress\/category\/acts\/"},"img":{"alt_text":"dorrn, 29.05.2014, Schafflund, Wallsb\u00fcll OpenAir","src":"https:\/\/i0.wp.com\/www.rockpixx.com\/wordpress\/wp-content\/uploads\/2014\/06\/20140529-12-009.jpg?resize=350%2C200","width":350,"height":200,"srcset":"https:\/\/i0.wp.com\/www.rockpixx.com\/wordpress\/wp-content\/uploads\/2014\/06\/20140529-12-009.jpg?resize=350%2C200 1x, https:\/\/i0.wp.com\/www.rockpixx.com\/wordpress\/wp-content\/uploads\/2014\/06\/20140529-12-009.jpg?resize=525%2C300 1.5x, https:\/\/i0.wp.com\/www.rockpixx.com\/wordpress\/wp-content\/uploads\/2014\/06\/20140529-12-009.jpg?resize=700%2C400 2x"},"classes":[]}],"jetpack_sharing_enabled":true,"publishpress_future_action":{"enabled":false,"date":"2026-05-07 11:33:46","action":"change-status","newStatus":"draft","terms":[],"taxonomy":"category","extraData":[]},"publishpress_future_workflow_manual_trigger":{"enabledWorkflows":[]},"_links":{"self":[{"href":"http:\/\/www.rockpixx.com\/wordpress\/wp-json\/wp\/v2\/posts\/10671","targetHints":{"allow":["GET"]}}],"collection":[{"href":"http:\/\/www.rockpixx.com\/wordpress\/wp-json\/wp\/v2\/posts"}],"about":[{"href":"http:\/\/www.rockpixx.com\/wordpress\/wp-json\/wp\/v2\/types\/post"}],"author":[{"embeddable":true,"href":"http:\/\/www.rockpixx.com\/wordpress\/wp-json\/wp\/v2\/users\/1"}],"replies":[{"embeddable":true,"href":"http:\/\/www.rockpixx.com\/wordpress\/wp-json\/wp\/v2\/comments?post=10671"}],"version-history":[{"count":0,"href":"http:\/\/www.rockpixx.com\/wordpress\/wp-json\/wp\/v2\/posts\/10671\/revisions"}],"wp:featuredmedia":[{"embeddable":true,"href":"http:\/\/www.rockpixx.com\/wordpress\/wp-json\/wp\/v2\/media\/10672"}],"wp:attachment":[{"href":"http:\/\/www.rockpixx.com\/wordpress\/wp-json\/wp\/v2\/media?parent=10671"}],"wp:term":[{"taxonomy":"category","embeddable":true,"href":"http:\/\/www.rockpixx.com\/wordpress\/wp-json\/wp\/v2\/categories?post=10671"},{"taxonomy":"post_tag","embeddable":true,"href":"http:\/\/www.rockpixx.com\/wordpress\/wp-json\/wp\/v2\/tags?post=10671"}],"curies":[{"name":"wp","href":"https:\/\/api.w.org\/{rel}","templated":true}]}}