{"id":1068,"date":"2011-09-01T00:06:46","date_gmt":"2011-08-31T23:06:46","guid":{"rendered":"http:\/\/blog.rockpixx.com\/?p=542"},"modified":"2013-03-02T13:18:56","modified_gmt":"2013-03-02T12:18:56","slug":"summerdays-festival-in-arbon","status":"publish","type":"post","link":"http:\/\/www.rockpixx.com\/wordpress\/summerdays-festival-in-arbon\/","title":{"rendered":"Summerdays Festival in Arbon"},"content":{"rendered":"<p>Es ist das letzte Augustwochenende und wir hoffen, dass uns das Wetter nicht im Stich l\u00e4sst. Die vorherige Woche st\u00f6hnte ganz Mitteleuropa unter der tropischen Hitze und so war f\u00fcr das Wochenende Regen angesagt. Davon lie\u00dfen wir uns nicht unterkriegen und sind am Freitag Richtung Bodensee aufgebrochen.<!--more--><\/p>\n<p>So wie letztes Jahr sind wir auch dieses Mal Richtung Backstagebereich gefahren, da die Beschreibung, wo wir parken d\u00fcrften, irgendwie unklar beschrieben stand bzw. auch nicht so gut in Arbon ausgeschildert war. Also hie\u00df es wieder zur\u00fcck durch die Stadt auf der Suche nach dem Festivalparkplatz. Unsere Stimmung begann zu sinken. Dann nach einigen Irrwegen fanden wir den Parkplatz und waren ganz schnell 10 Franken los\u2026 ein nicht gerade g\u00fcnstiges Vergn\u00fcgen bei dem Frankenkurs, aber was soll\u2019s.<\/p>\n<p>Dann ging es zur\u00fcck zum Festivalgel\u00e4nde direkt am Ufer des Bodensees. Nach 15 Minuten strammen Fu\u00dfmarsches standen wir dann am Eingang zum Gel\u00e4nde um festzustellen, dass wir den ersten Gig des Festivals mit Marla Glen in den Wind schreiben konnten, da sie bereits auf der B\u00fchne stand. Wer sich jetzt fragt, warum wir nicht aus dem Publikum fotografiert hatten, dem sei erkl\u00e4rt, dass dies f\u00fcr die akkreditierten Fotografen ausdr\u00fccklich nicht gestattet war. Wir durften die ersten 3 Songs im Graben fotografieren\u2026 mehr nicht. Okay damit kann man leben, nur halt nicht so wie diese Regelung in Arbon gehandhabt wurde. W\u00e4re \u00fcbrigens alles so \u201enormal\u201c gelaufen, wie im Jahr zuvor, dann h\u00e4tten wir noch vor Marla Glen alle Zeit der Welt gehabt, um uns ganz bequem und rechtzeitig am Grabeneingang einzufinden.<\/p>\n<p>Also hie\u00df es warten, damit wir in den Graben zu\u00a0\u2192 \u201e<a title=\"Eric Burdon and The Animals, 26.08.2011, Arbon (CH), Seepromenade\" href=\"http:\/\/rockpixx.com\/wordpress\/eric-burdon-and-the-animals-26-08-2011-arbon-ch-seepromenade\/\">Eric Burdon and The Animals<\/a>\u201c durften.<br \/>\nNach einer Stunde Wartezeit und Kampf durch die Massen durften wir dann in den Graben bzw. in einen 2m breiten abgesperrten Bereich am \u00e4u\u00dfersten linken B\u00fchnenrand. Da standen wir jetzt\u2026 ca. 10 Fotografen wie Sardinen in einer B\u00fcchse. Nur der Kollege vom Veranstalter durfte sich im gesamten Graben austoben.<\/p>\n<p>Okay, so sind halt die Regeln, dachten wir\u2026 machen wir also das Beste daraus. Aber es kam noch schlimmer: W\u00e4hrend der ersten 3 Songs sprang doch tats\u00e4chlich ein Kollege der \u201ebewegten Bilder\u201c (alle Konzerte wurden auf Video mitgeschnitten) st\u00e4ndig auf der B\u00fchne vor den Graben herum, aus dem wir versuchten, unsere Arbeit zu machen. Mehr als einmal fluchten wir, weil uns die Sicht auf die Musiker verdeckt wurde. Zudem sahen wir aus unserer Position auch nur den R\u00fccken des Keyboarders, der Bassist war von den Keyboards komplett verdeckt und der Gitarrist war im hinteren Teil der B\u00fchne ob deren H\u00f6he sowieso nicht auszumachen.<\/p>\n<p>Nach den 3 Songs wurden wir aus unserem Pferch wieder in den Publikumsbereich entlassen. Und nun hatten wir 2 Optionen \u2013 zum einen einfach warten und dann das gleiche Spiel wiederholen. Eine Bearbeitung der gemachten Aufnahmen war nicht m\u00f6glich zwischen den feiernden Zuschauern. Die zweite Option war, sich aus den Massen herauszuk\u00e4mpfen, irgendwo eine Sitzgelegenheit zu finden, wo wir schon mal die Aufnahmen sichten konnten und uns dann im Anschluss wieder zur\u00fcckzuk\u00e4mpfen. Dieses Spiel h\u00e4tten wir dann noch 3 Mal an diesem Abend machen d\u00fcrfen.<\/p>\n<p>Wir entschieden uns f\u00fcr die 3. Option: Equipment einpacken und das \u201eSummerdays\u201c \u201eSummerdays\u201c sein lassen. Wir hatten den Eindruck gewonnen, dass die Veranstalter keine Fotografen vor Ort haben wollen, da sie ja ihren eigenen Fotografen im Graben hatten. Damit haben wir im Grunde genommen kein Problem, doch dann sollte man als Partner so fair sein, dieses schon bei der Akkri-Anfrage zu sagen. Das h\u00e4tte uns viel Zeit und auch Kosten gespart. Zur ganzen Situation vor Ort passte \u00fcbrigens auch der mit der Akkri-Best\u00e4tigung unter \u201eferner liefen\u201c mitgeschickte lapidare Hinweis, dass es keinen Pressebereich auf dem Festivalgel\u00e4nde mehr geben w\u00fcrde. Schade \u2013 wo soll man dann noch sein Zeugs lassen bzw. zwischen den einzelnen Acts bei schlechtem Wetter arbeiten k\u00f6nnen? Es ist wenig sinnvoll, wenn Fotografen mit Foto- und EDV-Equipment im Wert von mehreren Tausend Euros im pladdernden Regen im freien Gel\u00e4nde Bilddateien kopieren, sichten und verschlagworten sollen.<\/p>\n<p>Wir haben der ganzen Sache dann doch noch eine positive Seite abgewonnen und uns einen sch\u00f6nen Abend auf dem Bregenzer Stadtfest gemacht. (Dort war \u00fcbrigens direkt an der Seepromenade auch ein Stand, wo es die oben abgebildeten tollen Miniaturgitarren gab\u2026)<\/p>\n<p>Am n\u00e4chsten Tag ging es mit 30\u00b0 weniger auf dem Thermometer Richtung Heimat und dem Ergebnis, dass das Summerdays Festival in Arbon unter solchen Voraussetzungen in unserem Arbeitskalender keinen Platz mehr haben wird. Wir werden davon nicht mehr berichten. Wir sind professionelles Arbeiten gew\u00f6hnt und nicht so einen stiefm\u00fctterlichen Umgang mit der Presse.<\/p>\n","protected":false},"excerpt":{"rendered":"<p>Es ist das letzte Augustwochenende und wir hoffen, dass uns das Wetter nicht im Stich <a href=\"http:\/\/www.rockpixx.com\/wordpress\/summerdays-festival-in-arbon\/\">Read more<\/a><\/p>\n","protected":false},"author":1,"featured_media":9564,"comment_status":"open","ping_status":"open","sticky":false,"template":"","format":"standard","meta":{"_jetpack_memberships_contains_paid_content":false,"footnotes":"","jetpack_publicize_message":"Summerdays Festival in Arbon http:\/\/rockpixx.com\/wordpress\/?p=1068","jetpack_publicize_feature_enabled":true,"jetpack_social_post_already_shared":true,"jetpack_social_options":{"image_generator_settings":{"template":"highway","default_image_id":0,"font":"","enabled":false},"version":2}},"categories":[154,19],"tags":[1733,161,913,231,133,232],"class_list":["post-1068","post","type-post","status-publish","format-standard","has-post-thumbnail","hentry","category-154","category-backstage","tag-1733","tag-akkreditierung","tag-arbon-summerdays-festival","tag-argerliches","tag-festivals","tag-ruckblick"],"aioseo_notices":[],"jetpack_publicize_connections":[],"jetpack_featured_media_url":"http:\/\/www.rockpixx.com\/wordpress\/wp-content\/uploads\/2013\/03\/20110901-20110826-IMG_1955.jpg","jetpack-related-posts":[{"id":8312,"url":"http:\/\/www.rockpixx.com\/wordpress\/eric-burdon-and-the-animals-26-08-2011-arbon-ch-seepromenade\/","url_meta":{"origin":1068,"position":0},"title":"Eric Burdon and The Animals, 26.08.2011, Arbon (CH), Seepromenade","author":"Anja","date":"26. August 2011","format":false,"excerpt":"Das steht nun also eine Legende oberhalb von uns auf der B\u00fchne: Eric Burdon \u2013 im Mai 2011 70 Jahre jung geworden \u2013 und zelebriert vor einigen tausend Fans die Stationen seiner einzigartigen fast f\u00fcnfzigj\u00e4hrigen Karriere. Dass \u201eEric Burdon & The Animals\u201c auf den Plakaten steht, obwohl es \u201eThe Animals\u201c\u2026","rel":"","context":"In &quot;Acts&quot;","block_context":{"text":"Acts","link":"http:\/\/www.rockpixx.com\/wordpress\/category\/acts\/"},"img":{"alt_text":"Eric Burdon and The Animals, 26.08.2011, Arbon (CH), Seepromenade","src":"https:\/\/i0.wp.com\/www.rockpixx.com\/wordpress\/wp-content\/uploads\/2013\/02\/20110826-eric-burdon-Artikel.jpg?resize=350%2C200","width":350,"height":200,"srcset":"https:\/\/i0.wp.com\/www.rockpixx.com\/wordpress\/wp-content\/uploads\/2013\/02\/20110826-eric-burdon-Artikel.jpg?resize=350%2C200 1x, https:\/\/i0.wp.com\/www.rockpixx.com\/wordpress\/wp-content\/uploads\/2013\/02\/20110826-eric-burdon-Artikel.jpg?resize=525%2C300 1.5x, https:\/\/i0.wp.com\/www.rockpixx.com\/wordpress\/wp-content\/uploads\/2013\/02\/20110826-eric-burdon-Artikel.jpg?resize=700%2C400 2x"},"classes":[]},{"id":7278,"url":"http:\/\/www.rockpixx.com\/wordpress\/barock-27-08-2010-arbon-ch-seepromenade\/","url_meta":{"origin":1068,"position":1},"title":"Barock, 27.08.2010, Arbon (CH), Seepromenade","author":"Anja","date":"27. August 2010","format":false,"excerpt":"Auf das Wohlwollen von Petrus h\u00e4tten wir uns nicht komplett verlassen sollen, denn f\u00fcr den letzten Act des Abends hat er es uns versagt. Schon vor Beginn des letzen Konzertes mit \u201eBarock\u201c um Mitternacht \u00f6ffnete der Schweizer Himmel seine Schleusen. An dieser Stelle sei zu erw\u00e4hnen, dass das Publikum trotz\u2026","rel":"","context":"In &quot;AC\/DC&quot;","block_context":{"text":"AC\/DC","link":"http:\/\/www.rockpixx.com\/wordpress\/category\/acts\/tributebands\/acdc\/"},"img":{"alt_text":"Barock, 27.08.2010, Arbon (CH), Seepromenade","src":"https:\/\/i0.wp.com\/www.rockpixx.com\/wordpress\/wp-content\/uploads\/2013\/01\/20100827-05-barock-Artikel.jpg?resize=350%2C200","width":350,"height":200,"srcset":"https:\/\/i0.wp.com\/www.rockpixx.com\/wordpress\/wp-content\/uploads\/2013\/01\/20100827-05-barock-Artikel.jpg?resize=350%2C200 1x, https:\/\/i0.wp.com\/www.rockpixx.com\/wordpress\/wp-content\/uploads\/2013\/01\/20100827-05-barock-Artikel.jpg?resize=525%2C300 1.5x, https:\/\/i0.wp.com\/www.rockpixx.com\/wordpress\/wp-content\/uploads\/2013\/01\/20100827-05-barock-Artikel.jpg?resize=700%2C400 2x"},"classes":[]},{"id":7245,"url":"http:\/\/www.rockpixx.com\/wordpress\/barclay-james-harvest-feat-les-holroyd-27-08-2010-arbon-ch-seepromenade\/","url_meta":{"origin":1068,"position":2},"title":"Barclay James Harvest feat. Les Holroyd, 27.08.2010, Arbon (CH), Seepromenade","author":"Anja","date":"27. August 2010","format":false,"excerpt":"Bislang spielte das Wetter einigerma\u00dfen mit, bei \u201eBarclay James Harvest feat. Les Holroyd\u201c sollten dann schon ein paar Tropen auf Publikum und Fotografen im Graben niedergehen. Mittlerweile ist auch deutlich zu sehen, dass der Freitag des Festivals ausverkauft ist: Zwischen zehn- und zw\u00f6lftausend Besucher sind vor der B\u00fchne guter Stimmung.\u00a0\u2026","rel":"","context":"In &quot;Acts&quot;","block_context":{"text":"Acts","link":"http:\/\/www.rockpixx.com\/wordpress\/category\/acts\/"},"img":{"alt_text":"Barclay James Harvest feat. Les Holroyd, 27.08.2010, Arbon (CH), Seepromenade","src":"https:\/\/i0.wp.com\/www.rockpixx.com\/wordpress\/wp-content\/uploads\/2013\/01\/20100827-03-bjh-Artikel.jpg?resize=350%2C200","width":350,"height":200,"srcset":"https:\/\/i0.wp.com\/www.rockpixx.com\/wordpress\/wp-content\/uploads\/2013\/01\/20100827-03-bjh-Artikel.jpg?resize=350%2C200 1x, https:\/\/i0.wp.com\/www.rockpixx.com\/wordpress\/wp-content\/uploads\/2013\/01\/20100827-03-bjh-Artikel.jpg?resize=525%2C300 1.5x, https:\/\/i0.wp.com\/www.rockpixx.com\/wordpress\/wp-content\/uploads\/2013\/01\/20100827-03-bjh-Artikel.jpg?resize=700%2C400 2x"},"classes":[]},{"id":7227,"url":"http:\/\/www.rockpixx.com\/wordpress\/canned-heat-27-08-2010-arbon-ch-seepromenade\/","url_meta":{"origin":1068,"position":3},"title":"Canned Heat, 27.08.2010, Arbon (CH), Seepromenade","author":"Anja","date":"27. August 2010","format":false,"excerpt":"Der n\u00e4chste Gig geh\u00f6rte \u201eCanned Heat\u201c, welche ebenfalls in Woodstock gespielt haben. \u201eOn the Road again\u201c ist wohl einer ihrer bekanntesten Songs mit dem sie Ihr Konzert auch er\u00f6ffneten. Und schon hatte man das Gef\u00fchl in einem Cadillac \u00fcber die Highways zu cruisen\u2026\u00a0 Auch diese Band rockte trotz des Alters\u2026","rel":"","context":"In &quot;Acts&quot;","block_context":{"text":"Acts","link":"http:\/\/www.rockpixx.com\/wordpress\/category\/acts\/"},"img":{"alt_text":"Canned Heat, 27.08.2010, Arbon (CH), Seepromenade","src":"https:\/\/i0.wp.com\/www.rockpixx.com\/wordpress\/wp-content\/uploads\/2013\/01\/20100827-02-canned-heat-Artikel.jpg?resize=350%2C200","width":350,"height":200,"srcset":"https:\/\/i0.wp.com\/www.rockpixx.com\/wordpress\/wp-content\/uploads\/2013\/01\/20100827-02-canned-heat-Artikel.jpg?resize=350%2C200 1x, https:\/\/i0.wp.com\/www.rockpixx.com\/wordpress\/wp-content\/uploads\/2013\/01\/20100827-02-canned-heat-Artikel.jpg?resize=525%2C300 1.5x, https:\/\/i0.wp.com\/www.rockpixx.com\/wordpress\/wp-content\/uploads\/2013\/01\/20100827-02-canned-heat-Artikel.jpg?resize=700%2C400 2x"},"classes":[]},{"id":7079,"url":"http:\/\/www.rockpixx.com\/wordpress\/ten-years-after-27-08-2010-arbon-ch-seepromenade\/","url_meta":{"origin":1068,"position":4},"title":"Ten Years After, 27.08.2010, Arbon (CH), Seepromenade","author":"Anja","date":"27. August 2010","format":false,"excerpt":"Ein Festivaltermin steht wieder einmal an. Heute f\u00fchrt er uns in die Schweiz an den Bodensee zum \u201eSummerDays-Festival\u201c in Arbon. Die Wetteraussichten lassen keine gro\u00dfe Freude bei uns aufkommen: Es gie\u00dft beim Losfahren wie aus K\u00fcbeln. Am Bodensee ist dann das Wetter allerdings etwas besser, so dass der erste von\u2026","rel":"","context":"In &quot;Acts&quot;","block_context":{"text":"Acts","link":"http:\/\/www.rockpixx.com\/wordpress\/category\/acts\/"},"img":{"alt_text":"Ten Years After, 27.08.2010, Arbon (CH), Seepromenade","src":"https:\/\/i0.wp.com\/www.rockpixx.com\/wordpress\/wp-content\/uploads\/2013\/01\/20100827-01-ten-years-after-Artikel.jpg?resize=350%2C200","width":350,"height":200,"srcset":"https:\/\/i0.wp.com\/www.rockpixx.com\/wordpress\/wp-content\/uploads\/2013\/01\/20100827-01-ten-years-after-Artikel.jpg?resize=350%2C200 1x, https:\/\/i0.wp.com\/www.rockpixx.com\/wordpress\/wp-content\/uploads\/2013\/01\/20100827-01-ten-years-after-Artikel.jpg?resize=525%2C300 1.5x, https:\/\/i0.wp.com\/www.rockpixx.com\/wordpress\/wp-content\/uploads\/2013\/01\/20100827-01-ten-years-after-Artikel.jpg?resize=700%2C400 2x"},"classes":[]},{"id":7261,"url":"http:\/\/www.rockpixx.com\/wordpress\/status-quo-27-08-2010-arbon-ch-seepromenade\/","url_meta":{"origin":1068,"position":5},"title":"Status Quo, 27.08.2010, Arbon (CH), Seepromenade","author":"Anja","date":"27. August 2010","format":false,"excerpt":"Der Headliner des Abends ist dann \u201eStatus Quo\u201c und was diesmal sch\u00f6n f\u00fcr die Fotografen ist, ist dass \u201eStatus Quo\u201c als einzige Band dieses Tages keine Filmaufnahmen f\u00fcr das Konzert zulassen. So befindet sich also w\u00e4hrend des Fotografierens nicht st\u00e4ndig ein Kamerawagen vor der Linse. Als weiteres Plus kam das\u2026","rel":"","context":"In &quot;Acts&quot;","block_context":{"text":"Acts","link":"http:\/\/www.rockpixx.com\/wordpress\/category\/acts\/"},"img":{"alt_text":"Status Quo, 27.08.2010, Arbon (CH), Seepromenade","src":"https:\/\/i0.wp.com\/www.rockpixx.com\/wordpress\/wp-content\/uploads\/2013\/01\/20100827-04-status-quo-Artikel.jpg?resize=350%2C200","width":350,"height":200,"srcset":"https:\/\/i0.wp.com\/www.rockpixx.com\/wordpress\/wp-content\/uploads\/2013\/01\/20100827-04-status-quo-Artikel.jpg?resize=350%2C200 1x, https:\/\/i0.wp.com\/www.rockpixx.com\/wordpress\/wp-content\/uploads\/2013\/01\/20100827-04-status-quo-Artikel.jpg?resize=525%2C300 1.5x, https:\/\/i0.wp.com\/www.rockpixx.com\/wordpress\/wp-content\/uploads\/2013\/01\/20100827-04-status-quo-Artikel.jpg?resize=700%2C400 2x"},"classes":[]}],"jetpack_sharing_enabled":true,"publishpress_future_action":{"enabled":false,"date":"2026-05-07 07:38:36","action":"change-status","newStatus":"draft","terms":[],"taxonomy":"category","extraData":[]},"publishpress_future_workflow_manual_trigger":{"enabledWorkflows":[]},"_links":{"self":[{"href":"http:\/\/www.rockpixx.com\/wordpress\/wp-json\/wp\/v2\/posts\/1068","targetHints":{"allow":["GET"]}}],"collection":[{"href":"http:\/\/www.rockpixx.com\/wordpress\/wp-json\/wp\/v2\/posts"}],"about":[{"href":"http:\/\/www.rockpixx.com\/wordpress\/wp-json\/wp\/v2\/types\/post"}],"author":[{"embeddable":true,"href":"http:\/\/www.rockpixx.com\/wordpress\/wp-json\/wp\/v2\/users\/1"}],"replies":[{"embeddable":true,"href":"http:\/\/www.rockpixx.com\/wordpress\/wp-json\/wp\/v2\/comments?post=1068"}],"version-history":[{"count":0,"href":"http:\/\/www.rockpixx.com\/wordpress\/wp-json\/wp\/v2\/posts\/1068\/revisions"}],"wp:featuredmedia":[{"embeddable":true,"href":"http:\/\/www.rockpixx.com\/wordpress\/wp-json\/wp\/v2\/media\/9564"}],"wp:attachment":[{"href":"http:\/\/www.rockpixx.com\/wordpress\/wp-json\/wp\/v2\/media?parent=1068"}],"wp:term":[{"taxonomy":"category","embeddable":true,"href":"http:\/\/www.rockpixx.com\/wordpress\/wp-json\/wp\/v2\/categories?post=1068"},{"taxonomy":"post_tag","embeddable":true,"href":"http:\/\/www.rockpixx.com\/wordpress\/wp-json\/wp\/v2\/tags?post=1068"}],"curies":[{"name":"wp","href":"https:\/\/api.w.org\/{rel}","templated":true}]}}