{"id":1069,"date":"2011-09-07T22:57:07","date_gmt":"2011-09-07T20:57:07","guid":{"rendered":"http:\/\/blog.rockpixx.com\/?p=547"},"modified":"2013-03-02T11:59:19","modified_gmt":"2013-03-02T10:59:19","slug":"kieler-woche-2012-tag-282","status":"publish","type":"post","link":"http:\/\/www.rockpixx.com\/wordpress\/kieler-woche-2012-tag-282\/","title":{"rendered":"Kieler Woche 2012, Tag -282"},"content":{"rendered":"<p>Moin,<\/p>\n<p>ok, es sind noch gut 280 Tage, bis es wieder losgeht aber ein paar News k\u00f6nnen ja nicht schaden\u2026<\/p>\n<p><img loading=\"lazy\" decoding=\"async\" data-attachment-id=\"9566\" data-permalink=\"http:\/\/www.rockpixx.com\/wordpress\/kieler-woche-2012-tag-282\/20110907-plakat_2012\/\" data-orig-file=\"http:\/\/www.rockpixx.com\/wordpress\/wp-content\/uploads\/2013\/03\/20110907-plakat_2012.jpg\" data-orig-size=\"250,352\" data-comments-opened=\"0\" data-image-meta=\"{&quot;aperture&quot;:&quot;0&quot;,&quot;credit&quot;:&quot;&quot;,&quot;camera&quot;:&quot;&quot;,&quot;caption&quot;:&quot;&quot;,&quot;created_timestamp&quot;:&quot;0&quot;,&quot;copyright&quot;:&quot;&quot;,&quot;focal_length&quot;:&quot;0&quot;,&quot;iso&quot;:&quot;0&quot;,&quot;shutter_speed&quot;:&quot;0&quot;,&quot;title&quot;:&quot;&quot;}\" data-image-title=\"Plakat Kieler Woche 2012\" data-image-description=\"\" data-image-caption=\"\" data-large-file=\"http:\/\/www.rockpixx.com\/wordpress\/wp-content\/uploads\/2013\/03\/20110907-plakat_2012.jpg\" class=\"alignleft size-full wp-image-9566\" alt=\"Plakat Kieler Woche 2012\" src=\"http:\/\/rockpixx.com\/wordpress\/wp-content\/uploads\/2013\/03\/20110907-plakat_2012.jpg\" width=\"250\" height=\"352\" srcset=\"http:\/\/www.rockpixx.com\/wordpress\/wp-content\/uploads\/2013\/03\/20110907-plakat_2012.jpg 250w, http:\/\/www.rockpixx.com\/wordpress\/wp-content\/uploads\/2013\/03\/20110907-plakat_2012-213x300.jpg 213w\" sizes=\"auto, (max-width: 250px) 100vw, 250px\" \/>Also \u2013 die erste Neuigkeit lautet: Das Plakat ist da! Das Design f\u00fcr&#8217;s n\u00e4chste Jahr kommt dieses Jahr von Ariane Spanier aus Berlin und gef\u00e4llt mir ganz gut.<\/p>\n<p>Und die zweite Neuigkeit? Vor ein paar Tagen hat mach3 in Kiel ganz lapidar verk\u00fcndet, dass die drei Radiosender r.sh, delta und Radio NORA im folgenden Jahr nicht mehr die \u201eUnser Norden-B\u00fchne\u201c betreiben werden. Es gab wohl zu viele Hemmnisse (und wohl auch Umsatzeinbu\u00dfen bei den dort vertretenen Gastronomen) ob des in diesem Jahr an der H\u00f6rn erstmalig ein- und durchgef\u00fchrten Sicherheitskonzeptes. Wir sind jedenfalls mal gespannt, ob und inwieweit der Wegfall einer etablierten B\u00fchne kompensiert werden kann bzw. wird\u2026 Nun bleibt ja f\u00fcr die \u201egro\u00dfen Namen\u201c eigentlich nur noch die NDR-B\u00fchne \u00fcbrig. Die anderen gro\u00dfen B\u00fchnen machen ja eher ein Programm in Richtung \u201eKultur und von allem etwas\u201c (Rathausb\u00fchne), \u201ePartyacts\u201c (Musikzelt) und \u201eviele Top-Tributebands\u201c (MAXB\u00fchne). Es w\u00e4re fatal, wenn sich (aktuelle) Topacts nur noch beim NDR einfinden w\u00fcrden &#8211; sowohl von der musikalischen Vielfalt her als auch von der Lenkung der Besucherstr\u00f6me.<\/p>\n","protected":false},"excerpt":{"rendered":"<p>Moin, ok, es sind noch gut 280 Tage, bis es wieder losgeht aber ein paar <a href=\"http:\/\/www.rockpixx.com\/wordpress\/kieler-woche-2012-tag-282\/\">Read more<\/a><\/p>\n","protected":false},"author":1,"featured_media":0,"comment_status":"open","ping_status":"open","sticky":false,"template":"","format":"standard","meta":{"_jetpack_memberships_contains_paid_content":false,"footnotes":"","jetpack_publicize_message":"Kieler Woche 2012, Tag -282 http:\/\/rockpixx.com\/wordpress\/?p=1069","jetpack_publicize_feature_enabled":true,"jetpack_social_post_already_shared":true,"jetpack_social_options":{"image_generator_settings":{"template":"highway","default_image_id":0,"font":"","enabled":false},"version":2}},"categories":[154,19],"tags":[1759,868],"class_list":["post-1069","post","type-post","status-publish","format-standard","hentry","category-154","category-backstage","tag-1759","tag-kieler-woche-tagebuch"],"aioseo_notices":[],"jetpack_publicize_connections":[],"jetpack_featured_media_url":"","jetpack-related-posts":[{"id":6406,"url":"http:\/\/www.rockpixx.com\/wordpress\/quo-19-06-2010-kiel-ndr-buhne\/","url_meta":{"origin":1069,"position":0},"title":"Quo, 19.06.2010, Kiel, NDR-B\u00fchne","author":"Anja","date":"19. Juni 2010","format":false,"excerpt":"Irgendwie geh\u00f6ren die vier Jungs von \u201eQuo\u201c f\u00fcr uns auf der \u201eKieler Woche\u201c ja schon beinahe zum Inventar \u2013 egal auf welcher B\u00fchne. Dieses Jahr liefern sie also auf der NDR-B\u00fchne ihre Show und es f\u00fchlt sich \u2013 wie die Jahre zuvor \u2013 ebenfalls wieder richtig gut nach \u2192\u00a0\u201eStatus Quo\u201c\u2026","rel":"","context":"In &quot;Acts&quot;","block_context":{"text":"Acts","link":"http:\/\/www.rockpixx.com\/wordpress\/category\/acts\/"},"img":{"alt_text":"Quo, 19.06.2010, Kiel, NDR-B\u00fchne","src":"https:\/\/i0.wp.com\/www.rockpixx.com\/wordpress\/wp-content\/uploads\/2013\/01\/20100619-01-quo-Artikel.jpg?resize=350%2C200","width":350,"height":200,"srcset":"https:\/\/i0.wp.com\/www.rockpixx.com\/wordpress\/wp-content\/uploads\/2013\/01\/20100619-01-quo-Artikel.jpg?resize=350%2C200 1x, https:\/\/i0.wp.com\/www.rockpixx.com\/wordpress\/wp-content\/uploads\/2013\/01\/20100619-01-quo-Artikel.jpg?resize=525%2C300 1.5x, https:\/\/i0.wp.com\/www.rockpixx.com\/wordpress\/wp-content\/uploads\/2013\/01\/20100619-01-quo-Artikel.jpg?resize=700%2C400 2x"},"classes":[]},{"id":1019,"url":"http:\/\/www.rockpixx.com\/wordpress\/kieler-woche-2010-2\/","url_meta":{"origin":1069,"position":1},"title":"Kieler Woche 2010","author":"admin","date":"5. Juni 2010","format":false,"excerpt":"Moin! So, es geht in ein paar Tagen los! Diese Kieler Woche steht dieses Jahr unter einem ganz besonderen Stern: Erstmals ist rockpixx.com Medienpartner einer der gro\u00dfen B\u00fchnen auf der diesj\u00e4hrigen Kieler Woche. Mit der \u201eMAXB\u00fchne\u201c verbindet uns seit 2008 ja eine besondere Beziehung: Wir haben dort backstage gewisserma\u00dfen \u201egewohnt\u201c\u2026","rel":"","context":"In &quot;2010&quot;","block_context":{"text":"2010","link":"http:\/\/www.rockpixx.com\/wordpress\/category\/backstage\/2010\/"},"img":{"alt_text":"","src":"","width":0,"height":0},"classes":[]},{"id":1000,"url":"http:\/\/www.rockpixx.com\/wordpress\/kieler-woche-2009-vorbereitungen-1\/","url_meta":{"origin":1069,"position":2},"title":"Kieler Woche 2009, Vorbereitungen 1","author":"admin","date":"6. Juni 2009","format":false,"excerpt":"Moin, so, die Akkreditierungsanfragen f\u00fcr die ganzen B\u00fchnen in Kiel sind wieder alle best\u00e4tigt eingetrudelt, jetzt wei\u00df ich also, dass ich vor dem Beginn der eigentlichen Kieler Woche noch mehr Stellen abklappern muss, um die ganzen Fotop\u00e4sse \u00fcberall einzusammeln. Letztes Jahr waren es ja nur vier St\u00fcck \u2013 dieses Jahr\u2026","rel":"","context":"In &quot;2009&quot;","block_context":{"text":"2009","link":"http:\/\/www.rockpixx.com\/wordpress\/category\/backstage\/2009\/"},"img":{"alt_text":"","src":"https:\/\/i0.wp.com\/www.rockpixx.com\/wordpress\/wp-content\/uploads\/2009\/06\/20090606-Karte-Kiel-2009.jpg?resize=350%2C200","width":350,"height":200,"srcset":"https:\/\/i0.wp.com\/www.rockpixx.com\/wordpress\/wp-content\/uploads\/2009\/06\/20090606-Karte-Kiel-2009.jpg?resize=350%2C200 1x, https:\/\/i0.wp.com\/www.rockpixx.com\/wordpress\/wp-content\/uploads\/2009\/06\/20090606-Karte-Kiel-2009.jpg?resize=525%2C300 1.5x"},"classes":[]},{"id":1004,"url":"http:\/\/www.rockpixx.com\/wordpress\/kieler-woche-2009-viele-gigs-und-halbzeit\/","url_meta":{"origin":1069,"position":3},"title":"Kieler Woche 2009 \u2013 viele Gigs und Halbzeit","author":"admin","date":"24. Juni 2009","format":false,"excerpt":"Boah schon Kieler Woche Halbzeit\u2026 Mensch wie die Zeit vergeht. Das mit dem Blog (Tagebuch) sollte man doch nicht wortw\u00f6rtlich nehmen. Wie ihr bei den Bildern schon gesehen habt, ist in den letzten Tagen einiges an Konzerten zusammengekommen und uns hat dadurch die Zeit gefehlt, hier im Blog etwas zu\u2026","rel":"","context":"In &quot;2009&quot;","block_context":{"text":"2009","link":"http:\/\/www.rockpixx.com\/wordpress\/category\/backstage\/2009\/"},"img":{"alt_text":"","src":"","width":0,"height":0},"classes":[]},{"id":11260,"url":"http:\/\/www.rockpixx.com\/wordpress\/kieler-woche-tagebuch-2013-tag-8\/","url_meta":{"origin":1069,"position":4},"title":"Kieler Woche Tagebuch 2013 | Tag 8","author":"admin","date":"29. Juni 2013","format":false,"excerpt":"Freitag, 28.06.2013 Nach einem Tag Pause stehen wir wieder im Regen \u2013 was auch sonst? Hey, es ist schlie\u00dflich Kieler Woche und das ist bekannterma\u00dfen die einzige Jahreszeit in Schleswig-Holstein, in der der Regen immerhin etwas w\u00e4rmer ist. Das Abendprogramm in K\u00fcrze: MAXB\u00fchne mit \u2192 \u201eReamade\u201c und sp\u00e4ter \u2192 \u201eCoverLine\u201c,\u2026","rel":"","context":"In &quot;2013&quot;","block_context":{"text":"2013","link":"http:\/\/www.rockpixx.com\/wordpress\/category\/backstage\/2013\/"},"img":{"alt_text":"Kieler Woche 2013 | Impressionen","src":"https:\/\/i0.wp.com\/www.rockpixx.com\/wordpress\/wp-content\/uploads\/2013\/06\/20130628-05-016_KiWo-2013.jpg?resize=350%2C200","width":350,"height":200,"srcset":"https:\/\/i0.wp.com\/www.rockpixx.com\/wordpress\/wp-content\/uploads\/2013\/06\/20130628-05-016_KiWo-2013.jpg?resize=350%2C200 1x, https:\/\/i0.wp.com\/www.rockpixx.com\/wordpress\/wp-content\/uploads\/2013\/06\/20130628-05-016_KiWo-2013.jpg?resize=525%2C300 1.5x, https:\/\/i0.wp.com\/www.rockpixx.com\/wordpress\/wp-content\/uploads\/2013\/06\/20130628-05-016_KiWo-2013.jpg?resize=700%2C400 2x"},"classes":[]},{"id":4842,"url":"http:\/\/www.rockpixx.com\/wordpress\/coverline-19-06-2009-kiel-holsten-park-buhne\/","url_meta":{"origin":1069,"position":5},"title":"CoverLine, 19.06.2009, Kiel, Holsten-Park-B\u00fchne","author":"Anja","date":"19. Juni 2009","format":false,"excerpt":"Das diesj\u00e4hrige Kieler Woche-Programm ist so dichtgedr\u00e4ngt und auf so vielen B\u00fchnen pr\u00e4sent, wie es 2008 noch nicht der Fall gewesen ist. Von daher konnten die beiden Fotografen von rockpixx.com die B\u00fchne im Holstenpark auch nur im \u201eVorbeihetzen\u201c auf dem Weg zu anderen Acts kurz streifen. Zum Gl\u00fcck spielte \u2192\u00a0\u201eCoverLine\u201c\u2026","rel":"","context":"In &quot;Acts&quot;","block_context":{"text":"Acts","link":"http:\/\/www.rockpixx.com\/wordpress\/category\/acts\/"},"img":{"alt_text":"CoverLine, 19.06.2009, Kiel, Holsten-Park-B\u00fchne","src":"https:\/\/i0.wp.com\/www.rockpixx.com\/wordpress\/wp-content\/uploads\/2013\/01\/20090619-07-coverline-Artikel.jpg?resize=350%2C200","width":350,"height":200,"srcset":"https:\/\/i0.wp.com\/www.rockpixx.com\/wordpress\/wp-content\/uploads\/2013\/01\/20090619-07-coverline-Artikel.jpg?resize=350%2C200 1x, https:\/\/i0.wp.com\/www.rockpixx.com\/wordpress\/wp-content\/uploads\/2013\/01\/20090619-07-coverline-Artikel.jpg?resize=525%2C300 1.5x, https:\/\/i0.wp.com\/www.rockpixx.com\/wordpress\/wp-content\/uploads\/2013\/01\/20090619-07-coverline-Artikel.jpg?resize=700%2C400 2x"},"classes":[]}],"jetpack_sharing_enabled":true,"publishpress_future_action":{"enabled":false,"date":"2026-05-07 07:45:37","action":"change-status","newStatus":"draft","terms":[],"taxonomy":"category","extraData":[]},"publishpress_future_workflow_manual_trigger":{"enabledWorkflows":[]},"_links":{"self":[{"href":"http:\/\/www.rockpixx.com\/wordpress\/wp-json\/wp\/v2\/posts\/1069","targetHints":{"allow":["GET"]}}],"collection":[{"href":"http:\/\/www.rockpixx.com\/wordpress\/wp-json\/wp\/v2\/posts"}],"about":[{"href":"http:\/\/www.rockpixx.com\/wordpress\/wp-json\/wp\/v2\/types\/post"}],"author":[{"embeddable":true,"href":"http:\/\/www.rockpixx.com\/wordpress\/wp-json\/wp\/v2\/users\/1"}],"replies":[{"embeddable":true,"href":"http:\/\/www.rockpixx.com\/wordpress\/wp-json\/wp\/v2\/comments?post=1069"}],"version-history":[{"count":0,"href":"http:\/\/www.rockpixx.com\/wordpress\/wp-json\/wp\/v2\/posts\/1069\/revisions"}],"wp:attachment":[{"href":"http:\/\/www.rockpixx.com\/wordpress\/wp-json\/wp\/v2\/media?parent=1069"}],"wp:term":[{"taxonomy":"category","embeddable":true,"href":"http:\/\/www.rockpixx.com\/wordpress\/wp-json\/wp\/v2\/categories?post=1069"},{"taxonomy":"post_tag","embeddable":true,"href":"http:\/\/www.rockpixx.com\/wordpress\/wp-json\/wp\/v2\/tags?post=1069"}],"curies":[{"name":"wp","href":"https:\/\/api.w.org\/{rel}","templated":true}]}}