{"id":1070,"date":"2011-09-07T23:07:23","date_gmt":"2011-09-07T21:07:23","guid":{"rendered":"http:\/\/blog.rockpixx.com\/?p=550"},"modified":"2013-03-02T12:01:34","modified_gmt":"2013-03-02T11:01:34","slug":"radio-interview-am-11-09-2011","status":"publish","type":"post","link":"http:\/\/www.rockpixx.com\/wordpress\/radio-interview-am-11-09-2011\/","title":{"rendered":"Radio-Interview am 11.09.2011"},"content":{"rendered":"<p>\u2026 und noch mal Moin f\u00fcr heute,<\/p>\n<p>Am Sonntag, 11.09.2011 ab 16:00 werde ich vom Berliner (Internet-) Radiosender \u2192 <a title=\"Radiosender 60 Minuten in Berlin\" href=\"http:\/\/www.60minuten.net\/\" target=\"_blank\">\u201e60 Minuten in Berlin\u201c<\/a> in der Sendung ab 16:00 telefonisch dazugeschaltet und ein wenig \u00fcber die Konzertfotografiererei und das Drumherum mit Moderator Viktor B\u00fcttner plaudern.<\/p>\n<p>Bin schon ganz gespannt, wie das werden wird. Zeitungsinterviews kenne ich ja, aber live im Radio?<\/p>\n<p><strong>Nachtrag vom 12.09.2011: <\/strong><br \/>\nEs ist vollbracht (und war gar nicht schlimm). Das komplette Interview gibt&#8217;s<br \/>\n\u2192 <a title=\"Interview im Radio\" href=\"http:\/\/rockpixx.com\/wordpress\/interview-im-radio\/\">auf dieser Seite<\/a> zu h\u00f6ren.<\/p>\n","protected":false},"excerpt":{"rendered":"<p>\u2026 und noch mal Moin f\u00fcr heute, Am Sonntag, 11.09.2011 ab 16:00 werde ich vom <a href=\"http:\/\/www.rockpixx.com\/wordpress\/radio-interview-am-11-09-2011\/\">Read more<\/a><\/p>\n","protected":false},"author":1,"featured_media":0,"comment_status":"open","ping_status":"open","sticky":false,"template":"","format":"standard","meta":{"_jetpack_memberships_contains_paid_content":false,"footnotes":"","jetpack_publicize_message":"Radio-Interview am 11.09.2011 http:\/\/rockpixx.com\/wordpress\/?p=1070","jetpack_publicize_feature_enabled":true,"jetpack_social_post_already_shared":true,"jetpack_social_options":{"image_generator_settings":{"template":"highway","default_image_id":0,"font":"","enabled":false},"version":2}},"categories":[154,19],"tags":[109,187,213,225],"class_list":["post-1070","post","type-post","status-publish","format-standard","hentry","category-154","category-backstage","tag-intern","tag-interview","tag-radio","tag-werbung"],"aioseo_notices":[],"jetpack_publicize_connections":[],"jetpack_featured_media_url":"","jetpack-related-posts":[{"id":1072,"url":"http:\/\/www.rockpixx.com\/wordpress\/kooperation-mit-60-minuten-in-berlin\/","url_meta":{"origin":1070,"position":0},"title":"Kooperation mit  \u201e60 Minuten in Berlin\u201c","author":"admin","date":"20. September 2011","format":false,"excerpt":"So... unser \u2192 Interview in der Radio-Sendung \u201e60 Minuten in Berlin\u201c am 11.09.2011 ist ja gut gelaufen. Zuk\u00fcnftig werden wir dann also ab und zu auch ein paar weitere Bilder und Reviews (und ggf. auch Interviews mit den K\u00fcnstlern) im Rahmen einer Zusammenarbeit mit 60minuten.net dort ver\u00f6ffentlichen. Den Anfang machen\u2026","rel":"","context":"In &quot;2011&quot;","block_context":{"text":"2011","link":"http:\/\/www.rockpixx.com\/wordpress\/category\/backstage\/2011\/"},"img":{"alt_text":"Chris de Burgh auf 60 Minuten","src":"https:\/\/i0.wp.com\/www.rockpixx.com\/wordpress\/wp-content\/uploads\/2013\/03\/20110920-chrisdeburgh-auf-60minutennet.jpg?resize=350%2C200","width":350,"height":200,"srcset":"https:\/\/i0.wp.com\/www.rockpixx.com\/wordpress\/wp-content\/uploads\/2013\/03\/20110920-chrisdeburgh-auf-60minutennet.jpg?resize=350%2C200 1x, https:\/\/i0.wp.com\/www.rockpixx.com\/wordpress\/wp-content\/uploads\/2013\/03\/20110920-chrisdeburgh-auf-60minutennet.jpg?resize=525%2C300 1.5x, https:\/\/i0.wp.com\/www.rockpixx.com\/wordpress\/wp-content\/uploads\/2013\/03\/20110920-chrisdeburgh-auf-60minutennet.jpg?resize=700%2C400 2x"},"classes":[]},{"id":5377,"url":"http:\/\/www.rockpixx.com\/wordpress\/update-12-09-2011\/","url_meta":{"origin":1070,"position":1},"title":"Update, 12.09.2011","author":"admin","date":"12. September 2011","format":false,"excerpt":"\u201eKomm' ich getz int Fernsehen\u2026?\u201c \u2013 Nun, nicht ganz, aber am 11.09.2011 war ich in der Radiosendung \u201e60 Minuten in Berlin\u201c auf 88vier zu Gast. Einen Mitschnitt der Interviewpassagen dieser Sendung gibt es auf \u2192 dieser Seite.","rel":"","context":"In &quot;Internes&quot;","block_context":{"text":"Internes","link":"http:\/\/www.rockpixx.com\/wordpress\/category\/sonstiges\/"},"img":{"alt_text":"","src":"","width":0,"height":0},"classes":[]},{"id":10574,"url":"http:\/\/www.rockpixx.com\/wordpress\/interview-erfolgreich-abgearbeitet\/","url_meta":{"origin":1070,"position":2},"title":"Interview erfolgreich abgearbeitet","author":"admin","date":"29. April 2013","format":false,"excerpt":"Heute war Interview-Tag. F\u00fcr ein gro\u00dfes Fotomagazin habe ich Rede und Antwort gestanden. Dazu noch die passenden Konzertbilder herausgesucht und jetzt alles auf den Weg gebracht. Nach dem \u2192 Radio-Interview aus dem September 2011 nun also einmal etwas f\u00fcr die Papierform mit bunten Bildern dabei. Bin mal gespannt, wann das\u2026","rel":"","context":"In &quot;2013&quot;","block_context":{"text":"2013","link":"http:\/\/www.rockpixx.com\/wordpress\/category\/backstage\/2013\/"},"img":{"alt_text":"Bildauswahl f\u00fcr Interview","src":"https:\/\/i0.wp.com\/www.rockpixx.com\/wordpress\/wp-content\/uploads\/2013\/04\/20130429-interview.jpg?resize=350%2C200","width":350,"height":200,"srcset":"https:\/\/i0.wp.com\/www.rockpixx.com\/wordpress\/wp-content\/uploads\/2013\/04\/20130429-interview.jpg?resize=350%2C200 1x, https:\/\/i0.wp.com\/www.rockpixx.com\/wordpress\/wp-content\/uploads\/2013\/04\/20130429-interview.jpg?resize=525%2C300 1.5x, https:\/\/i0.wp.com\/www.rockpixx.com\/wordpress\/wp-content\/uploads\/2013\/04\/20130429-interview.jpg?resize=700%2C400 2x"},"classes":[]},{"id":10666,"url":"http:\/\/www.rockpixx.com\/wordpress\/interview-mit-pictures-magazin-erscheint-ende-mai\/","url_meta":{"origin":1070,"position":3},"title":"Interview mit \u201ePictures Magazin\u201c erscheint Ende Mai","author":"admin","date":"8. Mai 2013","format":false,"excerpt":"Moin, vor ein paar Tagen schrieb ich ja schon, dass ich einen \u2192 Interviewtermin gehabt habe. Nun habe ich die PDFs zur abschlie\u00dfenden Korrektur und Freigabe auf dem Tisch gehabt. Was ich da auf insgesamt 6 Seiten gesehen habe, das gef\u00e4llt mir! Ab dem 26.05.2013 liegt das \u201ePictures Magazin\u201c dann\u2026","rel":"","context":"In &quot;2013&quot;","block_context":{"text":"2013","link":"http:\/\/www.rockpixx.com\/wordpress\/category\/backstage\/2013\/"},"img":{"alt_text":"Interview Pictures Magazin","src":"https:\/\/i0.wp.com\/www.rockpixx.com\/wordpress\/wp-content\/uploads\/2013\/05\/20130508-Pictures-Magazin-2013-06-Interview.png?resize=350%2C200","width":350,"height":200,"srcset":"https:\/\/i0.wp.com\/www.rockpixx.com\/wordpress\/wp-content\/uploads\/2013\/05\/20130508-Pictures-Magazin-2013-06-Interview.png?resize=350%2C200 1x, https:\/\/i0.wp.com\/www.rockpixx.com\/wordpress\/wp-content\/uploads\/2013\/05\/20130508-Pictures-Magazin-2013-06-Interview.png?resize=525%2C300 1.5x, https:\/\/i0.wp.com\/www.rockpixx.com\/wordpress\/wp-content\/uploads\/2013\/05\/20130508-Pictures-Magazin-2013-06-Interview.png?resize=700%2C400 2x"},"classes":[]},{"id":1016,"url":"http:\/\/www.rockpixx.com\/wordpress\/hotels\/","url_meta":{"origin":1070,"position":4},"title":"Hotels","author":"admin","date":"23. Februar 2010","format":false,"excerpt":"Moin, neulich hatte ich ja schon ein Hotelzimmer mit Dusche, bei dem das WC \u2192 aufpreispflichtig war. Letztes Wochenende war ich kl\u00fcger und buchte gleich ein Hotel, welches auf der Webseite einen guten Eindruck hinterlie\u00df, g\u00fcnstig vom Preis und von der Lage her erschien und sogar drei Sterne hatte. Und\u2026","rel":"","context":"In &quot;2010&quot;","block_context":{"text":"2010","link":"http:\/\/www.rockpixx.com\/wordpress\/category\/backstage\/2010\/"},"img":{"alt_text":"bed and breakfast im Saarland","src":"https:\/\/i0.wp.com\/www.rockpixx.com\/wordpress\/wp-content\/uploads\/2010\/02\/20100223-hotel-breakfast.jpg?resize=350%2C200","width":350,"height":200,"srcset":"https:\/\/i0.wp.com\/www.rockpixx.com\/wordpress\/wp-content\/uploads\/2010\/02\/20100223-hotel-breakfast.jpg?resize=350%2C200 1x, https:\/\/i0.wp.com\/www.rockpixx.com\/wordpress\/wp-content\/uploads\/2010\/02\/20100223-hotel-breakfast.jpg?resize=525%2C300 1.5x, https:\/\/i0.wp.com\/www.rockpixx.com\/wordpress\/wp-content\/uploads\/2010\/02\/20100223-hotel-breakfast.jpg?resize=700%2C400 2x"},"classes":[]},{"id":11565,"url":"http:\/\/www.rockpixx.com\/wordpress\/beatric-egli-dsds-openair-06-07-2013-soltau-heide-park-resort\/","url_meta":{"origin":1070,"position":5},"title":"Beatrice Egli, DSDS OpenAir, 06.07.2013, Soltau, Heide Park Resort","author":"Anja","date":"12. Juli 2013","format":false,"excerpt":"Das Ende ist nah! Also das Ende der Veranstaltung, nat\u00fcrlich. Vom Ende der Kultur oder gar vom Untergang des Abendlandes kann nat\u00fcrlich nicht die Rede sein, hat uns Nutzer der deutschen Sprache doch eine Schweizerin gerettet, indem sie deutsche Schlager singt. Die \u201eneue deutsche Schlagerprinzessin\u201c Beatrice Egli steht zum Abschluss\u2026","rel":"","context":"In &quot;Acts&quot;","block_context":{"text":"Acts","link":"http:\/\/www.rockpixx.com\/wordpress\/category\/acts\/"},"img":{"alt_text":"","src":"https:\/\/i0.wp.com\/www.rockpixx.com\/wordpress\/wp-content\/uploads\/2013\/07\/20130706-14-041_beatrice-egli-Artikel.jpg?resize=350%2C200","width":350,"height":200,"srcset":"https:\/\/i0.wp.com\/www.rockpixx.com\/wordpress\/wp-content\/uploads\/2013\/07\/20130706-14-041_beatrice-egli-Artikel.jpg?resize=350%2C200 1x, https:\/\/i0.wp.com\/www.rockpixx.com\/wordpress\/wp-content\/uploads\/2013\/07\/20130706-14-041_beatrice-egli-Artikel.jpg?resize=525%2C300 1.5x, https:\/\/i0.wp.com\/www.rockpixx.com\/wordpress\/wp-content\/uploads\/2013\/07\/20130706-14-041_beatrice-egli-Artikel.jpg?resize=700%2C400 2x"},"classes":[]}],"jetpack_sharing_enabled":true,"publishpress_future_action":{"enabled":false,"date":"2026-05-09 04:44:22","action":"change-status","newStatus":"draft","terms":[],"taxonomy":"category","extraData":[]},"publishpress_future_workflow_manual_trigger":{"enabledWorkflows":[]},"_links":{"self":[{"href":"http:\/\/www.rockpixx.com\/wordpress\/wp-json\/wp\/v2\/posts\/1070","targetHints":{"allow":["GET"]}}],"collection":[{"href":"http:\/\/www.rockpixx.com\/wordpress\/wp-json\/wp\/v2\/posts"}],"about":[{"href":"http:\/\/www.rockpixx.com\/wordpress\/wp-json\/wp\/v2\/types\/post"}],"author":[{"embeddable":true,"href":"http:\/\/www.rockpixx.com\/wordpress\/wp-json\/wp\/v2\/users\/1"}],"replies":[{"embeddable":true,"href":"http:\/\/www.rockpixx.com\/wordpress\/wp-json\/wp\/v2\/comments?post=1070"}],"version-history":[{"count":0,"href":"http:\/\/www.rockpixx.com\/wordpress\/wp-json\/wp\/v2\/posts\/1070\/revisions"}],"wp:attachment":[{"href":"http:\/\/www.rockpixx.com\/wordpress\/wp-json\/wp\/v2\/media?parent=1070"}],"wp:term":[{"taxonomy":"category","embeddable":true,"href":"http:\/\/www.rockpixx.com\/wordpress\/wp-json\/wp\/v2\/categories?post=1070"},{"taxonomy":"post_tag","embeddable":true,"href":"http:\/\/www.rockpixx.com\/wordpress\/wp-json\/wp\/v2\/tags?post=1070"}],"curies":[{"name":"wp","href":"https:\/\/api.w.org\/{rel}","templated":true}]}}