{"id":10707,"date":"2013-05-12T10:07:23","date_gmt":"2013-05-12T09:07:23","guid":{"rendered":"http:\/\/rockpixx.com\/wordpress\/?p=10707"},"modified":"2013-05-12T10:07:23","modified_gmt":"2013-05-12T09:07:23","slug":"mas-shake-09-05-2013-wallsbull-open-air-wallsbull","status":"publish","type":"post","link":"http:\/\/www.rockpixx.com\/wordpress\/mas-shake-09-05-2013-wallsbull-open-air-wallsbull\/","title":{"rendered":"\u00a1M\u00e1s Shake!, 09.05.2013, Wallsb\u00fcll Open Air, Wallsb\u00fcll"},"content":{"rendered":"<p>Als n\u00e4chste Band sind \u00a1M\u00e1s Shake! mit Rodrigo Gonz\u00e1lez auf der B\u00fchne zu sehen. Schon unmittelbar vor dem Auftritt \u2013 nach vollzogenem Line-Check\u2013\u00a0 macht Rod einen entspannten aber dennoch konzentrierten Eindruck und antwortet auf die Frage nach den Foto-Gepflogenheiten ganz locker: \u201eIst mir egal \u2013 solange da nicht die ganze Zeit drauflos geballert wird.\u201c<!--more--><\/p>\n<p>Im Unterschied zu den \u201e\u00c4rzten\u201c spielt Rod bei \u00a1M\u00e1s Shake! nicht Bass, sondern Gitarre \u2013 begleitet von Drums, Bass und einer Keyboarderin, die ab und zu auch an die akustische Gitarre wechselt. Als die ersten T\u00f6ne erklangen dachte ich \u201eWow die Beatles sind auferstanden!\u201c. Das der Musik von \u00a1M\u00e1s Shake! nicht die Beats der Insel zu Grunde liegen, sondern dass sie Ihren Ursprung in S\u00fcdamerika hat, wusste ich zu diesem Zeitpunkt noch nicht. Aber das macht nichts, denn die Musik gef\u00e4llt mir.<\/p>\n<p>Es hat eine Art von beschwingter Leichtigkeit, was da aus den Boxen \u00fcber das Festivalgel\u00e4nde perlt. Und diese Leichtigkeit sieht man sowohl den Musikern an (die wirken ganz entspannt) als auch dem Publikum: Es feiert einfach fr\u00f6hlich mit, kein aggressiver Pogo vor dem Graben und es sind auch keine fliegenden Bierbecher in Sicht.<\/p>\n<p>Selbst, als wir in der zweiten H\u00e4lfte des Sets im Cateringzelt noch eine kurze Besprechung f\u00fcr ein kommendes Festival haben, schwingt die Musik unaufgeregt und unaufdringlich zu uns hin\u00fcber.<\/p>\n<p>Nach dem Gig konnte der Fotograf sich noch bew\u00e4hren und Rod backstage von einem reichlich angeschickerten weiblichen Fan befreien. Als Dank gab\u2019s dann noch ein Foto zusammen mit Rod.<\/p>\n<p style=\"text-align: right;\">Fotos: <a href=\"mailto:info@rockpixx.com\">Alex<\/a>, <a href=\"mailto:a.roselt@rockpixx.com\">Anja<\/a> | Text: <a href=\"mailto:info@rockpixx.com\">Alex<\/a>, <a href=\"mailto:a.roselt@rockpixx.com\">Anja<\/a><\/p>\n<p style=\"text-align: right;\">\n<p style=\"text-align: left;\">[slideshow id=263]<\/p>\n","protected":false},"excerpt":{"rendered":"<p>Als n\u00e4chste Band sind \u00a1M\u00e1s Shake! mit Rodrigo Gonz\u00e1lez auf der B\u00fchne zu sehen. Schon <a href=\"http:\/\/www.rockpixx.com\/wordpress\/mas-shake-09-05-2013-wallsbull-open-air-wallsbull\/\">Read more<\/a><\/p>\n","protected":false},"author":1,"featured_media":10708,"comment_status":"open","ping_status":"open","sticky":false,"template":"","format":"standard","meta":{"_jetpack_memberships_contains_paid_content":false,"footnotes":"","jetpack_publicize_message":"\u00a1M\u00e1s Shake!, 09.05.2013, Wallsb\u00fcll Open Air, Wallsb\u00fcll","jetpack_publicize_feature_enabled":true,"jetpack_social_post_already_shared":true,"jetpack_social_options":{"image_generator_settings":{"template":"highway","default_image_id":0,"font":"","enabled":false},"version":2}},"categories":[1109,34],"tags":[1110,2065,133,2071,1103],"class_list":["post-10707","post","type-post","status-publish","format-standard","has-post-thumbnail","hentry","category-mas-shake","category-acts","tag-mas-shake-2","tag-2065","tag-festivals","tag-wallsbull","tag-wallsbull-open-air"],"aioseo_notices":[],"jetpack_publicize_connections":[],"jetpack_featured_media_url":"http:\/\/www.rockpixx.com\/wordpress\/wp-content\/uploads\/2013\/05\/20130509-04-mas-shake-Artikel.jpg","jetpack-related-posts":[{"id":13869,"url":"http:\/\/www.rockpixx.com\/wordpress\/mas-shake-rod-die-aerzte-29-05-2014-wallsbuell-openair-schafflund\/","url_meta":{"origin":10707,"position":0},"title":"\u00a1M\u00e1s Shake! (ROD, Die \u00c4rzte), 29.05.2014, Wallsb\u00fcll OpenAir, Schafflund","author":"admin","date":"3. Juni 2014","format":false,"excerpt":"\u201e\u00a1M\u00e1s Shake!\u201c mit Frontmann Rodrigo Gonz\u00e1lez von den \u201e\u00c4rzten\u201c hatten wir ja schon \u2192 letztes Jahr auf dem Wallsb\u00fcll OpenAir erlebt, sowohl mit seiner Band auf der B\u00fchne, als auch hinter den Kulissen. Und wieder stelle ich fest, dass ich diese Art von Musik der vier Musiker da oben auf\u2026","rel":"","context":"In &quot;\u00a1M\u00e1s Shake!&quot;","block_context":{"text":"\u00a1M\u00e1s Shake!","link":"http:\/\/www.rockpixx.com\/wordpress\/category\/acts\/mas-shake\/"},"img":{"alt_text":"\u00a1M\u00e1s Shake!, 29.05.2014, Schafflund, Wallsb\u00fcll OpenAir","src":"https:\/\/i0.wp.com\/www.rockpixx.com\/wordpress\/wp-content\/uploads\/2014\/06\/20140529-07-023_mas-shake_Artikel1.jpg?resize=350%2C200","width":350,"height":200,"srcset":"https:\/\/i0.wp.com\/www.rockpixx.com\/wordpress\/wp-content\/uploads\/2014\/06\/20140529-07-023_mas-shake_Artikel1.jpg?resize=350%2C200 1x, https:\/\/i0.wp.com\/www.rockpixx.com\/wordpress\/wp-content\/uploads\/2014\/06\/20140529-07-023_mas-shake_Artikel1.jpg?resize=525%2C300 1.5x, https:\/\/i0.wp.com\/www.rockpixx.com\/wordpress\/wp-content\/uploads\/2014\/06\/20140529-07-023_mas-shake_Artikel1.jpg?resize=700%2C400 2x"},"classes":[]},{"id":10701,"url":"http:\/\/www.rockpixx.com\/wordpress\/kapelle-petra-09-05-2013-wallsbull-open-air-wallsbull\/","url_meta":{"origin":10707,"position":1},"title":"Kapelle Petra, 09.05.2013, Wallsb\u00fcll Open Air, Wallsb\u00fcll","author":"Anja","date":"11. Mai 2013","format":false,"excerpt":"Kapelle Petra\u2026 unter dem Namen konnte ich mir im Vorfeld des Konzertes \u00fcberhaupt nichts vorstellen. Im Nachhinein betrachtet kann man es als lustige B\u00fchnenshow mit gro\u00dfem Spa\u00dffaktor bezeichnen. Wobei Spa\u00df nicht gleich mit Klamauk und niveaulosen Darbietungen mancher so genannter Comedians gleichzustellen ist. Denn die Texte von Kapelle Petra sind\u2026","rel":"","context":"In &quot;Acts&quot;","block_context":{"text":"Acts","link":"http:\/\/www.rockpixx.com\/wordpress\/category\/acts\/"},"img":{"alt_text":"Kapelle Petra","src":"https:\/\/i0.wp.com\/www.rockpixx.com\/wordpress\/wp-content\/uploads\/2013\/05\/20130509-03-kapelle-petra-Artikel.jpg?resize=350%2C200","width":350,"height":200,"srcset":"https:\/\/i0.wp.com\/www.rockpixx.com\/wordpress\/wp-content\/uploads\/2013\/05\/20130509-03-kapelle-petra-Artikel.jpg?resize=350%2C200 1x, https:\/\/i0.wp.com\/www.rockpixx.com\/wordpress\/wp-content\/uploads\/2013\/05\/20130509-03-kapelle-petra-Artikel.jpg?resize=525%2C300 1.5x, https:\/\/i0.wp.com\/www.rockpixx.com\/wordpress\/wp-content\/uploads\/2013\/05\/20130509-03-kapelle-petra-Artikel.jpg?resize=700%2C400 2x"},"classes":[]},{"id":10732,"url":"http:\/\/www.rockpixx.com\/wordpress\/illegal-2001-09-05-2013-wallsbull-open-air-wallsbull\/","url_meta":{"origin":10707,"position":2},"title":"Illegal 2001, 09.05.2013, Wallsb\u00fcll Open Air, Wallsb\u00fcll","author":"admin","date":"13. Mai 2013","format":false,"excerpt":"Gespr\u00e4chsfetzen vor dem Wohnwagen der Band kurz vor deren LineCheck: \u201eNa, wie kommt Ihr heute auf die B\u00fchne? Als Sportler?\u201e \u2013 \u201eN\u00f6.\u201c \u2013 \u201eAls Gartenzwerge?\u201c \u2013 \u201eN\u00f6.\u201c \u2013 \u201e???\u201c \u2013 \u201eAls Panzerknacker!\u201c Hmmm\u2026 die Panzerknacker sind ja bekannterma\u00dfen so was von d\u00e4mlich, aber \u201eDosenbier macht schlau\u201c \u2013 mal sehen, wie\u2026","rel":"","context":"In &quot;Acts&quot;","block_context":{"text":"Acts","link":"http:\/\/www.rockpixx.com\/wordpress\/category\/acts\/"},"img":{"alt_text":"Illegal 2001, 09.05.2013, Wallsb\u00fcll, Wallsb\u00fcll Open Air 2013","src":"https:\/\/i0.wp.com\/www.rockpixx.com\/wordpress\/wp-content\/uploads\/2013\/05\/20130509-08-illegal-2001-Artikel.jpg?resize=350%2C200","width":350,"height":200,"srcset":"https:\/\/i0.wp.com\/www.rockpixx.com\/wordpress\/wp-content\/uploads\/2013\/05\/20130509-08-illegal-2001-Artikel.jpg?resize=350%2C200 1x, https:\/\/i0.wp.com\/www.rockpixx.com\/wordpress\/wp-content\/uploads\/2013\/05\/20130509-08-illegal-2001-Artikel.jpg?resize=525%2C300 1.5x, https:\/\/i0.wp.com\/www.rockpixx.com\/wordpress\/wp-content\/uploads\/2013\/05\/20130509-08-illegal-2001-Artikel.jpg?resize=700%2C400 2x"},"classes":[]},{"id":10727,"url":"http:\/\/www.rockpixx.com\/wordpress\/hamatom-09-05-2013-wallsbull-open-air-wallsbull\/","url_meta":{"origin":10707,"position":3},"title":"H\u00e4matom, 09.05.2013, Wallsb\u00fcll Open Air, Wallsb\u00fcll","author":"admin","date":"13. Mai 2013","format":false,"excerpt":"Was machen Musiker, wenn Sie im Alltag unbehelligt von Fans auf die Stra\u00dfe gehen wollen? Genau \u2013 sie bleiben in ihren vier W\u00e4nden! Quatsch, es geht nat\u00fcrlich auch anders, wie \u201eNord\u201c, \u201eOst\u201c, \u201eS\u00fcd\u201c und \u201eWest\u201c (die Musiker von \u201eH\u00e4matom\u201c nennen sich wirklich so) beweisen: Maske auf und ab auf die\u2026","rel":"","context":"In &quot;Acts&quot;","block_context":{"text":"Acts","link":"http:\/\/www.rockpixx.com\/wordpress\/category\/acts\/"},"img":{"alt_text":"H\u00e4matom","src":"https:\/\/i0.wp.com\/www.rockpixx.com\/wordpress\/wp-content\/uploads\/2013\/05\/20130509-07-haematom-Artikel.jpg?resize=350%2C200","width":350,"height":200,"srcset":"https:\/\/i0.wp.com\/www.rockpixx.com\/wordpress\/wp-content\/uploads\/2013\/05\/20130509-07-haematom-Artikel.jpg?resize=350%2C200 1x, https:\/\/i0.wp.com\/www.rockpixx.com\/wordpress\/wp-content\/uploads\/2013\/05\/20130509-07-haematom-Artikel.jpg?resize=525%2C300 1.5x, https:\/\/i0.wp.com\/www.rockpixx.com\/wordpress\/wp-content\/uploads\/2013\/05\/20130509-07-haematom-Artikel.jpg?resize=700%2C400 2x"},"classes":[]},{"id":10685,"url":"http:\/\/www.rockpixx.com\/wordpress\/los-09-05-2013-wallsbull-open-air-wallsbull\/","url_meta":{"origin":10707,"position":4},"title":"LOS!, 09.05.2013, Wallsb\u00fcll Open Air, Wallsb\u00fcll","author":"Anja","date":"10. Mai 2013","format":false,"excerpt":"Er\u00f6ffnung der Open Air-Saison \u2013 Beginn des Rammstein Jahrs bei rockpixx.com Die diesj\u00e4hrige Neuauflage des Wallsb\u00fcll Open Airs wurde von der Rammstein-Coverband LOS! aus Kiel er\u00f6ffnet. Wer sich ein bisschen mit Open Airs auskennt, wei\u00df dass sich das Wetter dann gern von seiner schlechteren Seite zeigt. So sah es auch\u2026","rel":"","context":"In &quot;Acts&quot;","block_context":{"text":"Acts","link":"http:\/\/www.rockpixx.com\/wordpress\/category\/acts\/"},"img":{"alt_text":"LOS!","src":"https:\/\/i0.wp.com\/www.rockpixx.com\/wordpress\/wp-content\/uploads\/2013\/05\/20130509-01-los.jpg?resize=350%2C200","width":350,"height":200,"srcset":"https:\/\/i0.wp.com\/www.rockpixx.com\/wordpress\/wp-content\/uploads\/2013\/05\/20130509-01-los.jpg?resize=350%2C200 1x, https:\/\/i0.wp.com\/www.rockpixx.com\/wordpress\/wp-content\/uploads\/2013\/05\/20130509-01-los.jpg?resize=525%2C300 1.5x, https:\/\/i0.wp.com\/www.rockpixx.com\/wordpress\/wp-content\/uploads\/2013\/05\/20130509-01-los.jpg?resize=700%2C400 2x"},"classes":[]},{"id":13975,"url":"http:\/\/www.rockpixx.com\/wordpress\/abstuerzende-brieftauben-29-05-2014-schafflund-wallsbuell-openair\/","url_meta":{"origin":10707,"position":5},"title":"Abst\u00fcrzende Brieftauben, 29.05.2014, Schafflund, Wallsb\u00fcll OpenAir","author":"admin","date":"5. Juni 2014","format":false,"excerpt":"Zum letzten Mal im Zelt f\u00fcr dieses Festival, die \u201eAbst\u00fcrzenden Brieftauben\u201c spielen und sind mehr als eine Alternative zu\u00a0\u2192 \u201edorrn\u201c, die sich zeitgleich auf der \u201eParty Stage versuchen\u201c, dabei aber den \u201eBrieftauben\u201c scharenweise das Publikum zuspielen. Mittlerweile zum Duo geschrupmft, halten die beiden Musiker an Gitarre und Drums noch den\u2026","rel":"","context":"In &quot;Abst\u00fcrzende Brieftauben&quot;","block_context":{"text":"Abst\u00fcrzende Brieftauben","link":"http:\/\/www.rockpixx.com\/wordpress\/category\/acts\/abstuerzende-brieftauben\/"},"img":{"alt_text":"Abst\u00fcrzende Brieftauben, 29.05.2014, Schafflund, Wallsb\u00fcll OpenAir","src":"https:\/\/i0.wp.com\/www.rockpixx.com\/wordpress\/wp-content\/uploads\/2014\/06\/20140529-13-0021.jpg?resize=350%2C200","width":350,"height":200,"srcset":"https:\/\/i0.wp.com\/www.rockpixx.com\/wordpress\/wp-content\/uploads\/2014\/06\/20140529-13-0021.jpg?resize=350%2C200 1x, https:\/\/i0.wp.com\/www.rockpixx.com\/wordpress\/wp-content\/uploads\/2014\/06\/20140529-13-0021.jpg?resize=525%2C300 1.5x, https:\/\/i0.wp.com\/www.rockpixx.com\/wordpress\/wp-content\/uploads\/2014\/06\/20140529-13-0021.jpg?resize=700%2C400 2x"},"classes":[]}],"jetpack_sharing_enabled":true,"publishpress_future_action":{"enabled":false,"date":"2026-05-07 07:46:40","action":"change-status","newStatus":"draft","terms":[],"taxonomy":"category","extraData":[]},"publishpress_future_workflow_manual_trigger":{"enabledWorkflows":[]},"_links":{"self":[{"href":"http:\/\/www.rockpixx.com\/wordpress\/wp-json\/wp\/v2\/posts\/10707","targetHints":{"allow":["GET"]}}],"collection":[{"href":"http:\/\/www.rockpixx.com\/wordpress\/wp-json\/wp\/v2\/posts"}],"about":[{"href":"http:\/\/www.rockpixx.com\/wordpress\/wp-json\/wp\/v2\/types\/post"}],"author":[{"embeddable":true,"href":"http:\/\/www.rockpixx.com\/wordpress\/wp-json\/wp\/v2\/users\/1"}],"replies":[{"embeddable":true,"href":"http:\/\/www.rockpixx.com\/wordpress\/wp-json\/wp\/v2\/comments?post=10707"}],"version-history":[{"count":0,"href":"http:\/\/www.rockpixx.com\/wordpress\/wp-json\/wp\/v2\/posts\/10707\/revisions"}],"wp:featuredmedia":[{"embeddable":true,"href":"http:\/\/www.rockpixx.com\/wordpress\/wp-json\/wp\/v2\/media\/10708"}],"wp:attachment":[{"href":"http:\/\/www.rockpixx.com\/wordpress\/wp-json\/wp\/v2\/media?parent=10707"}],"wp:term":[{"taxonomy":"category","embeddable":true,"href":"http:\/\/www.rockpixx.com\/wordpress\/wp-json\/wp\/v2\/categories?post=10707"},{"taxonomy":"post_tag","embeddable":true,"href":"http:\/\/www.rockpixx.com\/wordpress\/wp-json\/wp\/v2\/tags?post=10707"}],"curies":[{"name":"wp","href":"https:\/\/api.w.org\/{rel}","templated":true}]}}