{"id":10740,"date":"2013-05-14T10:32:24","date_gmt":"2013-05-14T09:32:24","guid":{"rendered":"http:\/\/rockpixx.com\/wordpress\/?p=10740"},"modified":"2013-05-14T10:32:24","modified_gmt":"2013-05-14T09:32:24","slug":"zanity-09-05-2013-wallsbull-open-air-wallsbull","status":"publish","type":"post","link":"http:\/\/www.rockpixx.com\/wordpress\/zanity-09-05-2013-wallsbull-open-air-wallsbull\/","title":{"rendered":"Zanity, 09.05.2013, Wallsb\u00fcll Open Air, Wallsb\u00fcll"},"content":{"rendered":"<p>Wenn man wiederholt auf Festivals in der Region fotografiert, dann bleibt es nicht aus, dass man die eine oder andere Band, welche ebenfalls aus der Region stammt, wiedertrifft. Wie schon bei \u2192\u00a0<a title=\"Illegal 2001, 09.05.2013, Wallsb\u00fcll Open Air, Wallsb\u00fcll\" href=\"http:\/\/rockpixx.com\/wordpress\/illegal-2001-09-05-2013-wallsbull-open-air-wallsbull\/\">\u201eIllegal 2001\u201c<\/a> an diesem Tag, so verh\u00e4lt es sich sp\u00e4t nachts auch mit \u201eZanity\u201c. Diese Band hatte im September 2012 das \u2192\u00a0<a title=\"Zanity, Schleswig, 08.09.2012, B:O:A 2012\" href=\"http:\/\/rockpixx.com\/wordpress\/zanity-schleswig-08-09-2012-boa-2012\/\">\u201eBaltic Open Air\u201c<\/a> er\u00f6ffnet.<!--more--><\/p>\n<p>Seinerzeit beeindruckte uns das druckvolle Spiel der Musiker und die F\u00e4higkeit, fotogen zu posieren. Auch dieses Mal wurden wir nicht entt\u00e4uscht. Von fotografischen der Aufgabenstellung her war es allerdings ein wenig komplizierter, da die LED-Farbenpracht ohne entsprechende Frontlights nicht immer f\u00fcr optimale Fotobedingungen gesorgt hat. Schade f\u00fcr die Jungs, dass sie erst so sp\u00e4t ihren Auftritt hatten \u2013 ein paar mehr Zuschauer h\u00e4tten wir ihnen gerne geg\u00f6nnt.<\/p>\n<p style=\"text-align: right;\">Fotos: <a href=\"mailto:info@rockpixx.com\">Alex<\/a>, <a href=\"mailto:a.roselt@rockpixx.com\">Anja<\/a> | Text:\u00a0<a href=\"mailto:info@rockpixx.com\">Alex<\/a><\/p>\n<p style=\"text-align: left;\">\n<p style=\"text-align: left;\">[slideshow id=268]<\/p>\n","protected":false},"excerpt":{"rendered":"<p>Wenn man wiederholt auf Festivals in der Region fotografiert, dann bleibt es nicht aus, dass <a href=\"http:\/\/www.rockpixx.com\/wordpress\/zanity-09-05-2013-wallsbull-open-air-wallsbull\/\">Read more<\/a><\/p>\n","protected":false},"author":2,"featured_media":10725,"comment_status":"open","ping_status":"open","sticky":false,"template":"","format":"standard","meta":{"_jetpack_memberships_contains_paid_content":false,"footnotes":"","jetpack_publicize_message":"Zanity, 09.05.2013, Wallsb\u00fcll Open Air, Wallsb\u00fcll","jetpack_publicize_feature_enabled":true,"jetpack_social_post_already_shared":true,"jetpack_social_options":{"image_generator_settings":{"template":"highway","default_image_id":0,"font":"","enabled":false},"version":2}},"categories":[34,699],"tags":[2065,133,2071,2066,2051],"class_list":["post-10740","post","type-post","status-publish","format-standard","has-post-thumbnail","hentry","category-acts","category-zanity","tag-2065","tag-festivals","tag-wallsbull","tag-wallsbull-open-air-2013","tag-zanity"],"aioseo_notices":[],"jetpack_publicize_connections":[],"jetpack_featured_media_url":"http:\/\/www.rockpixx.com\/wordpress\/wp-content\/uploads\/2013\/05\/20130509-09-zanity-Artikel.jpg","jetpack-related-posts":[{"id":12061,"url":"http:\/\/www.rockpixx.com\/wordpress\/zanity-23-08-2013-schleswig-baltic-open-air\/","url_meta":{"origin":10740,"position":0},"title":"Zanity, 23.08.2013, Schleswig, Baltic Open Air","author":"Anja","date":"27. August 2013","format":false,"excerpt":"Es scheint sich als sch\u00f6ne Sitte zu etablieren, dass \u2192\u00a0\u201eZanity\u201c das Baltic Open Air er\u00f6ffnen. So nat\u00fcrlich auch dieses Jahr. Mit dem \u00d6ffnen der Tore erschallen schon die ersten T\u00f6ne von \u201eHit it Hard\u201c \u00fcber das Gel\u00e4nde direkt an der Schlei. Was mich immer wieder beeindruckt beim \u201eDoors Open\u201c ist,\u2026","rel":"","context":"In &quot;Acts&quot;","block_context":{"text":"Acts","link":"http:\/\/www.rockpixx.com\/wordpress\/category\/acts\/"},"img":{"alt_text":"","src":"https:\/\/i0.wp.com\/www.rockpixx.com\/wordpress\/wp-content\/uploads\/2013\/08\/20130823-01-012_zanity-Artikel.jpg?resize=350%2C200","width":350,"height":200,"srcset":"https:\/\/i0.wp.com\/www.rockpixx.com\/wordpress\/wp-content\/uploads\/2013\/08\/20130823-01-012_zanity-Artikel.jpg?resize=350%2C200 1x, https:\/\/i0.wp.com\/www.rockpixx.com\/wordpress\/wp-content\/uploads\/2013\/08\/20130823-01-012_zanity-Artikel.jpg?resize=525%2C300 1.5x, https:\/\/i0.wp.com\/www.rockpixx.com\/wordpress\/wp-content\/uploads\/2013\/08\/20130823-01-012_zanity-Artikel.jpg?resize=700%2C400 2x"},"classes":[]},{"id":9003,"url":"http:\/\/www.rockpixx.com\/wordpress\/zanity-schleswig-08-09-2012-boa-2012\/","url_meta":{"origin":10740,"position":1},"title":"Zanity, Schleswig, 08.09.2012, B:O:A 2012","author":"Anja","date":"8. September 2012","format":false,"excerpt":"\u201eZanity\u201c... Local Heros aus Flensburg er\u00f6ffnen das diesj\u00e4hrige \u201eBaltic-Open-Air\u201c in Schleswig. Die Jungs rocken ganz gut los und bringen das momentan noch sp\u00e4rlich anwesende Publikum auf Betriebstemperatur. Zu Beginn, als die Musiker auf die B\u00fchne kommen, welche sehr hoch ist und mit den Monitorboxen noch h\u00f6her (Wo ist mein Trittleiterchen?),\u2026","rel":"","context":"In &quot;Acts&quot;","block_context":{"text":"Acts","link":"http:\/\/www.rockpixx.com\/wordpress\/category\/acts\/"},"img":{"alt_text":"Zanity, Schleswig, 08.09.2012, B:O:A 2012","src":"https:\/\/i0.wp.com\/www.rockpixx.com\/wordpress\/wp-content\/uploads\/2013\/02\/20120908-01-zanity-Artikel.jpg?resize=350%2C200","width":350,"height":200,"srcset":"https:\/\/i0.wp.com\/www.rockpixx.com\/wordpress\/wp-content\/uploads\/2013\/02\/20120908-01-zanity-Artikel.jpg?resize=350%2C200 1x, https:\/\/i0.wp.com\/www.rockpixx.com\/wordpress\/wp-content\/uploads\/2013\/02\/20120908-01-zanity-Artikel.jpg?resize=525%2C300 1.5x, https:\/\/i0.wp.com\/www.rockpixx.com\/wordpress\/wp-content\/uploads\/2013\/02\/20120908-01-zanity-Artikel.jpg?resize=700%2C400 2x"},"classes":[]},{"id":10685,"url":"http:\/\/www.rockpixx.com\/wordpress\/los-09-05-2013-wallsbull-open-air-wallsbull\/","url_meta":{"origin":10740,"position":2},"title":"LOS!, 09.05.2013, Wallsb\u00fcll Open Air, Wallsb\u00fcll","author":"Anja","date":"10. Mai 2013","format":false,"excerpt":"Er\u00f6ffnung der Open Air-Saison \u2013 Beginn des Rammstein Jahrs bei rockpixx.com Die diesj\u00e4hrige Neuauflage des Wallsb\u00fcll Open Airs wurde von der Rammstein-Coverband LOS! aus Kiel er\u00f6ffnet. Wer sich ein bisschen mit Open Airs auskennt, wei\u00df dass sich das Wetter dann gern von seiner schlechteren Seite zeigt. So sah es auch\u2026","rel":"","context":"In &quot;Acts&quot;","block_context":{"text":"Acts","link":"http:\/\/www.rockpixx.com\/wordpress\/category\/acts\/"},"img":{"alt_text":"LOS!","src":"https:\/\/i0.wp.com\/www.rockpixx.com\/wordpress\/wp-content\/uploads\/2013\/05\/20130509-01-los.jpg?resize=350%2C200","width":350,"height":200,"srcset":"https:\/\/i0.wp.com\/www.rockpixx.com\/wordpress\/wp-content\/uploads\/2013\/05\/20130509-01-los.jpg?resize=350%2C200 1x, https:\/\/i0.wp.com\/www.rockpixx.com\/wordpress\/wp-content\/uploads\/2013\/05\/20130509-01-los.jpg?resize=525%2C300 1.5x, https:\/\/i0.wp.com\/www.rockpixx.com\/wordpress\/wp-content\/uploads\/2013\/05\/20130509-01-los.jpg?resize=700%2C400 2x"},"classes":[]},{"id":10707,"url":"http:\/\/www.rockpixx.com\/wordpress\/mas-shake-09-05-2013-wallsbull-open-air-wallsbull\/","url_meta":{"origin":10740,"position":3},"title":"\u00a1M\u00e1s Shake!, 09.05.2013, Wallsb\u00fcll Open Air, Wallsb\u00fcll","author":"admin","date":"12. Mai 2013","format":false,"excerpt":"Als n\u00e4chste Band sind \u00a1M\u00e1s Shake! mit Rodrigo Gonz\u00e1lez auf der B\u00fchne zu sehen. Schon unmittelbar vor dem Auftritt \u2013 nach vollzogenem Line-Check\u2013\u00a0 macht Rod einen entspannten aber dennoch konzentrierten Eindruck und antwortet auf die Frage nach den Foto-Gepflogenheiten ganz locker: \u201eIst mir egal \u2013 solange da nicht die ganze\u2026","rel":"","context":"In &quot;\u00a1M\u00e1s Shake!&quot;","block_context":{"text":"\u00a1M\u00e1s Shake!","link":"http:\/\/www.rockpixx.com\/wordpress\/category\/acts\/mas-shake\/"},"img":{"alt_text":"\u00a1M\u00e1s Shake!","src":"https:\/\/i0.wp.com\/www.rockpixx.com\/wordpress\/wp-content\/uploads\/2013\/05\/20130509-04-mas-shake-Artikel.jpg?resize=350%2C200","width":350,"height":200,"srcset":"https:\/\/i0.wp.com\/www.rockpixx.com\/wordpress\/wp-content\/uploads\/2013\/05\/20130509-04-mas-shake-Artikel.jpg?resize=350%2C200 1x, https:\/\/i0.wp.com\/www.rockpixx.com\/wordpress\/wp-content\/uploads\/2013\/05\/20130509-04-mas-shake-Artikel.jpg?resize=525%2C300 1.5x, https:\/\/i0.wp.com\/www.rockpixx.com\/wordpress\/wp-content\/uploads\/2013\/05\/20130509-04-mas-shake-Artikel.jpg?resize=700%2C400 2x"},"classes":[]},{"id":10745,"url":"http:\/\/www.rockpixx.com\/wordpress\/5-kleine-jagermeister-09-05-2013-wallsbull-open-air-wallsbull\/","url_meta":{"origin":10740,"position":4},"title":"5 kleine J\u00e4germeister, 09.05.2013, Wallsb\u00fcll Open Air, Wallsb\u00fcll","author":"Anja","date":"14. Mai 2013","format":false,"excerpt":"Sp\u00e4t, sp\u00e4ter, 1:40 Uhr: Showtime! Als letzter Festival-Act stehen \u201e5 kleine J\u00e4germeister\u201c auf der B\u00fchne \u2013 auch eine Band, die wir schon \u2192\u00a02012 in Kiel auf der \u201eh\u00f6rn b\u00fchne\u201c fotografiert hatten. \u201e5 kleine J\u00e4germeister\u201c standen dieses Mal allerdings nur zu viert auf der B\u00fchne, ein Bandmitglied war krankheitsbedingt ausgefallen (an\u2026","rel":"","context":"In &quot;5 kleine J\u00e4germeister&quot;","block_context":{"text":"5 kleine J\u00e4germeister","link":"http:\/\/www.rockpixx.com\/wordpress\/category\/acts\/tributebands\/die-toten-hosen\/5-kleine-jagermeister\/"},"img":{"alt_text":"5 kleine J\u00e4germeister, 09.05.2013, Wallsb\u00fcll, Wallsb\u00fcll Open Air 2013","src":"https:\/\/i0.wp.com\/www.rockpixx.com\/wordpress\/wp-content\/uploads\/2013\/05\/20130509-10-5-kleine-jaegermeister-Artikel.jpg?resize=350%2C200","width":350,"height":200,"srcset":"https:\/\/i0.wp.com\/www.rockpixx.com\/wordpress\/wp-content\/uploads\/2013\/05\/20130509-10-5-kleine-jaegermeister-Artikel.jpg?resize=350%2C200 1x, https:\/\/i0.wp.com\/www.rockpixx.com\/wordpress\/wp-content\/uploads\/2013\/05\/20130509-10-5-kleine-jaegermeister-Artikel.jpg?resize=525%2C300 1.5x, https:\/\/i0.wp.com\/www.rockpixx.com\/wordpress\/wp-content\/uploads\/2013\/05\/20130509-10-5-kleine-jaegermeister-Artikel.jpg?resize=700%2C400 2x"},"classes":[]},{"id":10694,"url":"http:\/\/www.rockpixx.com\/wordpress\/b-s-u-r-09-05-2013-wallsbull-open-air-wallsbull\/","url_meta":{"origin":10740,"position":5},"title":"B.S.U.R., 09.05.2013, Wallsb\u00fcll Open Air, Wallsb\u00fcll","author":"Anja","date":"11. Mai 2013","format":false,"excerpt":"B.S.U.R. \u2013 \u201ebe as you are\u201c kennzeichnet laut Bekunden der Band aus Schleswig Ihre kompromisslose Einstellung zur Pers\u00f6nlichkeit eines jeden Bandmitgliedes . Diese Einstellung spiegelt sich sehr gut in Ihrer Musik wider \u2013 hart, ehrlich, laut. Die Set-List von B.S.U.R. beinhaltet eigene St\u00fccke mit deutschen Texten genauso wie gute Coverversionen\u2026","rel":"","context":"In &quot;Acts&quot;","block_context":{"text":"Acts","link":"http:\/\/www.rockpixx.com\/wordpress\/category\/acts\/"},"img":{"alt_text":"B.S.U.R, 09.05.2013, Wallsb\u00fcll, Wallsb\u00fcll Open Air 2013","src":"https:\/\/i0.wp.com\/www.rockpixx.com\/wordpress\/wp-content\/uploads\/2013\/05\/20130509-02-bsur-Artikel.jpg?resize=350%2C200","width":350,"height":200,"srcset":"https:\/\/i0.wp.com\/www.rockpixx.com\/wordpress\/wp-content\/uploads\/2013\/05\/20130509-02-bsur-Artikel.jpg?resize=350%2C200 1x, https:\/\/i0.wp.com\/www.rockpixx.com\/wordpress\/wp-content\/uploads\/2013\/05\/20130509-02-bsur-Artikel.jpg?resize=525%2C300 1.5x, https:\/\/i0.wp.com\/www.rockpixx.com\/wordpress\/wp-content\/uploads\/2013\/05\/20130509-02-bsur-Artikel.jpg?resize=700%2C400 2x"},"classes":[]}],"jetpack_sharing_enabled":true,"publishpress_future_action":{"enabled":false,"date":"2026-05-07 03:27:38","action":"change-status","newStatus":"draft","terms":[],"taxonomy":"category","extraData":[]},"publishpress_future_workflow_manual_trigger":{"enabledWorkflows":[]},"_links":{"self":[{"href":"http:\/\/www.rockpixx.com\/wordpress\/wp-json\/wp\/v2\/posts\/10740","targetHints":{"allow":["GET"]}}],"collection":[{"href":"http:\/\/www.rockpixx.com\/wordpress\/wp-json\/wp\/v2\/posts"}],"about":[{"href":"http:\/\/www.rockpixx.com\/wordpress\/wp-json\/wp\/v2\/types\/post"}],"author":[{"embeddable":true,"href":"http:\/\/www.rockpixx.com\/wordpress\/wp-json\/wp\/v2\/users\/2"}],"replies":[{"embeddable":true,"href":"http:\/\/www.rockpixx.com\/wordpress\/wp-json\/wp\/v2\/comments?post=10740"}],"version-history":[{"count":0,"href":"http:\/\/www.rockpixx.com\/wordpress\/wp-json\/wp\/v2\/posts\/10740\/revisions"}],"wp:featuredmedia":[{"embeddable":true,"href":"http:\/\/www.rockpixx.com\/wordpress\/wp-json\/wp\/v2\/media\/10725"}],"wp:attachment":[{"href":"http:\/\/www.rockpixx.com\/wordpress\/wp-json\/wp\/v2\/media?parent=10740"}],"wp:term":[{"taxonomy":"category","embeddable":true,"href":"http:\/\/www.rockpixx.com\/wordpress\/wp-json\/wp\/v2\/categories?post=10740"},{"taxonomy":"post_tag","embeddable":true,"href":"http:\/\/www.rockpixx.com\/wordpress\/wp-json\/wp\/v2\/tags?post=10740"}],"curies":[{"name":"wp","href":"https:\/\/api.w.org\/{rel}","templated":true}]}}