{"id":10796,"date":"2013-05-19T21:57:41","date_gmt":"2013-05-19T20:57:41","guid":{"rendered":"http:\/\/rockpixx.com\/wordpress\/?p=10796"},"modified":"2013-05-19T22:02:46","modified_gmt":"2013-05-19T21:02:46","slug":"illegal-2001-18-05-2013-foerde-festival-laboe","status":"publish","type":"post","link":"http:\/\/www.rockpixx.com\/wordpress\/illegal-2001-18-05-2013-foerde-festival-laboe\/","title":{"rendered":"Illegal 2001, 18.05.2013, foerde festival, Laboe"},"content":{"rendered":"<p>Werden wir jetzt etwa zu Alkoholikern? Innerhalb von 9 Tagen wird vor unseren Augen, Ohren und Kameras schon wieder die Hymne \u201eDosenbier macht schlau\u201c zelebriert: Die \u201ePanzerknacker\u201c von \u201eIllegal 2001\u201c spielen am Ostseestrand zum Tanze auf\u2026<!--more--><\/p>\n<p>Eigentlich h\u00e4tten wir ja fast gewettet, dass Thomas, Fred, Chrischi, Fiete und Jens als Bade-Entchen auf die B\u00fchne kommen, aber vermutlich lagen Zuhause noch die Panzerknacker-Outfits vom \u2192\u00a0<a title=\"Illegal 2001, 09.05.2013, Wallsb\u00fcll Open Air, Wallsb\u00fcll\" href=\"http:\/\/rockpixx.com\/wordpress\/illegal-2001-09-05-2013-wallsbull-open-air-wallsbull\/\">Wallsb\u00fcll-Auftritt<\/a> obenauf, so dass diese erneut zum Einsatz kamen. Zum Auftritt selbst gibt es nichts weiter zu vermelden, bis auf zwei Dinge:<\/p>\n<ol>\n<li>Leider viel zu kurz, da ein vorher musizierender Herr Paulsen nicht so recht zu wissen schien, welche Bedeutung ein timetable f\u00fcr ein Festival mit vielen Bands auf einer B\u00fchne hat.<\/li>\n<li>Thomas hatte f\u00fcr seinen Gitarrengurt nur ein \u201ebillig-dauernd-abgeh Pin\u00f6kel\u201c (O-Ton) dabei. Das f\u00fchrte dazu, dass seine Gitarre (wenn sie denn \u00fcberhaupt zu h\u00f6ren war) eher der Schwerkraft huldigen wollte, als sich von ihm bespielen zu lassen.<\/li>\n<\/ol>\n<p>Fazit: \u201eIllegal 2001\u201c sind zu Recht Kult und wir freuen uns schon, sie im Juni auf der \u201eKieler Woche\u201c wieder zu erleben.<\/p>\n<p style=\"text-align: right;\">Fotos:\u00a0<a href=\"mailto:info@rockpixx.com\">Alex<\/a>,\u00a0<a href=\"mailto:a.roselt@rockpixx.com\">Anja<\/a>\u00a0| Text:\u00a0<a href=\"mailto:info@rockpixx.com\">Alex<\/a><\/p>\n<p style=\"text-align: left;\">[slideshow id=274]<\/p>\n","protected":false},"excerpt":{"rendered":"<p>Werden wir jetzt etwa zu Alkoholikern? Innerhalb von 9 Tagen wird vor unseren Augen, Ohren <a href=\"http:\/\/www.rockpixx.com\/wordpress\/illegal-2001-18-05-2013-foerde-festival-laboe\/\">Read more<\/a><\/p>\n","protected":false},"author":2,"featured_media":10797,"comment_status":"open","ping_status":"open","sticky":false,"template":"","format":"standard","meta":{"_jetpack_memberships_contains_paid_content":false,"footnotes":"","jetpack_publicize_message":"","jetpack_publicize_feature_enabled":true,"jetpack_social_post_already_shared":true,"jetpack_social_options":{"image_generator_settings":{"template":"highway","default_image_id":0,"font":"","enabled":false},"version":2}},"categories":[34,454],"tags":[2065,133,2125,1841,2126],"class_list":["post-10796","post","type-post","status-publish","format-standard","has-post-thumbnail","hentry","category-acts","category-illegal-2001","tag-2065","tag-festivals","tag-forde-festival","tag-illegal-2001","tag-laboe"],"aioseo_notices":[],"jetpack_publicize_connections":[],"jetpack_featured_media_url":"http:\/\/www.rockpixx.com\/wordpress\/wp-content\/uploads\/2013\/05\/20130518-05-055-illegal-2001-Artikel.jpg","jetpack-related-posts":[{"id":10732,"url":"http:\/\/www.rockpixx.com\/wordpress\/illegal-2001-09-05-2013-wallsbull-open-air-wallsbull\/","url_meta":{"origin":10796,"position":0},"title":"Illegal 2001, 09.05.2013, Wallsb\u00fcll Open Air, Wallsb\u00fcll","author":"admin","date":"13. Mai 2013","format":false,"excerpt":"Gespr\u00e4chsfetzen vor dem Wohnwagen der Band kurz vor deren LineCheck: \u201eNa, wie kommt Ihr heute auf die B\u00fchne? Als Sportler?\u201e \u2013 \u201eN\u00f6.\u201c \u2013 \u201eAls Gartenzwerge?\u201c \u2013 \u201eN\u00f6.\u201c \u2013 \u201e???\u201c \u2013 \u201eAls Panzerknacker!\u201c Hmmm\u2026 die Panzerknacker sind ja bekannterma\u00dfen so was von d\u00e4mlich, aber \u201eDosenbier macht schlau\u201c \u2013 mal sehen, wie\u2026","rel":"","context":"In &quot;Acts&quot;","block_context":{"text":"Acts","link":"http:\/\/www.rockpixx.com\/wordpress\/category\/acts\/"},"img":{"alt_text":"Illegal 2001, 09.05.2013, Wallsb\u00fcll, Wallsb\u00fcll Open Air 2013","src":"https:\/\/i0.wp.com\/www.rockpixx.com\/wordpress\/wp-content\/uploads\/2013\/05\/20130509-08-illegal-2001-Artikel.jpg?resize=350%2C200","width":350,"height":200,"srcset":"https:\/\/i0.wp.com\/www.rockpixx.com\/wordpress\/wp-content\/uploads\/2013\/05\/20130509-08-illegal-2001-Artikel.jpg?resize=350%2C200 1x, https:\/\/i0.wp.com\/www.rockpixx.com\/wordpress\/wp-content\/uploads\/2013\/05\/20130509-08-illegal-2001-Artikel.jpg?resize=525%2C300 1.5x, https:\/\/i0.wp.com\/www.rockpixx.com\/wordpress\/wp-content\/uploads\/2013\/05\/20130509-08-illegal-2001-Artikel.jpg?resize=700%2C400 2x"},"classes":[]},{"id":23110,"url":"http:\/\/www.rockpixx.com\/wordpress\/illegal-2001-19-07-2025-eggebek-shelter-festival\/","url_meta":{"origin":10796,"position":1},"title":"Illegal 2001, 19.07.2025, Eggebek, Shelter Festival","author":"A. Hahl","date":"23. Juli 2025","format":false,"excerpt":"Zum bereits sechsten Mal habe ich die \u201eLokalmatadoren\u201c von \u201eIllegal 2001\u201c vor meinen Kameras und ich wei\u00df jetzt schon, dass wieder ein kompletter Slot voller Spa\u00df und ausgelassener Freude auf und vor der B\u00fchne zu erwarten ist.","rel":"","context":"In &quot;Acts&quot;","block_context":{"text":"Acts","link":"http:\/\/www.rockpixx.com\/wordpress\/category\/acts\/"},"img":{"alt_text":"Illegal 2001, 19.07.2025, Eggebek, Shelter Festival 2025","src":"https:\/\/i0.wp.com\/www.rockpixx.com\/wordpress\/wp-content\/uploads\/2025\/07\/20250719-02-056.jpg?resize=350%2C200","width":350,"height":200,"srcset":"https:\/\/i0.wp.com\/www.rockpixx.com\/wordpress\/wp-content\/uploads\/2025\/07\/20250719-02-056.jpg?resize=350%2C200 1x, https:\/\/i0.wp.com\/www.rockpixx.com\/wordpress\/wp-content\/uploads\/2025\/07\/20250719-02-056.jpg?resize=525%2C300 1.5x, https:\/\/i0.wp.com\/www.rockpixx.com\/wordpress\/wp-content\/uploads\/2025\/07\/20250719-02-056.jpg?resize=700%2C400 2x, https:\/\/i0.wp.com\/www.rockpixx.com\/wordpress\/wp-content\/uploads\/2025\/07\/20250719-02-056.jpg?resize=1050%2C600 3x"},"classes":[]},{"id":10787,"url":"http:\/\/www.rockpixx.com\/wordpress\/alive-and-kicking-18-05-2013-forde-festival-laboe\/","url_meta":{"origin":10796,"position":2},"title":"Alive &#038; Kicking, 18.05.2013, f\u00f6rde festival, Laboe","author":"Anja","date":"19. Mai 2013","format":false,"excerpt":"\u201eAlive & Kicking\u201c stehen nunmehr nach \u2192\u00a02011 und \u2192\u00a02012 zum dritten Mal vor unseren Kameras. Unser erster Eindruck ist: \u201eDie Jungs werden immer besser.\u201c Hervorzuheben ist die B\u00fchnenpr\u00e4senz und die gesangliche Leistung Ihres neuen Frontmanns Marc Wolf, der kein Unbekannter mehr f\u00fcr uns ist, da wir Ihn auch schon mit\u2026","rel":"","context":"In &quot;Acts&quot;","block_context":{"text":"Acts","link":"http:\/\/www.rockpixx.com\/wordpress\/category\/acts\/"},"img":{"alt_text":"Alive & Kicking, 18.05.2013, Laboe, f\u00f6rde festival 2013, Kurstrand","src":"https:\/\/i0.wp.com\/www.rockpixx.com\/wordpress\/wp-content\/uploads\/2013\/05\/20130518-03-064-alive-and-kicking-Artikel.jpg?resize=350%2C200","width":350,"height":200,"srcset":"https:\/\/i0.wp.com\/www.rockpixx.com\/wordpress\/wp-content\/uploads\/2013\/05\/20130518-03-064-alive-and-kicking-Artikel.jpg?resize=350%2C200 1x, https:\/\/i0.wp.com\/www.rockpixx.com\/wordpress\/wp-content\/uploads\/2013\/05\/20130518-03-064-alive-and-kicking-Artikel.jpg?resize=525%2C300 1.5x, https:\/\/i0.wp.com\/www.rockpixx.com\/wordpress\/wp-content\/uploads\/2013\/05\/20130518-03-064-alive-and-kicking-Artikel.jpg?resize=700%2C400 2x"},"classes":[]},{"id":10775,"url":"http:\/\/www.rockpixx.com\/wordpress\/lions-of-nebraska-18-05-2013-forde-festival-laboe\/","url_meta":{"origin":10796,"position":3},"title":"Lions of Nebraska, 18.05.2013, f\u00f6rde festival, Laboe","author":"Anja","date":"19. Mai 2013","format":false,"excerpt":"Trotz der angek\u00fcndigten Regeng\u00fcsse und Gewitter machten wir uns auf nach Laboe, um beim ersten F\u00f6rde Festival dabei zu sein. Leider erhielten wir dann bei Ankunft auf dem Festivalgel\u00e4nde die Info, dass der Container mit den Pressearbeitspl\u00e4tzen nicht mehr zur Verf\u00fcgung st\u00fcnde. Mist! Wohin jetzt mit der ganzen Ausr\u00fcstung? Tade\u2026","rel":"","context":"In &quot;Acts&quot;","block_context":{"text":"Acts","link":"http:\/\/www.rockpixx.com\/wordpress\/category\/acts\/"},"img":{"alt_text":"Lions of Nebraska, 18.05.2013, Laboe, f\u00f6rde festival 2013, Kurstrand","src":"https:\/\/i0.wp.com\/www.rockpixx.com\/wordpress\/wp-content\/uploads\/2013\/05\/20130518-01-046-lions-of-nebraska-Artikel.jpg?resize=350%2C200","width":350,"height":200,"srcset":"https:\/\/i0.wp.com\/www.rockpixx.com\/wordpress\/wp-content\/uploads\/2013\/05\/20130518-01-046-lions-of-nebraska-Artikel.jpg?resize=350%2C200 1x, https:\/\/i0.wp.com\/www.rockpixx.com\/wordpress\/wp-content\/uploads\/2013\/05\/20130518-01-046-lions-of-nebraska-Artikel.jpg?resize=525%2C300 1.5x, https:\/\/i0.wp.com\/www.rockpixx.com\/wordpress\/wp-content\/uploads\/2013\/05\/20130518-01-046-lions-of-nebraska-Artikel.jpg?resize=700%2C400 2x"},"classes":[]},{"id":10809,"url":"http:\/\/www.rockpixx.com\/wordpress\/f-r-e-i-18-05-2013-forde-festival-laboe\/","url_meta":{"origin":10796,"position":4},"title":"F.R.E.I., 18.05.2013, f\u00f6rde festival, Laboe","author":"Anja","date":"19. Mai 2013","format":false,"excerpt":"\u201eF.R.E.I.\u201c sind nun der letzte Act, der vor \u201eUnheilig\u201c auf der B\u00fchne steht. Und, um es vorwegzunehmen: Es liegt nicht an ihnen, dass es nun zu schiffen anf\u00e4ngt. Eigentlich bl\u00f6d, denn was diese Band da auf der B\u00fchne an musikalischem Feuerwerk z\u00fcndet, das ist richtig gut und macht \u2013 zumindest\u2026","rel":"","context":"In &quot;Acts&quot;","block_context":{"text":"Acts","link":"http:\/\/www.rockpixx.com\/wordpress\/category\/acts\/"},"img":{"alt_text":"F.R.E.I., 18.05.2013, Laboe, f\u00f6rde festival 2013, Kurstrand","src":"https:\/\/i0.wp.com\/www.rockpixx.com\/wordpress\/wp-content\/uploads\/2013\/05\/20130518-07-030-frei-Artikel.jpg?resize=350%2C200","width":350,"height":200,"srcset":"https:\/\/i0.wp.com\/www.rockpixx.com\/wordpress\/wp-content\/uploads\/2013\/05\/20130518-07-030-frei-Artikel.jpg?resize=350%2C200 1x, https:\/\/i0.wp.com\/www.rockpixx.com\/wordpress\/wp-content\/uploads\/2013\/05\/20130518-07-030-frei-Artikel.jpg?resize=525%2C300 1.5x, https:\/\/i0.wp.com\/www.rockpixx.com\/wordpress\/wp-content\/uploads\/2013\/05\/20130518-07-030-frei-Artikel.jpg?resize=700%2C400 2x"},"classes":[]},{"id":10780,"url":"http:\/\/www.rockpixx.com\/wordpress\/staubkind-18-05-2013-forde-festival-laboe\/","url_meta":{"origin":10796,"position":5},"title":"Staubkind, 18.05.2013, f\u00f6rde festival, Laboe","author":"Anja","date":"19. Mai 2013","format":false,"excerpt":"Als zweites standen \u201eStaubkind\u201c auf der B\u00fchne, die f\u00fcr den wegen Krankheit verhinderten Robert Bless ganz kurzfristig eingesprungen waren. Den eingefleischten Staubkind-Fans wird aufgefallen sein, dass die Band mit Gast-Gitarrist und Gast-Keyboarder auf der B\u00fchne stand, da nicht alle Original-Bandmitglieder so schnell aus dem Pfingsturlaub zur\u00fcckzuholen waren. \u201eStaubkind\u201c hat den\u2026","rel":"","context":"In &quot;Acts&quot;","block_context":{"text":"Acts","link":"http:\/\/www.rockpixx.com\/wordpress\/category\/acts\/"},"img":{"alt_text":"Staubkind, 18.05.2013, Laboe, f\u00f6rde festival 2013, Kurstrand","src":"https:\/\/i0.wp.com\/www.rockpixx.com\/wordpress\/wp-content\/uploads\/2013\/05\/20130518-02-081-staubkind-Artikel.jpg?resize=350%2C200","width":350,"height":200,"srcset":"https:\/\/i0.wp.com\/www.rockpixx.com\/wordpress\/wp-content\/uploads\/2013\/05\/20130518-02-081-staubkind-Artikel.jpg?resize=350%2C200 1x, https:\/\/i0.wp.com\/www.rockpixx.com\/wordpress\/wp-content\/uploads\/2013\/05\/20130518-02-081-staubkind-Artikel.jpg?resize=525%2C300 1.5x, https:\/\/i0.wp.com\/www.rockpixx.com\/wordpress\/wp-content\/uploads\/2013\/05\/20130518-02-081-staubkind-Artikel.jpg?resize=700%2C400 2x"},"classes":[]}],"jetpack_sharing_enabled":true,"publishpress_future_action":{"enabled":false,"date":"2026-05-07 07:45:52","action":"change-status","newStatus":"draft","terms":[],"taxonomy":"category","extraData":[]},"publishpress_future_workflow_manual_trigger":{"enabledWorkflows":[]},"_links":{"self":[{"href":"http:\/\/www.rockpixx.com\/wordpress\/wp-json\/wp\/v2\/posts\/10796","targetHints":{"allow":["GET"]}}],"collection":[{"href":"http:\/\/www.rockpixx.com\/wordpress\/wp-json\/wp\/v2\/posts"}],"about":[{"href":"http:\/\/www.rockpixx.com\/wordpress\/wp-json\/wp\/v2\/types\/post"}],"author":[{"embeddable":true,"href":"http:\/\/www.rockpixx.com\/wordpress\/wp-json\/wp\/v2\/users\/2"}],"replies":[{"embeddable":true,"href":"http:\/\/www.rockpixx.com\/wordpress\/wp-json\/wp\/v2\/comments?post=10796"}],"version-history":[{"count":0,"href":"http:\/\/www.rockpixx.com\/wordpress\/wp-json\/wp\/v2\/posts\/10796\/revisions"}],"wp:featuredmedia":[{"embeddable":true,"href":"http:\/\/www.rockpixx.com\/wordpress\/wp-json\/wp\/v2\/media\/10797"}],"wp:attachment":[{"href":"http:\/\/www.rockpixx.com\/wordpress\/wp-json\/wp\/v2\/media?parent=10796"}],"wp:term":[{"taxonomy":"category","embeddable":true,"href":"http:\/\/www.rockpixx.com\/wordpress\/wp-json\/wp\/v2\/categories?post=10796"},{"taxonomy":"post_tag","embeddable":true,"href":"http:\/\/www.rockpixx.com\/wordpress\/wp-json\/wp\/v2\/tags?post=10796"}],"curies":[{"name":"wp","href":"https:\/\/api.w.org\/{rel}","templated":true}]}}