{"id":10836,"date":"2013-05-31T04:51:04","date_gmt":"2013-05-31T03:51:04","guid":{"rendered":"http:\/\/rockpixx.com\/wordpress\/?p=10836"},"modified":"2013-05-31T04:51:04","modified_gmt":"2013-05-31T03:51:04","slug":"0521-uhr-die-sonne-zeigt-sich","status":"publish","type":"post","link":"http:\/\/www.rockpixx.com\/wordpress\/0521-uhr-die-sonne-zeigt-sich\/","title":{"rendered":"05:21 Uhr, die Sonne zeigt sich."},"content":{"rendered":"<p>Es ist kurz nach f\u00fcnf Uhr morgens und gerade habe ich den quengelnden Kater in den Garten gelassen. Das Au\u00dfenthermometer zeigt 14,2\u00b0 C im Schatten.<!--more--><\/p>\n<p>Wieder drinnen im B\u00fcro mit frischem Kaffee: Ein kurzer Blick auf die Karte mit den Unwetterwarnungen des Deutschen Wetterdienstes, dann ein langer Blick aus dem B\u00fcrofenster.<\/p>\n<p>Fazit: Wir leben doch im sch\u00f6nsten Bundesland der Welt. Das \u2192 <a title=\"PreView Rock am See 2013\" href=\"http:\/\/rockpixx.com\/wordpress\/preview-rock-am-see-2013\/\">Festivalwochenende<\/a> kann heute Nachmittag beginnen!<\/p>\n","protected":false},"excerpt":{"rendered":"<p>Es ist kurz nach f\u00fcnf Uhr morgens und gerade habe ich den quengelnden Kater in <a href=\"http:\/\/www.rockpixx.com\/wordpress\/0521-uhr-die-sonne-zeigt-sich\/\">Read more<\/a><\/p>\n","protected":false},"author":1,"featured_media":10837,"comment_status":"open","ping_status":"open","sticky":false,"template":"","format":"standard","meta":{"_jetpack_memberships_contains_paid_content":false,"footnotes":"","jetpack_publicize_message":"05:21 Uhr, die Sonne zeigt sich.","jetpack_publicize_feature_enabled":true,"jetpack_social_post_already_shared":true,"jetpack_social_options":{"image_generator_settings":{"template":"highway","default_image_id":0,"font":"","enabled":false},"version":2}},"categories":[899,19],"tags":[2065,873,1125],"class_list":["post-10836","post","type-post","status-publish","format-standard","has-post-thumbnail","hentry","category-899","category-backstage","tag-2065","tag-rock-am-see","tag-wetter"],"aioseo_notices":[],"jetpack_publicize_connections":[],"jetpack_featured_media_url":"http:\/\/www.rockpixx.com\/wordpress\/wp-content\/uploads\/2013\/05\/20130531-001_Sommermorgen.jpg","jetpack-related-posts":[{"id":13985,"url":"http:\/\/www.rockpixx.com\/wordpress\/madsen-29-05-2014-wallsbuell-openair-schafflund\/","url_meta":{"origin":10836,"position":0},"title":"MADSEN, 29.05.2014, Wallsb\u00fcll OpenAir, Schafflund","author":"admin","date":"5. Juni 2014","format":false,"excerpt":"\u201eMADSEN\u201c hatten wir ja schon\u00a0\u2192 im letzten Jahr auf dem \u201eDeichbrand\u201c fotografiert. Dieses Mal also dann noch weiter n\u00f6rdlich und mit vollem LED-Lichteinsatz. Vorab: Die Performance der Band ist richtig gut. Musikalisch sind sie sowieso schwer angesagt und ein Blick auf den Platz vor der \u201eHeavy Stage\u201c zeigt mir, dass\u2026","rel":"","context":"In &quot;Acts&quot;","block_context":{"text":"Acts","link":"http:\/\/www.rockpixx.com\/wordpress\/category\/acts\/"},"img":{"alt_text":"Madsen, 29.05.2014, Schafflund, Wallsb\u00fcll OpenAir","src":"https:\/\/i0.wp.com\/www.rockpixx.com\/wordpress\/wp-content\/uploads\/2014\/06\/20140529-14-131.jpg?resize=350%2C200","width":350,"height":200,"srcset":"https:\/\/i0.wp.com\/www.rockpixx.com\/wordpress\/wp-content\/uploads\/2014\/06\/20140529-14-131.jpg?resize=350%2C200 1x, https:\/\/i0.wp.com\/www.rockpixx.com\/wordpress\/wp-content\/uploads\/2014\/06\/20140529-14-131.jpg?resize=525%2C300 1.5x, https:\/\/i0.wp.com\/www.rockpixx.com\/wordpress\/wp-content\/uploads\/2014\/06\/20140529-14-131.jpg?resize=700%2C400 2x"},"classes":[]},{"id":1065,"url":"http:\/\/www.rockpixx.com\/wordpress\/deichbrand-festival-2011-tag-2\/","url_meta":{"origin":10836,"position":1},"title":"Deichbrand Festival 2011, Tag 2","author":"admin","date":"24. Juli 2011","format":false,"excerpt":"Moin, Tag 2 auf dem \u201eDeichbrand Festival\u201c \u2013 der morgendliche Gang \u00fcber das Gel\u00e4nde zeigt die gefl\u00fcgelten M\u00fcllwerker in Aktion und in etlichen Ecken sammelt sich noch weniger schmackhafter M\u00fcll, den der Sturm \u00fcber Nacht zusammengeweht hat. Vor den beiden B\u00fchnen gibt es nun einen sch\u00f6nen Blick auf die \u201eSchie\u00dfscharten\u201c\u2026","rel":"","context":"In &quot;2011&quot;","block_context":{"text":"2011","link":"http:\/\/www.rockpixx.com\/wordpress\/category\/backstage\/2011\/"},"img":{"alt_text":"Deichbrand Festival 2011 | lost & found","src":"https:\/\/i0.wp.com\/www.rockpixx.com\/wordpress\/wp-content\/uploads\/2013\/03\/20110724-20110723-011.jpg?resize=350%2C200","width":350,"height":200,"srcset":"https:\/\/i0.wp.com\/www.rockpixx.com\/wordpress\/wp-content\/uploads\/2013\/03\/20110724-20110723-011.jpg?resize=350%2C200 1x, https:\/\/i0.wp.com\/www.rockpixx.com\/wordpress\/wp-content\/uploads\/2013\/03\/20110724-20110723-011.jpg?resize=525%2C300 1.5x, https:\/\/i0.wp.com\/www.rockpixx.com\/wordpress\/wp-content\/uploads\/2013\/03\/20110724-20110723-011.jpg?resize=700%2C400 2x"},"classes":[]},{"id":1034,"url":"http:\/\/www.rockpixx.com\/wordpress\/50-gigs-10-tage-2-fotografen-wie-schafft-man-das\/","url_meta":{"origin":10836,"position":2},"title":"50 Gigs, 10 Tage, 2 Fotografen: Wie schafft man das?","author":"admin","date":"9. Juli 2010","format":false,"excerpt":"Vorbemerkung Die \u201eKieler Woche\u201c 2010 sah das Team von rockpixx.com wieder im Einsatz. Um die ausgesuchten Acts ablichten und tagesaktuell auf unsere Seite bringen zu k\u00f6nnen, war sowohl im Vorfeld als auch t\u00e4glich auf der \u201eKieler Woche\u201c eine etwas ausf\u00fchrlichere Planung notwendig. Einige unserer Arbeitsabl\u00e4ufe und manche der zum Einsatz\u2026","rel":"","context":"In &quot;2010&quot;","block_context":{"text":"2010","link":"http:\/\/www.rockpixx.com\/wordpress\/category\/backstage\/2010\/"},"img":{"alt_text":"Workflow Kieler Woche 2010","src":"https:\/\/i0.wp.com\/www.rockpixx.com\/wordpress\/wp-content\/uploads\/2010\/07\/20100709-workflow-kiwo-2010.jpg?resize=350%2C200","width":350,"height":200,"srcset":"https:\/\/i0.wp.com\/www.rockpixx.com\/wordpress\/wp-content\/uploads\/2010\/07\/20100709-workflow-kiwo-2010.jpg?resize=350%2C200 1x, https:\/\/i0.wp.com\/www.rockpixx.com\/wordpress\/wp-content\/uploads\/2010\/07\/20100709-workflow-kiwo-2010.jpg?resize=525%2C300 1.5x, https:\/\/i0.wp.com\/www.rockpixx.com\/wordpress\/wp-content\/uploads\/2010\/07\/20100709-workflow-kiwo-2010.jpg?resize=700%2C400 2x"},"classes":[]},{"id":1015,"url":"http:\/\/www.rockpixx.com\/wordpress\/ein-wochenende-mit-auf-tour\/","url_meta":{"origin":10836,"position":3},"title":"Ein Wochenende mit auf Tour","author":"admin","date":"20. Januar 2010","format":false,"excerpt":"Die Winter-Tour von \u201eBarock\u201c l\u00e4uft und sie l\u00e4uft gut. Zeit f\u00fcr mich also, wieder einmal ein Wochende mitzufahren. Nachdem am Wochenende zuvor Tief \u201eDaisy\u201c mir den Trip verleidet hatte, sollte es dann endlich am 15.\/16.01.2010 losgehen\u2026 Donnerstag, Anreise, Teil 1 Am 14.01.2010 geht's also nach N\u00fcrnberg, im Hotel bin ich\u2026","rel":"","context":"In &quot;2010&quot;","block_context":{"text":"2010","link":"http:\/\/www.rockpixx.com\/wordpress\/category\/backstage\/2010\/"},"img":{"alt_text":"2009\/2010: on tour...","src":"https:\/\/i0.wp.com\/www.rockpixx.com\/wordpress\/wp-content\/uploads\/2010\/01\/20090115-17-g10-018-tour2009.jpg?resize=350%2C200","width":350,"height":200,"srcset":"https:\/\/i0.wp.com\/www.rockpixx.com\/wordpress\/wp-content\/uploads\/2010\/01\/20090115-17-g10-018-tour2009.jpg?resize=350%2C200 1x, https:\/\/i0.wp.com\/www.rockpixx.com\/wordpress\/wp-content\/uploads\/2010\/01\/20090115-17-g10-018-tour2009.jpg?resize=525%2C300 1.5x, https:\/\/i0.wp.com\/www.rockpixx.com\/wordpress\/wp-content\/uploads\/2010\/01\/20090115-17-g10-018-tour2009.jpg?resize=700%2C400 2x"},"classes":[]},{"id":11447,"url":"http:\/\/www.rockpixx.com\/wordpress\/dsds-zuruck-vom-kreischalarm\/","url_meta":{"origin":10836,"position":4},"title":"DSDS: Zur\u00fcck vom Kreischalarm!","author":"admin","date":"8. Juli 2013","format":false,"excerpt":"Dieses Jahr sind wir erneut beim DSDS Superstar Open Air gewesen. Fand diese Veranstaltung 2012 noch in \u2192 Eckernf\u00f6rde direkt am Ostseestrand statt, so ging es dieses Jahr nach Soltau in das \u201eHeide Park Resort\u201c. Erstmals waren wir bei dieser Veranstaltungsreihe nicht nur als Fotografen, sondern als offizielle Fotografen und\u2026","rel":"","context":"In &quot;2013&quot;","block_context":{"text":"2013","link":"http:\/\/www.rockpixx.com\/wordpress\/category\/backstage\/2013\/"},"img":{"alt_text":"Impressionen DSDS OpenAir 2013, 06.07.2013, Soltau, Heide Park Resort","src":"https:\/\/i0.wp.com\/www.rockpixx.com\/wordpress\/wp-content\/uploads\/2013\/07\/20130706-00-071_DSDS-2013-Artikel.jpg?resize=350%2C200","width":350,"height":200,"srcset":"https:\/\/i0.wp.com\/www.rockpixx.com\/wordpress\/wp-content\/uploads\/2013\/07\/20130706-00-071_DSDS-2013-Artikel.jpg?resize=350%2C200 1x, https:\/\/i0.wp.com\/www.rockpixx.com\/wordpress\/wp-content\/uploads\/2013\/07\/20130706-00-071_DSDS-2013-Artikel.jpg?resize=525%2C300 1.5x, https:\/\/i0.wp.com\/www.rockpixx.com\/wordpress\/wp-content\/uploads\/2013\/07\/20130706-00-071_DSDS-2013-Artikel.jpg?resize=700%2C400 2x"},"classes":[]},{"id":7717,"url":"http:\/\/www.rockpixx.com\/wordpress\/gentleman-18-06-2011-kiel-unser-norden-buhne\/","url_meta":{"origin":10836,"position":5},"title":"Gentleman, 18.06.2011, Kiel, Unser Norden-B\u00fchne","author":"Anja","date":"18. Juni 2011","format":false,"excerpt":"Reggae und Regen \u2013 das passt \u00fcberhaupt nicht zusammen. Dieser Meinung war auch die Sonne, welche sich sonst den ganzen Tag hinter dicken Regenwolken versteckt hatte. Ich drohte schon mit Streik. Denn bei den Wassermassen von oben w\u00e4re ein Aufenthalt im Graben einem Vollbad in der H\u00f6rn gleichgekommen. Aber wie\u2026","rel":"","context":"In &quot;Acts&quot;","block_context":{"text":"Acts","link":"http:\/\/www.rockpixx.com\/wordpress\/category\/acts\/"},"img":{"alt_text":"Gentleman, 18.06.2011, Kiel, Unser Norden-B\u00fchne","src":"https:\/\/i0.wp.com\/www.rockpixx.com\/wordpress\/wp-content\/uploads\/2013\/01\/20110618-02-gentleman-Artikel.jpg?resize=350%2C200","width":350,"height":200,"srcset":"https:\/\/i0.wp.com\/www.rockpixx.com\/wordpress\/wp-content\/uploads\/2013\/01\/20110618-02-gentleman-Artikel.jpg?resize=350%2C200 1x, https:\/\/i0.wp.com\/www.rockpixx.com\/wordpress\/wp-content\/uploads\/2013\/01\/20110618-02-gentleman-Artikel.jpg?resize=525%2C300 1.5x, https:\/\/i0.wp.com\/www.rockpixx.com\/wordpress\/wp-content\/uploads\/2013\/01\/20110618-02-gentleman-Artikel.jpg?resize=700%2C400 2x"},"classes":[]}],"jetpack_sharing_enabled":true,"publishpress_future_action":{"enabled":false,"date":"2026-05-08 20:39:43","action":"change-status","newStatus":"draft","terms":[],"taxonomy":"category","extraData":[]},"publishpress_future_workflow_manual_trigger":{"enabledWorkflows":[]},"_links":{"self":[{"href":"http:\/\/www.rockpixx.com\/wordpress\/wp-json\/wp\/v2\/posts\/10836","targetHints":{"allow":["GET"]}}],"collection":[{"href":"http:\/\/www.rockpixx.com\/wordpress\/wp-json\/wp\/v2\/posts"}],"about":[{"href":"http:\/\/www.rockpixx.com\/wordpress\/wp-json\/wp\/v2\/types\/post"}],"author":[{"embeddable":true,"href":"http:\/\/www.rockpixx.com\/wordpress\/wp-json\/wp\/v2\/users\/1"}],"replies":[{"embeddable":true,"href":"http:\/\/www.rockpixx.com\/wordpress\/wp-json\/wp\/v2\/comments?post=10836"}],"version-history":[{"count":0,"href":"http:\/\/www.rockpixx.com\/wordpress\/wp-json\/wp\/v2\/posts\/10836\/revisions"}],"wp:featuredmedia":[{"embeddable":true,"href":"http:\/\/www.rockpixx.com\/wordpress\/wp-json\/wp\/v2\/media\/10837"}],"wp:attachment":[{"href":"http:\/\/www.rockpixx.com\/wordpress\/wp-json\/wp\/v2\/media?parent=10836"}],"wp:term":[{"taxonomy":"category","embeddable":true,"href":"http:\/\/www.rockpixx.com\/wordpress\/wp-json\/wp\/v2\/categories?post=10836"},{"taxonomy":"post_tag","embeddable":true,"href":"http:\/\/www.rockpixx.com\/wordpress\/wp-json\/wp\/v2\/tags?post=10836"}],"curies":[{"name":"wp","href":"https:\/\/api.w.org\/{rel}","templated":true}]}}