{"id":10841,"date":"2013-06-01T11:09:36","date_gmt":"2013-06-01T10:09:36","guid":{"rendered":"http:\/\/rockpixx.com\/wordpress\/?p=10841"},"modified":"2013-06-02T21:39:39","modified_gmt":"2013-06-02T20:39:39","slug":"evening-skies-31-05-2013-rock-am-see-schacht-audorf","status":"publish","type":"post","link":"http:\/\/www.rockpixx.com\/wordpress\/evening-skies-31-05-2013-rock-am-see-schacht-audorf\/","title":{"rendered":"Evening Skies, 31.05.2013, Rock am See, Schacht Audorf"},"content":{"rendered":"<p>Sonne, 25\u00b0C, Badesee und \u2026<!--more--><\/p>\n<p>\u2026geile Mucke. Evening Skies er\u00f6ffnen das Rock am See Open Air 2013. Dem Motto des Open Airs getreu singen Evening Skies ihre Songs auf Deutsch &#8211; aber erst, nachdem Cathin aus ihren Heels geschl\u00fcpft ist. Was wir zu h\u00f6ren bekommen ist guter Rock, sinnige Texte und eine energiegeladene Band post auf der B\u00fchne. Das Festivalpublikum ist leider auf Grund der fr\u00fchen Stunde noch nicht so zahlreich vor Ort. Da die Musiker aus Schacht-Audorf &#8211; also aus der unmittelbaren Nachbarschaft &#8211; kommen, werden viele Fans bestimmt traurig sein, dass sie Evening Skies verpasst haben. Nicht traurig sein. Aus sicherer Quelle wissen wir, dass sie am Samstag noch einmal auf der B\u00fchne stehen werden und der Veranstalter hat versichert, dass f\u00fcr kurzentschlossene Rock\u2019n\u2019Roller noch Karten zu haben sind.<\/p>\n<p style=\"text-align: right;\">Fotos: <a href=\"mailto:info@rockpixx.com\">Alex<\/a>, <a href=\"mailto:a.roselt@rockpixx.com\">Anja<\/a> | Text: <a href=\"mailto:a.roselt@rockpixx.com\">Anja<\/a><\/p>\n<p style=\"text-align: left;\">[slideshow id=278]<\/p>\n","protected":false},"excerpt":{"rendered":"<p>Sonne, 25\u00b0C, Badesee und \u2026<\/p>\n","protected":false},"author":2,"featured_media":10848,"comment_status":"open","ping_status":"open","sticky":false,"template":"","format":"standard","meta":{"_jetpack_memberships_contains_paid_content":false,"footnotes":"","jetpack_publicize_message":"","jetpack_publicize_feature_enabled":true,"jetpack_social_post_already_shared":true,"jetpack_social_options":{"image_generator_settings":{"template":"highway","default_image_id":0,"font":"","enabled":false},"version":2}},"categories":[34,1126],"tags":[2065,2151,133,873,2060],"class_list":["post-10841","post","type-post","status-publish","format-standard","has-post-thumbnail","hentry","category-acts","category-evening-skies","tag-2065","tag-evening-skies","tag-festivals","tag-rock-am-see","tag-schacht-audorf"],"aioseo_notices":[],"jetpack_publicize_connections":[],"jetpack_featured_media_url":"http:\/\/www.rockpixx.com\/wordpress\/wp-content\/uploads\/2013\/06\/20130531-01-045_evening-skies-Artikel.jpg","jetpack-related-posts":[{"id":10878,"url":"http:\/\/www.rockpixx.com\/wordpress\/b206-01-06-2013-rock-am-see-schacht-audorf\/","url_meta":{"origin":10841,"position":0},"title":"B206, 01.06.2013, Rock am See, Schacht-Audorf","author":"Anja","date":"2. Juni 2013","format":false,"excerpt":"\u201eB206\u201c\u2026 nein wir schreiben nicht den neuen Reisef\u00fchrer f\u00fcr den ADAC, sondern fotografieren immer noch Rockkonzerte. Mit \u201eB206\u201c steht heute die erste Rockband auf der B\u00fchne am See bei Schacht-Audorf. Eigentlich eine undankbare Aufgabe, die noch m\u00fcden und vom gestrigen Abfeiern verpennten Camper aus ihren Schlafs\u00e4cken zu singen. Aber so\u2026","rel":"","context":"In &quot;Acts&quot;","block_context":{"text":"Acts","link":"http:\/\/www.rockpixx.com\/wordpress\/category\/acts\/"},"img":{"alt_text":"B206, 01.06.2013, Schacht-Audorf, Rock am See 2013","src":"https:\/\/i0.wp.com\/www.rockpixx.com\/wordpress\/wp-content\/uploads\/2013\/06\/20130601-01-024_b206-Artikel.jpg?resize=350%2C200","width":350,"height":200,"srcset":"https:\/\/i0.wp.com\/www.rockpixx.com\/wordpress\/wp-content\/uploads\/2013\/06\/20130601-01-024_b206-Artikel.jpg?resize=350%2C200 1x, https:\/\/i0.wp.com\/www.rockpixx.com\/wordpress\/wp-content\/uploads\/2013\/06\/20130601-01-024_b206-Artikel.jpg?resize=525%2C300 1.5x, https:\/\/i0.wp.com\/www.rockpixx.com\/wordpress\/wp-content\/uploads\/2013\/06\/20130601-01-024_b206-Artikel.jpg?resize=700%2C400 2x"},"classes":[]},{"id":10843,"url":"http:\/\/www.rockpixx.com\/wordpress\/planet-emily-31-05-2013-rock-am-see-schacht-audorf\/","url_meta":{"origin":10841,"position":1},"title":"Planet Emily, 31.05.2013, Rock am See, Schacht-Audorf","author":"Anja","date":"1. Juni 2013","format":false,"excerpt":"Es ist eigentlich immer noch Badewetter am Badesee aber schweren Herzens verlassen die Fotografen ihr Badelaken und begeben sich erneut in den Graben vor die B\u00fchne: \u201ePlanet Emily\u201c aus Hannover legen los - so denken wir zumindest. Allerdings hat ein omin\u00f6ser \u201eSebastian\u201c noch seine Finger im Spiel. Kurz vor Ende\u2026","rel":"","context":"In &quot;Acts&quot;","block_context":{"text":"Acts","link":"http:\/\/www.rockpixx.com\/wordpress\/category\/acts\/"},"img":{"alt_text":"Planet Emily, 31.05.2013, Schacht-Audorf, Rock am See 2013","src":"https:\/\/i0.wp.com\/www.rockpixx.com\/wordpress\/wp-content\/uploads\/2013\/06\/20130531-02-117_planet-emily-Artikel.jpg?resize=350%2C200","width":350,"height":200,"srcset":"https:\/\/i0.wp.com\/www.rockpixx.com\/wordpress\/wp-content\/uploads\/2013\/06\/20130531-02-117_planet-emily-Artikel.jpg?resize=350%2C200 1x, https:\/\/i0.wp.com\/www.rockpixx.com\/wordpress\/wp-content\/uploads\/2013\/06\/20130531-02-117_planet-emily-Artikel.jpg?resize=525%2C300 1.5x, https:\/\/i0.wp.com\/www.rockpixx.com\/wordpress\/wp-content\/uploads\/2013\/06\/20130531-02-117_planet-emily-Artikel.jpg?resize=700%2C400 2x"},"classes":[]},{"id":10861,"url":"http:\/\/www.rockpixx.com\/wordpress\/kneipenterroristen-31-05-2013-rock-am-see-schacht-audorf\/","url_meta":{"origin":10841,"position":2},"title":"Kneipenterroristen, 31.05.2013, Rock am See, Schacht-Audorf","author":"Anja","date":"1. Juni 2013","format":false,"excerpt":"Die Nacht senkt sich \u00fcber den See bei Schacht-Audorf und von der B\u00fchne wehen harte Beats her\u00fcber. Noch haben wir etwas Zeit, da der Line-Check l\u00e4uft. Das einzige, was mir jetzt noch etwas Bedenken bereitet, ist, dass der Lichtmensch anscheinend immer noch den Knopf f\u00fcr die Frontlights sucht. Zum Gl\u00fcck\u2026","rel":"","context":"In &quot;Acts&quot;","block_context":{"text":"Acts","link":"http:\/\/www.rockpixx.com\/wordpress\/category\/acts\/"},"img":{"alt_text":"Kneipenterroristen, 31.05.2013, Schacht-Audorf, Rock am See 2013","src":"https:\/\/i0.wp.com\/www.rockpixx.com\/wordpress\/wp-content\/uploads\/2013\/06\/20130531-04-026_kneipenterroristen-Artikel.jpg?resize=350%2C200","width":350,"height":200,"srcset":"https:\/\/i0.wp.com\/www.rockpixx.com\/wordpress\/wp-content\/uploads\/2013\/06\/20130531-04-026_kneipenterroristen-Artikel.jpg?resize=350%2C200 1x, https:\/\/i0.wp.com\/www.rockpixx.com\/wordpress\/wp-content\/uploads\/2013\/06\/20130531-04-026_kneipenterroristen-Artikel.jpg?resize=525%2C300 1.5x, https:\/\/i0.wp.com\/www.rockpixx.com\/wordpress\/wp-content\/uploads\/2013\/06\/20130531-04-026_kneipenterroristen-Artikel.jpg?resize=700%2C400 2x"},"classes":[]},{"id":10890,"url":"http:\/\/www.rockpixx.com\/wordpress\/luxuslarm-01-06-2013-rock-am-see-schacht-audorf\/","url_meta":{"origin":10841,"position":3},"title":"Luxusl\u00e4rm, 01.06.2013, Rock am See, Schacht-Audorf","author":"Anja","date":"2. Juni 2013","format":false,"excerpt":"Zum zweiten Mal nach der \u2192 Kieler Woche 2012 standen Luxusl\u00e4rm mit Jini \u2013 ihrem Energieb\u00fcndel von S\u00e4ngerin vor unseren Kameras. Genauso wie damals waren wir wieder schwer begeistert von ihrer B\u00fchnenpr\u00e4senz. Wie ein Derwisch fegte Jini \u00fcber die B\u00fchne, so dass es gar nicht so einfach war, sie einzufangen.\u2026","rel":"","context":"In &quot;Acts&quot;","block_context":{"text":"Acts","link":"http:\/\/www.rockpixx.com\/wordpress\/category\/acts\/"},"img":{"alt_text":"Luxusl\u00e4rm, 01.06.2013, Schacht-Audorf, Rock am See 2013","src":"https:\/\/i0.wp.com\/www.rockpixx.com\/wordpress\/wp-content\/uploads\/2013\/06\/20130601-06-149_luxuslaerm-Artikel.jpg?resize=350%2C200","width":350,"height":200,"srcset":"https:\/\/i0.wp.com\/www.rockpixx.com\/wordpress\/wp-content\/uploads\/2013\/06\/20130601-06-149_luxuslaerm-Artikel.jpg?resize=350%2C200 1x, https:\/\/i0.wp.com\/www.rockpixx.com\/wordpress\/wp-content\/uploads\/2013\/06\/20130601-06-149_luxuslaerm-Artikel.jpg?resize=525%2C300 1.5x, https:\/\/i0.wp.com\/www.rockpixx.com\/wordpress\/wp-content\/uploads\/2013\/06\/20130601-06-149_luxuslaerm-Artikel.jpg?resize=700%2C400 2x"},"classes":[]},{"id":10847,"url":"http:\/\/www.rockpixx.com\/wordpress\/fahrlassig-31-05-2013-rock-am-see-schacht-audorf\/","url_meta":{"origin":10841,"position":4},"title":"Fahrl\u00e4ssig, 31.05.2013, Rock am See, Schacht-Audorf","author":"Anja","date":"1. Juni 2013","format":false,"excerpt":"Rheinberg in Nordrhein-Westfalen bringt nicht nur schmucke Models wie Claudia Schiffer hervor, sondern auch Punk-Rocker wie die Jungs von \u201eFahrl\u00e4ssig\u201c. Sie starten mit \u201eAdrenalin\u201c und bringen das sich langsam einfindende Festivalpublikum in Schwung. Als Vertreter des Punkrocks nehmen sie auch kein Blatt vor den Mund und thematisieren die Dinge, die\u2026","rel":"","context":"In &quot;Acts&quot;","block_context":{"text":"Acts","link":"http:\/\/www.rockpixx.com\/wordpress\/category\/acts\/"},"img":{"alt_text":"Fahrl\u00e4ssig, 31.05.2013, Schacht-Audorf, Rock am See 2013","src":"https:\/\/i0.wp.com\/www.rockpixx.com\/wordpress\/wp-content\/uploads\/2013\/06\/20130531-03-061_fahrlaessig-Artikel.jpg?resize=350%2C200","width":350,"height":200,"srcset":"https:\/\/i0.wp.com\/www.rockpixx.com\/wordpress\/wp-content\/uploads\/2013\/06\/20130531-03-061_fahrlaessig-Artikel.jpg?resize=350%2C200 1x, https:\/\/i0.wp.com\/www.rockpixx.com\/wordpress\/wp-content\/uploads\/2013\/06\/20130531-03-061_fahrlaessig-Artikel.jpg?resize=525%2C300 1.5x, https:\/\/i0.wp.com\/www.rockpixx.com\/wordpress\/wp-content\/uploads\/2013\/06\/20130531-03-061_fahrlaessig-Artikel.jpg?resize=700%2C400 2x"},"classes":[]},{"id":8723,"url":"http:\/\/www.rockpixx.com\/wordpress\/timetraveller-30-06-2012-schacht-audorf-dorpsee\/","url_meta":{"origin":10841,"position":5},"title":"Timetraveller, 30.06.2012, Schacht-Audorf, D\u00f6rpsee","author":"Anja","date":"30. Juni 2012","format":false,"excerpt":"Der Sommer in Schleswig-Holstein ist heute da! Ich sitze hier backstage inmitten essender Musiker im Schatten an einem Badesee in der N\u00e4he von Rendsburg und von der B\u00fchne wehen Klangfetzen von Golden Earring\u2019s \u201eRadar Love\u201c her\u00fcber: \u201eTimetraveller\u201c spielen dort. \u201eDort\u201c meint das \u201eRock am See\u201c welches erstmals in Schacht-Audorf am\u2026","rel":"","context":"In &quot;Acts&quot;","block_context":{"text":"Acts","link":"http:\/\/www.rockpixx.com\/wordpress\/category\/acts\/"},"img":{"alt_text":"Timetraveller, 30.06.2012, Schacht-Audorf, D\u00f6rpsee","src":"https:\/\/i0.wp.com\/www.rockpixx.com\/wordpress\/wp-content\/uploads\/2013\/02\/20120630-01-timetraveller-Artikel.jpg?resize=350%2C200","width":350,"height":200,"srcset":"https:\/\/i0.wp.com\/www.rockpixx.com\/wordpress\/wp-content\/uploads\/2013\/02\/20120630-01-timetraveller-Artikel.jpg?resize=350%2C200 1x, https:\/\/i0.wp.com\/www.rockpixx.com\/wordpress\/wp-content\/uploads\/2013\/02\/20120630-01-timetraveller-Artikel.jpg?resize=525%2C300 1.5x, https:\/\/i0.wp.com\/www.rockpixx.com\/wordpress\/wp-content\/uploads\/2013\/02\/20120630-01-timetraveller-Artikel.jpg?resize=700%2C400 2x"},"classes":[]}],"jetpack_sharing_enabled":true,"publishpress_future_action":{"enabled":false,"date":"2026-05-07 07:46:41","action":"change-status","newStatus":"draft","terms":[],"taxonomy":"category","extraData":[]},"publishpress_future_workflow_manual_trigger":{"enabledWorkflows":[]},"_links":{"self":[{"href":"http:\/\/www.rockpixx.com\/wordpress\/wp-json\/wp\/v2\/posts\/10841","targetHints":{"allow":["GET"]}}],"collection":[{"href":"http:\/\/www.rockpixx.com\/wordpress\/wp-json\/wp\/v2\/posts"}],"about":[{"href":"http:\/\/www.rockpixx.com\/wordpress\/wp-json\/wp\/v2\/types\/post"}],"author":[{"embeddable":true,"href":"http:\/\/www.rockpixx.com\/wordpress\/wp-json\/wp\/v2\/users\/2"}],"replies":[{"embeddable":true,"href":"http:\/\/www.rockpixx.com\/wordpress\/wp-json\/wp\/v2\/comments?post=10841"}],"version-history":[{"count":0,"href":"http:\/\/www.rockpixx.com\/wordpress\/wp-json\/wp\/v2\/posts\/10841\/revisions"}],"wp:featuredmedia":[{"embeddable":true,"href":"http:\/\/www.rockpixx.com\/wordpress\/wp-json\/wp\/v2\/media\/10848"}],"wp:attachment":[{"href":"http:\/\/www.rockpixx.com\/wordpress\/wp-json\/wp\/v2\/media?parent=10841"}],"wp:term":[{"taxonomy":"category","embeddable":true,"href":"http:\/\/www.rockpixx.com\/wordpress\/wp-json\/wp\/v2\/categories?post=10841"},{"taxonomy":"post_tag","embeddable":true,"href":"http:\/\/www.rockpixx.com\/wordpress\/wp-json\/wp\/v2\/tags?post=10841"}],"curies":[{"name":"wp","href":"https:\/\/api.w.org\/{rel}","templated":true}]}}