{"id":10843,"date":"2013-06-01T11:21:58","date_gmt":"2013-06-01T10:21:58","guid":{"rendered":"http:\/\/rockpixx.com\/wordpress\/?p=10843"},"modified":"2013-06-03T11:53:10","modified_gmt":"2013-06-03T10:53:10","slug":"planet-emily-31-05-2013-rock-am-see-schacht-audorf","status":"publish","type":"post","link":"http:\/\/www.rockpixx.com\/wordpress\/planet-emily-31-05-2013-rock-am-see-schacht-audorf\/","title":{"rendered":"Planet Emily, 31.05.2013, Rock am See, Schacht-Audorf"},"content":{"rendered":"<p>Es ist eigentlich immer noch Badewetter am Badesee aber schweren Herzens verlassen die Fotografen ihr Badelaken und begeben sich erneut in den Graben vor die B\u00fchne: \u201ePlanet Emily\u201c aus Hannover legen los &#8211; so denken wir zumindest. <!--more--><br \/>\nAllerdings hat ein omin\u00f6ser \u201eSebastian\u201c noch seine Finger im Spiel. Kurz vor Ende des Linechecks merken Drummerin und S\u00e4ngerin, dass ihre In-Ears vertauscht sind. Nachdem der Schuldige gefunden worden ist und das Problem gel\u00f6st werden konnte, legen die beiden M\u00e4dels gleich gewaltig los, Unterst\u00fctzung bekommen sie noch von zwei Vertretern der m\u00e4nnlichen Gattung an Bass und Gitarre.<\/p>\n<p>Was wir im Folgenden zu h\u00f6ren &#8211; und vor allem zu sehen &#8211; bekommen, rechtfertigt das Verlassen des Badelakens auf jeden Fall: Power pur, gute deutsche (!) Texte, weit jenseits von dumpfer Gef\u00fchlsduselei oder verkopfter Pseudobetroffenheit. Und nat\u00fcrlich wird auch kein irgendwie geartetes rechtsgerichtetes Gedankengut transportiert, wie im Vorfeld von einigen irregeleiteten linksdogmatischen Deppen in einem offenen Brief kolportiert worden ist. Wer fordert, dass solche Bands von einem Festival wieder ausgeladen werden sollten, der sollte sich einmal \u00fcberlegen, ob er \u00fcberhaupt noch von dieser Welt ist.<\/p>\n<p>Fazit: \u201ePlanet Emily\u201c sind sehr sehens- und h\u00f6renswert!<\/p>\n<p style=\"text-align: right;\">Fotos: <a href=\"mailto:info@rockpixx.com\">Alex<\/a>, <a href=\"mailto:a.roselt@rockpixx.com\">Anja<\/a> | Text: <a href=\"mailto:info@rockpixx.com\">Alex<\/a><\/p>\n<p style=\"text-align: left;\">[slideshow id=279]<\/p>\n","protected":false},"excerpt":{"rendered":"<p>Es ist eigentlich immer noch Badewetter am Badesee aber schweren Herzens verlassen die Fotografen ihr <a href=\"http:\/\/www.rockpixx.com\/wordpress\/planet-emily-31-05-2013-rock-am-see-schacht-audorf\/\">Read more<\/a><\/p>\n","protected":false},"author":2,"featured_media":10850,"comment_status":"open","ping_status":"open","sticky":false,"template":"","format":"standard","meta":{"_jetpack_memberships_contains_paid_content":false,"footnotes":"","jetpack_publicize_message":"","jetpack_publicize_feature_enabled":true,"jetpack_social_post_already_shared":true,"jetpack_social_options":{"image_generator_settings":{"template":"highway","default_image_id":0,"font":"","enabled":false},"version":2}},"categories":[34,1127],"tags":[2065,133,2153,873,2060],"class_list":["post-10843","post","type-post","status-publish","format-standard","has-post-thumbnail","hentry","category-acts","category-planet-emily","tag-2065","tag-festivals","tag-planet-emily","tag-rock-am-see","tag-schacht-audorf"],"aioseo_notices":[],"jetpack_publicize_connections":[],"jetpack_featured_media_url":"http:\/\/www.rockpixx.com\/wordpress\/wp-content\/uploads\/2013\/06\/20130531-02-117_planet-emily-Artikel.jpg","jetpack-related-posts":[{"id":10841,"url":"http:\/\/www.rockpixx.com\/wordpress\/evening-skies-31-05-2013-rock-am-see-schacht-audorf\/","url_meta":{"origin":10843,"position":0},"title":"Evening Skies, 31.05.2013, Rock am See, Schacht Audorf","author":"Anja","date":"1. Juni 2013","format":false,"excerpt":"Sonne, 25\u00b0C, Badesee und \u2026 \u2026geile Mucke. Evening Skies er\u00f6ffnen das Rock am See Open Air 2013. Dem Motto des Open Airs getreu singen Evening Skies ihre Songs auf Deutsch - aber erst, nachdem Cathin aus ihren Heels geschl\u00fcpft ist. Was wir zu h\u00f6ren bekommen ist guter Rock, sinnige Texte\u2026","rel":"","context":"In &quot;Acts&quot;","block_context":{"text":"Acts","link":"http:\/\/www.rockpixx.com\/wordpress\/category\/acts\/"},"img":{"alt_text":"Evening Skies, 31.05.2013, Schacht-Audorf, Rock am See 2013","src":"https:\/\/i0.wp.com\/www.rockpixx.com\/wordpress\/wp-content\/uploads\/2013\/06\/20130531-01-045_evening-skies-Artikel.jpg?resize=350%2C200","width":350,"height":200,"srcset":"https:\/\/i0.wp.com\/www.rockpixx.com\/wordpress\/wp-content\/uploads\/2013\/06\/20130531-01-045_evening-skies-Artikel.jpg?resize=350%2C200 1x, https:\/\/i0.wp.com\/www.rockpixx.com\/wordpress\/wp-content\/uploads\/2013\/06\/20130531-01-045_evening-skies-Artikel.jpg?resize=525%2C300 1.5x, https:\/\/i0.wp.com\/www.rockpixx.com\/wordpress\/wp-content\/uploads\/2013\/06\/20130531-01-045_evening-skies-Artikel.jpg?resize=700%2C400 2x"},"classes":[]},{"id":8742,"url":"http:\/\/www.rockpixx.com\/wordpress\/kneipenterroristen-30-06-2012-schacht-audorf-dorpsee\/","url_meta":{"origin":10843,"position":1},"title":"Kneipenterroristen, 30.06.2012, Schacht-Audorf, D\u00f6rpsee","author":"Anja","date":"30. Juni 2012","format":false,"excerpt":"Nun wird\u2019s \u201eb\u00f6se und gef\u00e4hrlich\u201c: Die \u201eKneipenterroristen\u201c \u2013 angefangen als eine Tributeband der \u201eB\u00f6hsen Onkelz\u201c \u2013 stehen auf der B\u00fchne und legen los. Sehr laut und sehr energiegeladen \u2013 die in ca. 200 m Luftlinie auf einer Koppel am See versammelte Rindvieh-Herde beeindruckt das aber nicht wirklich, ebensowenig die Entenfamilie,\u2026","rel":"","context":"In &quot;Acts&quot;","block_context":{"text":"Acts","link":"http:\/\/www.rockpixx.com\/wordpress\/category\/acts\/"},"img":{"alt_text":"Kneipenterroristen, 30.06.2012, Schacht-Audorf, D\u00f6rpsee","src":"https:\/\/i0.wp.com\/www.rockpixx.com\/wordpress\/wp-content\/uploads\/2013\/02\/20120630-03-kneipenterroristen-Artikel.jpg?resize=350%2C200","width":350,"height":200,"srcset":"https:\/\/i0.wp.com\/www.rockpixx.com\/wordpress\/wp-content\/uploads\/2013\/02\/20120630-03-kneipenterroristen-Artikel.jpg?resize=350%2C200 1x, https:\/\/i0.wp.com\/www.rockpixx.com\/wordpress\/wp-content\/uploads\/2013\/02\/20120630-03-kneipenterroristen-Artikel.jpg?resize=525%2C300 1.5x, https:\/\/i0.wp.com\/www.rockpixx.com\/wordpress\/wp-content\/uploads\/2013\/02\/20120630-03-kneipenterroristen-Artikel.jpg?resize=700%2C400 2x"},"classes":[]},{"id":10861,"url":"http:\/\/www.rockpixx.com\/wordpress\/kneipenterroristen-31-05-2013-rock-am-see-schacht-audorf\/","url_meta":{"origin":10843,"position":2},"title":"Kneipenterroristen, 31.05.2013, Rock am See, Schacht-Audorf","author":"Anja","date":"1. Juni 2013","format":false,"excerpt":"Die Nacht senkt sich \u00fcber den See bei Schacht-Audorf und von der B\u00fchne wehen harte Beats her\u00fcber. Noch haben wir etwas Zeit, da der Line-Check l\u00e4uft. Das einzige, was mir jetzt noch etwas Bedenken bereitet, ist, dass der Lichtmensch anscheinend immer noch den Knopf f\u00fcr die Frontlights sucht. Zum Gl\u00fcck\u2026","rel":"","context":"In &quot;Acts&quot;","block_context":{"text":"Acts","link":"http:\/\/www.rockpixx.com\/wordpress\/category\/acts\/"},"img":{"alt_text":"Kneipenterroristen, 31.05.2013, Schacht-Audorf, Rock am See 2013","src":"https:\/\/i0.wp.com\/www.rockpixx.com\/wordpress\/wp-content\/uploads\/2013\/06\/20130531-04-026_kneipenterroristen-Artikel.jpg?resize=350%2C200","width":350,"height":200,"srcset":"https:\/\/i0.wp.com\/www.rockpixx.com\/wordpress\/wp-content\/uploads\/2013\/06\/20130531-04-026_kneipenterroristen-Artikel.jpg?resize=350%2C200 1x, https:\/\/i0.wp.com\/www.rockpixx.com\/wordpress\/wp-content\/uploads\/2013\/06\/20130531-04-026_kneipenterroristen-Artikel.jpg?resize=525%2C300 1.5x, https:\/\/i0.wp.com\/www.rockpixx.com\/wordpress\/wp-content\/uploads\/2013\/06\/20130531-04-026_kneipenterroristen-Artikel.jpg?resize=700%2C400 2x"},"classes":[]},{"id":10890,"url":"http:\/\/www.rockpixx.com\/wordpress\/luxuslarm-01-06-2013-rock-am-see-schacht-audorf\/","url_meta":{"origin":10843,"position":3},"title":"Luxusl\u00e4rm, 01.06.2013, Rock am See, Schacht-Audorf","author":"Anja","date":"2. Juni 2013","format":false,"excerpt":"Zum zweiten Mal nach der \u2192 Kieler Woche 2012 standen Luxusl\u00e4rm mit Jini \u2013 ihrem Energieb\u00fcndel von S\u00e4ngerin vor unseren Kameras. Genauso wie damals waren wir wieder schwer begeistert von ihrer B\u00fchnenpr\u00e4senz. Wie ein Derwisch fegte Jini \u00fcber die B\u00fchne, so dass es gar nicht so einfach war, sie einzufangen.\u2026","rel":"","context":"In &quot;Acts&quot;","block_context":{"text":"Acts","link":"http:\/\/www.rockpixx.com\/wordpress\/category\/acts\/"},"img":{"alt_text":"Luxusl\u00e4rm, 01.06.2013, Schacht-Audorf, Rock am See 2013","src":"https:\/\/i0.wp.com\/www.rockpixx.com\/wordpress\/wp-content\/uploads\/2013\/06\/20130601-06-149_luxuslaerm-Artikel.jpg?resize=350%2C200","width":350,"height":200,"srcset":"https:\/\/i0.wp.com\/www.rockpixx.com\/wordpress\/wp-content\/uploads\/2013\/06\/20130601-06-149_luxuslaerm-Artikel.jpg?resize=350%2C200 1x, https:\/\/i0.wp.com\/www.rockpixx.com\/wordpress\/wp-content\/uploads\/2013\/06\/20130601-06-149_luxuslaerm-Artikel.jpg?resize=525%2C300 1.5x, https:\/\/i0.wp.com\/www.rockpixx.com\/wordpress\/wp-content\/uploads\/2013\/06\/20130601-06-149_luxuslaerm-Artikel.jpg?resize=700%2C400 2x"},"classes":[]},{"id":10865,"url":"http:\/\/www.rockpixx.com\/wordpress\/dead-shepherd-31-05-2013-rock-am-see-schacht-audorf\/","url_meta":{"origin":10843,"position":4},"title":"Dead Shepherd, 31.05.2013, Rock am See, Schacht-Audorf","author":"Anja","date":"1. Juni 2013","format":false,"excerpt":"Den Abschluss des heutigen Abends machen \u201eDead Shepherd\u201c. Sie selbst bezeichnen sich als Anarcho-Rocker. Mir pers\u00f6nlich gef\u00e4llt der etwas schr\u00e4ge Humor der Band. Sie nehmen niemanden und nichts ernst, am wenigstens sich selbst. Als eines der ersten Lieder haben sie zu Ehren eines befreundeten Motorrad-Clubs \u2013 den Mammuts \u2013 ein\u2026","rel":"","context":"In &quot;Acts&quot;","block_context":{"text":"Acts","link":"http:\/\/www.rockpixx.com\/wordpress\/category\/acts\/"},"img":{"alt_text":"Dead Shepherd, 31.05.2013, Schacht-Audorf, Rock am See 2013","src":"https:\/\/i0.wp.com\/www.rockpixx.com\/wordpress\/wp-content\/uploads\/2013\/06\/20130531-05-031_dead-shepherd-Artikel.jpg?resize=350%2C200","width":350,"height":200,"srcset":"https:\/\/i0.wp.com\/www.rockpixx.com\/wordpress\/wp-content\/uploads\/2013\/06\/20130531-05-031_dead-shepherd-Artikel.jpg?resize=350%2C200 1x, https:\/\/i0.wp.com\/www.rockpixx.com\/wordpress\/wp-content\/uploads\/2013\/06\/20130531-05-031_dead-shepherd-Artikel.jpg?resize=525%2C300 1.5x, https:\/\/i0.wp.com\/www.rockpixx.com\/wordpress\/wp-content\/uploads\/2013\/06\/20130531-05-031_dead-shepherd-Artikel.jpg?resize=700%2C400 2x"},"classes":[]},{"id":8723,"url":"http:\/\/www.rockpixx.com\/wordpress\/timetraveller-30-06-2012-schacht-audorf-dorpsee\/","url_meta":{"origin":10843,"position":5},"title":"Timetraveller, 30.06.2012, Schacht-Audorf, D\u00f6rpsee","author":"Anja","date":"30. Juni 2012","format":false,"excerpt":"Der Sommer in Schleswig-Holstein ist heute da! Ich sitze hier backstage inmitten essender Musiker im Schatten an einem Badesee in der N\u00e4he von Rendsburg und von der B\u00fchne wehen Klangfetzen von Golden Earring\u2019s \u201eRadar Love\u201c her\u00fcber: \u201eTimetraveller\u201c spielen dort. \u201eDort\u201c meint das \u201eRock am See\u201c welches erstmals in Schacht-Audorf am\u2026","rel":"","context":"In &quot;Acts&quot;","block_context":{"text":"Acts","link":"http:\/\/www.rockpixx.com\/wordpress\/category\/acts\/"},"img":{"alt_text":"Timetraveller, 30.06.2012, Schacht-Audorf, D\u00f6rpsee","src":"https:\/\/i0.wp.com\/www.rockpixx.com\/wordpress\/wp-content\/uploads\/2013\/02\/20120630-01-timetraveller-Artikel.jpg?resize=350%2C200","width":350,"height":200,"srcset":"https:\/\/i0.wp.com\/www.rockpixx.com\/wordpress\/wp-content\/uploads\/2013\/02\/20120630-01-timetraveller-Artikel.jpg?resize=350%2C200 1x, https:\/\/i0.wp.com\/www.rockpixx.com\/wordpress\/wp-content\/uploads\/2013\/02\/20120630-01-timetraveller-Artikel.jpg?resize=525%2C300 1.5x, https:\/\/i0.wp.com\/www.rockpixx.com\/wordpress\/wp-content\/uploads\/2013\/02\/20120630-01-timetraveller-Artikel.jpg?resize=700%2C400 2x"},"classes":[]}],"jetpack_sharing_enabled":true,"publishpress_future_action":{"enabled":false,"date":"2026-05-08 20:28:26","action":"change-status","newStatus":"draft","terms":[],"taxonomy":"category","extraData":[]},"publishpress_future_workflow_manual_trigger":{"enabledWorkflows":[]},"_links":{"self":[{"href":"http:\/\/www.rockpixx.com\/wordpress\/wp-json\/wp\/v2\/posts\/10843","targetHints":{"allow":["GET"]}}],"collection":[{"href":"http:\/\/www.rockpixx.com\/wordpress\/wp-json\/wp\/v2\/posts"}],"about":[{"href":"http:\/\/www.rockpixx.com\/wordpress\/wp-json\/wp\/v2\/types\/post"}],"author":[{"embeddable":true,"href":"http:\/\/www.rockpixx.com\/wordpress\/wp-json\/wp\/v2\/users\/2"}],"replies":[{"embeddable":true,"href":"http:\/\/www.rockpixx.com\/wordpress\/wp-json\/wp\/v2\/comments?post=10843"}],"version-history":[{"count":0,"href":"http:\/\/www.rockpixx.com\/wordpress\/wp-json\/wp\/v2\/posts\/10843\/revisions"}],"wp:featuredmedia":[{"embeddable":true,"href":"http:\/\/www.rockpixx.com\/wordpress\/wp-json\/wp\/v2\/media\/10850"}],"wp:attachment":[{"href":"http:\/\/www.rockpixx.com\/wordpress\/wp-json\/wp\/v2\/media?parent=10843"}],"wp:term":[{"taxonomy":"category","embeddable":true,"href":"http:\/\/www.rockpixx.com\/wordpress\/wp-json\/wp\/v2\/categories?post=10843"},{"taxonomy":"post_tag","embeddable":true,"href":"http:\/\/www.rockpixx.com\/wordpress\/wp-json\/wp\/v2\/tags?post=10843"}],"curies":[{"name":"wp","href":"https:\/\/api.w.org\/{rel}","templated":true}]}}