{"id":10861,"date":"2013-06-01T12:05:27","date_gmt":"2013-06-01T11:05:27","guid":{"rendered":"http:\/\/rockpixx.com\/wordpress\/?p=10861"},"modified":"2013-06-03T18:11:42","modified_gmt":"2013-06-03T17:11:42","slug":"kneipenterroristen-31-05-2013-rock-am-see-schacht-audorf","status":"publish","type":"post","link":"http:\/\/www.rockpixx.com\/wordpress\/kneipenterroristen-31-05-2013-rock-am-see-schacht-audorf\/","title":{"rendered":"Kneipenterroristen, 31.05.2013, Rock am See, Schacht-Audorf"},"content":{"rendered":"<p>Die Nacht senkt sich \u00fcber den See bei Schacht-Audorf und von der B\u00fchne wehen harte Beats her\u00fcber. Noch haben wir etwas Zeit, da der Line-Check l\u00e4uft. <!--more-->Das einzige, was mir jetzt noch etwas Bedenken bereitet, ist, dass der Lichtmensch anscheinend immer noch den Knopf f\u00fcr die Frontlights sucht. Zum Gl\u00fcck f\u00fcr das Publikum l\u00e4sst sich die Band davon nicht beeindrucken und beginnt Ihre Show. Leider gehen viele gute Posen der Musiker, u.a. beim Lied \u201eKneipenterroristen\u201c als der S\u00e4nger einen ordentlichen Ma\u00dfkrug hochstemmt, auf der dunklen B\u00fchne etwas unter. Aber okay am Samstag hat der Lichtmensch ja noch mal die Chance, alles wieder gut zu machen\u2026 (Und zum Gl\u00fcck haben wir die \u2192 \u201e<a title=\"Kneipenterroristen, 30.06.2012, Schacht-Audorf, D\u00f6rpsee\" href=\"http:\/\/rockpixx.com\/wordpress\/kneipenterroristen-30-06-2012-schacht-audorf-dorpsee\/\">Kneipenterroristen<\/a>\u201c ja auch schon beim letztj\u00e4hrigen \u201eRock am See\u201c ablichten k\u00f6nnen.)<\/p>\n<p style=\"text-align: right;\">Fotos: <a href=\"mailto:info@rockpixx.com\">Alex<\/a>, <a href=\"mailto:a.roselt@rockpixx.com\">Anja<\/a> | Text: <a href=\"mailto:a.roselt@rockpixx.com\">Anja<\/a><\/p>\n<p style=\"text-align: left;\">[slideshow id=281]<\/p>\n","protected":false},"excerpt":{"rendered":"<p>Die Nacht senkt sich \u00fcber den See bei Schacht-Audorf und von der B\u00fchne wehen harte <a href=\"http:\/\/www.rockpixx.com\/wordpress\/kneipenterroristen-31-05-2013-rock-am-see-schacht-audorf\/\">Read more<\/a><\/p>\n","protected":false},"author":2,"featured_media":10852,"comment_status":"open","ping_status":"open","sticky":false,"template":"","format":"standard","meta":{"_jetpack_memberships_contains_paid_content":false,"footnotes":"","jetpack_publicize_message":"","jetpack_publicize_feature_enabled":true,"jetpack_social_post_already_shared":true,"jetpack_social_options":{"image_generator_settings":{"template":"highway","default_image_id":0,"font":"","enabled":false},"version":2}},"categories":[34,651],"tags":[2065,133,2011,873,2060],"class_list":["post-10861","post","type-post","status-publish","format-standard","has-post-thumbnail","hentry","category-acts","category-kneipenterroristen","tag-2065","tag-festivals","tag-kneipenterroristen","tag-rock-am-see","tag-schacht-audorf"],"aioseo_notices":[],"jetpack_publicize_connections":[],"jetpack_featured_media_url":"http:\/\/www.rockpixx.com\/wordpress\/wp-content\/uploads\/2013\/06\/20130531-04-026_kneipenterroristen-Artikel.jpg","jetpack-related-posts":[{"id":8742,"url":"http:\/\/www.rockpixx.com\/wordpress\/kneipenterroristen-30-06-2012-schacht-audorf-dorpsee\/","url_meta":{"origin":10861,"position":0},"title":"Kneipenterroristen, 30.06.2012, Schacht-Audorf, D\u00f6rpsee","author":"Anja","date":"30. Juni 2012","format":false,"excerpt":"Nun wird\u2019s \u201eb\u00f6se und gef\u00e4hrlich\u201c: Die \u201eKneipenterroristen\u201c \u2013 angefangen als eine Tributeband der \u201eB\u00f6hsen Onkelz\u201c \u2013 stehen auf der B\u00fchne und legen los. Sehr laut und sehr energiegeladen \u2013 die in ca. 200 m Luftlinie auf einer Koppel am See versammelte Rindvieh-Herde beeindruckt das aber nicht wirklich, ebensowenig die Entenfamilie,\u2026","rel":"","context":"In &quot;Acts&quot;","block_context":{"text":"Acts","link":"http:\/\/www.rockpixx.com\/wordpress\/category\/acts\/"},"img":{"alt_text":"Kneipenterroristen, 30.06.2012, Schacht-Audorf, D\u00f6rpsee","src":"https:\/\/i0.wp.com\/www.rockpixx.com\/wordpress\/wp-content\/uploads\/2013\/02\/20120630-03-kneipenterroristen-Artikel.jpg?resize=350%2C200","width":350,"height":200,"srcset":"https:\/\/i0.wp.com\/www.rockpixx.com\/wordpress\/wp-content\/uploads\/2013\/02\/20120630-03-kneipenterroristen-Artikel.jpg?resize=350%2C200 1x, https:\/\/i0.wp.com\/www.rockpixx.com\/wordpress\/wp-content\/uploads\/2013\/02\/20120630-03-kneipenterroristen-Artikel.jpg?resize=525%2C300 1.5x, https:\/\/i0.wp.com\/www.rockpixx.com\/wordpress\/wp-content\/uploads\/2013\/02\/20120630-03-kneipenterroristen-Artikel.jpg?resize=700%2C400 2x"},"classes":[]},{"id":10865,"url":"http:\/\/www.rockpixx.com\/wordpress\/dead-shepherd-31-05-2013-rock-am-see-schacht-audorf\/","url_meta":{"origin":10861,"position":1},"title":"Dead Shepherd, 31.05.2013, Rock am See, Schacht-Audorf","author":"Anja","date":"1. Juni 2013","format":false,"excerpt":"Den Abschluss des heutigen Abends machen \u201eDead Shepherd\u201c. Sie selbst bezeichnen sich als Anarcho-Rocker. Mir pers\u00f6nlich gef\u00e4llt der etwas schr\u00e4ge Humor der Band. Sie nehmen niemanden und nichts ernst, am wenigstens sich selbst. Als eines der ersten Lieder haben sie zu Ehren eines befreundeten Motorrad-Clubs \u2013 den Mammuts \u2013 ein\u2026","rel":"","context":"In &quot;Acts&quot;","block_context":{"text":"Acts","link":"http:\/\/www.rockpixx.com\/wordpress\/category\/acts\/"},"img":{"alt_text":"Dead Shepherd, 31.05.2013, Schacht-Audorf, Rock am See 2013","src":"https:\/\/i0.wp.com\/www.rockpixx.com\/wordpress\/wp-content\/uploads\/2013\/06\/20130531-05-031_dead-shepherd-Artikel.jpg?resize=350%2C200","width":350,"height":200,"srcset":"https:\/\/i0.wp.com\/www.rockpixx.com\/wordpress\/wp-content\/uploads\/2013\/06\/20130531-05-031_dead-shepherd-Artikel.jpg?resize=350%2C200 1x, https:\/\/i0.wp.com\/www.rockpixx.com\/wordpress\/wp-content\/uploads\/2013\/06\/20130531-05-031_dead-shepherd-Artikel.jpg?resize=525%2C300 1.5x, https:\/\/i0.wp.com\/www.rockpixx.com\/wordpress\/wp-content\/uploads\/2013\/06\/20130531-05-031_dead-shepherd-Artikel.jpg?resize=700%2C400 2x"},"classes":[]},{"id":10847,"url":"http:\/\/www.rockpixx.com\/wordpress\/fahrlassig-31-05-2013-rock-am-see-schacht-audorf\/","url_meta":{"origin":10861,"position":2},"title":"Fahrl\u00e4ssig, 31.05.2013, Rock am See, Schacht-Audorf","author":"Anja","date":"1. Juni 2013","format":false,"excerpt":"Rheinberg in Nordrhein-Westfalen bringt nicht nur schmucke Models wie Claudia Schiffer hervor, sondern auch Punk-Rocker wie die Jungs von \u201eFahrl\u00e4ssig\u201c. Sie starten mit \u201eAdrenalin\u201c und bringen das sich langsam einfindende Festivalpublikum in Schwung. Als Vertreter des Punkrocks nehmen sie auch kein Blatt vor den Mund und thematisieren die Dinge, die\u2026","rel":"","context":"In &quot;Acts&quot;","block_context":{"text":"Acts","link":"http:\/\/www.rockpixx.com\/wordpress\/category\/acts\/"},"img":{"alt_text":"Fahrl\u00e4ssig, 31.05.2013, Schacht-Audorf, Rock am See 2013","src":"https:\/\/i0.wp.com\/www.rockpixx.com\/wordpress\/wp-content\/uploads\/2013\/06\/20130531-03-061_fahrlaessig-Artikel.jpg?resize=350%2C200","width":350,"height":200,"srcset":"https:\/\/i0.wp.com\/www.rockpixx.com\/wordpress\/wp-content\/uploads\/2013\/06\/20130531-03-061_fahrlaessig-Artikel.jpg?resize=350%2C200 1x, https:\/\/i0.wp.com\/www.rockpixx.com\/wordpress\/wp-content\/uploads\/2013\/06\/20130531-03-061_fahrlaessig-Artikel.jpg?resize=525%2C300 1.5x, https:\/\/i0.wp.com\/www.rockpixx.com\/wordpress\/wp-content\/uploads\/2013\/06\/20130531-03-061_fahrlaessig-Artikel.jpg?resize=700%2C400 2x"},"classes":[]},{"id":8723,"url":"http:\/\/www.rockpixx.com\/wordpress\/timetraveller-30-06-2012-schacht-audorf-dorpsee\/","url_meta":{"origin":10861,"position":3},"title":"Timetraveller, 30.06.2012, Schacht-Audorf, D\u00f6rpsee","author":"Anja","date":"30. Juni 2012","format":false,"excerpt":"Der Sommer in Schleswig-Holstein ist heute da! Ich sitze hier backstage inmitten essender Musiker im Schatten an einem Badesee in der N\u00e4he von Rendsburg und von der B\u00fchne wehen Klangfetzen von Golden Earring\u2019s \u201eRadar Love\u201c her\u00fcber: \u201eTimetraveller\u201c spielen dort. \u201eDort\u201c meint das \u201eRock am See\u201c welches erstmals in Schacht-Audorf am\u2026","rel":"","context":"In &quot;Acts&quot;","block_context":{"text":"Acts","link":"http:\/\/www.rockpixx.com\/wordpress\/category\/acts\/"},"img":{"alt_text":"Timetraveller, 30.06.2012, Schacht-Audorf, D\u00f6rpsee","src":"https:\/\/i0.wp.com\/www.rockpixx.com\/wordpress\/wp-content\/uploads\/2013\/02\/20120630-01-timetraveller-Artikel.jpg?resize=350%2C200","width":350,"height":200,"srcset":"https:\/\/i0.wp.com\/www.rockpixx.com\/wordpress\/wp-content\/uploads\/2013\/02\/20120630-01-timetraveller-Artikel.jpg?resize=350%2C200 1x, https:\/\/i0.wp.com\/www.rockpixx.com\/wordpress\/wp-content\/uploads\/2013\/02\/20120630-01-timetraveller-Artikel.jpg?resize=525%2C300 1.5x, https:\/\/i0.wp.com\/www.rockpixx.com\/wordpress\/wp-content\/uploads\/2013\/02\/20120630-01-timetraveller-Artikel.jpg?resize=700%2C400 2x"},"classes":[]},{"id":10878,"url":"http:\/\/www.rockpixx.com\/wordpress\/b206-01-06-2013-rock-am-see-schacht-audorf\/","url_meta":{"origin":10861,"position":4},"title":"B206, 01.06.2013, Rock am See, Schacht-Audorf","author":"Anja","date":"2. Juni 2013","format":false,"excerpt":"\u201eB206\u201c\u2026 nein wir schreiben nicht den neuen Reisef\u00fchrer f\u00fcr den ADAC, sondern fotografieren immer noch Rockkonzerte. Mit \u201eB206\u201c steht heute die erste Rockband auf der B\u00fchne am See bei Schacht-Audorf. Eigentlich eine undankbare Aufgabe, die noch m\u00fcden und vom gestrigen Abfeiern verpennten Camper aus ihren Schlafs\u00e4cken zu singen. Aber so\u2026","rel":"","context":"In &quot;Acts&quot;","block_context":{"text":"Acts","link":"http:\/\/www.rockpixx.com\/wordpress\/category\/acts\/"},"img":{"alt_text":"B206, 01.06.2013, Schacht-Audorf, Rock am See 2013","src":"https:\/\/i0.wp.com\/www.rockpixx.com\/wordpress\/wp-content\/uploads\/2013\/06\/20130601-01-024_b206-Artikel.jpg?resize=350%2C200","width":350,"height":200,"srcset":"https:\/\/i0.wp.com\/www.rockpixx.com\/wordpress\/wp-content\/uploads\/2013\/06\/20130601-01-024_b206-Artikel.jpg?resize=350%2C200 1x, https:\/\/i0.wp.com\/www.rockpixx.com\/wordpress\/wp-content\/uploads\/2013\/06\/20130601-01-024_b206-Artikel.jpg?resize=525%2C300 1.5x, https:\/\/i0.wp.com\/www.rockpixx.com\/wordpress\/wp-content\/uploads\/2013\/06\/20130601-01-024_b206-Artikel.jpg?resize=700%2C400 2x"},"classes":[]},{"id":10841,"url":"http:\/\/www.rockpixx.com\/wordpress\/evening-skies-31-05-2013-rock-am-see-schacht-audorf\/","url_meta":{"origin":10861,"position":5},"title":"Evening Skies, 31.05.2013, Rock am See, Schacht Audorf","author":"Anja","date":"1. Juni 2013","format":false,"excerpt":"Sonne, 25\u00b0C, Badesee und \u2026 \u2026geile Mucke. Evening Skies er\u00f6ffnen das Rock am See Open Air 2013. Dem Motto des Open Airs getreu singen Evening Skies ihre Songs auf Deutsch - aber erst, nachdem Cathin aus ihren Heels geschl\u00fcpft ist. Was wir zu h\u00f6ren bekommen ist guter Rock, sinnige Texte\u2026","rel":"","context":"In &quot;Acts&quot;","block_context":{"text":"Acts","link":"http:\/\/www.rockpixx.com\/wordpress\/category\/acts\/"},"img":{"alt_text":"Evening Skies, 31.05.2013, Schacht-Audorf, Rock am See 2013","src":"https:\/\/i0.wp.com\/www.rockpixx.com\/wordpress\/wp-content\/uploads\/2013\/06\/20130531-01-045_evening-skies-Artikel.jpg?resize=350%2C200","width":350,"height":200,"srcset":"https:\/\/i0.wp.com\/www.rockpixx.com\/wordpress\/wp-content\/uploads\/2013\/06\/20130531-01-045_evening-skies-Artikel.jpg?resize=350%2C200 1x, https:\/\/i0.wp.com\/www.rockpixx.com\/wordpress\/wp-content\/uploads\/2013\/06\/20130531-01-045_evening-skies-Artikel.jpg?resize=525%2C300 1.5x, https:\/\/i0.wp.com\/www.rockpixx.com\/wordpress\/wp-content\/uploads\/2013\/06\/20130531-01-045_evening-skies-Artikel.jpg?resize=700%2C400 2x"},"classes":[]}],"jetpack_sharing_enabled":true,"publishpress_future_action":{"enabled":false,"date":"2026-05-07 07:57:33","action":"change-status","newStatus":"draft","terms":[],"taxonomy":"category","extraData":[]},"publishpress_future_workflow_manual_trigger":{"enabledWorkflows":[]},"_links":{"self":[{"href":"http:\/\/www.rockpixx.com\/wordpress\/wp-json\/wp\/v2\/posts\/10861","targetHints":{"allow":["GET"]}}],"collection":[{"href":"http:\/\/www.rockpixx.com\/wordpress\/wp-json\/wp\/v2\/posts"}],"about":[{"href":"http:\/\/www.rockpixx.com\/wordpress\/wp-json\/wp\/v2\/types\/post"}],"author":[{"embeddable":true,"href":"http:\/\/www.rockpixx.com\/wordpress\/wp-json\/wp\/v2\/users\/2"}],"replies":[{"embeddable":true,"href":"http:\/\/www.rockpixx.com\/wordpress\/wp-json\/wp\/v2\/comments?post=10861"}],"version-history":[{"count":0,"href":"http:\/\/www.rockpixx.com\/wordpress\/wp-json\/wp\/v2\/posts\/10861\/revisions"}],"wp:featuredmedia":[{"embeddable":true,"href":"http:\/\/www.rockpixx.com\/wordpress\/wp-json\/wp\/v2\/media\/10852"}],"wp:attachment":[{"href":"http:\/\/www.rockpixx.com\/wordpress\/wp-json\/wp\/v2\/media?parent=10861"}],"wp:term":[{"taxonomy":"category","embeddable":true,"href":"http:\/\/www.rockpixx.com\/wordpress\/wp-json\/wp\/v2\/categories?post=10861"},{"taxonomy":"post_tag","embeddable":true,"href":"http:\/\/www.rockpixx.com\/wordpress\/wp-json\/wp\/v2\/tags?post=10861"}],"curies":[{"name":"wp","href":"https:\/\/api.w.org\/{rel}","templated":true}]}}