{"id":10890,"date":"2013-06-02T13:34:26","date_gmt":"2013-06-02T12:34:26","guid":{"rendered":"http:\/\/rockpixx.com\/wordpress\/?p=10890"},"modified":"2013-09-27T20:50:08","modified_gmt":"2013-09-27T19:50:08","slug":"luxuslarm-01-06-2013-rock-am-see-schacht-audorf","status":"publish","type":"post","link":"http:\/\/www.rockpixx.com\/wordpress\/luxuslarm-01-06-2013-rock-am-see-schacht-audorf\/","title":{"rendered":"Luxusl\u00e4rm, 01.06.2013, Rock am See, Schacht-Audorf"},"content":{"rendered":"<p>Zum zweiten Mal nach der \u2192 <a title=\"Luxusl\u00e4rm, 18.06.2012, Kiel, h\u00f6rn b\u00fchne\" href=\"http:\/\/rockpixx.com\/wordpress\/luxuslarm-18-06-2012-kiel-horn-buhne\/\">Kieler Woche 2012<\/a> standen Luxusl\u00e4rm mit Jini \u2013 ihrem Energieb\u00fcndel von S\u00e4ngerin vor unseren Kameras. Genauso wie damals waren wir wieder schwer begeistert von ihrer B\u00fchnenpr\u00e4senz. Wie ein Derwisch fegte Jini \u00fcber die B\u00fchne, so dass es gar nicht so einfach war, sie einzufangen.<!--more--><\/p>\n<p>W\u00e4hrend des Fotografierens wurde mir bewusst, dass genau diese Power auf der B\u00fchne, das Leben der Musik und das Bewusstsein des K\u00fcnstlers, was er seinem Publikum schuldet, der Grund ist, warum mir dieser knochenharte Job des Konzertfotografen immer noch Spa\u00df macht.<\/p>\n<p style=\"text-align: right;\">Fotos:\u00a0<a href=\"mailto:info@rockpixx.com\">Alex<\/a>,\u00a0<a href=\"mailto:a.roselt@rockpixx.com\">Anja<\/a>\u00a0| Text:\u00a0<a href=\"mailto:a.roselt@rockpixx.com\">Anja<\/a><\/p>\n<p style=\"text-align: left;\">[slideshow id=287]<\/p>\n","protected":false},"excerpt":{"rendered":"<p>Zum zweiten Mal nach der \u2192 Kieler Woche 2012 standen Luxusl\u00e4rm mit Jini \u2013 ihrem <a href=\"http:\/\/www.rockpixx.com\/wordpress\/luxuslarm-01-06-2013-rock-am-see-schacht-audorf\/\">Read more<\/a><\/p>\n","protected":false},"author":2,"featured_media":10877,"comment_status":"open","ping_status":"open","sticky":false,"template":"","format":"standard","meta":{"_jetpack_memberships_contains_paid_content":false,"footnotes":"","jetpack_publicize_message":"","jetpack_publicize_feature_enabled":true,"jetpack_social_post_already_shared":true,"jetpack_social_options":{"image_generator_settings":{"template":"highway","default_image_id":0,"font":"","enabled":false},"version":2}},"categories":[34,629],"tags":[2065,1285,133,1991,873,2060],"class_list":["post-10890","post","type-post","status-publish","format-standard","has-post-thumbnail","hentry","category-acts","category-luxuslarm","tag-2065","tag-bundesvision-song-contest","tag-festivals","tag-luxuslarm","tag-rock-am-see","tag-schacht-audorf"],"aioseo_notices":[],"jetpack_publicize_connections":[],"jetpack_featured_media_url":"http:\/\/www.rockpixx.com\/wordpress\/wp-content\/uploads\/2013\/06\/20130601-06-149_luxuslaerm-Artikel.jpg","jetpack-related-posts":[{"id":10884,"url":"http:\/\/www.rockpixx.com\/wordpress\/mannerurlaub-01-06-2013-rock-am-see-schacht-audorf\/","url_meta":{"origin":10890,"position":0},"title":"M\u00e4nnerurlaub, 01.06.2013, Rock am See, Schacht-Audorf","author":"Anja","date":"2. Juni 2013","format":false,"excerpt":"\u201eDas Tier\u201c auf M\u00e4nnerurlaub! Das k\u00f6nnte man meinen, wenn man den Drummer von M\u00e4nnerurlaub erlebt. Dabei sind die vier Kieler Musiker von M\u00e4nnerurlaub eigenlich ganz liebe Jungs und machen coole\u2026 und wie soll es auch anders sein ;-)\u2026 deutschsprachige Musik. Was die Musiker vielleicht nicht so mitbekommen haben, war die\u2026","rel":"","context":"In &quot;Acts&quot;","block_context":{"text":"Acts","link":"http:\/\/www.rockpixx.com\/wordpress\/category\/acts\/"},"img":{"alt_text":"M\u00e4nnerurlaub, 01.06.2013, Schacht-Audorf, Rock am See 2013","src":"https:\/\/i0.wp.com\/www.rockpixx.com\/wordpress\/wp-content\/uploads\/2013\/06\/20130601-03-036_maennerurlaub-Artikel.jpg?resize=350%2C200","width":350,"height":200,"srcset":"https:\/\/i0.wp.com\/www.rockpixx.com\/wordpress\/wp-content\/uploads\/2013\/06\/20130601-03-036_maennerurlaub-Artikel.jpg?resize=350%2C200 1x, https:\/\/i0.wp.com\/www.rockpixx.com\/wordpress\/wp-content\/uploads\/2013\/06\/20130601-03-036_maennerurlaub-Artikel.jpg?resize=525%2C300 1.5x, https:\/\/i0.wp.com\/www.rockpixx.com\/wordpress\/wp-content\/uploads\/2013\/06\/20130601-03-036_maennerurlaub-Artikel.jpg?resize=700%2C400 2x"},"classes":[]},{"id":8492,"url":"http:\/\/www.rockpixx.com\/wordpress\/luxuslarm-18-06-2012-kiel-horn-buhne\/","url_meta":{"origin":10890,"position":1},"title":"Luxusl\u00e4rm, 18.06.2012, Kiel, h\u00f6rn b\u00fchne","author":"Anja","date":"18. Juni 2012","format":false,"excerpt":"Mein erster Einsatz an der \u201eh\u00f6rn b\u00fchne\u201c in diesem Jahr \u2013 spontan f\u00e4llt auf, dass die Idee, Eintrittskarten f\u00fcr den Main-Act zu verkaufen, sich prompt auf die Zuschauerzahlen auszuwirken scheint: Es ist ziemlich leer auf dem gro\u00dfen Areal. An der Band \u201eLuxusl\u00e4rm\u201c rund um Frontfrau \u201eJini\u201c Meyer kann's jedenfalls nicht\u2026","rel":"","context":"In &quot;Acts&quot;","block_context":{"text":"Acts","link":"http:\/\/www.rockpixx.com\/wordpress\/category\/acts\/"},"img":{"alt_text":"Luxusl\u00e4rm, 18.06.2012, Kiel, h\u00f6rn b\u00fchne","src":"https:\/\/i0.wp.com\/www.rockpixx.com\/wordpress\/wp-content\/uploads\/2013\/02\/20120618-02-luxuslaerm-Artikel.jpg?resize=350%2C200","width":350,"height":200,"srcset":"https:\/\/i0.wp.com\/www.rockpixx.com\/wordpress\/wp-content\/uploads\/2013\/02\/20120618-02-luxuslaerm-Artikel.jpg?resize=350%2C200 1x, https:\/\/i0.wp.com\/www.rockpixx.com\/wordpress\/wp-content\/uploads\/2013\/02\/20120618-02-luxuslaerm-Artikel.jpg?resize=525%2C300 1.5x, https:\/\/i0.wp.com\/www.rockpixx.com\/wordpress\/wp-content\/uploads\/2013\/02\/20120618-02-luxuslaerm-Artikel.jpg?resize=700%2C400 2x"},"classes":[]},{"id":10865,"url":"http:\/\/www.rockpixx.com\/wordpress\/dead-shepherd-31-05-2013-rock-am-see-schacht-audorf\/","url_meta":{"origin":10890,"position":2},"title":"Dead Shepherd, 31.05.2013, Rock am See, Schacht-Audorf","author":"Anja","date":"1. Juni 2013","format":false,"excerpt":"Den Abschluss des heutigen Abends machen \u201eDead Shepherd\u201c. Sie selbst bezeichnen sich als Anarcho-Rocker. Mir pers\u00f6nlich gef\u00e4llt der etwas schr\u00e4ge Humor der Band. Sie nehmen niemanden und nichts ernst, am wenigstens sich selbst. Als eines der ersten Lieder haben sie zu Ehren eines befreundeten Motorrad-Clubs \u2013 den Mammuts \u2013 ein\u2026","rel":"","context":"In &quot;Acts&quot;","block_context":{"text":"Acts","link":"http:\/\/www.rockpixx.com\/wordpress\/category\/acts\/"},"img":{"alt_text":"Dead Shepherd, 31.05.2013, Schacht-Audorf, Rock am See 2013","src":"https:\/\/i0.wp.com\/www.rockpixx.com\/wordpress\/wp-content\/uploads\/2013\/06\/20130531-05-031_dead-shepherd-Artikel.jpg?resize=350%2C200","width":350,"height":200,"srcset":"https:\/\/i0.wp.com\/www.rockpixx.com\/wordpress\/wp-content\/uploads\/2013\/06\/20130531-05-031_dead-shepherd-Artikel.jpg?resize=350%2C200 1x, https:\/\/i0.wp.com\/www.rockpixx.com\/wordpress\/wp-content\/uploads\/2013\/06\/20130531-05-031_dead-shepherd-Artikel.jpg?resize=525%2C300 1.5x, https:\/\/i0.wp.com\/www.rockpixx.com\/wordpress\/wp-content\/uploads\/2013\/06\/20130531-05-031_dead-shepherd-Artikel.jpg?resize=700%2C400 2x"},"classes":[]},{"id":10861,"url":"http:\/\/www.rockpixx.com\/wordpress\/kneipenterroristen-31-05-2013-rock-am-see-schacht-audorf\/","url_meta":{"origin":10890,"position":3},"title":"Kneipenterroristen, 31.05.2013, Rock am See, Schacht-Audorf","author":"Anja","date":"1. Juni 2013","format":false,"excerpt":"Die Nacht senkt sich \u00fcber den See bei Schacht-Audorf und von der B\u00fchne wehen harte Beats her\u00fcber. Noch haben wir etwas Zeit, da der Line-Check l\u00e4uft. Das einzige, was mir jetzt noch etwas Bedenken bereitet, ist, dass der Lichtmensch anscheinend immer noch den Knopf f\u00fcr die Frontlights sucht. Zum Gl\u00fcck\u2026","rel":"","context":"In &quot;Acts&quot;","block_context":{"text":"Acts","link":"http:\/\/www.rockpixx.com\/wordpress\/category\/acts\/"},"img":{"alt_text":"Kneipenterroristen, 31.05.2013, Schacht-Audorf, Rock am See 2013","src":"https:\/\/i0.wp.com\/www.rockpixx.com\/wordpress\/wp-content\/uploads\/2013\/06\/20130531-04-026_kneipenterroristen-Artikel.jpg?resize=350%2C200","width":350,"height":200,"srcset":"https:\/\/i0.wp.com\/www.rockpixx.com\/wordpress\/wp-content\/uploads\/2013\/06\/20130531-04-026_kneipenterroristen-Artikel.jpg?resize=350%2C200 1x, https:\/\/i0.wp.com\/www.rockpixx.com\/wordpress\/wp-content\/uploads\/2013\/06\/20130531-04-026_kneipenterroristen-Artikel.jpg?resize=525%2C300 1.5x, https:\/\/i0.wp.com\/www.rockpixx.com\/wordpress\/wp-content\/uploads\/2013\/06\/20130531-04-026_kneipenterroristen-Artikel.jpg?resize=700%2C400 2x"},"classes":[]},{"id":10847,"url":"http:\/\/www.rockpixx.com\/wordpress\/fahrlassig-31-05-2013-rock-am-see-schacht-audorf\/","url_meta":{"origin":10890,"position":4},"title":"Fahrl\u00e4ssig, 31.05.2013, Rock am See, Schacht-Audorf","author":"Anja","date":"1. Juni 2013","format":false,"excerpt":"Rheinberg in Nordrhein-Westfalen bringt nicht nur schmucke Models wie Claudia Schiffer hervor, sondern auch Punk-Rocker wie die Jungs von \u201eFahrl\u00e4ssig\u201c. Sie starten mit \u201eAdrenalin\u201c und bringen das sich langsam einfindende Festivalpublikum in Schwung. Als Vertreter des Punkrocks nehmen sie auch kein Blatt vor den Mund und thematisieren die Dinge, die\u2026","rel":"","context":"In &quot;Acts&quot;","block_context":{"text":"Acts","link":"http:\/\/www.rockpixx.com\/wordpress\/category\/acts\/"},"img":{"alt_text":"Fahrl\u00e4ssig, 31.05.2013, Schacht-Audorf, Rock am See 2013","src":"https:\/\/i0.wp.com\/www.rockpixx.com\/wordpress\/wp-content\/uploads\/2013\/06\/20130531-03-061_fahrlaessig-Artikel.jpg?resize=350%2C200","width":350,"height":200,"srcset":"https:\/\/i0.wp.com\/www.rockpixx.com\/wordpress\/wp-content\/uploads\/2013\/06\/20130531-03-061_fahrlaessig-Artikel.jpg?resize=350%2C200 1x, https:\/\/i0.wp.com\/www.rockpixx.com\/wordpress\/wp-content\/uploads\/2013\/06\/20130531-03-061_fahrlaessig-Artikel.jpg?resize=525%2C300 1.5x, https:\/\/i0.wp.com\/www.rockpixx.com\/wordpress\/wp-content\/uploads\/2013\/06\/20130531-03-061_fahrlaessig-Artikel.jpg?resize=700%2C400 2x"},"classes":[]},{"id":10841,"url":"http:\/\/www.rockpixx.com\/wordpress\/evening-skies-31-05-2013-rock-am-see-schacht-audorf\/","url_meta":{"origin":10890,"position":5},"title":"Evening Skies, 31.05.2013, Rock am See, Schacht Audorf","author":"Anja","date":"1. Juni 2013","format":false,"excerpt":"Sonne, 25\u00b0C, Badesee und \u2026 \u2026geile Mucke. Evening Skies er\u00f6ffnen das Rock am See Open Air 2013. Dem Motto des Open Airs getreu singen Evening Skies ihre Songs auf Deutsch - aber erst, nachdem Cathin aus ihren Heels geschl\u00fcpft ist. Was wir zu h\u00f6ren bekommen ist guter Rock, sinnige Texte\u2026","rel":"","context":"In &quot;Acts&quot;","block_context":{"text":"Acts","link":"http:\/\/www.rockpixx.com\/wordpress\/category\/acts\/"},"img":{"alt_text":"Evening Skies, 31.05.2013, Schacht-Audorf, Rock am See 2013","src":"https:\/\/i0.wp.com\/www.rockpixx.com\/wordpress\/wp-content\/uploads\/2013\/06\/20130531-01-045_evening-skies-Artikel.jpg?resize=350%2C200","width":350,"height":200,"srcset":"https:\/\/i0.wp.com\/www.rockpixx.com\/wordpress\/wp-content\/uploads\/2013\/06\/20130531-01-045_evening-skies-Artikel.jpg?resize=350%2C200 1x, https:\/\/i0.wp.com\/www.rockpixx.com\/wordpress\/wp-content\/uploads\/2013\/06\/20130531-01-045_evening-skies-Artikel.jpg?resize=525%2C300 1.5x, https:\/\/i0.wp.com\/www.rockpixx.com\/wordpress\/wp-content\/uploads\/2013\/06\/20130531-01-045_evening-skies-Artikel.jpg?resize=700%2C400 2x"},"classes":[]}],"jetpack_sharing_enabled":true,"publishpress_future_action":{"enabled":false,"date":"2026-05-08 20:32:36","action":"change-status","newStatus":"draft","terms":[],"taxonomy":"category","extraData":[]},"publishpress_future_workflow_manual_trigger":{"enabledWorkflows":[]},"_links":{"self":[{"href":"http:\/\/www.rockpixx.com\/wordpress\/wp-json\/wp\/v2\/posts\/10890","targetHints":{"allow":["GET"]}}],"collection":[{"href":"http:\/\/www.rockpixx.com\/wordpress\/wp-json\/wp\/v2\/posts"}],"about":[{"href":"http:\/\/www.rockpixx.com\/wordpress\/wp-json\/wp\/v2\/types\/post"}],"author":[{"embeddable":true,"href":"http:\/\/www.rockpixx.com\/wordpress\/wp-json\/wp\/v2\/users\/2"}],"replies":[{"embeddable":true,"href":"http:\/\/www.rockpixx.com\/wordpress\/wp-json\/wp\/v2\/comments?post=10890"}],"version-history":[{"count":0,"href":"http:\/\/www.rockpixx.com\/wordpress\/wp-json\/wp\/v2\/posts\/10890\/revisions"}],"wp:featuredmedia":[{"embeddable":true,"href":"http:\/\/www.rockpixx.com\/wordpress\/wp-json\/wp\/v2\/media\/10877"}],"wp:attachment":[{"href":"http:\/\/www.rockpixx.com\/wordpress\/wp-json\/wp\/v2\/media?parent=10890"}],"wp:term":[{"taxonomy":"category","embeddable":true,"href":"http:\/\/www.rockpixx.com\/wordpress\/wp-json\/wp\/v2\/categories?post=10890"},{"taxonomy":"post_tag","embeddable":true,"href":"http:\/\/www.rockpixx.com\/wordpress\/wp-json\/wp\/v2\/tags?post=10890"}],"curies":[{"name":"wp","href":"https:\/\/api.w.org\/{rel}","templated":true}]}}