{"id":10981,"date":"2013-06-19T19:31:05","date_gmt":"2013-06-19T18:31:05","guid":{"rendered":"http:\/\/rockpixx.com\/wordpress\/?p=10981"},"modified":"2013-06-19T19:34:17","modified_gmt":"2013-06-19T18:34:17","slug":"unser-wordpress-schmollt-mit-facebook","status":"publish","type":"post","link":"http:\/\/www.rockpixx.com\/wordpress\/unser-wordpress-schmollt-mit-facebook\/","title":{"rendered":"Unser WordPress schmollt mit facebook"},"content":{"rendered":"<p>Moin,<\/p>\n<p>tja&#8230; EDV ist halt doch \u201e<strong>e<\/strong>twas, <strong>d<\/strong>as <strong>v<\/strong>erwundert\u201c:<\/p>\n<p>Von jetzt auf gleich hat das automatisierte Teilen auf facebook beim Verfassen neuer Artikel seinen Dienst eingestellt. Mit Twitter funktioniert das noch und auch die \u201eTeilen\u201c-Schaltfl\u00e4chen unter jedem Artikel verrichten klaglos ihren Dienst. Und da ist noch nicht mal ein zwischenzeitliches Update auf unserer Seite gelaufen.<\/p>\n<p>Mal sehen, ob nun der erneute Aufbau der Verbindung zu facebook in WordPress etwas bewirken kann\u2026<\/p>\n<h2>EDIT:<\/h2>\n<p>Jetzt klappt es wieder, danke f\u00fcr die Tipps auf<br \/>\n\u2192 <a title=\"Reconnecting to facebook\" href=\"http:\/\/jetpack.me\/support\/publicize\/#reconnecting-facebook\" target=\"_blank\">http:\/\/jetpack.me\/support\/publicize\/#reconnecting-facebook<\/a><\/p>\n","protected":false},"excerpt":{"rendered":"<p>Moin, tja&#8230; EDV ist halt doch \u201eetwas, das verwundert\u201c: Von jetzt auf gleich hat das <a href=\"http:\/\/www.rockpixx.com\/wordpress\/unser-wordpress-schmollt-mit-facebook\/\">Read more<\/a><\/p>\n","protected":false},"author":1,"featured_media":0,"comment_status":"open","ping_status":"open","sticky":false,"template":"","format":"standard","meta":{"_jetpack_memberships_contains_paid_content":false,"footnotes":"","jetpack_publicize_message":"Unser Wordpress schmollt mit facebook","jetpack_publicize_feature_enabled":true,"jetpack_social_post_already_shared":true,"jetpack_social_options":{"image_generator_settings":{"template":"highway","default_image_id":0,"font":"","enabled":false},"version":2}},"categories":[32,108],"tags":[775,109,110],"class_list":["post-10981","post","type-post","status-publish","format-standard","hentry","category-sonstiges","category-updates","tag-facebook","tag-intern","tag-update"],"aioseo_notices":[],"jetpack_publicize_connections":[],"jetpack_featured_media_url":"","jetpack-related-posts":[{"id":12884,"url":"http:\/\/www.rockpixx.com\/wordpress\/updates-1-quartal-2014\/","url_meta":{"origin":10981,"position":0},"title":"Updates 1. Quartal 2014","author":"admin","date":"30. April 2014","format":false,"excerpt":"Die meisten Updates fanden unter der Haube statt. Lediglich vier \u00c4nderungen fallen ins Auge: Auf der Startseite werden die PreViews jetzt prominenter dargestellt; gleichzeitig bedeutet diese Art der Darstellung f\u00fcr uns weniger Aufwand bei der Verwaltung der PreViews und abgelaufene PreViews werden jetzt automatisch aus der Anzeige entfernt. Damit \u00e4ndert\u2026","rel":"","context":"In &quot;Internes&quot;","block_context":{"text":"Internes","link":"http:\/\/www.rockpixx.com\/wordpress\/category\/sonstiges\/"},"img":{"alt_text":"","src":"","width":0,"height":0},"classes":[]},{"id":1027,"url":"http:\/\/www.rockpixx.com\/wordpress\/komische-erfahrungen-mit-deutschen-bands\/","url_meta":{"origin":10981,"position":1},"title":"Komische Erfahrungen mit deutschen Bands","author":"admin","date":"25. Juni 2010","format":false,"excerpt":"Deutschsprachige Bands auf der Kieler Woche 2010 \u2013 irgendwie machen wir jetzt schon die dritte Erfahrung der anderen Art: \u2192 Selig: Trotz Akkreditierung beim Veranstalter l\u00e4sst das Tourmanagement die Presse gar nicht erst in den Graben rein. Auf nachdr\u00fcckliches Bitten und Betteln der Veranstalter darf dann aber wenigstens noch der\u2026","rel":"","context":"In &quot;2010&quot;","block_context":{"text":"2010","link":"http:\/\/www.rockpixx.com\/wordpress\/category\/backstage\/2010\/"},"img":{"alt_text":"Deutsche Bands","src":"https:\/\/i0.wp.com\/www.rockpixx.com\/wordpress\/wp-content\/uploads\/2010\/06\/20100625-deutsche-bands.jpg?resize=350%2C200","width":350,"height":200,"srcset":"https:\/\/i0.wp.com\/www.rockpixx.com\/wordpress\/wp-content\/uploads\/2010\/06\/20100625-deutsche-bands.jpg?resize=350%2C200 1x, https:\/\/i0.wp.com\/www.rockpixx.com\/wordpress\/wp-content\/uploads\/2010\/06\/20100625-deutsche-bands.jpg?resize=525%2C300 1.5x, https:\/\/i0.wp.com\/www.rockpixx.com\/wordpress\/wp-content\/uploads\/2010\/06\/20100625-deutsche-bands.jpg?resize=700%2C400 2x"},"classes":[]},{"id":19906,"url":"http:\/\/www.rockpixx.com\/wordpress\/up-to-you-12-03-2016-fuck-cancer-festival-ahrensburg\/","url_meta":{"origin":10981,"position":2},"title":"UP TO YOU, 12.03.2016, Fuck Cancer Festival, Ahrensburg","author":"Anja","date":"15. M\u00e4rz 2016","format":false,"excerpt":"Der Kreis schlie\u00dft sich! Die S\u00f6hne (Gitarre und Drums bei \u2192 \u201eA Sense of Disorder\u201c) er\u00f6ffneten das Fuck Cancer Festival und Papa (Gitarre bei \u201eUP TO YOU\u201c) sorgt daf\u00fcr, dass alle mit einem seligen Grinsen wegen des tollen Abends mit vielen Bands nach Hause wackeln. Trotz des \u201eRau\u00dfschmei\u00dfer-Jobs\u201c f\u00fcllt sich\u2026","rel":"","context":"In &quot;Acts&quot;","block_context":{"text":"Acts","link":"http:\/\/www.rockpixx.com\/wordpress\/category\/acts\/"},"img":{"alt_text":"UpToYou, 12.03.2016, Ahrensburg, JuKI 42","src":"https:\/\/i0.wp.com\/www.rockpixx.com\/wordpress\/wp-content\/uploads\/2016\/03\/20160312-07-002.jpg?resize=350%2C200","width":350,"height":200,"srcset":"https:\/\/i0.wp.com\/www.rockpixx.com\/wordpress\/wp-content\/uploads\/2016\/03\/20160312-07-002.jpg?resize=350%2C200 1x, https:\/\/i0.wp.com\/www.rockpixx.com\/wordpress\/wp-content\/uploads\/2016\/03\/20160312-07-002.jpg?resize=525%2C300 1.5x, https:\/\/i0.wp.com\/www.rockpixx.com\/wordpress\/wp-content\/uploads\/2016\/03\/20160312-07-002.jpg?resize=700%2C400 2x"},"classes":[]},{"id":1000,"url":"http:\/\/www.rockpixx.com\/wordpress\/kieler-woche-2009-vorbereitungen-1\/","url_meta":{"origin":10981,"position":3},"title":"Kieler Woche 2009, Vorbereitungen 1","author":"admin","date":"6. Juni 2009","format":false,"excerpt":"Moin, so, die Akkreditierungsanfragen f\u00fcr die ganzen B\u00fchnen in Kiel sind wieder alle best\u00e4tigt eingetrudelt, jetzt wei\u00df ich also, dass ich vor dem Beginn der eigentlichen Kieler Woche noch mehr Stellen abklappern muss, um die ganzen Fotop\u00e4sse \u00fcberall einzusammeln. Letztes Jahr waren es ja nur vier St\u00fcck \u2013 dieses Jahr\u2026","rel":"","context":"In &quot;2009&quot;","block_context":{"text":"2009","link":"http:\/\/www.rockpixx.com\/wordpress\/category\/backstage\/2009\/"},"img":{"alt_text":"","src":"https:\/\/i0.wp.com\/www.rockpixx.com\/wordpress\/wp-content\/uploads\/2009\/06\/20090606-Karte-Kiel-2009.jpg?resize=350%2C200","width":350,"height":200,"srcset":"https:\/\/i0.wp.com\/www.rockpixx.com\/wordpress\/wp-content\/uploads\/2009\/06\/20090606-Karte-Kiel-2009.jpg?resize=350%2C200 1x, https:\/\/i0.wp.com\/www.rockpixx.com\/wordpress\/wp-content\/uploads\/2009\/06\/20090606-Karte-Kiel-2009.jpg?resize=525%2C300 1.5x"},"classes":[]},{"id":1074,"url":"http:\/\/www.rockpixx.com\/wordpress\/das-war-2011\/","url_meta":{"origin":10981,"position":4},"title":"Das war 2011","author":"admin","date":"29. Dezember 2011","format":false,"excerpt":"Ein ereignisreiches Jahr neigt sich dem Ende zu. Es war f\u00fcr uns das Jahr, in dem wir die bisher meisten Acts fotografiert haben: Erstmals haben wir die Hunderter-Marke mit insgesamt 116 Acts geknackt! In der Gesamtheit ist ja alles auf \u2192 rockpixx.com nachzulesen \u2013 hier soll dagegen unser pers\u00f6nliches Fazit\u2026","rel":"","context":"In &quot;2011&quot;","block_context":{"text":"2011","link":"http:\/\/www.rockpixx.com\/wordpress\/category\/backstage\/2011\/"},"img":{"alt_text":"Konzertposter 2011","src":"https:\/\/i0.wp.com\/www.rockpixx.com\/wordpress\/wp-content\/uploads\/2013\/03\/20111229-Konzerte-2011-100x70.jpg?resize=350%2C200","width":350,"height":200,"srcset":"https:\/\/i0.wp.com\/www.rockpixx.com\/wordpress\/wp-content\/uploads\/2013\/03\/20111229-Konzerte-2011-100x70.jpg?resize=350%2C200 1x, https:\/\/i0.wp.com\/www.rockpixx.com\/wordpress\/wp-content\/uploads\/2013\/03\/20111229-Konzerte-2011-100x70.jpg?resize=525%2C300 1.5x, https:\/\/i0.wp.com\/www.rockpixx.com\/wordpress\/wp-content\/uploads\/2013\/03\/20111229-Konzerte-2011-100x70.jpg?resize=700%2C400 2x"},"classes":[]},{"id":11353,"url":"http:\/\/www.rockpixx.com\/wordpress\/nena-30-06-2013-kiel-ndr-buhne-2\/","url_meta":{"origin":10981,"position":5},"title":"Nena, 30.06.2013, Kiel, NDR-B\u00fchne","author":"Anja","date":"1. Juli 2013","format":false,"excerpt":"Nena zum \u2192\u00a0zweiten Mal nach 2010 auf der Kieler Woche und auch diesmal berichten wir von diesem Konzert bzw. wir berichten vom ersten Song und zeigen die dazu geh\u00f6renden Bilder. Aber der Reihe nach. Das erste was mir auffiel, war die gro\u00dfe Nervosit\u00e4t der Security-Mitarbeiter an diesem Abend. Ob das\u2026","rel":"","context":"In &quot;Acts&quot;","block_context":{"text":"Acts","link":"http:\/\/www.rockpixx.com\/wordpress\/category\/acts\/"},"img":{"alt_text":"Nena, 30.06.2013, Kiel, NDR-B\u00fchne","src":"https:\/\/i0.wp.com\/www.rockpixx.com\/wordpress\/wp-content\/uploads\/2013\/07\/20130630-04-032_nena-Artikel.jpg?resize=350%2C200","width":350,"height":200,"srcset":"https:\/\/i0.wp.com\/www.rockpixx.com\/wordpress\/wp-content\/uploads\/2013\/07\/20130630-04-032_nena-Artikel.jpg?resize=350%2C200 1x, https:\/\/i0.wp.com\/www.rockpixx.com\/wordpress\/wp-content\/uploads\/2013\/07\/20130630-04-032_nena-Artikel.jpg?resize=525%2C300 1.5x, https:\/\/i0.wp.com\/www.rockpixx.com\/wordpress\/wp-content\/uploads\/2013\/07\/20130630-04-032_nena-Artikel.jpg?resize=700%2C400 2x"},"classes":[]}],"jetpack_sharing_enabled":true,"publishpress_future_action":{"enabled":false,"date":"2026-05-07 05:14:34","action":"change-status","newStatus":"draft","terms":[],"taxonomy":"category","extraData":[]},"publishpress_future_workflow_manual_trigger":{"enabledWorkflows":[]},"_links":{"self":[{"href":"http:\/\/www.rockpixx.com\/wordpress\/wp-json\/wp\/v2\/posts\/10981","targetHints":{"allow":["GET"]}}],"collection":[{"href":"http:\/\/www.rockpixx.com\/wordpress\/wp-json\/wp\/v2\/posts"}],"about":[{"href":"http:\/\/www.rockpixx.com\/wordpress\/wp-json\/wp\/v2\/types\/post"}],"author":[{"embeddable":true,"href":"http:\/\/www.rockpixx.com\/wordpress\/wp-json\/wp\/v2\/users\/1"}],"replies":[{"embeddable":true,"href":"http:\/\/www.rockpixx.com\/wordpress\/wp-json\/wp\/v2\/comments?post=10981"}],"version-history":[{"count":0,"href":"http:\/\/www.rockpixx.com\/wordpress\/wp-json\/wp\/v2\/posts\/10981\/revisions"}],"wp:attachment":[{"href":"http:\/\/www.rockpixx.com\/wordpress\/wp-json\/wp\/v2\/media?parent=10981"}],"wp:term":[{"taxonomy":"category","embeddable":true,"href":"http:\/\/www.rockpixx.com\/wordpress\/wp-json\/wp\/v2\/categories?post=10981"},{"taxonomy":"post_tag","embeddable":true,"href":"http:\/\/www.rockpixx.com\/wordpress\/wp-json\/wp\/v2\/tags?post=10981"}],"curies":[{"name":"wp","href":"https:\/\/api.w.org\/{rel}","templated":true}]}}