{"id":11029,"date":"2013-06-22T12:43:27","date_gmt":"2013-06-22T11:43:27","guid":{"rendered":"http:\/\/rockpixx.com\/wordpress\/?p=11029"},"modified":"2013-06-22T13:02:19","modified_gmt":"2013-06-22T12:02:19","slug":"ich-will-spas-band-21-06-2013-kiel-kieler-woche-musikzelt","status":"publish","type":"post","link":"http:\/\/www.rockpixx.com\/wordpress\/ich-will-spas-band-21-06-2013-kiel-kieler-woche-musikzelt\/","title":{"rendered":"Ich will Spa\u00df-Band, 21.06.2013, Kiel, Kieler Woche Musikzelt"},"content":{"rendered":"<p>Die n\u00e4chste Station f\u00fcr den Fotografen von rockpixx.com: Das \u201eKieler Woche-Musikzelt\u201c. War es dort in den letzten Jahren leider immer leerer geworden, so sorgt diese Location heute f\u00fcr positives Erstaunen: Richtig voll ist es dort! Ein guter DJ h\u00e4lt das Publikum vor Beginn und w\u00e4hrend der Pausen bei Laune und im Zelt und das Motto des heutigen Abends lautet \u201eNDW-Party\u201c. <!--more-->Das hatte ja 2010 an gleicher Stelle schon einmal funktioniert, damals waren \u2192<a title=\"Markus, 18.06.2010, Kiel, Kieler Woche Musikzelt\" href=\"http:\/\/rockpixx.com\/wordpress\/markus-18-06-2010-kiel-kieler-woche-musikzelt\/\">Markus<\/a>, \u2192<a title=\"UKW, 18.06.2010, Kiel, Kieler Woche Musikzelt\" href=\"http:\/\/rockpixx.com\/wordpress\/ukw-18-06-2010-kiel-kieler-woche-musikzelt\/\">\u201eUKW\u201c<\/a> und \u2192<a title=\"Hubert Kah, 18.06.2010, Kiel, Kieler Woche Musikzelt\" href=\"http:\/\/rockpixx.com\/wordpress\/hubert-kah-18-06-2010-kiel-kieler-woche-musikzelt\/\">Hubert Kah<\/a> mit Begleitband \u2192<a title=\"Rockpirat, 18.06.2010, Kiel, Kieler Woche Musikzelt\" href=\"http:\/\/rockpixx.com\/wordpress\/rockpirat-18-06-2010-kiel-kieler-woche-musikzelt\/\">\u201eRockpirat\u201c<\/a> an gleicher Stelle zu Gast gewesen. Und auch heute sollte es wieder richtig fr\u00f6hlich und ausgelassen werden.<\/p>\n<p>Den Opener macht die Begleitband des heutigen Abends, die \u201eIch will Spa\u00df-Band\u201c, mit Klassikern aus den gef\u00fchlten letzten 30 Jahren, so unter anderem mit Hits von Tina Turner oder Gloria Gaynor. Das l\u00e4sst f\u00fcr den weiteren Abend viel Kurzweil erwarten und auch im Zelt wird es immer voller, was nicht (mehr) am Regen drau\u00dfen liegt, der hat n\u00e4mlich wieder aufgeh\u00f6rt.<\/p>\n<p style=\"text-align: right;\">Fotos: <a href=\"mailto:info@rockpixx.com\">Alex<\/a>\u00a0| Text: \u00a0<a href=\"mailto:info@rockpixx.com\">Alex<\/a><\/p>\n<p style=\"text-align: left;\">[slideshow id=291]<\/p>\n","protected":false},"excerpt":{"rendered":"<p>Die n\u00e4chste Station f\u00fcr den Fotografen von rockpixx.com: Das \u201eKieler Woche-Musikzelt\u201c. War es dort in <a href=\"http:\/\/www.rockpixx.com\/wordpress\/ich-will-spas-band-21-06-2013-kiel-kieler-woche-musikzelt\/\">Read more<\/a><\/p>\n","protected":false},"author":2,"featured_media":11028,"comment_status":"open","ping_status":"open","sticky":false,"template":"","format":"standard","meta":{"_jetpack_memberships_contains_paid_content":false,"footnotes":"","jetpack_publicize_message":"#IchWillSpa\u00dfBand, 21.06.2013, #Kiel, #KielerWocheMusikzelt, # KielerWoche","jetpack_publicize_feature_enabled":true,"jetpack_social_post_already_shared":true,"jetpack_social_options":{"image_generator_settings":{"template":"highway","default_image_id":0,"font":"","enabled":false},"version":2}},"categories":[34,1148],"tags":[2065,133,2170,1735,138,766],"class_list":["post-11029","post","type-post","status-publish","format-standard","has-post-thumbnail","hentry","category-acts","category-ich-will-spas-band","tag-2065","tag-festivals","tag-ich-will-spas-band","tag-kiel","tag-kieler-woche","tag-kieler-woche-musikzelt"],"aioseo_notices":[],"jetpack_publicize_connections":[],"jetpack_featured_media_url":"http:\/\/www.rockpixx.com\/wordpress\/wp-content\/uploads\/2013\/06\/20130621-04-033_ich-will-spass-band-Artikel.jpg","jetpack-related-posts":[{"id":6948,"url":"http:\/\/www.rockpixx.com\/wordpress\/lifeline-25-06-2010-kiel-kieler-woche-musikzelt\/","url_meta":{"origin":11029,"position":0},"title":"Lifeline, 25.06.2010, Kiel, Kieler Woche Musikzelt","author":"Anja","date":"25. Juni 2010","format":false,"excerpt":"Ich war viel zu fr\u00fch im Kieler Woche Musikzelt! Eigentlich h\u00e4tte ich es wissen sollen: Dort fangen alle Gigs immer mit ordentlich Versp\u00e4tung an \u2013 ganz im Gegensatz zu anderen B\u00fchnen, wo es p\u00fcnktlich auf die Minute losgeht. Aber egal. Gekommen war ich wegen \u201eIllegal 2001\u201c, aber es spielte noch\u2026","rel":"","context":"In &quot;Acts&quot;","block_context":{"text":"Acts","link":"http:\/\/www.rockpixx.com\/wordpress\/category\/acts\/"},"img":{"alt_text":"Lifeline, 25.06.2010, Kiel, Kieler Woche Musikzelt","src":"https:\/\/i0.wp.com\/www.rockpixx.com\/wordpress\/wp-content\/uploads\/2013\/01\/20100625-03-lifeline-Artikel.jpg?resize=350%2C200","width":350,"height":200,"srcset":"https:\/\/i0.wp.com\/www.rockpixx.com\/wordpress\/wp-content\/uploads\/2013\/01\/20100625-03-lifeline-Artikel.jpg?resize=350%2C200 1x, https:\/\/i0.wp.com\/www.rockpixx.com\/wordpress\/wp-content\/uploads\/2013\/01\/20100625-03-lifeline-Artikel.jpg?resize=525%2C300 1.5x, https:\/\/i0.wp.com\/www.rockpixx.com\/wordpress\/wp-content\/uploads\/2013\/01\/20100625-03-lifeline-Artikel.jpg?resize=700%2C400 2x"},"classes":[]},{"id":14358,"url":"http:\/\/www.rockpixx.com\/wordpress\/markus-20-06-2014-kiel-kieler-woche-musikzelt\/","url_meta":{"origin":11029,"position":1},"title":"Markus, 20.06.2014, Kiel, Kieler Woche Musikzelt","author":"admin","date":"21. Juni 2014","format":false,"excerpt":"Und noch ein alter Bekannter, eine Stunde sp\u00e4ter als \u2192 Rea Garvey und eine B\u00fchne weiter: Markus versichert dem Publikum, dass sein Ferrari immer noch 210 f\u00e4hrt. Das Kieler Woche Musikzelt ist ja musikalisch eher f\u00fcr die Spa\u00df- und Partymusik zust\u00e4ndig \u2013 so ist es nur folgerichtig, dass zum Auftakt\u2026","rel":"","context":"In &quot;Acts&quot;","block_context":{"text":"Acts","link":"http:\/\/www.rockpixx.com\/wordpress\/category\/acts\/"},"img":{"alt_text":"Markus, 20.06.2014, Kiel, Kieler Woche Musikzelt","src":"https:\/\/i0.wp.com\/www.rockpixx.com\/wordpress\/wp-content\/uploads\/2014\/06\/20140620-04-092_markus_Artikel.jpg?resize=350%2C200","width":350,"height":200,"srcset":"https:\/\/i0.wp.com\/www.rockpixx.com\/wordpress\/wp-content\/uploads\/2014\/06\/20140620-04-092_markus_Artikel.jpg?resize=350%2C200 1x, https:\/\/i0.wp.com\/www.rockpixx.com\/wordpress\/wp-content\/uploads\/2014\/06\/20140620-04-092_markus_Artikel.jpg?resize=525%2C300 1.5x, https:\/\/i0.wp.com\/www.rockpixx.com\/wordpress\/wp-content\/uploads\/2014\/06\/20140620-04-092_markus_Artikel.jpg?resize=700%2C400 2x"},"classes":[]},{"id":18280,"url":"http:\/\/www.rockpixx.com\/wordpress\/red-hot-chilli-pipers-20-06-2015-kieler-woche-kieler-woche-musikzelt-kiel\/","url_meta":{"origin":11029,"position":2},"title":"Red Hot Chilli Pipers, 20.06.2015, Kieler Woche, Kieler Woche Musikzelt, Kiel","author":"Anja","date":"21. Juni 2015","format":false,"excerpt":"K\u00e4men \u201eZZ Top\u201c aus Schottland, dann w\u00fcrden sie vielleicht auch so \u00e4hnlich klingen und aussehen. So aber kommen sie aus Texas, m\u00fcssen so komische H\u00fcte tragen und spielen lediglich Saiteninstrumente. Um wieviel sch\u00f6ner deren Musik doch klingen kann, wenn sie aus Dudels\u00e4cken erklingt, das kann ich hier im Kieler Woche\u2026","rel":"","context":"In &quot;Acts&quot;","block_context":{"text":"Acts","link":"http:\/\/www.rockpixx.com\/wordpress\/category\/acts\/"},"img":{"alt_text":"Red Hot Chillli Pipers, 20.06.2015, Kieler Woche Musikzelt, Kiel","src":"https:\/\/i0.wp.com\/www.rockpixx.com\/wordpress\/wp-content\/uploads\/2015\/06\/20150620-04-003_rhcp_Artikel.jpg?resize=350%2C200","width":350,"height":200,"srcset":"https:\/\/i0.wp.com\/www.rockpixx.com\/wordpress\/wp-content\/uploads\/2015\/06\/20150620-04-003_rhcp_Artikel.jpg?resize=350%2C200 1x, https:\/\/i0.wp.com\/www.rockpixx.com\/wordpress\/wp-content\/uploads\/2015\/06\/20150620-04-003_rhcp_Artikel.jpg?resize=525%2C300 1.5x, https:\/\/i0.wp.com\/www.rockpixx.com\/wordpress\/wp-content\/uploads\/2015\/06\/20150620-04-003_rhcp_Artikel.jpg?resize=700%2C400 2x"},"classes":[]},{"id":7658,"url":"http:\/\/www.rockpixx.com\/wordpress\/sevents-17-06-2011-kiel-kieler-woche-musikzelt\/","url_meta":{"origin":11029,"position":3},"title":"Sevents, 17.06.2011, Kiel, Kieler Woche Musikzelt","author":"Anja","date":"17. Juni 2011","format":false,"excerpt":"Weiter geht\u2019s zum Kieler Woche Musikzelt. Eigentlich stehen dort als n\u00e4chster Act \u2192\u00a0 \u201eLake\u201c auf dem Programm, aber als ich dort ankomme, ert\u00f6nen gerade noch die letzten Kl\u00e4nge von Ike & Tina Turner\u2019s \u201eNutbush City Limits\u201c \u2013 klingt irgendwie nicht nach Lake. Da das Zelt so leer ist, dass dort\u2026","rel":"","context":"In &quot;Acts&quot;","block_context":{"text":"Acts","link":"http:\/\/www.rockpixx.com\/wordpress\/category\/acts\/"},"img":{"alt_text":"Sevents, 17.06.2011, Kiel, Kieler Woche Musikzelt","src":"https:\/\/i0.wp.com\/www.rockpixx.com\/wordpress\/wp-content\/uploads\/2013\/01\/20110617-03-sevents-Artikel.jpg?resize=350%2C200","width":350,"height":200,"srcset":"https:\/\/i0.wp.com\/www.rockpixx.com\/wordpress\/wp-content\/uploads\/2013\/01\/20110617-03-sevents-Artikel.jpg?resize=350%2C200 1x, https:\/\/i0.wp.com\/www.rockpixx.com\/wordpress\/wp-content\/uploads\/2013\/01\/20110617-03-sevents-Artikel.jpg?resize=525%2C300 1.5x, https:\/\/i0.wp.com\/www.rockpixx.com\/wordpress\/wp-content\/uploads\/2013\/01\/20110617-03-sevents-Artikel.jpg?resize=700%2C400 2x"},"classes":[]},{"id":11216,"url":"http:\/\/www.rockpixx.com\/wordpress\/illegal-2001-26-06-2013-kiel-kieler-woche-musikzelt\/","url_meta":{"origin":11029,"position":4},"title":"Illegal 2001, 26.06.2013, Kiel, Kieler Woche Musikzelt","author":"Anja","date":"27. Juni 2013","format":false,"excerpt":"\u00a1Caramba! Da entern waschechte Desperados die B\u00fchne und damit man als geneigter Zuschauer auch wei\u00df, wer welches Instrument spielt, werden beim Einmarsch sicherheitshalber gro\u00dfe Tafeln hochgehalten, die mit \u201eguitarra\u201c, \u201epiano\u201c, \u201ecanto\u201c und \u00c4hnlichem beschriftet sind. Aber eigentlich ist es egal, wer welches Instrument spielt, Hauptsache, es hei\u00dft\u00a0 nun \u201e\u00a1Buenas Noches!\u2026","rel":"","context":"In &quot;Acts&quot;","block_context":{"text":"Acts","link":"http:\/\/www.rockpixx.com\/wordpress\/category\/acts\/"},"img":{"alt_text":"","src":"https:\/\/i0.wp.com\/www.rockpixx.com\/wordpress\/wp-content\/uploads\/2013\/06\/20130626-04-011_illegal-2001-Artikel.jpg?resize=350%2C200","width":350,"height":200,"srcset":"https:\/\/i0.wp.com\/www.rockpixx.com\/wordpress\/wp-content\/uploads\/2013\/06\/20130626-04-011_illegal-2001-Artikel.jpg?resize=350%2C200 1x, https:\/\/i0.wp.com\/www.rockpixx.com\/wordpress\/wp-content\/uploads\/2013\/06\/20130626-04-011_illegal-2001-Artikel.jpg?resize=525%2C300 1.5x, https:\/\/i0.wp.com\/www.rockpixx.com\/wordpress\/wp-content\/uploads\/2013\/06\/20130626-04-011_illegal-2001-Artikel.jpg?resize=700%2C400 2x"},"classes":[]},{"id":11032,"url":"http:\/\/www.rockpixx.com\/wordpress\/markus-21-06-2013-kiel-kieler-woche-musikzelt\/","url_meta":{"origin":11029,"position":5},"title":"Markus, 21.06.2013, Kiel, Kieler Woche Musikzelt","author":"Anja","date":"22. Juni 2013","format":false,"excerpt":"Und dann geht\u2019s los: Nach einer kurzen Pause (mit DJ) erklingt eine \u201eOuvert\u00fcre\u201c, die sofort erkennen l\u00e4sst, dass wohl nun der Vertreter der Spa\u00dffraktion, Markus, gleich auf die B\u00fchne kommen wird. Und richtig: Jugendlich wie immer st\u00fcrmt er auf die B\u00fchne, die Menge davor jubelt und gemeinsam stimmen alle ein:\u2026","rel":"","context":"In &quot;Acts&quot;","block_context":{"text":"Acts","link":"http:\/\/www.rockpixx.com\/wordpress\/category\/acts\/"},"img":{"alt_text":"Markus, 21.06.2013, Kiel, Musikzelt","src":"https:\/\/i0.wp.com\/www.rockpixx.com\/wordpress\/wp-content\/uploads\/2013\/06\/20130621-05-047_markus-Artikel.jpg?resize=350%2C200","width":350,"height":200,"srcset":"https:\/\/i0.wp.com\/www.rockpixx.com\/wordpress\/wp-content\/uploads\/2013\/06\/20130621-05-047_markus-Artikel.jpg?resize=350%2C200 1x, https:\/\/i0.wp.com\/www.rockpixx.com\/wordpress\/wp-content\/uploads\/2013\/06\/20130621-05-047_markus-Artikel.jpg?resize=525%2C300 1.5x, https:\/\/i0.wp.com\/www.rockpixx.com\/wordpress\/wp-content\/uploads\/2013\/06\/20130621-05-047_markus-Artikel.jpg?resize=700%2C400 2x"},"classes":[]}],"jetpack_sharing_enabled":true,"publishpress_future_action":{"enabled":false,"date":"2026-05-07 07:47:29","action":"change-status","newStatus":"draft","terms":[],"taxonomy":"category","extraData":[]},"publishpress_future_workflow_manual_trigger":{"enabledWorkflows":[]},"_links":{"self":[{"href":"http:\/\/www.rockpixx.com\/wordpress\/wp-json\/wp\/v2\/posts\/11029","targetHints":{"allow":["GET"]}}],"collection":[{"href":"http:\/\/www.rockpixx.com\/wordpress\/wp-json\/wp\/v2\/posts"}],"about":[{"href":"http:\/\/www.rockpixx.com\/wordpress\/wp-json\/wp\/v2\/types\/post"}],"author":[{"embeddable":true,"href":"http:\/\/www.rockpixx.com\/wordpress\/wp-json\/wp\/v2\/users\/2"}],"replies":[{"embeddable":true,"href":"http:\/\/www.rockpixx.com\/wordpress\/wp-json\/wp\/v2\/comments?post=11029"}],"version-history":[{"count":0,"href":"http:\/\/www.rockpixx.com\/wordpress\/wp-json\/wp\/v2\/posts\/11029\/revisions"}],"wp:featuredmedia":[{"embeddable":true,"href":"http:\/\/www.rockpixx.com\/wordpress\/wp-json\/wp\/v2\/media\/11028"}],"wp:attachment":[{"href":"http:\/\/www.rockpixx.com\/wordpress\/wp-json\/wp\/v2\/media?parent=11029"}],"wp:term":[{"taxonomy":"category","embeddable":true,"href":"http:\/\/www.rockpixx.com\/wordpress\/wp-json\/wp\/v2\/categories?post=11029"},{"taxonomy":"post_tag","embeddable":true,"href":"http:\/\/www.rockpixx.com\/wordpress\/wp-json\/wp\/v2\/tags?post=11029"}],"curies":[{"name":"wp","href":"https:\/\/api.w.org\/{rel}","templated":true}]}}