{"id":11116,"date":"2013-06-24T12:30:58","date_gmt":"2013-06-24T11:30:58","guid":{"rendered":"http:\/\/rockpixx.com\/wordpress\/?p=11116"},"modified":"2013-06-24T12:30:58","modified_gmt":"2013-06-24T11:30:58","slug":"drive-23-06-2013-kiel-maxbuhne","status":"publish","type":"post","link":"http:\/\/www.rockpixx.com\/wordpress\/drive-23-06-2013-kiel-maxbuhne\/","title":{"rendered":"Drive!, 23.06.2013, Kiel, MAXB\u00fchne"},"content":{"rendered":"<p>\u201eDrive!\u201c kennen wir ja mittlerweile ganz gut und fotografieren sie auch gerne, weil die Show einfach stimmig ist und Spa\u00df macht \u2013 sowohl musikalisch als auch optisch.<!--more--><\/p>\n<p>Dieses Mal trafen wir zus\u00e4tzlich noch ein paar andere \u2013 ebenfalls altbekannte \u2013 Musiker wieder: Theo der Keyboarder, der auch schon bei \u2192<a title=\"Glamnasty International\" href=\"http:\/\/rockpixx.com\/wordpress\/category\/acts\/andere-bands\/andere-g\/glamnasty-international\/\">\u201eGlamnasty International\u201c<\/a> mitspielte (als es diese Band noch gab) und der ansonsten bei <a title=\"Coverline\" href=\"http:\/\/rockpixx.com\/wordpress\/category\/acts\/andere-bands\/andere-c\/coverline\/\">\u201eCoverLine\u201c<\/a> anzutreffen ist. Apropos \u201eCoverLine\u201c: Andr\u00e9 als Gasts\u00e4nger bei \u201eTage wie diese\u201c von den \u201eToten Hosen\u201c rockte genauso den Platz wie Lisa von den\u00a0\u2192<a title=\"Bad Bobs\" href=\"http:\/\/rockpixx.com\/wordpress\/category\/acts\/andere-bands\/andere-b\/bad-bobs\/\">\u201eBad Bobs\u201c<\/a>, die gemeinsam mit Birgit eine Rocknummer der Extraklasse hinlegte.<\/p>\n<p>Fazit: Kein Regen, gute Show \u2013 was will man mehr?<\/p>\n<p style=\"text-align: right;\">Fotos: <a href=\"mailto:info@rockpixx.com\">Alex<\/a>\u00a0| Text:\u00a0<a href=\"mailto:info@rockpixx.com\">Alex<\/a><\/p>\n<p style=\"text-align: left;\">\n<p style=\"text-align: left;\">[slideshow id=304]<\/p>\n","protected":false},"excerpt":{"rendered":"<p>\u201eDrive!\u201c kennen wir ja mittlerweile ganz gut und fotografieren sie auch gerne, weil die Show <a href=\"http:\/\/www.rockpixx.com\/wordpress\/drive-23-06-2013-kiel-maxbuhne\/\">Read more<\/a><\/p>\n","protected":false},"author":2,"featured_media":11118,"comment_status":"open","ping_status":"open","sticky":false,"template":"","format":"standard","meta":{"_jetpack_memberships_contains_paid_content":false,"footnotes":"","jetpack_publicize_message":"#Drive!, 23.06.2013, #Kiel, #MAXB\u00fchne, #KielerWoche","jetpack_publicize_feature_enabled":true,"jetpack_social_post_already_shared":true,"jetpack_social_options":{"image_generator_settings":{"template":"highway","default_image_id":0,"font":"","enabled":false},"version":2}},"categories":[34,429],"tags":[2065,1812,133,1735,138,1743],"class_list":["post-11116","post","type-post","status-publish","format-standard","has-post-thumbnail","hentry","category-acts","category-drive","tag-2065","tag-drive","tag-festivals","tag-kiel","tag-kieler-woche","tag-maxbuhne"],"aioseo_notices":[],"jetpack_publicize_connections":[],"jetpack_featured_media_url":"http:\/\/www.rockpixx.com\/wordpress\/wp-content\/uploads\/2013\/06\/20130623-05-059_drive-Artikel.jpg","jetpack-related-posts":[{"id":6972,"url":"http:\/\/www.rockpixx.com\/wordpress\/coverline-25-06-2010-kiel-maxbuhne\/","url_meta":{"origin":11116,"position":0},"title":"CoverLine, 25.06.2010, Kiel, MAXB\u00fchne","author":"Anja","date":"25. Juni 2010","format":false,"excerpt":"Was w\u00e4re die Kieler Woche ohne ein Konzert von CoverLine. Wir freuten uns schon auf das Konzert, da wie die Musiker auch pers\u00f6nlich kennen. So war es kein Problem, dass wir auch auf der B\u00fchne fotografieren durften. Leider hatten wir dieses Mal viel Ausschuss bei unseren Bildern, denn in einigen\u2026","rel":"","context":"In &quot;Acts&quot;","block_context":{"text":"Acts","link":"http:\/\/www.rockpixx.com\/wordpress\/category\/acts\/"},"img":{"alt_text":"CoverLine, 25.06.2010, Kiel, MAXB\u00fchne","src":"https:\/\/i0.wp.com\/www.rockpixx.com\/wordpress\/wp-content\/uploads\/2013\/01\/20100625-05-coverline-Artikel.jpg?resize=350%2C200","width":350,"height":200,"srcset":"https:\/\/i0.wp.com\/www.rockpixx.com\/wordpress\/wp-content\/uploads\/2013\/01\/20100625-05-coverline-Artikel.jpg?resize=350%2C200 1x, https:\/\/i0.wp.com\/www.rockpixx.com\/wordpress\/wp-content\/uploads\/2013\/01\/20100625-05-coverline-Artikel.jpg?resize=525%2C300 1.5x, https:\/\/i0.wp.com\/www.rockpixx.com\/wordpress\/wp-content\/uploads\/2013\/01\/20100625-05-coverline-Artikel.jpg?resize=700%2C400 2x"},"classes":[]},{"id":2580,"url":"http:\/\/www.rockpixx.com\/wordpress\/coverline-27-06-2008-kiel-maxbuhne\/","url_meta":{"origin":11116,"position":1},"title":"CoverLine, 27.06.2008, Kiel, MAXB\u00fchne","author":"Anja","date":"27. Juni 2008","format":false,"excerpt":"Im Prinzp fast die gleiche Besetzung wie bei \u2192\u00a0\u201eGlamnasty International\u201c \u2013 lediglich erg\u00e4nzt um eine S\u00e4ngerin, daf\u00fcr aber ohne den zweiten Gitarristen und nat\u00fcrlich wesentlich \u201eseri\u00f6ser\u201c als die Glamrocker ein paar Tage zuvor. Das Repertoire ist bunt gemischt, auch viele alte sch\u00f6ne rockige Nummern aus den Jugendtagen des Fotografen bringen\u2026","rel":"","context":"In &quot;Acts&quot;","block_context":{"text":"Acts","link":"http:\/\/www.rockpixx.com\/wordpress\/category\/acts\/"},"img":{"alt_text":"CoverLine, 27.06.2008, Kiel, MAXB\u00fchne","src":"https:\/\/i0.wp.com\/www.rockpixx.com\/wordpress\/wp-content\/uploads\/2008\/06\/20080627-02-coverline-Artikel.jpg?resize=350%2C200","width":350,"height":200,"srcset":"https:\/\/i0.wp.com\/www.rockpixx.com\/wordpress\/wp-content\/uploads\/2008\/06\/20080627-02-coverline-Artikel.jpg?resize=350%2C200 1x, https:\/\/i0.wp.com\/www.rockpixx.com\/wordpress\/wp-content\/uploads\/2008\/06\/20080627-02-coverline-Artikel.jpg?resize=525%2C300 1.5x, https:\/\/i0.wp.com\/www.rockpixx.com\/wordpress\/wp-content\/uploads\/2008\/06\/20080627-02-coverline-Artikel.jpg?resize=700%2C400 2x"},"classes":[]},{"id":14380,"url":"http:\/\/www.rockpixx.com\/wordpress\/coverline-20-06-2014-kiel-maxbuehne\/","url_meta":{"origin":11116,"position":2},"title":"CoverLine, 20.06.2014, Kiel, MAXB\u00fchne","author":"admin","date":"21. Juni 2014","format":false,"excerpt":"\u201eCoverLine\u201c bestreitet den Abend auf der MAXB\u00fchne und schon wie in den Jahren zuvor \u00fcberlegten wir, wer den neu in der Band dabei ist. Wir wurden nicht entt\u00e4uscht und waren gleichzeitig erstaunt einen \"alten\" Bekannten hier wieder zu treffen. An der Gitarre steht dieses Jahr \u2192 Michael Kelmer den wir\u2026","rel":"","context":"In &quot;Acts&quot;","block_context":{"text":"Acts","link":"http:\/\/www.rockpixx.com\/wordpress\/category\/acts\/"},"img":{"alt_text":"CoverLine, 20.06.2014, Kiel, MAXB\u00fchne","src":"https:\/\/i0.wp.com\/www.rockpixx.com\/wordpress\/wp-content\/uploads\/2014\/06\/20140620-05-050_coverline_Artikel2.jpg?resize=350%2C200","width":350,"height":200,"srcset":"https:\/\/i0.wp.com\/www.rockpixx.com\/wordpress\/wp-content\/uploads\/2014\/06\/20140620-05-050_coverline_Artikel2.jpg?resize=350%2C200 1x, https:\/\/i0.wp.com\/www.rockpixx.com\/wordpress\/wp-content\/uploads\/2014\/06\/20140620-05-050_coverline_Artikel2.jpg?resize=525%2C300 1.5x, https:\/\/i0.wp.com\/www.rockpixx.com\/wordpress\/wp-content\/uploads\/2014\/06\/20140620-05-050_coverline_Artikel2.jpg?resize=700%2C400 2x"},"classes":[]},{"id":11272,"url":"http:\/\/www.rockpixx.com\/wordpress\/coverline-28-06-2013-kiel-maxbuhne\/","url_meta":{"origin":11116,"position":3},"title":"CoverLine, 28.06.2013, Kiel, MAXB\u00fchne","author":"Anja","date":"29. Juni 2013","format":false,"excerpt":"Zum Abschluss des Abends dann noch \u201eCoverLine\u201c an der MAXB\u00fchne. Dieses Jahr feiert die Band ihr zehnj\u00e4hriges Bestehen und l\u00e4sst es daf\u00fcr auf der B\u00fchne ordentlich krachen: Jede Menge Gastmusiker geben sich die Ehre und gratulieren Andr\u00e9 und seinen Mitstreitern auf ihre pers\u00f6nliche Weise. Auch MayaMo\u00a0ist dabei und singt zwei\u2026","rel":"","context":"In &quot;Acts&quot;","block_context":{"text":"Acts","link":"http:\/\/www.rockpixx.com\/wordpress\/category\/acts\/"},"img":{"alt_text":"","src":"https:\/\/i0.wp.com\/www.rockpixx.com\/wordpress\/wp-content\/uploads\/2013\/06\/20130628-05-064_coverline-Artikel.jpg?resize=350%2C200","width":350,"height":200,"srcset":"https:\/\/i0.wp.com\/www.rockpixx.com\/wordpress\/wp-content\/uploads\/2013\/06\/20130628-05-064_coverline-Artikel.jpg?resize=350%2C200 1x, https:\/\/i0.wp.com\/www.rockpixx.com\/wordpress\/wp-content\/uploads\/2013\/06\/20130628-05-064_coverline-Artikel.jpg?resize=525%2C300 1.5x, https:\/\/i0.wp.com\/www.rockpixx.com\/wordpress\/wp-content\/uploads\/2013\/06\/20130628-05-064_coverline-Artikel.jpg?resize=700%2C400 2x"},"classes":[]},{"id":8048,"url":"http:\/\/www.rockpixx.com\/wordpress\/coverline-24-06-2011-kiel-maxbuhne\/","url_meta":{"origin":11116,"position":4},"title":"CoverLine, 24.06.2011, Kiel, MAXB\u00fchne","author":"Anja","date":"24. Juni 2011","format":false,"excerpt":"\u201eCoverLine\u201c \u2013 die Partytourband \u2013 wie sie sich selbst nennen. Der Musikerstamm um S\u00e4nger Andr\u00e9 Liebmann ist \u2192\u00a0\u00a0im Wesentlichen gleich geblieben, lediglich Gitarrist und S\u00e4ngerin kannten wir noch nicht. Wie hie\u00df es backstage noch kurz vor dem Auftritt so sch\u00f6n? \u201eEs gibt Bands, da geht man hin und sagt \u00bbKennst\u2026","rel":"","context":"In &quot;Acts&quot;","block_context":{"text":"Acts","link":"http:\/\/www.rockpixx.com\/wordpress\/category\/acts\/"},"img":{"alt_text":"CoverLine, 24.06.2011, Kiel, MAXB\u00fchne","src":"https:\/\/i0.wp.com\/www.rockpixx.com\/wordpress\/wp-content\/uploads\/2013\/02\/20110624-05-coverline-Artikel.jpg?resize=350%2C200","width":350,"height":200,"srcset":"https:\/\/i0.wp.com\/www.rockpixx.com\/wordpress\/wp-content\/uploads\/2013\/02\/20110624-05-coverline-Artikel.jpg?resize=350%2C200 1x, https:\/\/i0.wp.com\/www.rockpixx.com\/wordpress\/wp-content\/uploads\/2013\/02\/20110624-05-coverline-Artikel.jpg?resize=525%2C300 1.5x, https:\/\/i0.wp.com\/www.rockpixx.com\/wordpress\/wp-content\/uploads\/2013\/02\/20110624-05-coverline-Artikel.jpg?resize=700%2C400 2x"},"classes":[]},{"id":5467,"url":"http:\/\/www.rockpixx.com\/wordpress\/coverline-25-06-2009-kiel-maxbuhne\/","url_meta":{"origin":11116,"position":5},"title":"CoverLine, 25.06.2009, Kiel, MAXB\u00fchne","author":"Anja","date":"25. Juni 2009","format":false,"excerpt":"\u2192\u00a0\u201eCoverLine\u201c zum Dritten \u2013 f\u00fcr diese Kieler Woche. Irgendwie und irgendwo treffe ich diese Truppe immer wieder und jedes Mal komme ich nicht umhin, Bilder von Ihnen zu machen. Na ja, sie sind ja auch auf der B\u00fchne ein Erlebnis. Dieses Mal hatten sie \u00fcbrigens eine Ersatzs\u00e4ngerin dabei, die aber\u2026","rel":"","context":"In &quot;Acts&quot;","block_context":{"text":"Acts","link":"http:\/\/www.rockpixx.com\/wordpress\/category\/acts\/"},"img":{"alt_text":"CoverLine, 25.06.2009, Kiel, MAXB\u00fchne","src":"https:\/\/i0.wp.com\/www.rockpixx.com\/wordpress\/wp-content\/uploads\/2013\/01\/20090625-03-coverline-Artikel.jpg?resize=350%2C200","width":350,"height":200,"srcset":"https:\/\/i0.wp.com\/www.rockpixx.com\/wordpress\/wp-content\/uploads\/2013\/01\/20090625-03-coverline-Artikel.jpg?resize=350%2C200 1x, https:\/\/i0.wp.com\/www.rockpixx.com\/wordpress\/wp-content\/uploads\/2013\/01\/20090625-03-coverline-Artikel.jpg?resize=525%2C300 1.5x, https:\/\/i0.wp.com\/www.rockpixx.com\/wordpress\/wp-content\/uploads\/2013\/01\/20090625-03-coverline-Artikel.jpg?resize=700%2C400 2x"},"classes":[]}],"jetpack_sharing_enabled":true,"publishpress_future_action":{"enabled":false,"date":"2026-05-07 07:45:53","action":"change-status","newStatus":"draft","terms":[],"taxonomy":"category","extraData":[]},"publishpress_future_workflow_manual_trigger":{"enabledWorkflows":[]},"_links":{"self":[{"href":"http:\/\/www.rockpixx.com\/wordpress\/wp-json\/wp\/v2\/posts\/11116","targetHints":{"allow":["GET"]}}],"collection":[{"href":"http:\/\/www.rockpixx.com\/wordpress\/wp-json\/wp\/v2\/posts"}],"about":[{"href":"http:\/\/www.rockpixx.com\/wordpress\/wp-json\/wp\/v2\/types\/post"}],"author":[{"embeddable":true,"href":"http:\/\/www.rockpixx.com\/wordpress\/wp-json\/wp\/v2\/users\/2"}],"replies":[{"embeddable":true,"href":"http:\/\/www.rockpixx.com\/wordpress\/wp-json\/wp\/v2\/comments?post=11116"}],"version-history":[{"count":0,"href":"http:\/\/www.rockpixx.com\/wordpress\/wp-json\/wp\/v2\/posts\/11116\/revisions"}],"wp:featuredmedia":[{"embeddable":true,"href":"http:\/\/www.rockpixx.com\/wordpress\/wp-json\/wp\/v2\/media\/11118"}],"wp:attachment":[{"href":"http:\/\/www.rockpixx.com\/wordpress\/wp-json\/wp\/v2\/media?parent=11116"}],"wp:term":[{"taxonomy":"category","embeddable":true,"href":"http:\/\/www.rockpixx.com\/wordpress\/wp-json\/wp\/v2\/categories?post=11116"},{"taxonomy":"post_tag","embeddable":true,"href":"http:\/\/www.rockpixx.com\/wordpress\/wp-json\/wp\/v2\/tags?post=11116"}],"curies":[{"name":"wp","href":"https:\/\/api.w.org\/{rel}","templated":true}]}}