{"id":11128,"date":"2013-06-25T11:53:36","date_gmt":"2013-06-25T10:53:36","guid":{"rendered":"http:\/\/rockpixx.com\/wordpress\/?p=11128"},"modified":"2013-06-25T11:53:36","modified_gmt":"2013-06-25T10:53:36","slug":"eddy-monrow-24-06-2013-kiel-maxbuhne","status":"publish","type":"post","link":"http:\/\/www.rockpixx.com\/wordpress\/eddy-monrow-24-06-2013-kiel-maxbuhne\/","title":{"rendered":"Eddy Monrow, 24.06.2013, Kiel, MAXB\u00fchne"},"content":{"rendered":"<p>Der Teil des Arbeitstages, welcher au\u00dfer Haus stattfindet, beginnt an der MAXB\u00fchne mit Eddy Monrow.<!--more--><\/p>\n<p>\u201eFlower Punk\u201c \u2013 so steht es im Programm und auf der Webseite des K\u00fcnstlers \u2013 so eine richtige Vorstellung davon, was das denn sein k\u00f6nnte, habe ich vorher eigentlich nicht. Also h\u00f6ren und sehen wir uns das doch einmal an: Unterst\u00fctzt wird Eddy Monrow von drei Mitstreitern (b, g, dr) sowie einem dreistimmigen Backgroundchor weiblicher Pr\u00e4gung. Die Texte sind deutsch, die Musik eben \u201eFlower Punk\u201c und der Protagonist barfu\u00df.<\/p>\n<p>Tja\u2026 und jetzt wei\u00df ich immer noch nicht so recht, was denn nun \u201eFlower Punk\u201c ist \u2013 deutscher Rock mit weiblichen Backgrounds\u00e4ngerinnen und ohne Schuhe?<\/p>\n<p style=\"text-align: right;\">Fotos: <a href=\"mailto:info@rockpixx.com\">Alex<\/a>, \u00a0<a href=\"mailto:a.roselt@rockpixx.com\">Anja<\/a>\u00a0| Text: <a href=\"mailto:info@rockpixx.com\">Alex<\/a><\/p>\n<p style=\"text-align: left;\">\n<p style=\"text-align: left;\">[slideshow id=305]<\/p>\n","protected":false},"excerpt":{"rendered":"<p>Der Teil des Arbeitstages, welcher au\u00dfer Haus stattfindet, beginnt an der MAXB\u00fchne mit Eddy Monrow.<\/p>\n","protected":false},"author":2,"featured_media":11129,"comment_status":"open","ping_status":"open","sticky":false,"template":"","format":"standard","meta":{"_jetpack_memberships_contains_paid_content":false,"footnotes":"","jetpack_publicize_message":"#EddyMonrow, 24.06.2013, #Kiel, #MAXB\u00fchne, #KielerWoche","jetpack_publicize_feature_enabled":true,"jetpack_social_post_already_shared":true,"jetpack_social_options":{"image_generator_settings":{"template":"highway","default_image_id":0,"font":"","enabled":false},"version":2}},"categories":[34,1590],"tags":[2065,2183,133,1735,138,1743],"class_list":["post-11128","post","type-post","status-publish","format-standard","has-post-thumbnail","hentry","category-acts","category-eddy-monrow","tag-2065","tag-eddy-monrow","tag-festivals","tag-kiel","tag-kieler-woche","tag-maxbuhne"],"aioseo_notices":[],"jetpack_publicize_connections":[],"jetpack_featured_media_url":"http:\/\/www.rockpixx.com\/wordpress\/wp-content\/uploads\/2013\/06\/20130624-01-029_eddy-monrow-Artikel.jpg","jetpack-related-posts":[{"id":14524,"url":"http:\/\/www.rockpixx.com\/wordpress\/eddy-monrow-22-06-2014-kiel-maxbuehne\/","url_meta":{"origin":11128,"position":0},"title":"Eddy Monrow, 22.06.2014, Kiel, MAXB\u00fchne","author":"Anja","date":"23. Juni 2014","format":false,"excerpt":"Jetzt wei\u00df ich endlich, warum die Raiffeisenstra\u00dfe in Kiel f\u00fcr den Durchgangsverkehr gesperrt worden ist: Eddy Monrow und seine Begleitband spielen auf der anliegenden MAXB\u00fchne und jeder Musiker hat gef\u00fchlt mindestens seinen eigenen Wagen plus mehrere Begleitfahrzeuge dabei, die den gesamten Backstage-Bereich plus eine Fahrbahn zuparken. Ich bin noch auf\u2026","rel":"","context":"In &quot;Acts&quot;","block_context":{"text":"Acts","link":"http:\/\/www.rockpixx.com\/wordpress\/category\/acts\/"},"img":{"alt_text":"Eddy Monrow, 22.06.2014, Kiel, MAXB\u00fchneEddy Monrow, 22.06.2014, Kiel, MAXB\u00fchne","src":"https:\/\/i0.wp.com\/www.rockpixx.com\/wordpress\/wp-content\/uploads\/2014\/06\/20140622-01-001_eddy-monrow_Artikel.jpg?resize=350%2C200","width":350,"height":200,"srcset":"https:\/\/i0.wp.com\/www.rockpixx.com\/wordpress\/wp-content\/uploads\/2014\/06\/20140622-01-001_eddy-monrow_Artikel.jpg?resize=350%2C200 1x, https:\/\/i0.wp.com\/www.rockpixx.com\/wordpress\/wp-content\/uploads\/2014\/06\/20140622-01-001_eddy-monrow_Artikel.jpg?resize=525%2C300 1.5x, https:\/\/i0.wp.com\/www.rockpixx.com\/wordpress\/wp-content\/uploads\/2014\/06\/20140622-01-001_eddy-monrow_Artikel.jpg?resize=700%2C400 2x"},"classes":[]},{"id":11132,"url":"http:\/\/www.rockpixx.com\/wordpress\/merqury-24-06-2013-kiel-maxbuhne\/","url_meta":{"origin":11128,"position":1},"title":"MerQury, 24.06.2013, Kiel, MAXB\u00fchne","author":"Anja","date":"25. Juni 2013","format":false,"excerpt":"Es muss Hochsommer sein. Schon wieder ein Musiker barfu\u00df! Nach \u2192 Eddy Monrow vorhin jetzt auch noch Norbert von \u201eMerQury\u201c! Er ist allerdings entschuldigt: Nicht etwa, weil er keinen \u201eFlower Punk\u201c spielt, sondern, weil er eine ganz fiese Schnittwunde an dem einen Fu\u00df hat und von daher einfach keine Schuhe\u2026","rel":"","context":"In &quot;Acts&quot;","block_context":{"text":"Acts","link":"http:\/\/www.rockpixx.com\/wordpress\/category\/acts\/"},"img":{"alt_text":"","src":"https:\/\/i0.wp.com\/www.rockpixx.com\/wordpress\/wp-content\/uploads\/2013\/06\/20130624-02-101_merqury-Artikel.jpg?resize=350%2C200","width":350,"height":200,"srcset":"https:\/\/i0.wp.com\/www.rockpixx.com\/wordpress\/wp-content\/uploads\/2013\/06\/20130624-02-101_merqury-Artikel.jpg?resize=350%2C200 1x, https:\/\/i0.wp.com\/www.rockpixx.com\/wordpress\/wp-content\/uploads\/2013\/06\/20130624-02-101_merqury-Artikel.jpg?resize=525%2C300 1.5x, https:\/\/i0.wp.com\/www.rockpixx.com\/wordpress\/wp-content\/uploads\/2013\/06\/20130624-02-101_merqury-Artikel.jpg?resize=700%2C400 2x"},"classes":[]},{"id":11149,"url":"http:\/\/www.rockpixx.com\/wordpress\/kieler-woche-tagebuch-2013-tag-4\/","url_meta":{"origin":11128,"position":2},"title":"Kieler Woche Tagebuch 2013 | Tag 4","author":"admin","date":"25. Juni 2013","format":false,"excerpt":"Montag, 24.06.2013 Heute mal ein kurzer Tagebuch-Eintrag mit nur einem Bild. Drei Acts stehen an, \u2192 Eddy Monrow und \u2192 \u201eMerQury\u201c an der MAXB\u00fchne sowie \u2192 \u201eAlive & Kicking\u201c auf der NDR-B\u00fchne. Tags zuvor hatte mich noch Drummer Henrik angesprochen und wir hatten verabredet, dass wir es versuchen wollen, w\u00e4hrend\u2026","rel":"","context":"In &quot;2013&quot;","block_context":{"text":"2013","link":"http:\/\/www.rockpixx.com\/wordpress\/category\/backstage\/2013\/"},"img":{"alt_text":"Kieler Woche 2013 | Impressionen","src":"https:\/\/i0.wp.com\/www.rockpixx.com\/wordpress\/wp-content\/uploads\/2013\/06\/20130624-02-KiWo-2013.jpg?resize=350%2C200","width":350,"height":200,"srcset":"https:\/\/i0.wp.com\/www.rockpixx.com\/wordpress\/wp-content\/uploads\/2013\/06\/20130624-02-KiWo-2013.jpg?resize=350%2C200 1x, https:\/\/i0.wp.com\/www.rockpixx.com\/wordpress\/wp-content\/uploads\/2013\/06\/20130624-02-KiWo-2013.jpg?resize=525%2C300 1.5x, https:\/\/i0.wp.com\/www.rockpixx.com\/wordpress\/wp-content\/uploads\/2013\/06\/20130624-02-KiWo-2013.jpg?resize=700%2C400 2x"},"classes":[]},{"id":11157,"url":"http:\/\/www.rockpixx.com\/wordpress\/true-collins-25-06-2013-kiel-maxbuhne\/","url_meta":{"origin":11128,"position":3},"title":"True Collins, 25.06.2013, Kiel, MAXB\u00fchne","author":"Anja","date":"26. Juni 2013","format":false,"excerpt":"Seit 2009 geh\u00f6ren \u201eTrue Collins\u201c zum festen Bestandteil des Programmes auf der MAXB\u00fchne. So habe ich diese Band also auch 2013 wieder vor den Kameras und \u2013 das sei vorab schon einmal angemerkt \u2013 sie werden immer besser. Mit ihrem neuen Keyboarder sind sie zum ersten Mal in Kiel zu\u2026","rel":"","context":"In &quot;Acts&quot;","block_context":{"text":"Acts","link":"http:\/\/www.rockpixx.com\/wordpress\/category\/acts\/"},"img":{"alt_text":"","src":"https:\/\/i0.wp.com\/www.rockpixx.com\/wordpress\/wp-content\/uploads\/2013\/06\/20130625-03-013_true-collins-Artikel.jpg?resize=350%2C200","width":350,"height":200,"srcset":"https:\/\/i0.wp.com\/www.rockpixx.com\/wordpress\/wp-content\/uploads\/2013\/06\/20130625-03-013_true-collins-Artikel.jpg?resize=350%2C200 1x, https:\/\/i0.wp.com\/www.rockpixx.com\/wordpress\/wp-content\/uploads\/2013\/06\/20130625-03-013_true-collins-Artikel.jpg?resize=525%2C300 1.5x, https:\/\/i0.wp.com\/www.rockpixx.com\/wordpress\/wp-content\/uploads\/2013\/06\/20130625-03-013_true-collins-Artikel.jpg?resize=700%2C400 2x"},"classes":[]},{"id":7712,"url":"http:\/\/www.rockpixx.com\/wordpress\/b-p-m-18-06-2011-kiel-maxbuhne\/","url_meta":{"origin":11128,"position":4},"title":"B.P.M, 18.06.2011, Kiel, MAXB\u00fchne","author":"Anja","date":"18. Juni 2011","format":false,"excerpt":"Da sitze ich also nichtsahnend im Backstage-Bereich der MAXB\u00fchne, um mich von den Strapazen des zeitintensiven und nervenzerfetzenden Rangierens auf dem Parkplatz hinter der B\u00fchne zu regenerieren (Es gibt Musiker, die k\u00f6nnen nicht Auto fahren und schon gar nicht vern\u00fcnftig Parken.) bevor ich zur Er\u00f6ffnung der \u201eKieler Woche\u201c endlich einmal\u2026","rel":"","context":"In &quot;Acts&quot;","block_context":{"text":"Acts","link":"http:\/\/www.rockpixx.com\/wordpress\/category\/acts\/"},"img":{"alt_text":"B.P.M, 18.06.2011, Kiel, MAXB\u00fchne","src":"https:\/\/i0.wp.com\/www.rockpixx.com\/wordpress\/wp-content\/uploads\/2013\/01\/20110618-01-bpm-Artikel.jpg?resize=350%2C200","width":350,"height":200,"srcset":"https:\/\/i0.wp.com\/www.rockpixx.com\/wordpress\/wp-content\/uploads\/2013\/01\/20110618-01-bpm-Artikel.jpg?resize=350%2C200 1x, https:\/\/i0.wp.com\/www.rockpixx.com\/wordpress\/wp-content\/uploads\/2013\/01\/20110618-01-bpm-Artikel.jpg?resize=525%2C300 1.5x, https:\/\/i0.wp.com\/www.rockpixx.com\/wordpress\/wp-content\/uploads\/2013\/01\/20110618-01-bpm-Artikel.jpg?resize=700%2C400 2x"},"classes":[]},{"id":7932,"url":"http:\/\/www.rockpixx.com\/wordpress\/merqury-22-06-2011-kiel-maxbuhne\/","url_meta":{"origin":11128,"position":5},"title":"MerQury, 22.06.2011, Kiel, MAXB\u00fchne","author":"Anja","date":"22. Juni 2011","format":false,"excerpt":"Und nun zum Abschluss des Wolkenbruchabends steht der Fotograf ganz alleine auf der MAXB\u00fchne \u2013 die Fotografin ist kurz vorher klatschnass ohne Bilder von \u201eJuli\u201c und \u201eSlade\u201c nach Hause gefahren. Nun ja, so ganz allein stehe ich im Wolkenbruch zum Gl\u00fcck dann doch nicht da, schlie\u00dflich sind die f\u00fcnf Musiker\u2026","rel":"","context":"In &quot;Acts&quot;","block_context":{"text":"Acts","link":"http:\/\/www.rockpixx.com\/wordpress\/category\/acts\/"},"img":{"alt_text":"MerQury, 22.06.2011, Kiel, MAXB\u00fchne","src":"https:\/\/i0.wp.com\/www.rockpixx.com\/wordpress\/wp-content\/uploads\/2013\/02\/20110622-04-merqury-Artikel.jpg?resize=350%2C200","width":350,"height":200,"srcset":"https:\/\/i0.wp.com\/www.rockpixx.com\/wordpress\/wp-content\/uploads\/2013\/02\/20110622-04-merqury-Artikel.jpg?resize=350%2C200 1x, https:\/\/i0.wp.com\/www.rockpixx.com\/wordpress\/wp-content\/uploads\/2013\/02\/20110622-04-merqury-Artikel.jpg?resize=525%2C300 1.5x, https:\/\/i0.wp.com\/www.rockpixx.com\/wordpress\/wp-content\/uploads\/2013\/02\/20110622-04-merqury-Artikel.jpg?resize=700%2C400 2x"},"classes":[]}],"jetpack_sharing_enabled":true,"publishpress_future_action":{"enabled":false,"date":"2026-05-08 04:21:45","action":"change-status","newStatus":"draft","terms":[],"taxonomy":"category","extraData":[]},"publishpress_future_workflow_manual_trigger":{"enabledWorkflows":[]},"_links":{"self":[{"href":"http:\/\/www.rockpixx.com\/wordpress\/wp-json\/wp\/v2\/posts\/11128","targetHints":{"allow":["GET"]}}],"collection":[{"href":"http:\/\/www.rockpixx.com\/wordpress\/wp-json\/wp\/v2\/posts"}],"about":[{"href":"http:\/\/www.rockpixx.com\/wordpress\/wp-json\/wp\/v2\/types\/post"}],"author":[{"embeddable":true,"href":"http:\/\/www.rockpixx.com\/wordpress\/wp-json\/wp\/v2\/users\/2"}],"replies":[{"embeddable":true,"href":"http:\/\/www.rockpixx.com\/wordpress\/wp-json\/wp\/v2\/comments?post=11128"}],"version-history":[{"count":0,"href":"http:\/\/www.rockpixx.com\/wordpress\/wp-json\/wp\/v2\/posts\/11128\/revisions"}],"wp:featuredmedia":[{"embeddable":true,"href":"http:\/\/www.rockpixx.com\/wordpress\/wp-json\/wp\/v2\/media\/11129"}],"wp:attachment":[{"href":"http:\/\/www.rockpixx.com\/wordpress\/wp-json\/wp\/v2\/media?parent=11128"}],"wp:term":[{"taxonomy":"category","embeddable":true,"href":"http:\/\/www.rockpixx.com\/wordpress\/wp-json\/wp\/v2\/categories?post=11128"},{"taxonomy":"post_tag","embeddable":true,"href":"http:\/\/www.rockpixx.com\/wordpress\/wp-json\/wp\/v2\/tags?post=11128"}],"curies":[{"name":"wp","href":"https:\/\/api.w.org\/{rel}","templated":true}]}}