{"id":11149,"date":"2013-06-25T14:28:53","date_gmt":"2013-06-25T13:28:53","guid":{"rendered":"http:\/\/rockpixx.com\/wordpress\/?p=11149"},"modified":"2013-06-26T13:50:03","modified_gmt":"2013-06-26T12:50:03","slug":"kieler-woche-tagebuch-2013-tag-4","status":"publish","type":"post","link":"http:\/\/www.rockpixx.com\/wordpress\/kieler-woche-tagebuch-2013-tag-4\/","title":{"rendered":"Kieler Woche Tagebuch 2013 | Tag 4"},"content":{"rendered":"<h2>Montag, 24.06.2013<\/h2>\n<p>Heute mal ein kurzer Tagebuch-Eintrag mit nur einem Bild.<\/p>\n<p>Drei Acts stehen an, \u2192 <a title=\"Eddy Monrow, 24.06.2013, Kiel, MAXB\u00fchne\" href=\"http:\/\/rockpixx.com\/wordpress\/eddy-monrow-24-06-2013-kiel-maxbuhne\/\">Eddy Monrow<\/a> und \u2192 \u201e<a title=\"MerQury, 24.06.2013, Kiel, MAXB\u00fchne\" href=\"http:\/\/rockpixx.com\/wordpress\/merqury-24-06-2013-kiel-maxbuhne\/\">MerQury<\/a>\u201c an der MAXB\u00fchne sowie \u2192 \u201e<a title=\"Alive &amp; Kicking, 24.06.2013, Kiel, NDR-B\u00fchne\" href=\"http:\/\/rockpixx.com\/wordpress\/alive-and-kicking-24-06-2013-kiel-ndr-buhne\/\">Alive &amp; Kicking<\/a>\u201c auf der NDR-B\u00fchne. Tags zuvor hatte mich noch Drummer Henrik angesprochen und wir hatten verabredet, dass wir es versuchen wollen, w\u00e4hrend des Gigs auf die B\u00fchne zu kommen, um von dort oben noch ein paar Bilder zu machen. Das sollte aber leider aus Zeit- und Securitygr\u00fcnden nicht klappen.<!--more--><\/p>\n<p>Ansonsten bleiben noch die folgenden Punkte festzuhalten:<\/p>\n<ol>\n<li>Es blieb trocken.<\/li>\n<li>Es ist immer wieder sch\u00f6n, mit \u201eMerQury\u201c zusammenzutreffen.<\/li>\n<li>Das Essen im \u201eAsia Hung\u201c im Kieler Hauptbahnhof ist auch lecker.<\/li>\n<li>Michy Reincke schafft es beinahe, den Ostseekai leer zu sabbeln.<\/li>\n<li>Es gibt Securities, deren Zahlenraum anscheinend nur bis knapp vor drei reicht.<\/li>\n<li>Eine Dose Energydrink nachts auf der Heimfahrt zu trinken, kann fatale Folgen haben!<\/li>\n<\/ol>\n<p>&nbsp;<\/p>\n","protected":false},"excerpt":{"rendered":"<p>Montag, 24.06.2013 Heute mal ein kurzer Tagebuch-Eintrag mit nur einem Bild. Drei Acts stehen an, <a href=\"http:\/\/www.rockpixx.com\/wordpress\/kieler-woche-tagebuch-2013-tag-4\/\">Read more<\/a><\/p>\n","protected":false},"author":1,"featured_media":11148,"comment_status":"open","ping_status":"open","sticky":false,"template":"","format":"standard","meta":{"_jetpack_memberships_contains_paid_content":false,"footnotes":"","jetpack_publicize_message":"Kieler Woche Tagebuch 2013 | Tag 4\r\n#KielerWoche #Tagebuch","jetpack_publicize_feature_enabled":true,"jetpack_social_post_already_shared":true,"jetpack_social_options":{"image_generator_settings":{"template":"highway","default_image_id":0,"font":"","enabled":false},"version":2}},"categories":[899,19],"tags":[2065,868],"class_list":["post-11149","post","type-post","status-publish","format-standard","has-post-thumbnail","hentry","category-899","category-backstage","tag-2065","tag-kieler-woche-tagebuch"],"aioseo_notices":[],"jetpack_publicize_connections":[],"jetpack_featured_media_url":"http:\/\/www.rockpixx.com\/wordpress\/wp-content\/uploads\/2013\/06\/20130624-02-KiWo-2013.jpg","jetpack-related-posts":[{"id":18642,"url":"http:\/\/www.rockpixx.com\/wordpress\/merqury-24-06-2015-kieler-woche-hoern-buehne-kiel\/","url_meta":{"origin":11149,"position":0},"title":"MerQury, 24.06.2015, Kieler Woche, H\u00f6rn-B\u00fchne, Kiel","author":"Anja","date":"25. Juni 2015","format":false,"excerpt":"Kieler Woche und \u201eMerQury\u201c die Zweite \u2013 nach dem Auftritt am \u2192 Montag auf der NetUSE-B\u00fchne erleben wir heute die Musiker auf der H\u00f6rn-B\u00fchne vor einem gro\u00dfen und begeisterten Publikum. W\u00e4hrend wir Backstage warteten, weil Anastacia noch auf der B\u00fchne war, versprach ich Johnny, Falk, Volker und Norbert diesmal das\u2026","rel":"","context":"In &quot;Acts&quot;","block_context":{"text":"Acts","link":"http:\/\/www.rockpixx.com\/wordpress\/category\/acts\/"},"img":{"alt_text":"MerQury, H\u00f6rn-B\u00fchne, Kiel, 24.06.2015","src":"https:\/\/i0.wp.com\/www.rockpixx.com\/wordpress\/wp-content\/uploads\/2015\/06\/20150624-02-415_merqury_Artikel.jpg?resize=350%2C200","width":350,"height":200,"srcset":"https:\/\/i0.wp.com\/www.rockpixx.com\/wordpress\/wp-content\/uploads\/2015\/06\/20150624-02-415_merqury_Artikel.jpg?resize=350%2C200 1x, https:\/\/i0.wp.com\/www.rockpixx.com\/wordpress\/wp-content\/uploads\/2015\/06\/20150624-02-415_merqury_Artikel.jpg?resize=525%2C300 1.5x, https:\/\/i0.wp.com\/www.rockpixx.com\/wordpress\/wp-content\/uploads\/2015\/06\/20150624-02-415_merqury_Artikel.jpg?resize=700%2C400 2x"},"classes":[]},{"id":1004,"url":"http:\/\/www.rockpixx.com\/wordpress\/kieler-woche-2009-viele-gigs-und-halbzeit\/","url_meta":{"origin":11149,"position":1},"title":"Kieler Woche 2009 \u2013 viele Gigs und Halbzeit","author":"admin","date":"24. Juni 2009","format":false,"excerpt":"Boah schon Kieler Woche Halbzeit\u2026 Mensch wie die Zeit vergeht. Das mit dem Blog (Tagebuch) sollte man doch nicht wortw\u00f6rtlich nehmen. Wie ihr bei den Bildern schon gesehen habt, ist in den letzten Tagen einiges an Konzerten zusammengekommen und uns hat dadurch die Zeit gefehlt, hier im Blog etwas zu\u2026","rel":"","context":"In &quot;2009&quot;","block_context":{"text":"2009","link":"http:\/\/www.rockpixx.com\/wordpress\/category\/backstage\/2009\/"},"img":{"alt_text":"","src":"","width":0,"height":0},"classes":[]},{"id":10428,"url":"http:\/\/www.rockpixx.com\/wordpress\/volker-von-merqury-machts-jorg-von-true-collins-machts-wer-macht-mit\/","url_meta":{"origin":11149,"position":2},"title":"Volker von MerQury macht&#8217;s, J\u00f6rg von True Collins macht&#8217;s \u2013 wer macht mit?","author":"admin","date":"25. April 2013","format":false,"excerpt":"Moin, komische \u00dcberschrift, oder? Also: Am 20.04.2013 haben wir ja MerQury fotografiert (Bilder kommen noch) und mit den Jungs backstage nett geplaudert. Dabei kamen wir auch noch einmal auf Musikinstrumente und im Speziellen auf B\u00e4sse zu sprechen. Und ganz schnell war Volker in seinem Element und hat begeistert erz\u00e4hlt, dass\u2026","rel":"","context":"In &quot;2013&quot;","block_context":{"text":"2013","link":"http:\/\/www.rockpixx.com\/wordpress\/category\/backstage\/2013\/"},"img":{"alt_text":"MerQury, 22.06.2011, Kiel, MAXB\u00fchne","src":"https:\/\/i0.wp.com\/www.rockpixx.com\/wordpress\/wp-content\/uploads\/2013\/02\/20110622-04-merqury-Artikel.jpg?resize=350%2C200","width":350,"height":200,"srcset":"https:\/\/i0.wp.com\/www.rockpixx.com\/wordpress\/wp-content\/uploads\/2013\/02\/20110622-04-merqury-Artikel.jpg?resize=350%2C200 1x, https:\/\/i0.wp.com\/www.rockpixx.com\/wordpress\/wp-content\/uploads\/2013\/02\/20110622-04-merqury-Artikel.jpg?resize=525%2C300 1.5x, https:\/\/i0.wp.com\/www.rockpixx.com\/wordpress\/wp-content\/uploads\/2013\/02\/20110622-04-merqury-Artikel.jpg?resize=700%2C400 2x"},"classes":[]},{"id":11078,"url":"http:\/\/www.rockpixx.com\/wordpress\/kieler-woche-tagebuch-2013-tag-1\/","url_meta":{"origin":11149,"position":3},"title":"Kieler Woche Tagebuch 2013 | Tag 1","author":"admin","date":"23. Juni 2013","format":false,"excerpt":"Moin, wie in den vergangenen Jahren, so werden wir auch dieses Mal wieder von Begebenheiten und Befindlichkeiten w\u00e4hrend der \u201eKieler Woche\u201c berichten. Also: Alles, was nicht unmittelbar mit Konzerten zu tun hat, landet dann hier in diesem \u2192 \u201eKieler Woche Tagebuch\u201c. Freitag, 21.06.2013 Erster Tag und keinen Umzugsstress und keine\u2026","rel":"","context":"In &quot;2013&quot;","block_context":{"text":"2013","link":"http:\/\/www.rockpixx.com\/wordpress\/category\/backstage\/2013\/"},"img":{"alt_text":"Kieler Woche 2013 | Impressionen","src":"https:\/\/i0.wp.com\/www.rockpixx.com\/wordpress\/wp-content\/uploads\/2013\/06\/20130621-00-001_KiWo-2013.jpg?resize=350%2C200","width":350,"height":200,"srcset":"https:\/\/i0.wp.com\/www.rockpixx.com\/wordpress\/wp-content\/uploads\/2013\/06\/20130621-00-001_KiWo-2013.jpg?resize=350%2C200 1x, https:\/\/i0.wp.com\/www.rockpixx.com\/wordpress\/wp-content\/uploads\/2013\/06\/20130621-00-001_KiWo-2013.jpg?resize=525%2C300 1.5x, https:\/\/i0.wp.com\/www.rockpixx.com\/wordpress\/wp-content\/uploads\/2013\/06\/20130621-00-001_KiWo-2013.jpg?resize=700%2C400 2x"},"classes":[]},{"id":11260,"url":"http:\/\/www.rockpixx.com\/wordpress\/kieler-woche-tagebuch-2013-tag-8\/","url_meta":{"origin":11149,"position":4},"title":"Kieler Woche Tagebuch 2013 | Tag 8","author":"admin","date":"29. Juni 2013","format":false,"excerpt":"Freitag, 28.06.2013 Nach einem Tag Pause stehen wir wieder im Regen \u2013 was auch sonst? Hey, es ist schlie\u00dflich Kieler Woche und das ist bekannterma\u00dfen die einzige Jahreszeit in Schleswig-Holstein, in der der Regen immerhin etwas w\u00e4rmer ist. Das Abendprogramm in K\u00fcrze: MAXB\u00fchne mit \u2192 \u201eReamade\u201c und sp\u00e4ter \u2192 \u201eCoverLine\u201c,\u2026","rel":"","context":"In &quot;2013&quot;","block_context":{"text":"2013","link":"http:\/\/www.rockpixx.com\/wordpress\/category\/backstage\/2013\/"},"img":{"alt_text":"Kieler Woche 2013 | Impressionen","src":"https:\/\/i0.wp.com\/www.rockpixx.com\/wordpress\/wp-content\/uploads\/2013\/06\/20130628-05-016_KiWo-2013.jpg?resize=350%2C200","width":350,"height":200,"srcset":"https:\/\/i0.wp.com\/www.rockpixx.com\/wordpress\/wp-content\/uploads\/2013\/06\/20130628-05-016_KiWo-2013.jpg?resize=350%2C200 1x, https:\/\/i0.wp.com\/www.rockpixx.com\/wordpress\/wp-content\/uploads\/2013\/06\/20130628-05-016_KiWo-2013.jpg?resize=525%2C300 1.5x, https:\/\/i0.wp.com\/www.rockpixx.com\/wordpress\/wp-content\/uploads\/2013\/06\/20130628-05-016_KiWo-2013.jpg?resize=700%2C400 2x"},"classes":[]},{"id":11304,"url":"http:\/\/www.rockpixx.com\/wordpress\/kieler-woche-tagebuch-2013-tag-9\/","url_meta":{"origin":11149,"position":5},"title":"Kieler Woche Tagebuch 2013 | Tag 9","author":"admin","date":"30. Juni 2013","format":false,"excerpt":"Sonnabend, 29.06.2013 Ein sch\u00fcchterner Sommertag deutet sich an und f\u00fcr heute stehen sechs Acts auf unserem Laufzettel: \u2192 \u201erOcklabirint\u201c, \u2192 \u201eSteamfly\u201c und \u2192 \u201ePurple Rising\u201c an der MAXB\u00fchne, \u2192 Johannes Oerding und und \u2192 Laith al Deen beim NDR sowie \u2192 \u201eABBA Cover\u201c an der h\u00f6rn b\u00fchne. Fangen wir mit\u2026","rel":"","context":"In &quot;2013&quot;","block_context":{"text":"2013","link":"http:\/\/www.rockpixx.com\/wordpress\/category\/backstage\/2013\/"},"img":{"alt_text":"Kieler Woche 2013, Impressionen","src":"https:\/\/i0.wp.com\/www.rockpixx.com\/wordpress\/wp-content\/uploads\/2013\/06\/20130629-00-014_KiWo-2013.jpg?resize=350%2C200","width":350,"height":200,"srcset":"https:\/\/i0.wp.com\/www.rockpixx.com\/wordpress\/wp-content\/uploads\/2013\/06\/20130629-00-014_KiWo-2013.jpg?resize=350%2C200 1x, https:\/\/i0.wp.com\/www.rockpixx.com\/wordpress\/wp-content\/uploads\/2013\/06\/20130629-00-014_KiWo-2013.jpg?resize=525%2C300 1.5x, https:\/\/i0.wp.com\/www.rockpixx.com\/wordpress\/wp-content\/uploads\/2013\/06\/20130629-00-014_KiWo-2013.jpg?resize=700%2C400 2x"},"classes":[]}],"jetpack_sharing_enabled":true,"publishpress_future_action":{"enabled":false,"date":"2026-05-07 06:25:56","action":"change-status","newStatus":"draft","terms":[],"taxonomy":"category","extraData":[]},"publishpress_future_workflow_manual_trigger":{"enabledWorkflows":[]},"_links":{"self":[{"href":"http:\/\/www.rockpixx.com\/wordpress\/wp-json\/wp\/v2\/posts\/11149","targetHints":{"allow":["GET"]}}],"collection":[{"href":"http:\/\/www.rockpixx.com\/wordpress\/wp-json\/wp\/v2\/posts"}],"about":[{"href":"http:\/\/www.rockpixx.com\/wordpress\/wp-json\/wp\/v2\/types\/post"}],"author":[{"embeddable":true,"href":"http:\/\/www.rockpixx.com\/wordpress\/wp-json\/wp\/v2\/users\/1"}],"replies":[{"embeddable":true,"href":"http:\/\/www.rockpixx.com\/wordpress\/wp-json\/wp\/v2\/comments?post=11149"}],"version-history":[{"count":0,"href":"http:\/\/www.rockpixx.com\/wordpress\/wp-json\/wp\/v2\/posts\/11149\/revisions"}],"wp:featuredmedia":[{"embeddable":true,"href":"http:\/\/www.rockpixx.com\/wordpress\/wp-json\/wp\/v2\/media\/11148"}],"wp:attachment":[{"href":"http:\/\/www.rockpixx.com\/wordpress\/wp-json\/wp\/v2\/media?parent=11149"}],"wp:term":[{"taxonomy":"category","embeddable":true,"href":"http:\/\/www.rockpixx.com\/wordpress\/wp-json\/wp\/v2\/categories?post=11149"},{"taxonomy":"post_tag","embeddable":true,"href":"http:\/\/www.rockpixx.com\/wordpress\/wp-json\/wp\/v2\/tags?post=11149"}],"curies":[{"name":"wp","href":"https:\/\/api.w.org\/{rel}","templated":true}]}}