{"id":11196,"date":"2013-06-27T11:53:31","date_gmt":"2013-06-27T10:53:31","guid":{"rendered":"http:\/\/rockpixx.com\/wordpress\/?p=11196"},"modified":"2015-06-01T19:01:12","modified_gmt":"2015-06-01T18:01:12","slug":"holmes-and-watson-26-06-2013-kiel-kieler-woche","status":"publish","type":"post","link":"http:\/\/www.rockpixx.com\/wordpress\/holmes-and-watson-26-06-2013-kiel-kieler-woche\/","title":{"rendered":"Holmes &#038; Watson, 26.06.2013, Kiel, Kieler Woche"},"content":{"rendered":"<p>\u201eHolmes &amp; Watson\u201c \u2013 nein, wir sind jetzt nicht unter die Literatur- bzw. Filmkritiker gegangen \u2013 ist ein musikalisches Projekt der Musiker Fergus Holmes, Tom Watson (\u2192\u00a0<a title=\"True Collins, 25.06.2013, Kiel, MAXB\u00fchne\" href=\"http:\/\/rockpixx.com\/wordpress\/true-collins-25-06-2013-kiel-maxbuhne\/\">war am Vortag als S\u00e4nger von \u201eTrue Collins\u201c vor unserer Kamera<\/a>) und Eckhard K\u00f6hneke. Sie haben sich nach eigenem Bekunden der Musikrichtung American Folk, Modern Country &amp; Western also einfach guter Musik verschrieben.<!--more--><\/p>\n<p>Es hat wirklich Pepp was die drei da auf die MAXB\u00fchne bringen. \u201eMrs. Robinson\u201c von Simon &amp; Garfunkel er\u00f6ffnet den Auftritt an diesem Abend. Bei der Recherche zu diesem Artikel bin ich auf der Homepage der Band auf die Info gesto\u00dfen, dass sie an einem weiteren Projekt arbeiten. SiFunkel sieht sich als Tribute to Simon &amp; Garfunkel, die mit Ihren Liedern \u201eSound of Silence\u201c, dem oben erw\u00e4hnten \u201eMrs. Robinson\u201c und \u201eCecilia\u201c weltweit bekannt wurden. Viel Erfolg bei diesem Projekt.<\/p>\n<p style=\"text-align: right;\">Fotos: <a href=\"mailto:a.roselt@rockpixx.com\">Anja<\/a>\u00a0| Text:\u00a0<a href=\"mailto:a.roselt@rockpixx.com\">Anja<\/a><\/p>\n<p style=\"text-align: left;\">[slideshow id=311]<\/p>\n","protected":false},"excerpt":{"rendered":"<p>\u201eHolmes &amp; Watson\u201c \u2013 nein, wir sind jetzt nicht unter die Literatur- bzw. Filmkritiker gegangen <a href=\"http:\/\/www.rockpixx.com\/wordpress\/holmes-and-watson-26-06-2013-kiel-kieler-woche\/\">Read more<\/a><\/p>\n","protected":false},"author":2,"featured_media":11197,"comment_status":"open","ping_status":"open","sticky":false,"template":"","format":"standard","meta":{"_jetpack_memberships_contains_paid_content":false,"footnotes":"","jetpack_publicize_message":"#HolmesAndWatson, 26.06.2013, #Kiel, #Kieler Woche","jetpack_publicize_feature_enabled":true,"jetpack_social_post_already_shared":true,"jetpack_social_options":{"image_generator_settings":{"template":"highway","default_image_id":0,"font":"","enabled":false},"version":2}},"categories":[34,1558],"tags":[2065,133,1167,1735,138,1743],"class_list":["post-11196","post","type-post","status-publish","format-standard","has-post-thumbnail","hentry","category-acts","category-holmes-watson","tag-2065","tag-festivals","tag-holmes-watson","tag-kiel","tag-kieler-woche","tag-maxbuhne"],"aioseo_notices":[],"jetpack_publicize_connections":[],"jetpack_featured_media_url":"http:\/\/www.rockpixx.com\/wordpress\/wp-content\/uploads\/2013\/06\/20130626-01-017_holmes-and-watson-Artikel.jpg","jetpack-related-posts":[{"id":11206,"url":"http:\/\/www.rockpixx.com\/wordpress\/kieler-woche-tagebuch-2013-tag-6\/","url_meta":{"origin":11196,"position":0},"title":"Kieler Woche Tagebuch 2013 | Tag 6","author":"admin","date":"27. Juni 2013","format":false,"excerpt":"Mittwoch, 26.06.2013 Heute sind wir wieder zu zweit auf der \u201eKieler Woche\u201c unterwegs gewesen, es standen diverse Acts auf verscheidenen B\u00fchnen an, so \u2192 \u201eHolmes & Watson\u201c sowie \u2192 \u201ePapa Boye and the Relatives\u201c auf der MAXB\u00fchne, \u2192 \u201eLaing\u201c beim NDR, \u2192 \u201eIllegal 2001\u201c im Musikzelt und \u2192 Max Mutzke\u2026","rel":"","context":"In &quot;2013&quot;","block_context":{"text":"2013","link":"http:\/\/www.rockpixx.com\/wordpress\/category\/backstage\/2013\/"},"img":{"alt_text":"Kieler Woche 2013 | Impressionen","src":"https:\/\/i0.wp.com\/www.rockpixx.com\/wordpress\/wp-content\/uploads\/2013\/06\/20130626-00-002_KiWo-2013.jpg?resize=350%2C200","width":350,"height":200,"srcset":"https:\/\/i0.wp.com\/www.rockpixx.com\/wordpress\/wp-content\/uploads\/2013\/06\/20130626-00-002_KiWo-2013.jpg?resize=350%2C200 1x, https:\/\/i0.wp.com\/www.rockpixx.com\/wordpress\/wp-content\/uploads\/2013\/06\/20130626-00-002_KiWo-2013.jpg?resize=525%2C300 1.5x, https:\/\/i0.wp.com\/www.rockpixx.com\/wordpress\/wp-content\/uploads\/2013\/06\/20130626-00-002_KiWo-2013.jpg?resize=700%2C400 2x"},"classes":[]},{"id":8643,"url":"http:\/\/www.rockpixx.com\/wordpress\/california-cornflakes-24-06-2012-kiel-maxbuhne\/","url_meta":{"origin":11196,"position":1},"title":"California Cornflakes, 24.06.2012, Kiel, MAXB\u00fchne","author":"Anja","date":"24. Juni 2012","format":false,"excerpt":"Der letzte Tag der Kieler Woche und es regnete den ganzen Tag. Hier im Norden sagt man erst Regen zu diesem Wetterzustand, wenn Fische darin sind. Ich kann Euch sagen, da waren gestern schon sehr gro\u00dfe Fische drinnen. Auf dem Platz vor der MAXB\u00fchne hielten es auch nur die ganz\u2026","rel":"","context":"In &quot;Acts&quot;","block_context":{"text":"Acts","link":"http:\/\/www.rockpixx.com\/wordpress\/category\/acts\/"},"img":{"alt_text":"California Cornflakes, 24.06.2012, Kiel, MAXB\u00fchne","src":"https:\/\/i0.wp.com\/www.rockpixx.com\/wordpress\/wp-content\/uploads\/2013\/02\/20120624-02-california-cornflakes-Artikel.jpg?resize=350%2C200","width":350,"height":200,"srcset":"https:\/\/i0.wp.com\/www.rockpixx.com\/wordpress\/wp-content\/uploads\/2013\/02\/20120624-02-california-cornflakes-Artikel.jpg?resize=350%2C200 1x, https:\/\/i0.wp.com\/www.rockpixx.com\/wordpress\/wp-content\/uploads\/2013\/02\/20120624-02-california-cornflakes-Artikel.jpg?resize=525%2C300 1.5x, https:\/\/i0.wp.com\/www.rockpixx.com\/wordpress\/wp-content\/uploads\/2013\/02\/20120624-02-california-cornflakes-Artikel.jpg?resize=700%2C400 2x"},"classes":[]},{"id":6568,"url":"http:\/\/www.rockpixx.com\/wordpress\/bandits-and-friends-21-06-2010-kiel-maxbuhne\/","url_meta":{"origin":11196,"position":2},"title":"Bandits and Friends, 21.06.2010, Kiel, MAXB\u00fchne","author":"Anja","date":"21. Juni 2010","format":false,"excerpt":"Mit Bandits & Friends ging heute mein Kieler Woche Programm los. Angek\u00fcndigt durch Presse- und Promotiontexte war \u201eCover-Rock aus Leidenschaft\u201c und \u201eJedes Konzert ist eine Einladung zu einer Zeitreise in eine f\u00fcr jeden von uns unvergessliche Epoche - eine Gelegenheit, den revolution\u00e4ren Spirit in sich zu f\u00fchlen, den unbeschreiblichen Vibrations\u2026","rel":"","context":"In &quot;Acts&quot;","block_context":{"text":"Acts","link":"http:\/\/www.rockpixx.com\/wordpress\/category\/acts\/"},"img":{"alt_text":"Bandits and Friends, 21.06.2010, Kiel, MAXB\u00fchne","src":"https:\/\/i0.wp.com\/www.rockpixx.com\/wordpress\/wp-content\/uploads\/2013\/01\/20100621-02-bandits-and-friends-Artikel.jpg?resize=350%2C200","width":350,"height":200,"srcset":"https:\/\/i0.wp.com\/www.rockpixx.com\/wordpress\/wp-content\/uploads\/2013\/01\/20100621-02-bandits-and-friends-Artikel.jpg?resize=350%2C200 1x, https:\/\/i0.wp.com\/www.rockpixx.com\/wordpress\/wp-content\/uploads\/2013\/01\/20100621-02-bandits-and-friends-Artikel.jpg?resize=525%2C300 1.5x, https:\/\/i0.wp.com\/www.rockpixx.com\/wordpress\/wp-content\/uploads\/2013\/01\/20100621-02-bandits-and-friends-Artikel.jpg?resize=700%2C400 2x"},"classes":[]},{"id":5467,"url":"http:\/\/www.rockpixx.com\/wordpress\/coverline-25-06-2009-kiel-maxbuhne\/","url_meta":{"origin":11196,"position":3},"title":"CoverLine, 25.06.2009, Kiel, MAXB\u00fchne","author":"Anja","date":"25. Juni 2009","format":false,"excerpt":"\u2192\u00a0\u201eCoverLine\u201c zum Dritten \u2013 f\u00fcr diese Kieler Woche. Irgendwie und irgendwo treffe ich diese Truppe immer wieder und jedes Mal komme ich nicht umhin, Bilder von Ihnen zu machen. Na ja, sie sind ja auch auf der B\u00fchne ein Erlebnis. Dieses Mal hatten sie \u00fcbrigens eine Ersatzs\u00e4ngerin dabei, die aber\u2026","rel":"","context":"In &quot;Acts&quot;","block_context":{"text":"Acts","link":"http:\/\/www.rockpixx.com\/wordpress\/category\/acts\/"},"img":{"alt_text":"CoverLine, 25.06.2009, Kiel, MAXB\u00fchne","src":"https:\/\/i0.wp.com\/www.rockpixx.com\/wordpress\/wp-content\/uploads\/2013\/01\/20090625-03-coverline-Artikel.jpg?resize=350%2C200","width":350,"height":200,"srcset":"https:\/\/i0.wp.com\/www.rockpixx.com\/wordpress\/wp-content\/uploads\/2013\/01\/20090625-03-coverline-Artikel.jpg?resize=350%2C200 1x, https:\/\/i0.wp.com\/www.rockpixx.com\/wordpress\/wp-content\/uploads\/2013\/01\/20090625-03-coverline-Artikel.jpg?resize=525%2C300 1.5x, https:\/\/i0.wp.com\/www.rockpixx.com\/wordpress\/wp-content\/uploads\/2013\/01\/20090625-03-coverline-Artikel.jpg?resize=700%2C400 2x"},"classes":[]},{"id":14286,"url":"http:\/\/www.rockpixx.com\/wordpress\/bad-bobs-20-06-2014-kiel-maxbuehne\/","url_meta":{"origin":11196,"position":4},"title":"Bad Bobs, 20.06.2014, Kiel, MAXB\u00fchne","author":"admin","date":"21. Juni 2014","format":false,"excerpt":"Da treffen wir also alte Bekannte wieder, die die diesj\u00e4hrige \u201eKieler Woche\u201c beim \u201eSoundcheck-Tag\u201c auf der MAXB\u00fchne er\u00f6ffnen: Die \u2192 \u201eBad Bobs\u201c. Andere Frontfrau, neuer Drummer und auch zwei neue Gitarristen - wenn ich das noch richtig in Erinnerung habe - macht ein LineUp von insgesamt acht Personen - die\u2026","rel":"","context":"In &quot;Acts&quot;","block_context":{"text":"Acts","link":"http:\/\/www.rockpixx.com\/wordpress\/category\/acts\/"},"img":{"alt_text":"Bad Bobs, 20.06.2014, Kiel, MAXB\u00fchne","src":"https:\/\/i0.wp.com\/www.rockpixx.com\/wordpress\/wp-content\/uploads\/2014\/06\/20140620-01-010_bad-bobs_Artikel.jpg?resize=350%2C200","width":350,"height":200,"srcset":"https:\/\/i0.wp.com\/www.rockpixx.com\/wordpress\/wp-content\/uploads\/2014\/06\/20140620-01-010_bad-bobs_Artikel.jpg?resize=350%2C200 1x, https:\/\/i0.wp.com\/www.rockpixx.com\/wordpress\/wp-content\/uploads\/2014\/06\/20140620-01-010_bad-bobs_Artikel.jpg?resize=525%2C300 1.5x, https:\/\/i0.wp.com\/www.rockpixx.com\/wordpress\/wp-content\/uploads\/2014\/06\/20140620-01-010_bad-bobs_Artikel.jpg?resize=700%2C400 2x"},"classes":[]},{"id":6330,"url":"http:\/\/www.rockpixx.com\/wordpress\/howdy-18-06-2010-kiel-maxbuhne\/","url_meta":{"origin":11196,"position":5},"title":"Howdy, 18.06.2010, Kiel, MAXB\u00fchne","author":"Anja","date":"18. Juni 2010","format":false,"excerpt":"Als n\u00e4chstes stand f\u00fcr mich auf der MAXB\u00fchne Howdy auf dem Programm. Countrymusik von einer multikulturellen Band \u2013 der S\u00e4nger aus Irland, Gitarrist aus Bayern, Chors\u00e4nger aus Kiel und der Fiedelspieler von der Insel R\u00fcgen. Die Lieder animierten einige aus dem Publikum zu einer begeisterten Squaredance-Einlage. Einziger Kritikpunkt von der\u2026","rel":"","context":"In &quot;Acts&quot;","block_context":{"text":"Acts","link":"http:\/\/www.rockpixx.com\/wordpress\/category\/acts\/"},"img":{"alt_text":"Howdy, 18.06.2010, Kiel, MAXB\u00fchne","src":"https:\/\/i0.wp.com\/www.rockpixx.com\/wordpress\/wp-content\/uploads\/2013\/01\/20100618-04-howdy-Artikel.jpg?resize=350%2C200","width":350,"height":200,"srcset":"https:\/\/i0.wp.com\/www.rockpixx.com\/wordpress\/wp-content\/uploads\/2013\/01\/20100618-04-howdy-Artikel.jpg?resize=350%2C200 1x, https:\/\/i0.wp.com\/www.rockpixx.com\/wordpress\/wp-content\/uploads\/2013\/01\/20100618-04-howdy-Artikel.jpg?resize=525%2C300 1.5x, https:\/\/i0.wp.com\/www.rockpixx.com\/wordpress\/wp-content\/uploads\/2013\/01\/20100618-04-howdy-Artikel.jpg?resize=700%2C400 2x"},"classes":[]}],"jetpack_sharing_enabled":true,"publishpress_future_action":{"enabled":false,"date":"2026-05-06 20:25:52","action":"change-status","newStatus":"draft","terms":[],"taxonomy":"category","extraData":[]},"publishpress_future_workflow_manual_trigger":{"enabledWorkflows":[]},"_links":{"self":[{"href":"http:\/\/www.rockpixx.com\/wordpress\/wp-json\/wp\/v2\/posts\/11196","targetHints":{"allow":["GET"]}}],"collection":[{"href":"http:\/\/www.rockpixx.com\/wordpress\/wp-json\/wp\/v2\/posts"}],"about":[{"href":"http:\/\/www.rockpixx.com\/wordpress\/wp-json\/wp\/v2\/types\/post"}],"author":[{"embeddable":true,"href":"http:\/\/www.rockpixx.com\/wordpress\/wp-json\/wp\/v2\/users\/2"}],"replies":[{"embeddable":true,"href":"http:\/\/www.rockpixx.com\/wordpress\/wp-json\/wp\/v2\/comments?post=11196"}],"version-history":[{"count":0,"href":"http:\/\/www.rockpixx.com\/wordpress\/wp-json\/wp\/v2\/posts\/11196\/revisions"}],"wp:featuredmedia":[{"embeddable":true,"href":"http:\/\/www.rockpixx.com\/wordpress\/wp-json\/wp\/v2\/media\/11197"}],"wp:attachment":[{"href":"http:\/\/www.rockpixx.com\/wordpress\/wp-json\/wp\/v2\/media?parent=11196"}],"wp:term":[{"taxonomy":"category","embeddable":true,"href":"http:\/\/www.rockpixx.com\/wordpress\/wp-json\/wp\/v2\/categories?post=11196"},{"taxonomy":"post_tag","embeddable":true,"href":"http:\/\/www.rockpixx.com\/wordpress\/wp-json\/wp\/v2\/tags?post=11196"}],"curies":[{"name":"wp","href":"https:\/\/api.w.org\/{rel}","templated":true}]}}