{"id":11198,"date":"2013-06-27T12:21:10","date_gmt":"2013-06-27T11:21:10","guid":{"rendered":"http:\/\/rockpixx.com\/wordpress\/?p=11198"},"modified":"2013-09-27T20:47:42","modified_gmt":"2013-09-27T19:47:42","slug":"laing-26-06-2013-kiel-ndr-buhne","status":"publish","type":"post","link":"http:\/\/www.rockpixx.com\/wordpress\/laing-26-06-2013-kiel-ndr-buhne\/","title":{"rendered":"Laing, 26.06.2013, Kiel, NDR-B\u00fchne"},"content":{"rendered":"<p>Da beeilt man sich, um p\u00fcnktlich zu Beginn des Konzertes um 20:00 Uhr im Graben vor der NDR-B\u00fchne zu sein und dann ist auf dem Gel\u00e4nde plakatiert: \u201eBeginn 20:30 Uhr\u201c. Ok, bleibt also Zeit f\u00fcr Gespr\u00e4che mit Fotokollegen und\u00a0 gemeinsames Schwelgen in Erinnerungen. Zwischenzeitlich noch ein kurzes Gespr\u00e4ch mit dem Veranstalter des \u2192\u00a0<a title=\"PreView DSDS Superstar Open Air 2013\" href=\"http:\/\/rockpixx.com\/wordpress\/preview-dsds-superstar-open-air-2013\/\">\u201eDSDS Superstar OpenAirs\u201c<\/a> in Soltau \u2013 da sollen wir ja in 10 Tagen die Pressebetreuung \u00fcbernehmen. \u00c4h\u2026 ich schweife ab!<\/p>\n<p>Ok, mittlerweile ist es auch kurz nach 20:30, der Moderator kann endlich von der B\u00fchne gezerrt werden und es erklingt \u201eElectric Ladysound\u201c: <!--more-->Ein Drummer streichelt behutsam seine Toms, irgendwoher erklingen sparsame Synthesizer-Sounds und nacheinander betreten drei gleich gekleidete M\u00e4dels die B\u00fchne. Zwei schwingen flexible Plastikschl\u00e4uche und erzeugen damit eigenwillige hohe T\u00f6ne, eine dritte steht in der Mitte hinter ihrem Mikrophonst\u00e4nder und singt mit leiser aber angenehmer Stimme auf deutsch. Wer jetzt noch weitere sachdienliche Hinweise bez\u00fcglich der dort oben stehenden Band braucht, dem sei verraten, dass an jedem der drei Mikrophonst\u00e4nder eine altert\u00fcmliche schwarze Schreibtischlampe befestigt ist \u2013 gegen das massive B\u00fchnenlicht kommen diese nat\u00fcrlich nicht an, das brauchen sie aber auch nicht. Zur\u00fcck zur Band, es sind nat\u00fcrlich \u201eLaing\u201c. So sp\u00e4t habe ich in einen Review den Bandnahmen wohl noch\u00a0 nie erw\u00e4hnt.<\/p>\n<p>Mir gef\u00e4llt\u2019s, was ich da sehe und vor allem h\u00f6re. Die Musik ist eigenwillig aber von der Art, dass man sich gerne darauf einl\u00e4sst und zuh\u00f6rt. Schade eigentlich, dass ich heute hier zum Fotografieren bin, da h\u00e4tte ich mich lieber auf die Musik, die intelligenten bis witzigen Texte und die Performance von Nicola, Atina, Johanne und Marisa konzentriert. Letztere (Marisa) kam nach dem ersten Song auf die B\u00fchne und belebte den Faktor \u201eChoreografie \/ Tanz\u201c ganz entscheidend.<\/p>\n<p>Fazit: Das war ein untypisch langes Review, aber das war auch eine Performance, die man so nicht alle Tage sieht und h\u00f6rt. Es besteht durchaus Suchtgefahr.<\/p>\n<p style=\"text-align: right;\">Fotos: <a href=\"mailto:info@rockpixx.com\">Alex<\/a>\u00a0| Text:\u00a0<a href=\"mailto:info@rockpixx.com\">Alex<\/a><\/p>\n<p style=\"text-align: left;\">[slideshow id=312]<\/p>\n","protected":false},"excerpt":{"rendered":"<p>Da beeilt man sich, um p\u00fcnktlich zu Beginn des Konzertes um 20:00 Uhr im Graben <a href=\"http:\/\/www.rockpixx.com\/wordpress\/laing-26-06-2013-kiel-ndr-buhne\/\">Read more<\/a><\/p>\n","protected":false},"author":2,"featured_media":11200,"comment_status":"open","ping_status":"open","sticky":false,"template":"","format":"standard","meta":{"_jetpack_memberships_contains_paid_content":false,"footnotes":"","jetpack_publicize_message":"#Laing, 26.06.2013, #Kiel, #NDR-B\u00fchne, #KielerWoche","jetpack_publicize_feature_enabled":true,"jetpack_social_post_already_shared":true,"jetpack_social_options":{"image_generator_settings":{"template":"highway","default_image_id":0,"font":"","enabled":false},"version":2}},"categories":[34,1166],"tags":[2065,1285,133,1735,138,2187,1775],"class_list":["post-11198","post","type-post","status-publish","format-standard","has-post-thumbnail","hentry","category-acts","category-laing","tag-2065","tag-bundesvision-song-contest","tag-festivals","tag-kiel","tag-kieler-woche","tag-laing","tag-ndr-buhne"],"aioseo_notices":[],"jetpack_publicize_connections":[],"jetpack_featured_media_url":"http:\/\/www.rockpixx.com\/wordpress\/wp-content\/uploads\/2013\/06\/20130626-02-010_laing-Artikel.jpg","jetpack-related-posts":[{"id":14329,"url":"http:\/\/www.rockpixx.com\/wordpress\/rea-garvey-20-06-2014-kiel-ndr-buehne\/","url_meta":{"origin":11198,"position":0},"title":"Rea Garvey, 20.06.2014, Kiel, NDR B\u00fchne","author":"admin","date":"21. Juni 2014","format":false,"excerpt":"Der erste Eindruck ist \u00fcberw\u00e4ltigend! Da ist etwas Au\u00dferirdisches gelandet am Schwedenkai in Kiel. Nein\u2026 nicht Rea Garvey! Die Rede ist von der B\u00fchne, genauer gesagt, dem Dach vor der B\u00fchne, welches der NDR dort hingestellt hat. Auf einem riesigen Areal vor der bekannten gro\u00dfen B\u00fchne sind Catwalk, Graben und\u2026","rel":"","context":"In &quot;Acts&quot;","block_context":{"text":"Acts","link":"http:\/\/www.rockpixx.com\/wordpress\/category\/acts\/"},"img":{"alt_text":"Rea Garvey, 20.06.2014, Kiel, NDR B\u00fchne","src":"https:\/\/i0.wp.com\/www.rockpixx.com\/wordpress\/wp-content\/uploads\/2014\/06\/20140620-03-035_rea-garvey_Artikel.jpg?resize=350%2C200","width":350,"height":200,"srcset":"https:\/\/i0.wp.com\/www.rockpixx.com\/wordpress\/wp-content\/uploads\/2014\/06\/20140620-03-035_rea-garvey_Artikel.jpg?resize=350%2C200 1x, https:\/\/i0.wp.com\/www.rockpixx.com\/wordpress\/wp-content\/uploads\/2014\/06\/20140620-03-035_rea-garvey_Artikel.jpg?resize=525%2C300 1.5x, https:\/\/i0.wp.com\/www.rockpixx.com\/wordpress\/wp-content\/uploads\/2014\/06\/20140620-03-035_rea-garvey_Artikel.jpg?resize=700%2C400 2x"},"classes":[]},{"id":8062,"url":"http:\/\/www.rockpixx.com\/wordpress\/saga-26-06-2011-kiel-ndr-buhne\/","url_meta":{"origin":11198,"position":1},"title":"Saga, 26.06.2011, Kiel, NDR-B\u00fchne","author":"Anja","date":"26. Juni 2011","format":false,"excerpt":"Mit Beginn des Jahres 2011 ist die vierj\u00e4hrige \u201eDurststrecke\u201c von \u201eSaga\u201c ohne Frontman Michael Sadler wieder beendet. Und so standen die f\u00fcnf Musiker bei ihrem ersten Auftritt in Deutschland w\u00e4hrend ihrer 2011er Sommertour durch Europa in Kiel auf der NDR-B\u00fchne und legten gleich fulminant los. Neo-Progrock aus Kanada flutete die\u2026","rel":"","context":"In &quot;Acts&quot;","block_context":{"text":"Acts","link":"http:\/\/www.rockpixx.com\/wordpress\/category\/acts\/"},"img":{"alt_text":"Saga, 26.06.2011, Kiel, NDR-B\u00fchne","src":"https:\/\/i0.wp.com\/www.rockpixx.com\/wordpress\/wp-content\/uploads\/2013\/02\/20110626-02-saga-Artikel.jpg?resize=350%2C200","width":350,"height":200,"srcset":"https:\/\/i0.wp.com\/www.rockpixx.com\/wordpress\/wp-content\/uploads\/2013\/02\/20110626-02-saga-Artikel.jpg?resize=350%2C200 1x, https:\/\/i0.wp.com\/www.rockpixx.com\/wordpress\/wp-content\/uploads\/2013\/02\/20110626-02-saga-Artikel.jpg?resize=525%2C300 1.5x, https:\/\/i0.wp.com\/www.rockpixx.com\/wordpress\/wp-content\/uploads\/2013\/02\/20110626-02-saga-Artikel.jpg?resize=700%2C400 2x"},"classes":[]},{"id":2552,"url":"http:\/\/www.rockpixx.com\/wordpress\/bon-scott-tribute-band-25-06-2008-kiel-ndr-buhne-2\/","url_meta":{"origin":11198,"position":2},"title":"Bon Scott Tribute Band, 25.06.2008, Kiel, NDR-B\u00fchne","author":"Anja","date":"25. Juni 2008","format":false,"excerpt":"Der Marsch zur B\u00fchne endet mit einer gro\u00dfen \u00dcberraschung: Absperrgitter, doppelt gestaffelte Security, nur ein Einla\u00dfbereich und Taschenkontrollen! Dann f\u00e4llt mir wieder ein: Halbfinale bei der EM, Deutschland spielt und Public Viewing ist angesagt. Zur Musik: Zwei Tage nach \u2192\u00a0Power Age nun also der n\u00e4chste Versuch auf einer anderen B\u00fchne\u2026","rel":"","context":"In &quot;AC\/DC&quot;","block_context":{"text":"AC\/DC","link":"http:\/\/www.rockpixx.com\/wordpress\/category\/acts\/tributebands\/acdc\/"},"img":{"alt_text":"Bon Scott Tribute Band, 25.06.2008, Kiel, NDR-B\u00fchne","src":"https:\/\/i0.wp.com\/www.rockpixx.com\/wordpress\/wp-content\/uploads\/2008\/06\/20080625-01-bon-scott-Artikel.jpg?resize=350%2C200","width":350,"height":200,"srcset":"https:\/\/i0.wp.com\/www.rockpixx.com\/wordpress\/wp-content\/uploads\/2008\/06\/20080625-01-bon-scott-Artikel.jpg?resize=350%2C200 1x, https:\/\/i0.wp.com\/www.rockpixx.com\/wordpress\/wp-content\/uploads\/2008\/06\/20080625-01-bon-scott-Artikel.jpg?resize=525%2C300 1.5x, https:\/\/i0.wp.com\/www.rockpixx.com\/wordpress\/wp-content\/uploads\/2008\/06\/20080625-01-bon-scott-Artikel.jpg?resize=700%2C400 2x"},"classes":[]},{"id":8510,"url":"http:\/\/www.rockpixx.com\/wordpress\/kim-wilde-18-06-2012-kiel-ndr-buhne\/","url_meta":{"origin":11198,"position":3},"title":"Kim Wilde, 18.06.2012, Kiel, NDR-B\u00fchne","author":"Anja","date":"18. Juni 2012","format":false,"excerpt":"Kim Wilde, darauf hab ich mich schon die ganze Zeit gefreut, als es hie\u00df wir gehen zur Kieler Woche. Also habe ich die interne Pokermeisterschaft bei rockpixx.com gewonnen und durfte zu Kim Wilde auf der NDR-B\u00fchne. Als ich wie gewohnt f\u00fcr die Bilder in den Graben wollte, hie\u00df es von\u2026","rel":"","context":"In &quot;Acts&quot;","block_context":{"text":"Acts","link":"http:\/\/www.rockpixx.com\/wordpress\/category\/acts\/"},"img":{"alt_text":"Kim Wilde, 18.06.2012, Kiel, NDR-B\u00fchne","src":"https:\/\/i0.wp.com\/www.rockpixx.com\/wordpress\/wp-content\/uploads\/2013\/02\/20120618-04-kim-wilde-Artikel.jpg?resize=350%2C200","width":350,"height":200,"srcset":"https:\/\/i0.wp.com\/www.rockpixx.com\/wordpress\/wp-content\/uploads\/2013\/02\/20120618-04-kim-wilde-Artikel.jpg?resize=350%2C200 1x, https:\/\/i0.wp.com\/www.rockpixx.com\/wordpress\/wp-content\/uploads\/2013\/02\/20120618-04-kim-wilde-Artikel.jpg?resize=525%2C300 1.5x, https:\/\/i0.wp.com\/www.rockpixx.com\/wordpress\/wp-content\/uploads\/2013\/02\/20120618-04-kim-wilde-Artikel.jpg?resize=700%2C400 2x"},"classes":[]},{"id":6933,"url":"http:\/\/www.rockpixx.com\/wordpress\/hermes-house-band-25-06-2010-kiel-ndr-buhne\/","url_meta":{"origin":11198,"position":4},"title":"Hermes House Band, 25.06.2010, Kiel, NDR-B\u00fchne","author":"Anja","date":"25. Juni 2010","format":false,"excerpt":"\u201eEuropas beste Partyband\u201c \u2013 sp\u00e4testens, seitdem sie John Denver\u2019s \u201eCountry Rose\u201c recycled haben, kennt man sie als professionelle Lieferanten ausgelassener Partystimmung: Die Rede ist von der \u201eHermes House Band\u201c aus Holland. So auch auf der NDR-B\u00fchne: Schon mit den ersten Kl\u00e4ngen des Openers \u201eAmarillo\u201c war klar, dass auch hier wieder\u2026","rel":"","context":"In &quot;Acts&quot;","block_context":{"text":"Acts","link":"http:\/\/www.rockpixx.com\/wordpress\/category\/acts\/"},"img":{"alt_text":"Hermes House Band, 25.06.2010, Kiel, NDR-B\u00fchne","src":"https:\/\/i0.wp.com\/www.rockpixx.com\/wordpress\/wp-content\/uploads\/2013\/01\/20100625-02-hermes-house-band-Artikel.jpg?resize=350%2C200","width":350,"height":200,"srcset":"https:\/\/i0.wp.com\/www.rockpixx.com\/wordpress\/wp-content\/uploads\/2013\/01\/20100625-02-hermes-house-band-Artikel.jpg?resize=350%2C200 1x, https:\/\/i0.wp.com\/www.rockpixx.com\/wordpress\/wp-content\/uploads\/2013\/01\/20100625-02-hermes-house-band-Artikel.jpg?resize=525%2C300 1.5x, https:\/\/i0.wp.com\/www.rockpixx.com\/wordpress\/wp-content\/uploads\/2013\/01\/20100625-02-hermes-house-band-Artikel.jpg?resize=700%2C400 2x"},"classes":[]},{"id":6406,"url":"http:\/\/www.rockpixx.com\/wordpress\/quo-19-06-2010-kiel-ndr-buhne\/","url_meta":{"origin":11198,"position":5},"title":"Quo, 19.06.2010, Kiel, NDR-B\u00fchne","author":"Anja","date":"19. Juni 2010","format":false,"excerpt":"Irgendwie geh\u00f6ren die vier Jungs von \u201eQuo\u201c f\u00fcr uns auf der \u201eKieler Woche\u201c ja schon beinahe zum Inventar \u2013 egal auf welcher B\u00fchne. Dieses Jahr liefern sie also auf der NDR-B\u00fchne ihre Show und es f\u00fchlt sich \u2013 wie die Jahre zuvor \u2013 ebenfalls wieder richtig gut nach \u2192\u00a0\u201eStatus Quo\u201c\u2026","rel":"","context":"In &quot;Acts&quot;","block_context":{"text":"Acts","link":"http:\/\/www.rockpixx.com\/wordpress\/category\/acts\/"},"img":{"alt_text":"Quo, 19.06.2010, Kiel, NDR-B\u00fchne","src":"https:\/\/i0.wp.com\/www.rockpixx.com\/wordpress\/wp-content\/uploads\/2013\/01\/20100619-01-quo-Artikel.jpg?resize=350%2C200","width":350,"height":200,"srcset":"https:\/\/i0.wp.com\/www.rockpixx.com\/wordpress\/wp-content\/uploads\/2013\/01\/20100619-01-quo-Artikel.jpg?resize=350%2C200 1x, https:\/\/i0.wp.com\/www.rockpixx.com\/wordpress\/wp-content\/uploads\/2013\/01\/20100619-01-quo-Artikel.jpg?resize=525%2C300 1.5x, https:\/\/i0.wp.com\/www.rockpixx.com\/wordpress\/wp-content\/uploads\/2013\/01\/20100619-01-quo-Artikel.jpg?resize=700%2C400 2x"},"classes":[]}],"jetpack_sharing_enabled":true,"publishpress_future_action":{"enabled":false,"date":"2026-05-06 19:06:47","action":"change-status","newStatus":"draft","terms":[],"taxonomy":"category","extraData":[]},"publishpress_future_workflow_manual_trigger":{"enabledWorkflows":[]},"_links":{"self":[{"href":"http:\/\/www.rockpixx.com\/wordpress\/wp-json\/wp\/v2\/posts\/11198","targetHints":{"allow":["GET"]}}],"collection":[{"href":"http:\/\/www.rockpixx.com\/wordpress\/wp-json\/wp\/v2\/posts"}],"about":[{"href":"http:\/\/www.rockpixx.com\/wordpress\/wp-json\/wp\/v2\/types\/post"}],"author":[{"embeddable":true,"href":"http:\/\/www.rockpixx.com\/wordpress\/wp-json\/wp\/v2\/users\/2"}],"replies":[{"embeddable":true,"href":"http:\/\/www.rockpixx.com\/wordpress\/wp-json\/wp\/v2\/comments?post=11198"}],"version-history":[{"count":0,"href":"http:\/\/www.rockpixx.com\/wordpress\/wp-json\/wp\/v2\/posts\/11198\/revisions"}],"wp:featuredmedia":[{"embeddable":true,"href":"http:\/\/www.rockpixx.com\/wordpress\/wp-json\/wp\/v2\/media\/11200"}],"wp:attachment":[{"href":"http:\/\/www.rockpixx.com\/wordpress\/wp-json\/wp\/v2\/media?parent=11198"}],"wp:term":[{"taxonomy":"category","embeddable":true,"href":"http:\/\/www.rockpixx.com\/wordpress\/wp-json\/wp\/v2\/categories?post=11198"},{"taxonomy":"post_tag","embeddable":true,"href":"http:\/\/www.rockpixx.com\/wordpress\/wp-json\/wp\/v2\/tags?post=11198"}],"curies":[{"name":"wp","href":"https:\/\/api.w.org\/{rel}","templated":true}]}}