{"id":11256,"date":"2013-06-29T13:16:02","date_gmt":"2013-06-29T12:16:02","guid":{"rendered":"http:\/\/rockpixx.com\/wordpress\/?p=11256"},"modified":"2013-09-27T20:42:42","modified_gmt":"2013-09-27T19:42:42","slug":"stanfour-28-06-2013-kiel-ndr-buhne","status":"publish","type":"post","link":"http:\/\/www.rockpixx.com\/wordpress\/stanfour-28-06-2013-kiel-ndr-buhne\/","title":{"rendered":"Stanfour, 28.06.2013, Kiel, NDR-B\u00fchne"},"content":{"rendered":"<p>Der Arbeitstag im Graben begann f\u00fcr mich im dicksten Nebel, so dass ich mir w\u00fcnschte, ein Nebelhorn zur Hand zu haben. Ich konnte nicht mal mehr das Kamerapodest vom NDR sehen, obwohl ich nur einen knappen Meter davor gestanden habe. Zum Gl\u00fcck war etwas Wind, denn schlie\u00dflich sollte man ja auf der B\u00fchne \u201eStanfour\u201c sehen.<!--more--><\/p>\n<p>Die Musiker von der Insel F\u00f6hr stehen mittlerweile zum \u2192\u00a0<a title=\"Stanfour\" href=\"http:\/\/rockpixx.com\/wordpress\/category\/acts\/topacts\/top-s\/stanfour\/\"><b>vierten Mal<\/b><\/a> vor unseren Kameras. Zur Musik und zur Show gibt es nichts Neues zu berichten, was wir nicht schon in unseren bisherigen Reviews erw\u00e4hnt hatten\u2026 Musik und Show sind wie gewohnt gut. Das einzige was ich mir als Fotografin von den Musikern w\u00fcnschen w\u00fcrde, ist, dass sie sich \u00f6fters mal hinter den Mikros hervortrauen, denn mit dem \u201eMikro im Mund\u201c schaut doch jeder S\u00e4nger etwas seltsam aus.<\/p>\n<p style=\"text-align: right;\">Fotos: <a href=\"mailto:a.roselt@rockpixx.com\">Anja<\/a> | Text:\u00a0<a href=\"mailto:a.roselt@rockpixx.com\">Anja<\/a><\/p>\n<p style=\"text-align: left;\">[slideshow id=317]<\/p>\n","protected":false},"excerpt":{"rendered":"<p>Der Arbeitstag im Graben begann f\u00fcr mich im dicksten Nebel, so dass ich mir w\u00fcnschte, <a href=\"http:\/\/www.rockpixx.com\/wordpress\/stanfour-28-06-2013-kiel-ndr-buhne\/\">Read more<\/a><\/p>\n","protected":false},"author":2,"featured_media":11257,"comment_status":"open","ping_status":"open","sticky":false,"template":"","format":"standard","meta":{"_jetpack_memberships_contains_paid_content":false,"footnotes":"","jetpack_publicize_message":"#Stanfour, 28.06.2013, #Kiel, #NDR-B\u00fchne, #KielerWoche","jetpack_publicize_feature_enabled":true,"jetpack_social_post_already_shared":true,"jetpack_social_options":{"image_generator_settings":{"template":"highway","default_image_id":0,"font":"","enabled":false},"version":2}},"categories":[34,438],"tags":[2065,1285,1735,138,1775,1823],"class_list":["post-11256","post","type-post","status-publish","format-standard","has-post-thumbnail","hentry","category-acts","category-stanfour","tag-2065","tag-bundesvision-song-contest","tag-kiel","tag-kieler-woche","tag-ndr-buhne","tag-stanfour"],"aioseo_notices":[],"jetpack_publicize_connections":[],"jetpack_featured_media_url":"http:\/\/www.rockpixx.com\/wordpress\/wp-content\/uploads\/2013\/06\/20130628-02-013_stanfour-Artikel.jpg","jetpack-related-posts":[{"id":6919,"url":"http:\/\/www.rockpixx.com\/wordpress\/stanfour-25-06-2010-kiel-unser-norden-buhne\/","url_meta":{"origin":11256,"position":0},"title":"Stanfour, 25.06.2010, Kiel, Unser Norden-B\u00fchne","author":"Anja","date":"25. Juni 2010","format":false,"excerpt":"Gestern schon bei Milow dachte ich mehr Zuschauer passen nicht auf den Platz vor der \u201eUnser Norden-B\u00fchne\u201c, aber es ging mehr. Man sah nur noch K\u00f6pfe ringsherum, vor allem viel weibliches Publikum der j\u00fcngeren Semester, die dann auch kr\u00e4ftig und begeistert kreischten, als dann die Jungs von Stanfour p\u00fcnktlich auf\u2026","rel":"","context":"In &quot;Acts&quot;","block_context":{"text":"Acts","link":"http:\/\/www.rockpixx.com\/wordpress\/category\/acts\/"},"img":{"alt_text":"Stanfour, 25.06.2010, Kiel, Unser Norden-B\u00fchne","src":"https:\/\/i0.wp.com\/www.rockpixx.com\/wordpress\/wp-content\/uploads\/2013\/01\/20100625-01-stanfour-Artikel.jpg?resize=350%2C200","width":350,"height":200,"srcset":"https:\/\/i0.wp.com\/www.rockpixx.com\/wordpress\/wp-content\/uploads\/2013\/01\/20100625-01-stanfour-Artikel.jpg?resize=350%2C200 1x, https:\/\/i0.wp.com\/www.rockpixx.com\/wordpress\/wp-content\/uploads\/2013\/01\/20100625-01-stanfour-Artikel.jpg?resize=525%2C300 1.5x, https:\/\/i0.wp.com\/www.rockpixx.com\/wordpress\/wp-content\/uploads\/2013\/01\/20100625-01-stanfour-Artikel.jpg?resize=700%2C400 2x"},"classes":[]},{"id":5105,"url":"http:\/\/www.rockpixx.com\/wordpress\/stanfour-23-06-2009-kiel-schankwerk-buhne\/","url_meta":{"origin":11256,"position":1},"title":"Stanfour, 23.06.2009, Kiel, Schankwerk-B\u00fchne","author":"Anja","date":"23. Juni 2009","format":false,"excerpt":"Musik von der Nordseeinsel F\u00f6hr und dann noch in den Charts \u2013 geht das \u00fcberhaupt? Und wie das geht! Die f\u00fcnf Jungs von \u201eStanfour\u201c rocken auf der riesigen \u201eSchankwerk-B\u00fchne\u201c beeindruckend los und bringen auch schnell und mit sehr viel Spielfreude Chartbekanntes (\u201eFor all Lovers\u201c). Schade eigentlich, dass neben mir nur\u2026","rel":"","context":"In &quot;Acts&quot;","block_context":{"text":"Acts","link":"http:\/\/www.rockpixx.com\/wordpress\/category\/acts\/"},"img":{"alt_text":"Stanfour, 23.06.2009, Kiel, Schankwerk-B\u00fchne","src":"https:\/\/i0.wp.com\/www.rockpixx.com\/wordpress\/wp-content\/uploads\/2013\/01\/20090623-05-stanfour-Artikel.jpg?resize=350%2C200","width":350,"height":200,"srcset":"https:\/\/i0.wp.com\/www.rockpixx.com\/wordpress\/wp-content\/uploads\/2013\/01\/20090623-05-stanfour-Artikel.jpg?resize=350%2C200 1x, https:\/\/i0.wp.com\/www.rockpixx.com\/wordpress\/wp-content\/uploads\/2013\/01\/20090623-05-stanfour-Artikel.jpg?resize=525%2C300 1.5x, https:\/\/i0.wp.com\/www.rockpixx.com\/wordpress\/wp-content\/uploads\/2013\/01\/20090623-05-stanfour-Artikel.jpg?resize=700%2C400 2x"},"classes":[]},{"id":11353,"url":"http:\/\/www.rockpixx.com\/wordpress\/nena-30-06-2013-kiel-ndr-buhne-2\/","url_meta":{"origin":11256,"position":2},"title":"Nena, 30.06.2013, Kiel, NDR-B\u00fchne","author":"Anja","date":"1. Juli 2013","format":false,"excerpt":"Nena zum \u2192\u00a0zweiten Mal nach 2010 auf der Kieler Woche und auch diesmal berichten wir von diesem Konzert bzw. wir berichten vom ersten Song und zeigen die dazu geh\u00f6renden Bilder. Aber der Reihe nach. Das erste was mir auffiel, war die gro\u00dfe Nervosit\u00e4t der Security-Mitarbeiter an diesem Abend. Ob das\u2026","rel":"","context":"In &quot;Acts&quot;","block_context":{"text":"Acts","link":"http:\/\/www.rockpixx.com\/wordpress\/category\/acts\/"},"img":{"alt_text":"Nena, 30.06.2013, Kiel, NDR-B\u00fchne","src":"https:\/\/i0.wp.com\/www.rockpixx.com\/wordpress\/wp-content\/uploads\/2013\/07\/20130630-04-032_nena-Artikel.jpg?resize=350%2C200","width":350,"height":200,"srcset":"https:\/\/i0.wp.com\/www.rockpixx.com\/wordpress\/wp-content\/uploads\/2013\/07\/20130630-04-032_nena-Artikel.jpg?resize=350%2C200 1x, https:\/\/i0.wp.com\/www.rockpixx.com\/wordpress\/wp-content\/uploads\/2013\/07\/20130630-04-032_nena-Artikel.jpg?resize=525%2C300 1.5x, https:\/\/i0.wp.com\/www.rockpixx.com\/wordpress\/wp-content\/uploads\/2013\/07\/20130630-04-032_nena-Artikel.jpg?resize=700%2C400 2x"},"classes":[]},{"id":6437,"url":"http:\/\/www.rockpixx.com\/wordpress\/trez-hombrez-19-06-2010-kiel-ndr-buhne\/","url_meta":{"origin":11256,"position":3},"title":"Trez Hombrez, 19.06.2010, Kiel, NDR-B\u00fchne","author":"Anja","date":"19. Juni 2010","format":false,"excerpt":"Und dann der zweite Act auf der NDR-B\u00fchne: Die M\u00e4nner aus Texas mit den langen B\u00e4rten kommen! Nun gut, nicht wirklich die Orginale von \u201eZZ Top\u201c, sondern eine Tributeband namens \u201eTrez Hombrez\u201c aus Deutschland. Der Sound kommt recht druckvoll aus den Boxen und optisch kommt ebenfalls ZZ Top-Feeling auf. Insgesamt\u2026","rel":"","context":"In &quot;Acts&quot;","block_context":{"text":"Acts","link":"http:\/\/www.rockpixx.com\/wordpress\/category\/acts\/"},"img":{"alt_text":"Trez Hombrez, 19.06.2010, Kiel, NDR-B\u00fchne","src":"https:\/\/i0.wp.com\/www.rockpixx.com\/wordpress\/wp-content\/uploads\/2013\/01\/20100619-03-trez-hombrez-Artikel.jpg?resize=350%2C200","width":350,"height":200,"srcset":"https:\/\/i0.wp.com\/www.rockpixx.com\/wordpress\/wp-content\/uploads\/2013\/01\/20100619-03-trez-hombrez-Artikel.jpg?resize=350%2C200 1x, https:\/\/i0.wp.com\/www.rockpixx.com\/wordpress\/wp-content\/uploads\/2013\/01\/20100619-03-trez-hombrez-Artikel.jpg?resize=525%2C300 1.5x, https:\/\/i0.wp.com\/www.rockpixx.com\/wordpress\/wp-content\/uploads\/2013\/01\/20100619-03-trez-hombrez-Artikel.jpg?resize=700%2C400 2x"},"classes":[]},{"id":1004,"url":"http:\/\/www.rockpixx.com\/wordpress\/kieler-woche-2009-viele-gigs-und-halbzeit\/","url_meta":{"origin":11256,"position":4},"title":"Kieler Woche 2009 \u2013 viele Gigs und Halbzeit","author":"admin","date":"24. Juni 2009","format":false,"excerpt":"Boah schon Kieler Woche Halbzeit\u2026 Mensch wie die Zeit vergeht. Das mit dem Blog (Tagebuch) sollte man doch nicht wortw\u00f6rtlich nehmen. Wie ihr bei den Bildern schon gesehen habt, ist in den letzten Tagen einiges an Konzerten zusammengekommen und uns hat dadurch die Zeit gefehlt, hier im Blog etwas zu\u2026","rel":"","context":"In &quot;2009&quot;","block_context":{"text":"2009","link":"http:\/\/www.rockpixx.com\/wordpress\/category\/backstage\/2009\/"},"img":{"alt_text":"","src":"","width":0,"height":0},"classes":[]},{"id":8645,"url":"http:\/\/www.rockpixx.com\/wordpress\/mike-and-the-mechanics-24-06-2012-kiel-ndr-buhne\/","url_meta":{"origin":11256,"position":5},"title":"Mike and the Mechanics, 24.06.2012, Kiel, NDR-B\u00fchne","author":"Anja","date":"24. Juni 2012","format":false,"excerpt":"So, nass zur\u00fcck von der h\u00f6rn b\u00fchne, schnell backstage an der MAXB\u00fchne noch \u201eanother cup of coffee\u201c zu mir genommen und dann auf zu unserem Jubil\u00e4ums-Act Nummer 400: \u201eMike & the Mechanics\u201c sollen fotografiert werden. Also, los \u2013 \u201esilent running\u201c zwischen zwei Regenschauern zur NDR-B\u00fchne und eine riesige \u00dcberraschung erwartet\u2026","rel":"","context":"In &quot;Acts&quot;","block_context":{"text":"Acts","link":"http:\/\/www.rockpixx.com\/wordpress\/category\/acts\/"},"img":{"alt_text":"Mike and the Mechanics, 24.06.2012, Kiel, NDR-B\u00fchne","src":"https:\/\/i0.wp.com\/www.rockpixx.com\/wordpress\/wp-content\/uploads\/2013\/02\/20120624-03-mike-and-the-mechanics-Artikel.jpg?resize=350%2C200","width":350,"height":200,"srcset":"https:\/\/i0.wp.com\/www.rockpixx.com\/wordpress\/wp-content\/uploads\/2013\/02\/20120624-03-mike-and-the-mechanics-Artikel.jpg?resize=350%2C200 1x, https:\/\/i0.wp.com\/www.rockpixx.com\/wordpress\/wp-content\/uploads\/2013\/02\/20120624-03-mike-and-the-mechanics-Artikel.jpg?resize=525%2C300 1.5x, https:\/\/i0.wp.com\/www.rockpixx.com\/wordpress\/wp-content\/uploads\/2013\/02\/20120624-03-mike-and-the-mechanics-Artikel.jpg?resize=700%2C400 2x"},"classes":[]}],"jetpack_sharing_enabled":true,"publishpress_future_action":{"enabled":false,"date":"2026-05-06 19:06:58","action":"change-status","newStatus":"draft","terms":[],"taxonomy":"category","extraData":[]},"publishpress_future_workflow_manual_trigger":{"enabledWorkflows":[]},"_links":{"self":[{"href":"http:\/\/www.rockpixx.com\/wordpress\/wp-json\/wp\/v2\/posts\/11256","targetHints":{"allow":["GET"]}}],"collection":[{"href":"http:\/\/www.rockpixx.com\/wordpress\/wp-json\/wp\/v2\/posts"}],"about":[{"href":"http:\/\/www.rockpixx.com\/wordpress\/wp-json\/wp\/v2\/types\/post"}],"author":[{"embeddable":true,"href":"http:\/\/www.rockpixx.com\/wordpress\/wp-json\/wp\/v2\/users\/2"}],"replies":[{"embeddable":true,"href":"http:\/\/www.rockpixx.com\/wordpress\/wp-json\/wp\/v2\/comments?post=11256"}],"version-history":[{"count":0,"href":"http:\/\/www.rockpixx.com\/wordpress\/wp-json\/wp\/v2\/posts\/11256\/revisions"}],"wp:featuredmedia":[{"embeddable":true,"href":"http:\/\/www.rockpixx.com\/wordpress\/wp-json\/wp\/v2\/media\/11257"}],"wp:attachment":[{"href":"http:\/\/www.rockpixx.com\/wordpress\/wp-json\/wp\/v2\/media?parent=11256"}],"wp:term":[{"taxonomy":"category","embeddable":true,"href":"http:\/\/www.rockpixx.com\/wordpress\/wp-json\/wp\/v2\/categories?post=11256"},{"taxonomy":"post_tag","embeddable":true,"href":"http:\/\/www.rockpixx.com\/wordpress\/wp-json\/wp\/v2\/tags?post=11256"}],"curies":[{"name":"wp","href":"https:\/\/api.w.org\/{rel}","templated":true}]}}