{"id":11326,"date":"2013-07-01T22:19:05","date_gmt":"2013-07-01T21:19:05","guid":{"rendered":"http:\/\/rockpixx.com\/wordpress\/?p=11326"},"modified":"2013-08-22T21:06:07","modified_gmt":"2013-08-22T20:06:07","slug":"kieler-woche-tagebuch-2013-tag-10","status":"publish","type":"post","link":"http:\/\/www.rockpixx.com\/wordpress\/kieler-woche-tagebuch-2013-tag-10\/","title":{"rendered":"Kieler Woche Tagebuch 2013 | Tag 10"},"content":{"rendered":"<h2>Sonntag, 30.06.2013<\/h2>\n<p>Der letzte Abend auf der Kieler Woche 2013. Irgendwie ist es heute \u2013 im Vergleich zum Vortag \u2013 deutlich leerer in Kiel, die Massen werden erst zum Abschlussfeuerwerk in die Innenstandt an die Wasserkante str\u00f6men \u2013 das kennen wir schon.<\/p>\n<p>Zwei Locations werden heute noch von uns angesteuert, die MAXB\u00fchne und die NDR-B\u00fchne, auf letzterer ist Nena zu Gast. \u2192 <a title=\"Nena, 26.06.2010, Kiel, Unser Norden-B\u00fchne\" href=\"http:\/\/rockpixx.com\/wordpress\/nena-26-06-2010-kiel-unser-norden-buhne\/\">2010<\/a> hatten wir sie ja schon einmal vor den Kameras und waren nicht wirklich begeistert davon, dass die Zuschauer in den ersten sieben Reihen ermahnt wurden, ja ihre Kameras und Smartphones in den Taschen zu lassen. Dieses Mal wieder das gleiche \u00fcble Spiel mit den Fans. Hallo, Frau Gro\u00dfmutter Kerner? Geht\u2019s noch? Da stehen Kiddies, die Dich verehren, die mit ihrem Taschengeld Dein komfortables Leben erm\u00f6glichen und Du gehst so mit Menschen um, die im Alter Deiner eigenen Enkel sind? Prima!<!--more--><\/p>\n<p>Wir als Fotografen k\u00f6nnen damit leben, dass Du uns nur einen Song zum Fotografieren gestattest, aber was Du da mit Deinen Fans machst, das ist schon mehr als arrogant. \u00dcberlege einmal, wer Dich gro\u00df gemacht hat. Ohne Deine Fans w\u00fcrdest Du vermutlich heute als ganz normale Hausfrau irgendwo in Deutschland leben und sonnabends im TV \u201eThe Voice of Germany\u201c gucken und davon tr\u00e4umen, auch einmal ber\u00fchmt zu sein.<\/p>\n<p>Das zweite nennenswerte Ereignis dieses Tages hatten wir, als wir erfahren haben, dass unsere Freundschaftspreise f\u00fcr Bilder von Musikern \u201eviel zu teuer\u201c sind. Das haben uns nat\u00fcrlich die Musiker nicht direkt gesagt, sondern wir haben es indirekt zu h\u00f6ren bekommen. Aus diesem Grund probieren wir nun etwas ganz Neues und Revolution\u00e4res \u2013 vielleicht ist das ja ein gangbarer Weg f\u00fcr alle Beteiligten:<\/p>\n<h3>Ab sofort gibt\u2019s die Bilder des Gigs von \u2192 \u201e<b>The Crawling Minds<\/b>\u201c zum sensationellen St\u00fcckpreis von nur 3,60 \u20ac pro Bild in HighRes-Aufl\u00f6sung \u2013 und zwar alle beide! Dar\u00fcber hinaus bieten wie eine g\u00fcnstige 0%-Finanzierung in 36 bequemen Monatsraten an! Also schnell zugreifen, bevor diese Aktion am 31.05.2014 wieder endet. (Ausverkauft!)<\/h3>\n<p>Leider k\u00f6nnen wir aber dem anderen Musiker, der ein Bild in HighRes von sich haben wollte, immer noch nicht helfen. Er war der Meinung, dass er f\u00fcr einen Abzug in 60 x 40 im Elektronikmarkt ja auch nur 1,99 \u20ac bezahlen m\u00fcsste und von daher nicht bereit, f\u00fcr einen Abzug durch uns mehr zu bezahlen.<\/p>\n<p>Ach ja, sollte das Gesch\u00e4ftsmodell mit den Bildern f\u00fcr 3,60 \u20ac Erfolg haben, werden wir unsere Fotoausr\u00fcstung sofort dramatisch umstrukturieren.<\/p>\n<p>&nbsp;<\/p>\n","protected":false},"excerpt":{"rendered":"<p>Sonntag, 30.06.2013 Der letzte Abend auf der Kieler Woche 2013. Irgendwie ist es heute \u2013 <a href=\"http:\/\/www.rockpixx.com\/wordpress\/kieler-woche-tagebuch-2013-tag-10\/\">Read more<\/a><\/p>\n","protected":false},"author":1,"featured_media":11325,"comment_status":"open","ping_status":"open","sticky":false,"template":"","format":"standard","meta":{"_jetpack_memberships_contains_paid_content":false,"footnotes":"","jetpack_publicize_message":"Kieler Woche Tagebuch 2013 | Tag 10\r\n#KielerWoche #Tagebuch","jetpack_publicize_feature_enabled":true,"jetpack_social_post_already_shared":true,"jetpack_social_options":{"image_generator_settings":{"template":"highway","default_image_id":0,"font":"","enabled":false},"version":2}},"categories":[899,19],"tags":[2065,868],"class_list":["post-11326","post","type-post","status-publish","format-standard","has-post-thumbnail","hentry","category-899","category-backstage","tag-2065","tag-kieler-woche-tagebuch"],"aioseo_notices":[],"jetpack_publicize_connections":[],"jetpack_featured_media_url":"http:\/\/www.rockpixx.com\/wordpress\/wp-content\/uploads\/2013\/07\/20130621-00-017_KiWo-2013.jpg","jetpack-related-posts":[{"id":11078,"url":"http:\/\/www.rockpixx.com\/wordpress\/kieler-woche-tagebuch-2013-tag-1\/","url_meta":{"origin":11326,"position":0},"title":"Kieler Woche Tagebuch 2013 | Tag 1","author":"admin","date":"23. Juni 2013","format":false,"excerpt":"Moin, wie in den vergangenen Jahren, so werden wir auch dieses Mal wieder von Begebenheiten und Befindlichkeiten w\u00e4hrend der \u201eKieler Woche\u201c berichten. Also: Alles, was nicht unmittelbar mit Konzerten zu tun hat, landet dann hier in diesem \u2192 \u201eKieler Woche Tagebuch\u201c. Freitag, 21.06.2013 Erster Tag und keinen Umzugsstress und keine\u2026","rel":"","context":"In &quot;2013&quot;","block_context":{"text":"2013","link":"http:\/\/www.rockpixx.com\/wordpress\/category\/backstage\/2013\/"},"img":{"alt_text":"Kieler Woche 2013 | Impressionen","src":"https:\/\/i0.wp.com\/www.rockpixx.com\/wordpress\/wp-content\/uploads\/2013\/06\/20130621-00-001_KiWo-2013.jpg?resize=350%2C200","width":350,"height":200,"srcset":"https:\/\/i0.wp.com\/www.rockpixx.com\/wordpress\/wp-content\/uploads\/2013\/06\/20130621-00-001_KiWo-2013.jpg?resize=350%2C200 1x, https:\/\/i0.wp.com\/www.rockpixx.com\/wordpress\/wp-content\/uploads\/2013\/06\/20130621-00-001_KiWo-2013.jpg?resize=525%2C300 1.5x, https:\/\/i0.wp.com\/www.rockpixx.com\/wordpress\/wp-content\/uploads\/2013\/06\/20130621-00-001_KiWo-2013.jpg?resize=700%2C400 2x"},"classes":[]},{"id":8685,"url":"http:\/\/www.rockpixx.com\/wordpress\/es-geht-los-oder-wie-meine-kameras-zu-den-blauen-aufklebern-kamen\/","url_meta":{"origin":11326,"position":1},"title":"Es geht los oder \u201eWie meine Kameras zu den blauen Aufklebern kamen\u201c","author":"admin","date":"21. Juni 2008","format":false,"excerpt":"Sonnabend, 21.06.2008: Die \u201eKieler Woche\u201c beginnt immer offiziell mit der Er\u00f6ffnung auf dem Rathausmarkt durch die entsprechende Politprominenz. Dieses Jahr machen es Angela Merkel und der schleswig-holsteinische Ministerpr\u00e4sident Peter-Harry Carstensen. Daf\u00fcr ist sehr viel Polizei und Security vor der B\u00fchne unterwegs \u2013 dennoch kann mir keiner der Zust\u00e4ndigen im und\u2026","rel":"","context":"In &quot;2008&quot;","block_context":{"text":"2008","link":"http:\/\/www.rockpixx.com\/wordpress\/category\/backstage\/2008\/"},"img":{"alt_text":"Kieler Woche 2008","src":"https:\/\/i0.wp.com\/rockpixx.com\/wordpress\/wp-content\/uploads\/2013\/02\/20080621-019.jpg?resize=350%2C200","width":350,"height":200},"classes":[]},{"id":1022,"url":"http:\/\/www.rockpixx.com\/wordpress\/kieler-woche-tag-2\/","url_meta":{"origin":11326,"position":2},"title":"Kieler Woche, Tag 2","author":"admin","date":"20. Juni 2010","format":false,"excerpt":"Moin, so, die zweite Nacht mit Fotografieren um die Ohren geschlagen und den zweiten Tag mit Bildsichtung, -verschlagwortung und -bearbeitung gut \u00fcber die Runden gebracht. Gestern Nacht steppte in Kiel der B\u00e4r, \u201eHolstenbummel\u201c zur Er\u00f6ffnung der \u201eKieler Woche\u201c war angesagt. Neben einigen vern\u00fcnftigen Menschen waren auch ganz viele Deppen unterwegs,\u2026","rel":"","context":"In &quot;2010&quot;","block_context":{"text":"2010","link":"http:\/\/www.rockpixx.com\/wordpress\/category\/backstage\/2010\/"},"img":{"alt_text":"","src":"","width":0,"height":0},"classes":[]},{"id":46,"url":"http:\/\/www.rockpixx.com\/wordpress\/kieler-woche-arbeitsalltag\/","url_meta":{"origin":11326,"position":3},"title":"Kieler Woche: Arbeitsalltag","author":"admin","date":"25. Juni 2009","format":false,"excerpt":"So, gestern Abend also \u2192 Foreigner vor der \u00fcbervollen NDR-B\u00fchne und heute r\u00e4cht sich der Alltag, weil mehrere hundert Bilder von insgesamt f\u00fcnf Gigs gesichtet, aufpoliert, verschlagwortet und hochgeladen werden m\u00fcssen. So ein Fotografen-Arbeitstag auf der Kieler Woche hat durchschnittlich 16\u201317 Stunden. Das \u201ebi\u00dfchen Knipsen\u201c (so die landl\u00e4ufige Meinung im\u2026","rel":"","context":"In &quot;2009&quot;","block_context":{"text":"2009","link":"http:\/\/www.rockpixx.com\/wordpress\/category\/backstage\/2009\/"},"img":{"alt_text":"","src":"","width":0,"height":0},"classes":[]},{"id":1004,"url":"http:\/\/www.rockpixx.com\/wordpress\/kieler-woche-2009-viele-gigs-und-halbzeit\/","url_meta":{"origin":11326,"position":4},"title":"Kieler Woche 2009 \u2013 viele Gigs und Halbzeit","author":"admin","date":"24. Juni 2009","format":false,"excerpt":"Boah schon Kieler Woche Halbzeit\u2026 Mensch wie die Zeit vergeht. Das mit dem Blog (Tagebuch) sollte man doch nicht wortw\u00f6rtlich nehmen. Wie ihr bei den Bildern schon gesehen habt, ist in den letzten Tagen einiges an Konzerten zusammengekommen und uns hat dadurch die Zeit gefehlt, hier im Blog etwas zu\u2026","rel":"","context":"In &quot;2009&quot;","block_context":{"text":"2009","link":"http:\/\/www.rockpixx.com\/wordpress\/category\/backstage\/2009\/"},"img":{"alt_text":"","src":"","width":0,"height":0},"classes":[]},{"id":11304,"url":"http:\/\/www.rockpixx.com\/wordpress\/kieler-woche-tagebuch-2013-tag-9\/","url_meta":{"origin":11326,"position":5},"title":"Kieler Woche Tagebuch 2013 | Tag 9","author":"admin","date":"30. Juni 2013","format":false,"excerpt":"Sonnabend, 29.06.2013 Ein sch\u00fcchterner Sommertag deutet sich an und f\u00fcr heute stehen sechs Acts auf unserem Laufzettel: \u2192 \u201erOcklabirint\u201c, \u2192 \u201eSteamfly\u201c und \u2192 \u201ePurple Rising\u201c an der MAXB\u00fchne, \u2192 Johannes Oerding und und \u2192 Laith al Deen beim NDR sowie \u2192 \u201eABBA Cover\u201c an der h\u00f6rn b\u00fchne. Fangen wir mit\u2026","rel":"","context":"In &quot;2013&quot;","block_context":{"text":"2013","link":"http:\/\/www.rockpixx.com\/wordpress\/category\/backstage\/2013\/"},"img":{"alt_text":"Kieler Woche 2013, Impressionen","src":"https:\/\/i0.wp.com\/www.rockpixx.com\/wordpress\/wp-content\/uploads\/2013\/06\/20130629-00-014_KiWo-2013.jpg?resize=350%2C200","width":350,"height":200,"srcset":"https:\/\/i0.wp.com\/www.rockpixx.com\/wordpress\/wp-content\/uploads\/2013\/06\/20130629-00-014_KiWo-2013.jpg?resize=350%2C200 1x, https:\/\/i0.wp.com\/www.rockpixx.com\/wordpress\/wp-content\/uploads\/2013\/06\/20130629-00-014_KiWo-2013.jpg?resize=525%2C300 1.5x, https:\/\/i0.wp.com\/www.rockpixx.com\/wordpress\/wp-content\/uploads\/2013\/06\/20130629-00-014_KiWo-2013.jpg?resize=700%2C400 2x"},"classes":[]}],"jetpack_sharing_enabled":true,"publishpress_future_action":{"enabled":false,"date":"2026-05-08 05:24:35","action":"change-status","newStatus":"draft","terms":[],"taxonomy":"category","extraData":[]},"publishpress_future_workflow_manual_trigger":{"enabledWorkflows":[]},"_links":{"self":[{"href":"http:\/\/www.rockpixx.com\/wordpress\/wp-json\/wp\/v2\/posts\/11326","targetHints":{"allow":["GET"]}}],"collection":[{"href":"http:\/\/www.rockpixx.com\/wordpress\/wp-json\/wp\/v2\/posts"}],"about":[{"href":"http:\/\/www.rockpixx.com\/wordpress\/wp-json\/wp\/v2\/types\/post"}],"author":[{"embeddable":true,"href":"http:\/\/www.rockpixx.com\/wordpress\/wp-json\/wp\/v2\/users\/1"}],"replies":[{"embeddable":true,"href":"http:\/\/www.rockpixx.com\/wordpress\/wp-json\/wp\/v2\/comments?post=11326"}],"version-history":[{"count":0,"href":"http:\/\/www.rockpixx.com\/wordpress\/wp-json\/wp\/v2\/posts\/11326\/revisions"}],"wp:featuredmedia":[{"embeddable":true,"href":"http:\/\/www.rockpixx.com\/wordpress\/wp-json\/wp\/v2\/media\/11325"}],"wp:attachment":[{"href":"http:\/\/www.rockpixx.com\/wordpress\/wp-json\/wp\/v2\/media?parent=11326"}],"wp:term":[{"taxonomy":"category","embeddable":true,"href":"http:\/\/www.rockpixx.com\/wordpress\/wp-json\/wp\/v2\/categories?post=11326"},{"taxonomy":"post_tag","embeddable":true,"href":"http:\/\/www.rockpixx.com\/wordpress\/wp-json\/wp\/v2\/tags?post=11326"}],"curies":[{"name":"wp","href":"https:\/\/api.w.org\/{rel}","templated":true}]}}