{"id":11432,"date":"2013-07-08T17:24:22","date_gmt":"2013-07-08T16:24:22","guid":{"rendered":"http:\/\/rockpixx.com\/wordpress\/?p=11432"},"modified":"2013-07-08T17:27:08","modified_gmt":"2013-07-08T16:27:08","slug":"bbs-bunte-bass-saiten-volker-und-jorg-haben-mitgemacht","status":"publish","type":"post","link":"http:\/\/www.rockpixx.com\/wordpress\/bbs-bunte-bass-saiten-volker-und-jorg-haben-mitgemacht\/","title":{"rendered":"BBS (Bunte Bass-Saiten): Volker und J\u00f6rg haben mitgemacht!"},"content":{"rendered":"<p>So, abschlie\u00dfend zur diesj\u00e4hrigen \u201eKieler Woche\u201c bleibt noch festzustellen, dass sowohl Volker Kaminski von \u2192 \u201e<a title=\"MerQury, 24.06.2013, Kiel, MAXB\u00fchne\" href=\"http:\/\/rockpixx.com\/wordpress\/merqury-24-06-2013-kiel-maxbuhne\/\">MerQury<\/a>\u201c als auch J\u00f6rg Feser von \u2192 \u201e<a title=\"True Collins, 25.06.2013, Kiel, MAXB\u00fchne\" href=\"http:\/\/rockpixx.com\/wordpress\/true-collins-25-06-2013-kiel-maxbuhne\/\">True Collins<\/a>\u201c \u2192 <a title=\"Volker von MerQury macht\u2019s, J\u00f6rg von True Collins macht\u2019s \u2013 wer macht mit?\" href=\"http:\/\/rockpixx.com\/wordpress\/volker-von-merqury-machts-jorg-von-true-collins-machts-wer-macht-mit\/\">ihre Versprechen eingel\u00f6st<\/a> haben.<!--more--><\/p>\n<p>Beide traten mit extra gew\u00fcnschten farbigen Bass-Saiten auf der MAXB\u00fchne auf und lieferten mir die wunderbare Gelegenheit, die Galerie der exotischen (bzw. ungw\u00f6hnlich aufgepeppten) Instrumente ein wenig zu erweitern. Herzlichen Dank Euch beiden!<\/p>\n<p><img loading=\"lazy\" decoding=\"async\" data-attachment-id=\"11431\" data-permalink=\"http:\/\/www.rockpixx.com\/wordpress\/bbs-bunte-bass-saiten-volker-und-jorg-haben-mitgemacht\/20130704-bass-volker-kaminski\/\" data-orig-file=\"http:\/\/www.rockpixx.com\/wordpress\/wp-content\/uploads\/2013\/07\/20130704-Bass-Volker-Kaminski.jpg\" data-orig-size=\"1000,667\" data-comments-opened=\"0\" data-image-meta=\"{&quot;aperture&quot;:&quot;0&quot;,&quot;credit&quot;:&quot;&quot;,&quot;camera&quot;:&quot;&quot;,&quot;caption&quot;:&quot;&quot;,&quot;created_timestamp&quot;:&quot;0&quot;,&quot;copyright&quot;:&quot;&quot;,&quot;focal_length&quot;:&quot;0&quot;,&quot;iso&quot;:&quot;0&quot;,&quot;shutter_speed&quot;:&quot;0&quot;,&quot;title&quot;:&quot;&quot;}\" data-image-title=\"20130704-Bass-Volker-Kaminski\" data-image-description=\"&lt;p&gt;Bunte Bass-Saiten (Volker Kaminski, MerQury)&lt;\/p&gt;\n\" data-image-caption=\"\" data-large-file=\"http:\/\/www.rockpixx.com\/wordpress\/wp-content\/uploads\/2013\/07\/20130704-Bass-Volker-Kaminski.jpg\" class=\"alignnone size-full wp-image-11431\" alt=\"Bunte Bass-Saiten (Volker Kaminski, MerQury)\" src=\"http:\/\/rockpixx.com\/wordpress\/wp-content\/uploads\/2013\/07\/20130704-Bass-Volker-Kaminski.jpg\" width=\"1000\" height=\"667\" srcset=\"http:\/\/www.rockpixx.com\/wordpress\/wp-content\/uploads\/2013\/07\/20130704-Bass-Volker-Kaminski.jpg 1000w, http:\/\/www.rockpixx.com\/wordpress\/wp-content\/uploads\/2013\/07\/20130704-Bass-Volker-Kaminski-300x200.jpg 300w, http:\/\/www.rockpixx.com\/wordpress\/wp-content\/uploads\/2013\/07\/20130704-Bass-Volker-Kaminski-900x600.jpg 900w, http:\/\/www.rockpixx.com\/wordpress\/wp-content\/uploads\/2013\/07\/20130704-Bass-Volker-Kaminski-924x616.jpg 924w, http:\/\/www.rockpixx.com\/wordpress\/wp-content\/uploads\/2013\/07\/20130704-Bass-Volker-Kaminski-120x80.jpg 120w\" sizes=\"auto, (max-width: 1000px) 100vw, 1000px\" \/>Und weil&#8217;s so sch\u00f6n ist, h\u00e4nge ich hier auch noch ein Bild von Stig Pedersen von \u2192 <a title=\"D-A-D, 19.06.2012, Kiel, h\u00f6rn b\u00fchne\" href=\"http:\/\/rockpixx.com\/wordpress\/d-a-d-19-06-2012-kiel-horn-buhne\/\">D-A-D<\/a> dran, der ist auch so jemand, der gerne etwas ungew\u00f6hnlichere B\u00e4sse nutzt.<\/p>\n<p><img loading=\"lazy\" decoding=\"async\" data-attachment-id=\"11430\" data-permalink=\"http:\/\/www.rockpixx.com\/wordpress\/bbs-bunte-bass-saiten-volker-und-jorg-haben-mitgemacht\/20130704-bass-stig-pedersen\/\" data-orig-file=\"http:\/\/www.rockpixx.com\/wordpress\/wp-content\/uploads\/2013\/07\/20130704-Bass-Stig-Pedersen.jpg\" data-orig-size=\"1000,667\" data-comments-opened=\"0\" data-image-meta=\"{&quot;aperture&quot;:&quot;0&quot;,&quot;credit&quot;:&quot;&quot;,&quot;camera&quot;:&quot;&quot;,&quot;caption&quot;:&quot;&quot;,&quot;created_timestamp&quot;:&quot;0&quot;,&quot;copyright&quot;:&quot;&quot;,&quot;focal_length&quot;:&quot;0&quot;,&quot;iso&quot;:&quot;0&quot;,&quot;shutter_speed&quot;:&quot;0&quot;,&quot;title&quot;:&quot;&quot;}\" data-image-title=\"20130704-Bass-Stig-Pedersen\" data-image-description=\"&lt;p&gt;Bunte Bass-Saiten (Stig Pedersen, D-A-D)&lt;\/p&gt;\n\" data-image-caption=\"\" data-large-file=\"http:\/\/www.rockpixx.com\/wordpress\/wp-content\/uploads\/2013\/07\/20130704-Bass-Stig-Pedersen.jpg\" class=\"alignnone size-full wp-image-11430\" alt=\"Bunte Bass-Saiten (Stig Pedersen, D-A-D)\" src=\"http:\/\/rockpixx.com\/wordpress\/wp-content\/uploads\/2013\/07\/20130704-Bass-Stig-Pedersen.jpg\" width=\"1000\" height=\"667\" srcset=\"http:\/\/www.rockpixx.com\/wordpress\/wp-content\/uploads\/2013\/07\/20130704-Bass-Stig-Pedersen.jpg 1000w, http:\/\/www.rockpixx.com\/wordpress\/wp-content\/uploads\/2013\/07\/20130704-Bass-Stig-Pedersen-300x200.jpg 300w, http:\/\/www.rockpixx.com\/wordpress\/wp-content\/uploads\/2013\/07\/20130704-Bass-Stig-Pedersen-900x600.jpg 900w, http:\/\/www.rockpixx.com\/wordpress\/wp-content\/uploads\/2013\/07\/20130704-Bass-Stig-Pedersen-924x616.jpg 924w, http:\/\/www.rockpixx.com\/wordpress\/wp-content\/uploads\/2013\/07\/20130704-Bass-Stig-Pedersen-120x80.jpg 120w\" sizes=\"auto, (max-width: 1000px) 100vw, 1000px\" \/><\/p>\n","protected":false},"excerpt":{"rendered":"<p>So, abschlie\u00dfend zur diesj\u00e4hrigen \u201eKieler Woche\u201c bleibt noch festzustellen, dass sowohl Volker Kaminski von \u2192 <a href=\"http:\/\/www.rockpixx.com\/wordpress\/bbs-bunte-bass-saiten-volker-und-jorg-haben-mitgemacht\/\">Read more<\/a><\/p>\n","protected":false},"author":1,"featured_media":11429,"comment_status":"open","ping_status":"open","sticky":false,"template":"","format":"standard","meta":{"_jetpack_memberships_contains_paid_content":false,"footnotes":"","jetpack_publicize_message":"BBS #BunteBassSaiten: Volker und J\u00f6rg haben mitgemacht!","jetpack_publicize_feature_enabled":true,"jetpack_social_post_already_shared":true,"jetpack_social_options":{"image_generator_settings":{"template":"highway","default_image_id":0,"font":"","enabled":false},"version":2}},"categories":[899,19],"tags":[2065,1081,1082,1996,868,1754,1186,1825],"class_list":["post-11432","post","type-post","status-publish","format-standard","has-post-thumbnail","hentry","category-899","category-backstage","tag-2065","tag-bass","tag-bunte-saiten","tag-d-a-d","tag-kieler-woche-tagebuch","tag-merqury","tag-outfit","tag-true-collins"],"aioseo_notices":[],"jetpack_publicize_connections":[],"jetpack_featured_media_url":"http:\/\/www.rockpixx.com\/wordpress\/wp-content\/uploads\/2013\/07\/20130704-Bass-Joerg-Feser.jpg","jetpack-related-posts":[{"id":10428,"url":"http:\/\/www.rockpixx.com\/wordpress\/volker-von-merqury-machts-jorg-von-true-collins-machts-wer-macht-mit\/","url_meta":{"origin":11432,"position":0},"title":"Volker von MerQury macht&#8217;s, J\u00f6rg von True Collins macht&#8217;s \u2013 wer macht mit?","author":"admin","date":"25. April 2013","format":false,"excerpt":"Moin, komische \u00dcberschrift, oder? Also: Am 20.04.2013 haben wir ja MerQury fotografiert (Bilder kommen noch) und mit den Jungs backstage nett geplaudert. Dabei kamen wir auch noch einmal auf Musikinstrumente und im Speziellen auf B\u00e4sse zu sprechen. Und ganz schnell war Volker in seinem Element und hat begeistert erz\u00e4hlt, dass\u2026","rel":"","context":"In &quot;2013&quot;","block_context":{"text":"2013","link":"http:\/\/www.rockpixx.com\/wordpress\/category\/backstage\/2013\/"},"img":{"alt_text":"MerQury, 22.06.2011, Kiel, MAXB\u00fchne","src":"https:\/\/i0.wp.com\/www.rockpixx.com\/wordpress\/wp-content\/uploads\/2013\/02\/20110622-04-merqury-Artikel.jpg?resize=350%2C200","width":350,"height":200,"srcset":"https:\/\/i0.wp.com\/www.rockpixx.com\/wordpress\/wp-content\/uploads\/2013\/02\/20110622-04-merqury-Artikel.jpg?resize=350%2C200 1x, https:\/\/i0.wp.com\/www.rockpixx.com\/wordpress\/wp-content\/uploads\/2013\/02\/20110622-04-merqury-Artikel.jpg?resize=525%2C300 1.5x, https:\/\/i0.wp.com\/www.rockpixx.com\/wordpress\/wp-content\/uploads\/2013\/02\/20110622-04-merqury-Artikel.jpg?resize=700%2C400 2x"},"classes":[]},{"id":18329,"url":"http:\/\/www.rockpixx.com\/wordpress\/merqury-22-06-2015-kieler-woche-netuse-buehne-kiel\/","url_meta":{"origin":11432,"position":1},"title":"MerQury, 22.06.2015, Kieler Woche, NetUSE-B\u00fchne, Kiel","author":"Anja","date":"23. Juni 2015","format":false,"excerpt":"Tja\u2026 ein bemerkenswerter Tag neigt sich dem Ende zu. Bemerkenswert aus dem Grund, weil heute die stylischen Irrungen und Wirrungen kein Ende nehmen wollen. Die \u2192 Mireille Mathieu-Gedenkfrisur zu Beginn des Abends war ja schon grenzwertig, jetzt wird\u2019s allerdings hart! \u201eMerQury\u201c haben ihren Streit vom letzten Jahr (wir und die\u2026","rel":"","context":"In &quot;Acts&quot;","block_context":{"text":"Acts","link":"http:\/\/www.rockpixx.com\/wordpress\/category\/acts\/"},"img":{"alt_text":"MerQury, 22.06.2015, NetUSE-B\u00fchne, Kiel","src":"https:\/\/i0.wp.com\/www.rockpixx.com\/wordpress\/wp-content\/uploads\/2015\/06\/20150622-04-064_merqury_Artikel.jpg?resize=350%2C200","width":350,"height":200,"srcset":"https:\/\/i0.wp.com\/www.rockpixx.com\/wordpress\/wp-content\/uploads\/2015\/06\/20150622-04-064_merqury_Artikel.jpg?resize=350%2C200 1x, https:\/\/i0.wp.com\/www.rockpixx.com\/wordpress\/wp-content\/uploads\/2015\/06\/20150622-04-064_merqury_Artikel.jpg?resize=525%2C300 1.5x, https:\/\/i0.wp.com\/www.rockpixx.com\/wordpress\/wp-content\/uploads\/2015\/06\/20150622-04-064_merqury_Artikel.jpg?resize=700%2C400 2x"},"classes":[]},{"id":11132,"url":"http:\/\/www.rockpixx.com\/wordpress\/merqury-24-06-2013-kiel-maxbuhne\/","url_meta":{"origin":11432,"position":2},"title":"MerQury, 24.06.2013, Kiel, MAXB\u00fchne","author":"Anja","date":"25. Juni 2013","format":false,"excerpt":"Es muss Hochsommer sein. Schon wieder ein Musiker barfu\u00df! Nach \u2192 Eddy Monrow vorhin jetzt auch noch Norbert von \u201eMerQury\u201c! Er ist allerdings entschuldigt: Nicht etwa, weil er keinen \u201eFlower Punk\u201c spielt, sondern, weil er eine ganz fiese Schnittwunde an dem einen Fu\u00df hat und von daher einfach keine Schuhe\u2026","rel":"","context":"In &quot;Acts&quot;","block_context":{"text":"Acts","link":"http:\/\/www.rockpixx.com\/wordpress\/category\/acts\/"},"img":{"alt_text":"","src":"https:\/\/i0.wp.com\/www.rockpixx.com\/wordpress\/wp-content\/uploads\/2013\/06\/20130624-02-101_merqury-Artikel.jpg?resize=350%2C200","width":350,"height":200,"srcset":"https:\/\/i0.wp.com\/www.rockpixx.com\/wordpress\/wp-content\/uploads\/2013\/06\/20130624-02-101_merqury-Artikel.jpg?resize=350%2C200 1x, https:\/\/i0.wp.com\/www.rockpixx.com\/wordpress\/wp-content\/uploads\/2013\/06\/20130624-02-101_merqury-Artikel.jpg?resize=525%2C300 1.5x, https:\/\/i0.wp.com\/www.rockpixx.com\/wordpress\/wp-content\/uploads\/2013\/06\/20130624-02-101_merqury-Artikel.jpg?resize=700%2C400 2x"},"classes":[]},{"id":7932,"url":"http:\/\/www.rockpixx.com\/wordpress\/merqury-22-06-2011-kiel-maxbuhne\/","url_meta":{"origin":11432,"position":3},"title":"MerQury, 22.06.2011, Kiel, MAXB\u00fchne","author":"Anja","date":"22. Juni 2011","format":false,"excerpt":"Und nun zum Abschluss des Wolkenbruchabends steht der Fotograf ganz alleine auf der MAXB\u00fchne \u2013 die Fotografin ist kurz vorher klatschnass ohne Bilder von \u201eJuli\u201c und \u201eSlade\u201c nach Hause gefahren. Nun ja, so ganz allein stehe ich im Wolkenbruch zum Gl\u00fcck dann doch nicht da, schlie\u00dflich sind die f\u00fcnf Musiker\u2026","rel":"","context":"In &quot;Acts&quot;","block_context":{"text":"Acts","link":"http:\/\/www.rockpixx.com\/wordpress\/category\/acts\/"},"img":{"alt_text":"MerQury, 22.06.2011, Kiel, MAXB\u00fchne","src":"https:\/\/i0.wp.com\/www.rockpixx.com\/wordpress\/wp-content\/uploads\/2013\/02\/20110622-04-merqury-Artikel.jpg?resize=350%2C200","width":350,"height":200,"srcset":"https:\/\/i0.wp.com\/www.rockpixx.com\/wordpress\/wp-content\/uploads\/2013\/02\/20110622-04-merqury-Artikel.jpg?resize=350%2C200 1x, https:\/\/i0.wp.com\/www.rockpixx.com\/wordpress\/wp-content\/uploads\/2013\/02\/20110622-04-merqury-Artikel.jpg?resize=525%2C300 1.5x, https:\/\/i0.wp.com\/www.rockpixx.com\/wordpress\/wp-content\/uploads\/2013\/02\/20110622-04-merqury-Artikel.jpg?resize=700%2C400 2x"},"classes":[]},{"id":18642,"url":"http:\/\/www.rockpixx.com\/wordpress\/merqury-24-06-2015-kieler-woche-hoern-buehne-kiel\/","url_meta":{"origin":11432,"position":4},"title":"MerQury, 24.06.2015, Kieler Woche, H\u00f6rn-B\u00fchne, Kiel","author":"Anja","date":"25. Juni 2015","format":false,"excerpt":"Kieler Woche und \u201eMerQury\u201c die Zweite \u2013 nach dem Auftritt am \u2192 Montag auf der NetUSE-B\u00fchne erleben wir heute die Musiker auf der H\u00f6rn-B\u00fchne vor einem gro\u00dfen und begeisterten Publikum. W\u00e4hrend wir Backstage warteten, weil Anastacia noch auf der B\u00fchne war, versprach ich Johnny, Falk, Volker und Norbert diesmal das\u2026","rel":"","context":"In &quot;Acts&quot;","block_context":{"text":"Acts","link":"http:\/\/www.rockpixx.com\/wordpress\/category\/acts\/"},"img":{"alt_text":"MerQury, H\u00f6rn-B\u00fchne, Kiel, 24.06.2015","src":"https:\/\/i0.wp.com\/www.rockpixx.com\/wordpress\/wp-content\/uploads\/2015\/06\/20150624-02-415_merqury_Artikel.jpg?resize=350%2C200","width":350,"height":200,"srcset":"https:\/\/i0.wp.com\/www.rockpixx.com\/wordpress\/wp-content\/uploads\/2015\/06\/20150624-02-415_merqury_Artikel.jpg?resize=350%2C200 1x, https:\/\/i0.wp.com\/www.rockpixx.com\/wordpress\/wp-content\/uploads\/2015\/06\/20150624-02-415_merqury_Artikel.jpg?resize=525%2C300 1.5x, https:\/\/i0.wp.com\/www.rockpixx.com\/wordpress\/wp-content\/uploads\/2015\/06\/20150624-02-415_merqury_Artikel.jpg?resize=700%2C400 2x"},"classes":[]},{"id":11157,"url":"http:\/\/www.rockpixx.com\/wordpress\/true-collins-25-06-2013-kiel-maxbuhne\/","url_meta":{"origin":11432,"position":5},"title":"True Collins, 25.06.2013, Kiel, MAXB\u00fchne","author":"Anja","date":"26. Juni 2013","format":false,"excerpt":"Seit 2009 geh\u00f6ren \u201eTrue Collins\u201c zum festen Bestandteil des Programmes auf der MAXB\u00fchne. So habe ich diese Band also auch 2013 wieder vor den Kameras und \u2013 das sei vorab schon einmal angemerkt \u2013 sie werden immer besser. Mit ihrem neuen Keyboarder sind sie zum ersten Mal in Kiel zu\u2026","rel":"","context":"In &quot;Acts&quot;","block_context":{"text":"Acts","link":"http:\/\/www.rockpixx.com\/wordpress\/category\/acts\/"},"img":{"alt_text":"","src":"https:\/\/i0.wp.com\/www.rockpixx.com\/wordpress\/wp-content\/uploads\/2013\/06\/20130625-03-013_true-collins-Artikel.jpg?resize=350%2C200","width":350,"height":200,"srcset":"https:\/\/i0.wp.com\/www.rockpixx.com\/wordpress\/wp-content\/uploads\/2013\/06\/20130625-03-013_true-collins-Artikel.jpg?resize=350%2C200 1x, https:\/\/i0.wp.com\/www.rockpixx.com\/wordpress\/wp-content\/uploads\/2013\/06\/20130625-03-013_true-collins-Artikel.jpg?resize=525%2C300 1.5x, https:\/\/i0.wp.com\/www.rockpixx.com\/wordpress\/wp-content\/uploads\/2013\/06\/20130625-03-013_true-collins-Artikel.jpg?resize=700%2C400 2x"},"classes":[]}],"jetpack_sharing_enabled":true,"publishpress_future_action":{"enabled":false,"date":"2026-05-08 05:24:35","action":"change-status","newStatus":"draft","terms":[],"taxonomy":"category","extraData":[]},"publishpress_future_workflow_manual_trigger":{"enabledWorkflows":[]},"_links":{"self":[{"href":"http:\/\/www.rockpixx.com\/wordpress\/wp-json\/wp\/v2\/posts\/11432","targetHints":{"allow":["GET"]}}],"collection":[{"href":"http:\/\/www.rockpixx.com\/wordpress\/wp-json\/wp\/v2\/posts"}],"about":[{"href":"http:\/\/www.rockpixx.com\/wordpress\/wp-json\/wp\/v2\/types\/post"}],"author":[{"embeddable":true,"href":"http:\/\/www.rockpixx.com\/wordpress\/wp-json\/wp\/v2\/users\/1"}],"replies":[{"embeddable":true,"href":"http:\/\/www.rockpixx.com\/wordpress\/wp-json\/wp\/v2\/comments?post=11432"}],"version-history":[{"count":0,"href":"http:\/\/www.rockpixx.com\/wordpress\/wp-json\/wp\/v2\/posts\/11432\/revisions"}],"wp:featuredmedia":[{"embeddable":true,"href":"http:\/\/www.rockpixx.com\/wordpress\/wp-json\/wp\/v2\/media\/11429"}],"wp:attachment":[{"href":"http:\/\/www.rockpixx.com\/wordpress\/wp-json\/wp\/v2\/media?parent=11432"}],"wp:term":[{"taxonomy":"category","embeddable":true,"href":"http:\/\/www.rockpixx.com\/wordpress\/wp-json\/wp\/v2\/categories?post=11432"},{"taxonomy":"post_tag","embeddable":true,"href":"http:\/\/www.rockpixx.com\/wordpress\/wp-json\/wp\/v2\/tags?post=11432"}],"curies":[{"name":"wp","href":"https:\/\/api.w.org\/{rel}","templated":true}]}}