{"id":11542,"date":"2013-07-11T18:08:08","date_gmt":"2013-07-11T17:08:08","guid":{"rendered":"http:\/\/rockpixx.com\/wordpress\/?p=11542"},"modified":"2013-07-11T18:08:08","modified_gmt":"2013-07-11T17:08:08","slug":"menderes-dsds-openair-06-07-2013-soltau-heide-park-resort","status":"publish","type":"post","link":"http:\/\/www.rockpixx.com\/wordpress\/menderes-dsds-openair-06-07-2013-soltau-heide-park-resort\/","title":{"rendered":"Menderes, DSDS OpenAir, 06.07.2013, Soltau, Heide Park Resort"},"content":{"rendered":"<p>Menderes ist langsam dabei, \u201eseinen pers\u00f6nlichen Stil\u201c zu finden \u2013 so erscheint es uns. Wirkte er \u2192\u00a0<a title=\"Menderes (DSDS), 14.07.2012, Eckernf\u00f6rde, S\u00fcdstrand\" href=\"http:\/\/rockpixx.com\/wordpress\/menderes-dsds-14-07-2012-eckernforde-sudstrand\/\">2012 in Eckernf\u00f6rde<\/a> noch ein wenig sch\u00fcchtern, so tritt er dieses Mal \u2013 zumindest auf der B\u00fchne \u2013 schon mit deutlich mehr Selbstbewusstsein vor die gut 15.000-k\u00f6pfige Menge und singt und tanzt sich die Seele aus dem Leib.<!--more--><\/p>\n<p>\u00c4u\u00dfere Anzeichen der Ver\u00e4nderung sind unter anderem dunkle \u201eRockstar-Sonnenbrille\u201c, etwas k\u00fcrzere und straff nach hinten geknotete Haare, eine wei\u00dfe Jacke mit Glitzernieten am Kragen sowie eine durchaus ansehnliche Tanzperformance. Die Menge dankt es ihm und selbst Pop-Titan Dieter Bohlen bescheinigt ihm in der Anmoderation, auf einem guten Weg zu sein. Uns gef\u00e4llt\u2019s ebenfalls, was wir da sehen und h\u00f6ren: Menderes ist zwar kein Weltstar, aber von einigen \u201eSuperstars\u201c kann er sich durch aus positiv absetzen.<\/p>\n<p style=\"text-align: right;\">Fotos:\u00a0<a href=\"mailto:a.roselt@rockpixx.com\">Anja<\/a>,\u00a0<a href=\"mailto:info@rockpixx.com\">Alex<\/a>\u00a0| Text:\u00a0<a href=\"mailto:info@rockpixx.com\">Alex<\/a><\/p>\n<p style=\"text-align: left;\">[slideshow id=341]<\/p>\n","protected":false},"excerpt":{"rendered":"<p>Menderes ist langsam dabei, \u201eseinen pers\u00f6nlichen Stil\u201c zu finden \u2013 so erscheint es uns. Wirkte <a href=\"http:\/\/www.rockpixx.com\/wordpress\/menderes-dsds-openair-06-07-2013-soltau-heide-park-resort\/\">Read more<\/a><\/p>\n","protected":false},"author":2,"featured_media":11543,"comment_status":"open","ping_status":"open","sticky":false,"template":"","format":"standard","meta":{"_jetpack_memberships_contains_paid_content":false,"footnotes":"","jetpack_publicize_message":"#Menderes, #DSDSOpenAir, 06.07.2013, #Soltau, #HeideParkResort","jetpack_publicize_feature_enabled":true,"jetpack_social_post_already_shared":true,"jetpack_social_options":{"image_generator_settings":{"template":"highway","default_image_id":0,"font":"","enabled":false},"version":2}},"categories":[34,654],"tags":[2065,876,2202,2013,2077],"class_list":["post-11542","post","type-post","status-publish","format-standard","has-post-thumbnail","hentry","category-acts","category-menderes","tag-2065","tag-dsds-superstar-open-air","tag-heide-park-resort","tag-menderes","tag-soltau"],"aioseo_notices":[],"jetpack_publicize_connections":[],"jetpack_featured_media_url":"http:\/\/www.rockpixx.com\/wordpress\/wp-content\/uploads\/2013\/07\/20130706-10-025_menderes-Artikel.jpg","jetpack-related-posts":[{"id":11555,"url":"http:\/\/www.rockpixx.com\/wordpress\/luca-hanni-dsds-openair-06-07-2013-soltau-heide-park-resort\/","url_meta":{"origin":11542,"position":0},"title":"Luca H\u00e4nni, DSDS OpenAir, 06.07.2013, Soltau, Heide Park Resort","author":"Anja","date":"12. Juli 2013","format":false,"excerpt":"Schweizer haben Spa\u00df und machen Spa\u00df und haben eine gute Figur! Das ist das kurz gefasste Statement zum Vorjahressieger Luca H\u00e4nni. Wir konnten ihn ja schon letztes Jahr als den aktuellen Sieger der gerade abgelaufenen Staffel \u2192\u00a0auf der B\u00fchne erleben und waren durchaus angetan von ihm. Wirkte er damals mitunter\u2026","rel":"","context":"In &quot;Acts&quot;","block_context":{"text":"Acts","link":"http:\/\/www.rockpixx.com\/wordpress\/category\/acts\/"},"img":{"alt_text":"","src":"https:\/\/i0.wp.com\/www.rockpixx.com\/wordpress\/wp-content\/uploads\/2013\/07\/20130706-12-020_luca-haenni-Artikel.jpg?resize=350%2C200","width":350,"height":200,"srcset":"https:\/\/i0.wp.com\/www.rockpixx.com\/wordpress\/wp-content\/uploads\/2013\/07\/20130706-12-020_luca-haenni-Artikel.jpg?resize=350%2C200 1x, https:\/\/i0.wp.com\/www.rockpixx.com\/wordpress\/wp-content\/uploads\/2013\/07\/20130706-12-020_luca-haenni-Artikel.jpg?resize=525%2C300 1.5x, https:\/\/i0.wp.com\/www.rockpixx.com\/wordpress\/wp-content\/uploads\/2013\/07\/20130706-12-020_luca-haenni-Artikel.jpg?resize=700%2C400 2x"},"classes":[]},{"id":8754,"url":"http:\/\/www.rockpixx.com\/wordpress\/menderes-dsds-14-07-2012-eckernforde-sudstrand\/","url_meta":{"origin":11542,"position":1},"title":"Menderes (DSDS), 14.07.2012, Eckernf\u00f6rde, S\u00fcdstrand","author":"Anja","date":"14. Juli 2012","format":false,"excerpt":"Der dritte K\u00fcnstler an diesem Nachmittag war Menderes. Nach vielen Versuchen bei den Castings zu DSDS schaffte es Menderes leider nie zu den Recalls und der Verdacht kommt beim Zuschauer auf, dass hier ein Musiker systematisch zum \u201eLoser\u201c der Staffeln gemacht worden ist. Was uns aber dann auf der B\u00fchne\u2026","rel":"","context":"In &quot;Acts&quot;","block_context":{"text":"Acts","link":"http:\/\/www.rockpixx.com\/wordpress\/category\/acts\/"},"img":{"alt_text":"Menderes (DSDS), 14.07.2012, Eckernf\u00f6rde, S\u00fcdstrand","src":"https:\/\/i0.wp.com\/www.rockpixx.com\/wordpress\/wp-content\/uploads\/2013\/02\/20120714-03-menderes-bagci-Artikel.jpg?resize=350%2C200","width":350,"height":200,"srcset":"https:\/\/i0.wp.com\/www.rockpixx.com\/wordpress\/wp-content\/uploads\/2013\/02\/20120714-03-menderes-bagci-Artikel.jpg?resize=350%2C200 1x, https:\/\/i0.wp.com\/www.rockpixx.com\/wordpress\/wp-content\/uploads\/2013\/02\/20120714-03-menderes-bagci-Artikel.jpg?resize=525%2C300 1.5x, https:\/\/i0.wp.com\/www.rockpixx.com\/wordpress\/wp-content\/uploads\/2013\/02\/20120714-03-menderes-bagci-Artikel.jpg?resize=700%2C400 2x"},"classes":[]},{"id":11532,"url":"http:\/\/www.rockpixx.com\/wordpress\/pietro-lombardi-dsds-openair-06-07-2013-soltau-heide-park-resort\/","url_meta":{"origin":11542,"position":2},"title":"Pietro Lombardi, DSDS OpenAir, 06.07.2013, Soltau, Heide Park Resort","author":"Anja","date":"11. Juli 2013","format":false,"excerpt":"Der Sieger der Staffel von 2011 tritt nach seiner Frau Sarah Engels und vor dem Duett mit ihr alleine auf die B\u00fchne. Der L\u00e4rmpegel vor der B\u00fchne steigt kontinuierlich an und er genie\u00dft es sichtbar. Die Show als solche ist durchaus ok, Pietro Lombardi zeigt, dass er sich inmitten von\u2026","rel":"","context":"In &quot;Acts&quot;","block_context":{"text":"Acts","link":"http:\/\/www.rockpixx.com\/wordpress\/category\/acts\/"},"img":{"alt_text":"","src":"https:\/\/i0.wp.com\/www.rockpixx.com\/wordpress\/wp-content\/uploads\/2013\/07\/20130706-08-026_pietro-lombardi-Artikel.jpg?resize=350%2C200","width":350,"height":200,"srcset":"https:\/\/i0.wp.com\/www.rockpixx.com\/wordpress\/wp-content\/uploads\/2013\/07\/20130706-08-026_pietro-lombardi-Artikel.jpg?resize=350%2C200 1x, https:\/\/i0.wp.com\/www.rockpixx.com\/wordpress\/wp-content\/uploads\/2013\/07\/20130706-08-026_pietro-lombardi-Artikel.jpg?resize=525%2C300 1.5x, https:\/\/i0.wp.com\/www.rockpixx.com\/wordpress\/wp-content\/uploads\/2013\/07\/20130706-08-026_pietro-lombardi-Artikel.jpg?resize=700%2C400 2x"},"classes":[]},{"id":11515,"url":"http:\/\/www.rockpixx.com\/wordpress\/der-checker-dsds-openair-06-07-2013-soltau-heide-park-resort\/","url_meta":{"origin":11542,"position":3},"title":"Der Checker, DSDS OpenAir, 06.07.2013, Soltau, Heide Park Resort","author":"Anja","date":"9. Juli 2013","format":false,"excerpt":"Man muss ihn nicht m\u00f6gen, man kann seine Musik (eigentlich nur ein Song, doch davon sp\u00e4ter mehr) ebenfalls gruselig finden, aber eines muss man ihm lassen: Er versteht es, sein Publikum anzuheizen und permanent kurz vor dem \u00dcberhitzen zu halten. \u201eDer Checker\u201c ist eine Rampensau par excellence und das ist\u2026","rel":"","context":"In &quot;Acts&quot;","block_context":{"text":"Acts","link":"http:\/\/www.rockpixx.com\/wordpress\/category\/acts\/"},"img":{"alt_text":"","src":"https:\/\/i0.wp.com\/www.rockpixx.com\/wordpress\/wp-content\/uploads\/2013\/07\/20130706-04-096_der-checker-Artikel.jpg?resize=350%2C200","width":350,"height":200,"srcset":"https:\/\/i0.wp.com\/www.rockpixx.com\/wordpress\/wp-content\/uploads\/2013\/07\/20130706-04-096_der-checker-Artikel.jpg?resize=350%2C200 1x, https:\/\/i0.wp.com\/www.rockpixx.com\/wordpress\/wp-content\/uploads\/2013\/07\/20130706-04-096_der-checker-Artikel.jpg?resize=525%2C300 1.5x, https:\/\/i0.wp.com\/www.rockpixx.com\/wordpress\/wp-content\/uploads\/2013\/07\/20130706-04-096_der-checker-Artikel.jpg?resize=700%2C400 2x"},"classes":[]},{"id":11547,"url":"http:\/\/www.rockpixx.com\/wordpress\/daniele-negroni-dsds-openair-06-07-2013-soltau-heide-park-resort\/","url_meta":{"origin":11542,"position":4},"title":"Daniele Negroni, DSDS OpenAir, 06.07.2013, Soltau, Heide Park Resort","author":"Anja","date":"11. Juli 2013","format":false,"excerpt":"Und dann die \u201ecoole Socke vom Dienst\u201c: Daniele Negroni betritt die B\u00fchne. Ist er aufgrund seiner Frisur eigentlich schon nicht zu \u00fcbersehen, so bewirkt sp\u00e4testens der nun folgende Kreisch-Alarm der ersten 3.895 Reihen auf dem Gel\u00e4nde etwas Aufmerksamkeit. Nach meiner pers\u00f6nlichen Einsch\u00e4tzung hat das Publikum bei Daniele einen Lautst\u00e4rkepegel erreicht,\u2026","rel":"","context":"In &quot;Acts&quot;","block_context":{"text":"Acts","link":"http:\/\/www.rockpixx.com\/wordpress\/category\/acts\/"},"img":{"alt_text":"","src":"https:\/\/i0.wp.com\/www.rockpixx.com\/wordpress\/wp-content\/uploads\/2013\/07\/20130706-11-195_daniele-negroni-Artikel.jpg?resize=350%2C200","width":350,"height":200,"srcset":"https:\/\/i0.wp.com\/www.rockpixx.com\/wordpress\/wp-content\/uploads\/2013\/07\/20130706-11-195_daniele-negroni-Artikel.jpg?resize=350%2C200 1x, https:\/\/i0.wp.com\/www.rockpixx.com\/wordpress\/wp-content\/uploads\/2013\/07\/20130706-11-195_daniele-negroni-Artikel.jpg?resize=525%2C300 1.5x, https:\/\/i0.wp.com\/www.rockpixx.com\/wordpress\/wp-content\/uploads\/2013\/07\/20130706-11-195_daniele-negroni-Artikel.jpg?resize=700%2C400 2x"},"classes":[]},{"id":11565,"url":"http:\/\/www.rockpixx.com\/wordpress\/beatric-egli-dsds-openair-06-07-2013-soltau-heide-park-resort\/","url_meta":{"origin":11542,"position":5},"title":"Beatrice Egli, DSDS OpenAir, 06.07.2013, Soltau, Heide Park Resort","author":"Anja","date":"12. Juli 2013","format":false,"excerpt":"Das Ende ist nah! Also das Ende der Veranstaltung, nat\u00fcrlich. Vom Ende der Kultur oder gar vom Untergang des Abendlandes kann nat\u00fcrlich nicht die Rede sein, hat uns Nutzer der deutschen Sprache doch eine Schweizerin gerettet, indem sie deutsche Schlager singt. Die \u201eneue deutsche Schlagerprinzessin\u201c Beatrice Egli steht zum Abschluss\u2026","rel":"","context":"In &quot;Acts&quot;","block_context":{"text":"Acts","link":"http:\/\/www.rockpixx.com\/wordpress\/category\/acts\/"},"img":{"alt_text":"","src":"https:\/\/i0.wp.com\/www.rockpixx.com\/wordpress\/wp-content\/uploads\/2013\/07\/20130706-14-041_beatrice-egli-Artikel.jpg?resize=350%2C200","width":350,"height":200,"srcset":"https:\/\/i0.wp.com\/www.rockpixx.com\/wordpress\/wp-content\/uploads\/2013\/07\/20130706-14-041_beatrice-egli-Artikel.jpg?resize=350%2C200 1x, https:\/\/i0.wp.com\/www.rockpixx.com\/wordpress\/wp-content\/uploads\/2013\/07\/20130706-14-041_beatrice-egli-Artikel.jpg?resize=525%2C300 1.5x, https:\/\/i0.wp.com\/www.rockpixx.com\/wordpress\/wp-content\/uploads\/2013\/07\/20130706-14-041_beatrice-egli-Artikel.jpg?resize=700%2C400 2x"},"classes":[]}],"jetpack_sharing_enabled":true,"publishpress_future_action":{"enabled":false,"date":"2026-05-07 01:45:19","action":"change-status","newStatus":"draft","terms":[],"taxonomy":"category","extraData":[]},"publishpress_future_workflow_manual_trigger":{"enabledWorkflows":[]},"_links":{"self":[{"href":"http:\/\/www.rockpixx.com\/wordpress\/wp-json\/wp\/v2\/posts\/11542","targetHints":{"allow":["GET"]}}],"collection":[{"href":"http:\/\/www.rockpixx.com\/wordpress\/wp-json\/wp\/v2\/posts"}],"about":[{"href":"http:\/\/www.rockpixx.com\/wordpress\/wp-json\/wp\/v2\/types\/post"}],"author":[{"embeddable":true,"href":"http:\/\/www.rockpixx.com\/wordpress\/wp-json\/wp\/v2\/users\/2"}],"replies":[{"embeddable":true,"href":"http:\/\/www.rockpixx.com\/wordpress\/wp-json\/wp\/v2\/comments?post=11542"}],"version-history":[{"count":0,"href":"http:\/\/www.rockpixx.com\/wordpress\/wp-json\/wp\/v2\/posts\/11542\/revisions"}],"wp:featuredmedia":[{"embeddable":true,"href":"http:\/\/www.rockpixx.com\/wordpress\/wp-json\/wp\/v2\/media\/11543"}],"wp:attachment":[{"href":"http:\/\/www.rockpixx.com\/wordpress\/wp-json\/wp\/v2\/media?parent=11542"}],"wp:term":[{"taxonomy":"category","embeddable":true,"href":"http:\/\/www.rockpixx.com\/wordpress\/wp-json\/wp\/v2\/categories?post=11542"},{"taxonomy":"post_tag","embeddable":true,"href":"http:\/\/www.rockpixx.com\/wordpress\/wp-json\/wp\/v2\/tags?post=11542"}],"curies":[{"name":"wp","href":"https:\/\/api.w.org\/{rel}","templated":true}]}}