{"id":11616,"date":"2013-07-24T11:40:55","date_gmt":"2013-07-24T10:40:55","guid":{"rendered":"http:\/\/rockpixx.com\/wordpress\/?p=11616"},"modified":"2013-07-24T11:40:55","modified_gmt":"2013-07-24T10:40:55","slug":"funeral-for-a-friend19-07-2013-deichbrand-festival-nordholz","status":"publish","type":"post","link":"http:\/\/www.rockpixx.com\/wordpress\/funeral-for-a-friend19-07-2013-deichbrand-festival-nordholz\/","title":{"rendered":"Funeral for a Friend,19.07.2013, Deichbrand Festival, Nordholz"},"content":{"rendered":"<p>\u201eFuneral for a Friend\u201c pr\u00e4sentieren sich laut und hart auf der Waterstage am fr\u00fchen Nachmittag. Wer bis jetzt noch schlummernd in Morpheus Armen lag, der sollte nun sp\u00e4testens wach sein. Britischer Hardcore-Alternativ-Rock geht in den Bauch.<!--more--><\/p>\n<p>Dass die Musiker es\u00a0 verstehen das Publikum anzuheizen, wissen einige Bands zu sch\u00e4tzen. So begleiteten \u201eFuneral for a Friend\u201c unter anderem \u201eLinkin Park\u201c und \u2192\u201e<a title=\"Bullet for my Valentine, 22.07.2011, Nordholz, Deichbrand Festival\" href=\"http:\/\/rockpixx.com\/wordpress\/bullet-for-my-valentine-22-07-2011-nordholz-deichbrand-festival\/\">Bullet for my Valentine<\/a><b>\u201c<\/b> als Support bei deren Touren.<\/p>\n<p align=\"right\">Fotos: <a href=\"mailto:info@rockpixx.com?subject=Funeral%20for%20a%20Friend,%2019.07.2013,%20Deichbrand%20Festival,%20Nordholz\">Alex<\/a>, <a href=\"mailto:a.roselt@rockpixx.com?subject=Funeral%20for%20a%20Friend,%2019.07.2013,%20Deichbrand%20Festival,%20Nordholz\">Anja<\/a> | Text: <a href=\"mailto:a.roselt@rockpixx.com?subject=Funeral%20for%20a%20Friend,%2019.07.2013,%20Deichbrand%20Festival,%20Nordholz\">Anja<\/a><\/p>\n<p style=\"text-align: left;\" align=\"right\">\n<p style=\"text-align: left;\" align=\"right\">[slideshow id=350]<\/p>\n","protected":false},"excerpt":{"rendered":"<p>\u201eFuneral for a Friend\u201c pr\u00e4sentieren sich laut und hart auf der Waterstage am fr\u00fchen Nachmittag. <a href=\"http:\/\/www.rockpixx.com\/wordpress\/funeral-for-a-friend19-07-2013-deichbrand-festival-nordholz\/\">Read more<\/a><\/p>\n","protected":false},"author":2,"featured_media":11617,"comment_status":"open","ping_status":"open","sticky":false,"template":"","format":"standard","meta":{"_jetpack_memberships_contains_paid_content":false,"footnotes":"","jetpack_publicize_message":"#FuneralForAFriend,19.07.2013, #DeichbrandFestival, #Nordholz","jetpack_publicize_feature_enabled":true,"jetpack_social_post_already_shared":true,"jetpack_social_options":{"image_generator_settings":{"template":"highway","default_image_id":0,"font":"","enabled":false},"version":2}},"categories":[34,1208],"tags":[2065,844,133,2216,2058],"class_list":["post-11616","post","type-post","status-publish","format-standard","has-post-thumbnail","hentry","category-acts","category-funeral-for-a-friend","tag-2065","tag-deichbrand-festival","tag-festivals","tag-funeral-for-a-friend","tag-nordholz"],"aioseo_notices":[],"jetpack_publicize_connections":[],"jetpack_featured_media_url":"http:\/\/www.rockpixx.com\/wordpress\/wp-content\/uploads\/2013\/07\/20130719-02-061_ffaf-Artikel.jpg","jetpack-related-posts":[{"id":8847,"url":"http:\/\/www.rockpixx.com\/wordpress\/regicide-22-07-2012-nordholz-deichbrand-festival\/","url_meta":{"origin":11616,"position":0},"title":"Regicide, 22.07.2012, Nordholz, Deichbrand Festival","author":"Anja","date":"22. Juli 2012","format":false,"excerpt":"Wer jetzt noch nicht wach sein sollte, der verpasst definitiv etwas: \u201eRegicide\u201c spielen auf der \u201eFire Stage\u201c. Eyecatcher sind gleich mehrere Bandmitglieder: Die Violinistin, die S\u00e4ngerin (mehr als der S\u00e4nger), der Bassist und der Gitarrist. Vom Sound her l\u00e4sst sich das eigentlich nur mit \u201epomp\u00f6s \u2013 melodisch \u2013 metallisch\u201c beschreiben,\u2026","rel":"","context":"In &quot;Acts&quot;","block_context":{"text":"Acts","link":"http:\/\/www.rockpixx.com\/wordpress\/category\/acts\/"},"img":{"alt_text":"Regicide, 22.07.2012, Nordholz, Deichbrand Festival","src":"https:\/\/i0.wp.com\/www.rockpixx.com\/wordpress\/wp-content\/uploads\/2013\/02\/20120722-03-regicide-Artikel.jpg?resize=350%2C200","width":350,"height":200,"srcset":"https:\/\/i0.wp.com\/www.rockpixx.com\/wordpress\/wp-content\/uploads\/2013\/02\/20120722-03-regicide-Artikel.jpg?resize=350%2C200 1x, https:\/\/i0.wp.com\/www.rockpixx.com\/wordpress\/wp-content\/uploads\/2013\/02\/20120722-03-regicide-Artikel.jpg?resize=525%2C300 1.5x, https:\/\/i0.wp.com\/www.rockpixx.com\/wordpress\/wp-content\/uploads\/2013\/02\/20120722-03-regicide-Artikel.jpg?resize=700%2C400 2x"},"classes":[]},{"id":8091,"url":"http:\/\/www.rockpixx.com\/wordpress\/juli-22-07-2011-nordholz-deichbrand-festival\/","url_meta":{"origin":11616,"position":1},"title":"Juli, 22.07.2011, Nordholz, Deichbrand Festival","author":"Anja","date":"22. Juli 2011","format":false,"excerpt":"Irgendwie ist es schon witzig: Da tr\u00e4gt eine tolle Band so einen sommerlichen Namen und dann s\u00e4uft im Juni unsere Fotografin vor der NDR-B\u00fchne in Kiel w\u00e4hrend der \u201eKieler Woche 2011\u201c im Regen ab und bringt keine Bilder vom Auftritt mit. Und was passiert dem Fotografen im Juli 2011 mit\u2026","rel":"","context":"In &quot;Acts&quot;","block_context":{"text":"Acts","link":"http:\/\/www.rockpixx.com\/wordpress\/category\/acts\/"},"img":{"alt_text":"Juli, 22.07.2011, Nordholz, Deichbrand Festival","src":"https:\/\/i0.wp.com\/www.rockpixx.com\/wordpress\/wp-content\/uploads\/2013\/02\/20110722-05-juli-Artikel.jpg?resize=350%2C200","width":350,"height":200,"srcset":"https:\/\/i0.wp.com\/www.rockpixx.com\/wordpress\/wp-content\/uploads\/2013\/02\/20110722-05-juli-Artikel.jpg?resize=350%2C200 1x, https:\/\/i0.wp.com\/www.rockpixx.com\/wordpress\/wp-content\/uploads\/2013\/02\/20110722-05-juli-Artikel.jpg?resize=525%2C300 1.5x, https:\/\/i0.wp.com\/www.rockpixx.com\/wordpress\/wp-content\/uploads\/2013\/02\/20110722-05-juli-Artikel.jpg?resize=700%2C400 2x"},"classes":[]},{"id":8104,"url":"http:\/\/www.rockpixx.com\/wordpress\/bullet-for-my-valentine-22-07-2011-nordholz-deichbrand-festival\/","url_meta":{"origin":11616,"position":2},"title":"Bullet for my Valentine, 22.07.2011, Nordholz, Deichbrand Festival","author":"Anja","date":"22. Juli 2011","format":false,"excerpt":"Und dann der absolute Mainact des ersten Abends: \u201eBullet for my Valentine\u201c stehen auf der B\u00fchne. Im Graben wird\u2019s (nach dem mittlerweile obligatorischen Hineinbegleiten) beim \u201ebetreuten Fotografieren\u201c noch enger, im Publikum noch hitziger, bei der Security noch nerv\u00f6ser und vom Himmel her noch nasser. Auf der B\u00fchne ist\u2019s hell, aber\u2026","rel":"","context":"In &quot;Acts&quot;","block_context":{"text":"Acts","link":"http:\/\/www.rockpixx.com\/wordpress\/category\/acts\/"},"img":{"alt_text":"Bullet for my Valentine, 22.07.2011, Nordholz, Deichbrand Festival","src":"https:\/\/i0.wp.com\/www.rockpixx.com\/wordpress\/wp-content\/uploads\/2013\/02\/20110722-09-bullet-for-my-valentine-Artikel.jpg?resize=350%2C200","width":350,"height":200,"srcset":"https:\/\/i0.wp.com\/www.rockpixx.com\/wordpress\/wp-content\/uploads\/2013\/02\/20110722-09-bullet-for-my-valentine-Artikel.jpg?resize=350%2C200 1x, https:\/\/i0.wp.com\/www.rockpixx.com\/wordpress\/wp-content\/uploads\/2013\/02\/20110722-09-bullet-for-my-valentine-Artikel.jpg?resize=525%2C300 1.5x, https:\/\/i0.wp.com\/www.rockpixx.com\/wordpress\/wp-content\/uploads\/2013\/02\/20110722-09-bullet-for-my-valentine-Artikel.jpg?resize=700%2C400 2x"},"classes":[]},{"id":8852,"url":"http:\/\/www.rockpixx.com\/wordpress\/russkaja-22-07-2012-nordholz-deichbrand-festival\/","url_meta":{"origin":11616,"position":3},"title":"Russkaja, 22.07.2012, Nordholz, Deichbrand Festival","author":"Anja","date":"22. Juli 2012","format":false,"excerpt":"Ivan Rebroff auf Ecstasy? So kommt einem der Frontmann von \u201eRusskaja\u201c im ersten Augenblick vor. Was da auf der B\u00fchne vor mir abgeht, das ist der russische Wahnsinn. Russisch kost\u00fcmierte Musiker mit Blasinstrumenten zum zus\u00e4tzlichen \u201enormalen\u201c Equipment einer Rockband plus (wieder einmal) eine Violinistin und besagter Frontmann bringen den ganz\u2026","rel":"","context":"In &quot;Acts&quot;","block_context":{"text":"Acts","link":"http:\/\/www.rockpixx.com\/wordpress\/category\/acts\/"},"img":{"alt_text":"Russkaja, 22.07.2012, Nordholz, Deichbrand Festival","src":"https:\/\/i0.wp.com\/www.rockpixx.com\/wordpress\/wp-content\/uploads\/2013\/02\/20120722-04-russkaja-Artikel.jpg?resize=350%2C200","width":350,"height":200,"srcset":"https:\/\/i0.wp.com\/www.rockpixx.com\/wordpress\/wp-content\/uploads\/2013\/02\/20120722-04-russkaja-Artikel.jpg?resize=350%2C200 1x, https:\/\/i0.wp.com\/www.rockpixx.com\/wordpress\/wp-content\/uploads\/2013\/02\/20120722-04-russkaja-Artikel.jpg?resize=525%2C300 1.5x, https:\/\/i0.wp.com\/www.rockpixx.com\/wordpress\/wp-content\/uploads\/2013\/02\/20120722-04-russkaja-Artikel.jpg?resize=700%2C400 2x"},"classes":[]},{"id":8878,"url":"http:\/\/www.rockpixx.com\/wordpress\/the-subways-22-07-2012-nordholz-deichbrand-festival\/","url_meta":{"origin":11616,"position":4},"title":"The Subways, 22.07.2012, Nordholz, Deichbrand Festival","author":"Anja","date":"22. Juli 2012","format":false,"excerpt":"Das diesj\u00e4hrige Deichbrand-Festival n\u00e4hert sich dem Ende. Als letzter Act auf der \u201eWater Stage\u201c stehen \u201eThe Subways\u201c auf der B\u00fchne \u2013 erstaunlich, was zwei Br\u00fcder (g, dr) und eine Bassistin f\u00fcr eine Action machen k\u00f6nnen und was die f\u00fcr einen fetten Sound hervorbringen\u2026 Apropos \u201eBassistin\u201c: Was Charlotte Cooper da hinlegt,\u2026","rel":"","context":"In &quot;Acts&quot;","block_context":{"text":"Acts","link":"http:\/\/www.rockpixx.com\/wordpress\/category\/acts\/"},"img":{"alt_text":"The Subways, 22.07.2012, Nordholz, Deichbrand Festival","src":"https:\/\/i0.wp.com\/www.rockpixx.com\/wordpress\/wp-content\/uploads\/2013\/02\/20120722-10-the-subways-Artikel.jpg?resize=350%2C200","width":350,"height":200,"srcset":"https:\/\/i0.wp.com\/www.rockpixx.com\/wordpress\/wp-content\/uploads\/2013\/02\/20120722-10-the-subways-Artikel.jpg?resize=350%2C200 1x, https:\/\/i0.wp.com\/www.rockpixx.com\/wordpress\/wp-content\/uploads\/2013\/02\/20120722-10-the-subways-Artikel.jpg?resize=525%2C300 1.5x, https:\/\/i0.wp.com\/www.rockpixx.com\/wordpress\/wp-content\/uploads\/2013\/02\/20120722-10-the-subways-Artikel.jpg?resize=700%2C400 2x"},"classes":[]},{"id":8831,"url":"http:\/\/www.rockpixx.com\/wordpress\/oomph-21-07-2012-nordholz-deichbrand-festival\/","url_meta":{"origin":11616,"position":5},"title":"OOMPH!, 21.07.2012, Nordholz, Deichbrand Festival","author":"Anja","date":"21. Juli 2012","format":false,"excerpt":"Hat der Joker aus \u201eBatman\u201c einen neuen Anzug? Ist der Matrose da vorne auf der B\u00fchne vielleicht ein Bruder des \u201eJokers\u201c? Und was machen die ganzen anderen Matrosen da auf der B\u00fchne? Liegt da vielleicht ein Gro\u00dfsegler auf Reede und die Besatzung hat Landgang? Fragen \u00fcber Fragen\u2026 Die Antwort ist\u2026","rel":"","context":"In &quot;Acts&quot;","block_context":{"text":"Acts","link":"http:\/\/www.rockpixx.com\/wordpress\/category\/acts\/"},"img":{"alt_text":"OOMPH!, 21.07.2012, Nordholz, Deichbrand Festival","src":"https:\/\/i0.wp.com\/www.rockpixx.com\/wordpress\/wp-content\/uploads\/2013\/02\/20120721-09-oomph-Artikel.jpg?resize=350%2C200","width":350,"height":200,"srcset":"https:\/\/i0.wp.com\/www.rockpixx.com\/wordpress\/wp-content\/uploads\/2013\/02\/20120721-09-oomph-Artikel.jpg?resize=350%2C200 1x, https:\/\/i0.wp.com\/www.rockpixx.com\/wordpress\/wp-content\/uploads\/2013\/02\/20120721-09-oomph-Artikel.jpg?resize=525%2C300 1.5x, https:\/\/i0.wp.com\/www.rockpixx.com\/wordpress\/wp-content\/uploads\/2013\/02\/20120721-09-oomph-Artikel.jpg?resize=700%2C400 2x"},"classes":[]}],"jetpack_sharing_enabled":true,"publishpress_future_action":{"enabled":false,"date":"2026-05-06 13:01:02","action":"change-status","newStatus":"draft","terms":[],"taxonomy":"category","extraData":[]},"publishpress_future_workflow_manual_trigger":{"enabledWorkflows":[]},"_links":{"self":[{"href":"http:\/\/www.rockpixx.com\/wordpress\/wp-json\/wp\/v2\/posts\/11616","targetHints":{"allow":["GET"]}}],"collection":[{"href":"http:\/\/www.rockpixx.com\/wordpress\/wp-json\/wp\/v2\/posts"}],"about":[{"href":"http:\/\/www.rockpixx.com\/wordpress\/wp-json\/wp\/v2\/types\/post"}],"author":[{"embeddable":true,"href":"http:\/\/www.rockpixx.com\/wordpress\/wp-json\/wp\/v2\/users\/2"}],"replies":[{"embeddable":true,"href":"http:\/\/www.rockpixx.com\/wordpress\/wp-json\/wp\/v2\/comments?post=11616"}],"version-history":[{"count":0,"href":"http:\/\/www.rockpixx.com\/wordpress\/wp-json\/wp\/v2\/posts\/11616\/revisions"}],"wp:featuredmedia":[{"embeddable":true,"href":"http:\/\/www.rockpixx.com\/wordpress\/wp-json\/wp\/v2\/media\/11617"}],"wp:attachment":[{"href":"http:\/\/www.rockpixx.com\/wordpress\/wp-json\/wp\/v2\/media?parent=11616"}],"wp:term":[{"taxonomy":"category","embeddable":true,"href":"http:\/\/www.rockpixx.com\/wordpress\/wp-json\/wp\/v2\/categories?post=11616"},{"taxonomy":"post_tag","embeddable":true,"href":"http:\/\/www.rockpixx.com\/wordpress\/wp-json\/wp\/v2\/tags?post=11616"}],"curies":[{"name":"wp","href":"https:\/\/api.w.org\/{rel}","templated":true}]}}