{"id":11625,"date":"2013-07-24T12:22:25","date_gmt":"2013-07-24T11:22:25","guid":{"rendered":"http:\/\/rockpixx.com\/wordpress\/?p=11625"},"modified":"2013-09-27T20:43:08","modified_gmt":"2013-09-27T19:43:08","slug":"bosse-19-07-2013-deichbrand-festival-nordholz","status":"publish","type":"post","link":"http:\/\/www.rockpixx.com\/wordpress\/bosse-19-07-2013-deichbrand-festival-nordholz\/","title":{"rendered":"Bosse, 19.07.2013, Deichbrand Festival, Nordholz"},"content":{"rendered":"<p>Axel Bosse und Band kurz \u201eBosse\u201c genannt treffen wir von rockpixx.com zum \u2192\u00a0<a title=\"Bosse, 23.07.2011, Nordholz, Deichbrand Festival\" href=\"http:\/\/rockpixx.com\/wordpress\/bosse-23-07-2011-nordholz-deichbrand-festival\/\">zweiten Mal auf dem Deichbrand<\/a> und insgesamt zum \u2192\u00a0<a title=\"Bosse, 23.06.2011, Kiel, NDR-B\u00fchne\" href=\"http:\/\/rockpixx.com\/wordpress\/bosse-23-06-2011-kiel-ndr-buhne\/\">dritten Mal<\/a>. Ein junger deutscher Songwriter, der dem staubigen Image der Songwriter mit einer erfrischende B\u00fchnenshow, tiefsinnigen Texten und lebendig klingender Musik Beine gemacht hat.<!--more--><\/p>\n<p>Hier zeigt sich wieder einmal, dass sich die deutsche Sprache durchaus mit Noten vertr\u00e4gt \u2013 ohne gleich in die Herz-Schmerz-Welt des deutschen Schlagers abzugleiten. Konzerte mit \u201eBosse\u201c werden auch in Zukunft immer noch Spa\u00df und Unterhaltung bringen.<\/p>\n<p>Im Vorfeld \u00fcberlegten wir, ob Axel Bosse wieder in den Graben springt, um Tuchf\u00fchlung mit seinem Publikum aufzunehmen\u2026 und er tat es! Auch daf\u00fcr liebt ihn sein Publikum (und die ihn begleitenden Fotografen nat\u00fcrlich auch).<\/p>\n<p align=\"right\">Fotos: <a href=\"mailto:info@rockpixx.com?subject=Bosse,%2019.07.2013,%20Deichbrand%20Festival,%20Nordholz\">Alex<\/a>, <a href=\"mailto:a.roselt@rockpixx.com?subject=Bosse,%2019.07.2013,%20Deichbrand%20Festival,%20Nordholz\">Anja<\/a> | Text : <a href=\"mailto:a.roselt@rockpixx.com?subject=Bosse,%2019.07.2013,%20Deichbrand%20Festival,%20Nordholz\">Anja<\/a><\/p>\n<p style=\"text-align: left;\" align=\"right\">[nggallery id=352]<\/p>\n","protected":false},"excerpt":{"rendered":"<p>Axel Bosse und Band kurz \u201eBosse\u201c genannt treffen wir von rockpixx.com zum \u2192\u00a0zweiten Mal auf <a href=\"http:\/\/www.rockpixx.com\/wordpress\/bosse-19-07-2013-deichbrand-festival-nordholz\/\">Read more<\/a><\/p>\n","protected":false},"author":2,"featured_media":11627,"comment_status":"open","ping_status":"open","sticky":false,"template":"","format":"standard","meta":{"_jetpack_memberships_contains_paid_content":false,"footnotes":"","jetpack_publicize_message":"#Bosse, 19.07.2013, #DeichbrandFestival, #Nordholz","jetpack_publicize_feature_enabled":true,"jetpack_social_post_already_shared":true,"jetpack_social_options":{"image_generator_settings":{"template":"highway","default_image_id":0,"font":"","enabled":false},"version":2}},"categories":[34,569],"tags":[2065,1931,1285,844,133,2058],"class_list":["post-11625","post","type-post","status-publish","format-standard","has-post-thumbnail","hentry","category-acts","category-bosse","tag-2065","tag-bosse","tag-bundesvision-song-contest","tag-deichbrand-festival","tag-festivals","tag-nordholz"],"aioseo_notices":[],"jetpack_publicize_connections":[],"jetpack_featured_media_url":"http:\/\/www.rockpixx.com\/wordpress\/wp-content\/uploads\/2013\/07\/20130719-04-022_bosse-Artikel.jpg","jetpack-related-posts":[{"id":8182,"url":"http:\/\/www.rockpixx.com\/wordpress\/bosse-23-07-2011-nordholz-deichbrand-festival\/","url_meta":{"origin":11625,"position":0},"title":"Bosse, 23.07.2011, Nordholz, Deichbrand Festival","author":"Anja","date":"23. Juli 2011","format":false,"excerpt":"\u201eBosse\u201c hatte unsere Fotografin vor wenigen Wochen ja schon \u2192 in Kiel an der NDR-B\u00fchne fotografieren k\u00f6nnen \u2013 dieses Mal war ich also am Zug. Der \u201eNeue gro\u00dfe Vertreter der deutschen Melancholiewelle\u201c (Ich denke mir solche Formulierungen nicht aus, das bekommt man als Pressetext ausgeh\u00e4ndigt) hat sein Publikum sofort im\u2026","rel":"","context":"In &quot;Acts&quot;","block_context":{"text":"Acts","link":"http:\/\/www.rockpixx.com\/wordpress\/category\/acts\/"},"img":{"alt_text":"Bosse","src":"https:\/\/i0.wp.com\/www.rockpixx.com\/wordpress\/wp-content\/uploads\/2013\/02\/20110723-05-bosse-Artikel.jpg?resize=350%2C200","width":350,"height":200,"srcset":"https:\/\/i0.wp.com\/www.rockpixx.com\/wordpress\/wp-content\/uploads\/2013\/02\/20110723-05-bosse-Artikel.jpg?resize=350%2C200 1x, https:\/\/i0.wp.com\/www.rockpixx.com\/wordpress\/wp-content\/uploads\/2013\/02\/20110723-05-bosse-Artikel.jpg?resize=525%2C300 1.5x, https:\/\/i0.wp.com\/www.rockpixx.com\/wordpress\/wp-content\/uploads\/2013\/02\/20110723-05-bosse-Artikel.jpg?resize=700%2C400 2x"},"classes":[]},{"id":7940,"url":"http:\/\/www.rockpixx.com\/wordpress\/bosse-23-06-2011-kiel-ndr-buhne\/","url_meta":{"origin":11625,"position":1},"title":"Bosse, 23.06.2011, Kiel, NDR-B\u00fchne","author":"Anja","date":"23. Juni 2011","format":false,"excerpt":"Nach einem verregneten Donnerstag ist es heute trocken und zeitweise kommt die Sonne auch raus. So macht doch das Arbeiten wieder Spa\u00df. Das ist auch gut so, denn ein volles Programm erwartet mich heute. Los geht es mit Bosse an der NDR-B\u00fchne und ich muss sagen, dass ich positiv \u00fcberrascht\u2026","rel":"","context":"In &quot;Acts&quot;","block_context":{"text":"Acts","link":"http:\/\/www.rockpixx.com\/wordpress\/category\/acts\/"},"img":{"alt_text":"Bosse, 23.06.2011, Kiel, NDR-B\u00fchne","src":"https:\/\/i0.wp.com\/www.rockpixx.com\/wordpress\/wp-content\/uploads\/2013\/02\/20110623-02-bosse-Artikel.jpg?resize=350%2C200","width":350,"height":200,"srcset":"https:\/\/i0.wp.com\/www.rockpixx.com\/wordpress\/wp-content\/uploads\/2013\/02\/20110623-02-bosse-Artikel.jpg?resize=350%2C200 1x, https:\/\/i0.wp.com\/www.rockpixx.com\/wordpress\/wp-content\/uploads\/2013\/02\/20110623-02-bosse-Artikel.jpg?resize=525%2C300 1.5x, https:\/\/i0.wp.com\/www.rockpixx.com\/wordpress\/wp-content\/uploads\/2013\/02\/20110623-02-bosse-Artikel.jpg?resize=700%2C400 2x"},"classes":[]},{"id":15193,"url":"http:\/\/www.rockpixx.com\/wordpress\/russkaja-19-07-2014-deichbrand-festival-nordholz\/","url_meta":{"origin":11625,"position":2},"title":"Russkaja, 19.07.2014, Deichbrand Festival, Nordholz","author":"admin","date":"19. Juli 2014","format":false,"excerpt":"Schrieb ich bei der ersten Begegnung mit \u2192 \u201eRusskaja\u201c noch etwas von \u201eIvan Rebroff auf Ecstasy\u201c, so muss ich nun meine Meinung revidieren: Die ganze Truppe hat mehr als genug \u201eEnergia!\u201c (so auch der Name ihres aktuellen Albums), um selbst in gro\u00dfer Hitze \u00fcber die B\u00fchne zu toben. \u201eRusskaja\u201c machen\u2026","rel":"","context":"In &quot;Acts&quot;","block_context":{"text":"Acts","link":"http:\/\/www.rockpixx.com\/wordpress\/category\/acts\/"},"img":{"alt_text":"Russkaja, 19.07.2014, Deichbrand Open Air, Seeflughafen, Nordholz","src":"https:\/\/i0.wp.com\/www.rockpixx.com\/wordpress\/wp-content\/uploads\/2014\/07\/20140719-01-053_russkaja_Artikel1.jpg?resize=350%2C200","width":350,"height":200,"srcset":"https:\/\/i0.wp.com\/www.rockpixx.com\/wordpress\/wp-content\/uploads\/2014\/07\/20140719-01-053_russkaja_Artikel1.jpg?resize=350%2C200 1x, https:\/\/i0.wp.com\/www.rockpixx.com\/wordpress\/wp-content\/uploads\/2014\/07\/20140719-01-053_russkaja_Artikel1.jpg?resize=525%2C300 1.5x, https:\/\/i0.wp.com\/www.rockpixx.com\/wordpress\/wp-content\/uploads\/2014\/07\/20140719-01-053_russkaja_Artikel1.jpg?resize=700%2C400 2x"},"classes":[]},{"id":11649,"url":"http:\/\/www.rockpixx.com\/wordpress\/jennifer-rostock-19-07-2013-deichbrand-festival-nordholz\/","url_meta":{"origin":11625,"position":3},"title":"Jennifer Rostock, 19.07.2013, Deichbrand Festival, Nordholz","author":"Anja","date":"25. Juli 2013","format":false,"excerpt":"Auch mit \u201eJennifer Rostock\u201c haben wir alte Bekannte vor der Kamera, \u2192\u00a0wie bereits 2011 ist die Band auch dieses Jahr zu Gast auf dem Deichbrand Festival. Hier steht ein Mainact auf der B\u00fchne, das merkt man als erfahrener Festivalbesucher schnell daran, dass das Infield lange vor Konzertbeginn voll und f\u00fcr\u2026","rel":"","context":"In &quot;Acts&quot;","block_context":{"text":"Acts","link":"http:\/\/www.rockpixx.com\/wordpress\/category\/acts\/"},"img":{"alt_text":"","src":"https:\/\/i0.wp.com\/www.rockpixx.com\/wordpress\/wp-content\/uploads\/2013\/07\/20130719-06-111_jennifer-rostock-Artikel.jpg?resize=350%2C200","width":350,"height":200,"srcset":"https:\/\/i0.wp.com\/www.rockpixx.com\/wordpress\/wp-content\/uploads\/2013\/07\/20130719-06-111_jennifer-rostock-Artikel.jpg?resize=350%2C200 1x, https:\/\/i0.wp.com\/www.rockpixx.com\/wordpress\/wp-content\/uploads\/2013\/07\/20130719-06-111_jennifer-rostock-Artikel.jpg?resize=525%2C300 1.5x, https:\/\/i0.wp.com\/www.rockpixx.com\/wordpress\/wp-content\/uploads\/2013\/07\/20130719-06-111_jennifer-rostock-Artikel.jpg?resize=700%2C400 2x"},"classes":[]},{"id":15198,"url":"http:\/\/www.rockpixx.com\/wordpress\/callejon-19-07-2014-deichbrand-festival-nordholz\/","url_meta":{"origin":11625,"position":4},"title":"Callejon, 19.07.2014, Deichbrand Festival, Nordholz","author":"admin","date":"19. Juli 2014","format":false,"excerpt":"Wer im Jahr 2014 Supportact f\u00fcr \u2192 \u201eBullet for my Valentine\u201c ist, der macht bestimmt keinen vor Betroffenheit triefenden Liedermacher-Singsang. Und wer auf der Firestage auf dem Deichbrand steht, der auch nicht. Insofern \u00fcberrascht es nicht, wenn Kl\u00e4nge der etwas weniger weichgesp\u00fclten Art dort vor mir von \u201eCallejon\u201c zelebriert werden.\u2026","rel":"","context":"In &quot;Acts&quot;","block_context":{"text":"Acts","link":"http:\/\/www.rockpixx.com\/wordpress\/category\/acts\/"},"img":{"alt_text":"Callejon, 19.07.2014, Deichbrand Open Air, Seeflughafen, Nordholz","src":"https:\/\/i0.wp.com\/www.rockpixx.com\/wordpress\/wp-content\/uploads\/2014\/07\/20140719-02-030_callejon_Artikel.jpg?resize=350%2C200","width":350,"height":200,"srcset":"https:\/\/i0.wp.com\/www.rockpixx.com\/wordpress\/wp-content\/uploads\/2014\/07\/20140719-02-030_callejon_Artikel.jpg?resize=350%2C200 1x, https:\/\/i0.wp.com\/www.rockpixx.com\/wordpress\/wp-content\/uploads\/2014\/07\/20140719-02-030_callejon_Artikel.jpg?resize=525%2C300 1.5x, https:\/\/i0.wp.com\/www.rockpixx.com\/wordpress\/wp-content\/uploads\/2014\/07\/20140719-02-030_callejon_Artikel.jpg?resize=700%2C400 2x"},"classes":[]},{"id":11644,"url":"http:\/\/www.rockpixx.com\/wordpress\/broilers-19-07-2013-deichbrand-festival-nordholz\/","url_meta":{"origin":11625,"position":5},"title":"Broilers, 19.07.2013, Deichbrand Festival, Nordholz","author":"Anja","date":"25. Juli 2013","format":false,"excerpt":"\u2192\u00a0Zum zweiten Mal treffen die Fotografen von rockpixx.com die \u201eBroilers\u201c und dies auch zum zweiten Mal auf dem Deichbrand Festival. Wobei ich pers\u00f6nlich die \u201eBroilers\u201c das erste Mal erleben darf. Mir pers\u00f6nlich hat der Auftritt durchaus gefallen. Broilers mischen die klassischen Elemente aus Oi und Punkrock mit Rockabilly, Ska und\u2026","rel":"","context":"In &quot;Acts&quot;","block_context":{"text":"Acts","link":"http:\/\/www.rockpixx.com\/wordpress\/category\/acts\/"},"img":{"alt_text":"","src":"https:\/\/i0.wp.com\/www.rockpixx.com\/wordpress\/wp-content\/uploads\/2013\/07\/20130719-05-084_broilers-Artikel.jpg?resize=350%2C200","width":350,"height":200,"srcset":"https:\/\/i0.wp.com\/www.rockpixx.com\/wordpress\/wp-content\/uploads\/2013\/07\/20130719-05-084_broilers-Artikel.jpg?resize=350%2C200 1x, https:\/\/i0.wp.com\/www.rockpixx.com\/wordpress\/wp-content\/uploads\/2013\/07\/20130719-05-084_broilers-Artikel.jpg?resize=525%2C300 1.5x, https:\/\/i0.wp.com\/www.rockpixx.com\/wordpress\/wp-content\/uploads\/2013\/07\/20130719-05-084_broilers-Artikel.jpg?resize=700%2C400 2x"},"classes":[]}],"jetpack_sharing_enabled":true,"publishpress_future_action":{"enabled":false,"date":"2026-05-08 10:59:59","action":"change-status","newStatus":"draft","terms":[],"taxonomy":"category","extraData":[]},"publishpress_future_workflow_manual_trigger":{"enabledWorkflows":[]},"_links":{"self":[{"href":"http:\/\/www.rockpixx.com\/wordpress\/wp-json\/wp\/v2\/posts\/11625","targetHints":{"allow":["GET"]}}],"collection":[{"href":"http:\/\/www.rockpixx.com\/wordpress\/wp-json\/wp\/v2\/posts"}],"about":[{"href":"http:\/\/www.rockpixx.com\/wordpress\/wp-json\/wp\/v2\/types\/post"}],"author":[{"embeddable":true,"href":"http:\/\/www.rockpixx.com\/wordpress\/wp-json\/wp\/v2\/users\/2"}],"replies":[{"embeddable":true,"href":"http:\/\/www.rockpixx.com\/wordpress\/wp-json\/wp\/v2\/comments?post=11625"}],"version-history":[{"count":0,"href":"http:\/\/www.rockpixx.com\/wordpress\/wp-json\/wp\/v2\/posts\/11625\/revisions"}],"wp:featuredmedia":[{"embeddable":true,"href":"http:\/\/www.rockpixx.com\/wordpress\/wp-json\/wp\/v2\/media\/11627"}],"wp:attachment":[{"href":"http:\/\/www.rockpixx.com\/wordpress\/wp-json\/wp\/v2\/media?parent=11625"}],"wp:term":[{"taxonomy":"category","embeddable":true,"href":"http:\/\/www.rockpixx.com\/wordpress\/wp-json\/wp\/v2\/categories?post=11625"},{"taxonomy":"post_tag","embeddable":true,"href":"http:\/\/www.rockpixx.com\/wordpress\/wp-json\/wp\/v2\/tags?post=11625"}],"curies":[{"name":"wp","href":"https:\/\/api.w.org\/{rel}","templated":true}]}}