{"id":11644,"date":"2013-07-25T09:40:30","date_gmt":"2013-07-25T08:40:30","guid":{"rendered":"http:\/\/rockpixx.com\/wordpress\/?p=11644"},"modified":"2013-07-25T09:47:16","modified_gmt":"2013-07-25T08:47:16","slug":"broilers-19-07-2013-deichbrand-festival-nordholz","status":"publish","type":"post","link":"http:\/\/www.rockpixx.com\/wordpress\/broilers-19-07-2013-deichbrand-festival-nordholz\/","title":{"rendered":"Broilers, 19.07.2013, Deichbrand Festival, Nordholz"},"content":{"rendered":"<p>\u2192\u00a0<a title=\"Broilers, 22.07.2011, Nordholz, Deichbrand Festival\" href=\"http:\/\/rockpixx.com\/wordpress\/broilers-22-07-2011-nordholz-deichbrand-festival\/\">Zum zweiten Mal treffen die Fotografen von rockpixx.com die \u201eBroilers\u201c und dies auch zum zweiten Mal auf dem Deichbrand Festival.<\/a> Wobei ich pers\u00f6nlich die \u201eBroilers\u201c das erste Mal erleben darf.<!--more--><\/p>\n<p>Mir pers\u00f6nlich hat der Auftritt durchaus gefallen. Broilers mischen die klassischen Elemente aus Oi und Punkrock mit Rockabilly, Ska und Reggae. Die Musiker und das Publikum haben auf jeden Fall ihre helle Freude dabei.<\/p>\n<p>So k\u00f6nnen dieses Jahr die Betonschuhe eingepackt bleiben und keiner muss bei den heute etwas frischen Temperaturen n\u00e4here Bekanntschaft mit der Nordsee schlie\u00dfen. (Und das war jetzt etwas f\u00fcr \u201eInsider\u201c.)<\/p>\n<p align=\"right\">Fotos: <a href=\"mailto:info@rockpixx.com?subject=Broilers,%2019.07.2013,%20Deichbrand%20Festival,%20Nordholz\">Alex<\/a>, <a href=\"mailto:a.roselt@rockpixx.com?subject=Broilers,%2019.07.2013,%20Deichbrand%20Festival,%20Nordholz\">Anja<\/a> | Text: <a href=\"mailto:a.roselt@rockpixx.com?subject=Broilers,%2019.07.2013,%20Deichbrand%20Festival,%20Nordholz\">Anja<\/a><\/p>\n<p style=\"text-align: left;\" align=\"right\">[slideshow id=353]<\/p>\n<p>&nbsp;<\/p>\n","protected":false},"excerpt":{"rendered":"<p>\u2192\u00a0Zum zweiten Mal treffen die Fotografen von rockpixx.com die \u201eBroilers\u201c und dies auch zum zweiten <a href=\"http:\/\/www.rockpixx.com\/wordpress\/broilers-19-07-2013-deichbrand-festival-nordholz\/\">Read more<\/a><\/p>\n","protected":false},"author":2,"featured_media":11645,"comment_status":"open","ping_status":"open","sticky":false,"template":"","format":"standard","meta":{"_jetpack_memberships_contains_paid_content":false,"footnotes":"","jetpack_publicize_message":"#Broilers, 19.07.2013, #DeichbrandFestival, #Nordholz","jetpack_publicize_feature_enabled":true,"jetpack_social_post_already_shared":true,"jetpack_social_options":{"image_generator_settings":{"template":"highway","default_image_id":0,"font":"","enabled":false},"version":2}},"categories":[34,587],"tags":[2065,1948,844,133,2058],"class_list":["post-11644","post","type-post","status-publish","format-standard","has-post-thumbnail","hentry","category-acts","category-broilers","tag-2065","tag-broilers","tag-deichbrand-festival","tag-festivals","tag-nordholz"],"aioseo_notices":[],"jetpack_publicize_connections":[],"jetpack_featured_media_url":"http:\/\/www.rockpixx.com\/wordpress\/wp-content\/uploads\/2013\/07\/20130719-05-084_broilers-Artikel.jpg","jetpack-related-posts":[{"id":15182,"url":"http:\/\/www.rockpixx.com\/wordpress\/broilers-18-07-2014-deichbrand-festival-nordholz\/","url_meta":{"origin":11644,"position":0},"title":"Broilers, 18.07.2014, Deichbrand Festival, Nordholz","author":"admin","date":"18. Juli 2014","format":false,"excerpt":"Zugegeben \u2013 mit den \u2192 \u201eBroilers\u201c hatte ich mich damals beim ersten Aufeinandertreffen noch etwas schwer getan. Das n\u00e4chste Mal stand ich ihnen schon nicht mehr so ablehnend gegen\u00fcber und dieses Mal war ich von ihrer Live-Performance und der B\u00fchnenpr\u00e4senz richtig begeistert. Die Musik ist zwar immer nicht v\u00f6llig kompatibel\u2026","rel":"","context":"In &quot;Acts&quot;","block_context":{"text":"Acts","link":"http:\/\/www.rockpixx.com\/wordpress\/category\/acts\/"},"img":{"alt_text":"Broilers, 18.07.2014, Deichbrand Open Air, Seeflughafen, Nordholz","src":"https:\/\/i0.wp.com\/www.rockpixx.com\/wordpress\/wp-content\/uploads\/2014\/07\/20140718-07-078_broilers_Artikel.jpg?resize=350%2C200","width":350,"height":200,"srcset":"https:\/\/i0.wp.com\/www.rockpixx.com\/wordpress\/wp-content\/uploads\/2014\/07\/20140718-07-078_broilers_Artikel.jpg?resize=350%2C200 1x, https:\/\/i0.wp.com\/www.rockpixx.com\/wordpress\/wp-content\/uploads\/2014\/07\/20140718-07-078_broilers_Artikel.jpg?resize=525%2C300 1.5x, https:\/\/i0.wp.com\/www.rockpixx.com\/wordpress\/wp-content\/uploads\/2014\/07\/20140718-07-078_broilers_Artikel.jpg?resize=700%2C400 2x"},"classes":[]},{"id":8098,"url":"http:\/\/www.rockpixx.com\/wordpress\/broilers-22-07-2011-nordholz-deichbrand-festival\/","url_meta":{"origin":11644,"position":1},"title":"Broilers, 22.07.2011, Nordholz, Deichbrand Festival","author":"Anja","date":"22. Juli 2011","format":false,"excerpt":"\u201eDeutscher Punkrock, Oi, Reggae, Rockabilly und Soul vereint in einer Band. \u2026 Wer also vom Abwechslungsreichsten und Spannendsten, was die Oi-Szene zu bieten hat, nicht restlos begeistert ist, landet mit Betonschuhen in der Nordsee.\u201c\u00a0\u2013 soweit ein Auszug aus dem Pressetext. Nachdem ich mich nun wieder in sicherer Entfernung von der\u2026","rel":"","context":"In &quot;Acts&quot;","block_context":{"text":"Acts","link":"http:\/\/www.rockpixx.com\/wordpress\/category\/acts\/"},"img":{"alt_text":"Broilers, 22.07.2011, Nordholz, Deichbrand Festival","src":"https:\/\/i0.wp.com\/www.rockpixx.com\/wordpress\/wp-content\/uploads\/2013\/02\/20110722-07-broilers-Artikel.jpg?resize=350%2C200","width":350,"height":200,"srcset":"https:\/\/i0.wp.com\/www.rockpixx.com\/wordpress\/wp-content\/uploads\/2013\/02\/20110722-07-broilers-Artikel.jpg?resize=350%2C200 1x, https:\/\/i0.wp.com\/www.rockpixx.com\/wordpress\/wp-content\/uploads\/2013\/02\/20110722-07-broilers-Artikel.jpg?resize=525%2C300 1.5x, https:\/\/i0.wp.com\/www.rockpixx.com\/wordpress\/wp-content\/uploads\/2013\/02\/20110722-07-broilers-Artikel.jpg?resize=700%2C400 2x"},"classes":[]},{"id":1064,"url":"http:\/\/www.rockpixx.com\/wordpress\/deichbrand-festival-2011-tag-1\/","url_meta":{"origin":11644,"position":2},"title":"Deichbrand Festival 2011, Tag 1","author":"admin","date":"23. Juli 2011","format":false,"excerpt":"Moin, gerade spielen (am zweiten Tag am fr\u00fchen Abend) \u201eKettcar\u201c und es ist ein wenig Zeit, vom Festivalgeschehen des ersten Tages zu berichten: Das Fr\u00fchst\u00fcck im Hotel findet in Gesellschaft eines kompletten Altenheimes statt, welches sich anscheinend auf einem Betriebsausflug befindet. So viele Rollatoren habe ich noch nie auf einem\u2026","rel":"","context":"In &quot;2011&quot;","block_context":{"text":"2011","link":"http:\/\/www.rockpixx.com\/wordpress\/category\/backstage\/2011\/"},"img":{"alt_text":"Deichbrand Festival 2011 | lost & found","src":"https:\/\/i0.wp.com\/www.rockpixx.com\/wordpress\/wp-content\/uploads\/2013\/03\/20110722-001.jpg?resize=350%2C200","width":350,"height":200,"srcset":"https:\/\/i0.wp.com\/www.rockpixx.com\/wordpress\/wp-content\/uploads\/2013\/03\/20110722-001.jpg?resize=350%2C200 1x, https:\/\/i0.wp.com\/www.rockpixx.com\/wordpress\/wp-content\/uploads\/2013\/03\/20110722-001.jpg?resize=525%2C300 1.5x, https:\/\/i0.wp.com\/www.rockpixx.com\/wordpress\/wp-content\/uploads\/2013\/03\/20110722-001.jpg?resize=700%2C400 2x"},"classes":[]},{"id":11625,"url":"http:\/\/www.rockpixx.com\/wordpress\/bosse-19-07-2013-deichbrand-festival-nordholz\/","url_meta":{"origin":11644,"position":3},"title":"Bosse, 19.07.2013, Deichbrand Festival, Nordholz","author":"Anja","date":"24. Juli 2013","format":false,"excerpt":"Axel Bosse und Band kurz \u201eBosse\u201c genannt treffen wir von rockpixx.com zum \u2192\u00a0zweiten Mal auf dem Deichbrand und insgesamt zum \u2192\u00a0dritten Mal. Ein junger deutscher Songwriter, der dem staubigen Image der Songwriter mit einer erfrischende B\u00fchnenshow, tiefsinnigen Texten und lebendig klingender Musik Beine gemacht hat. Hier zeigt sich wieder einmal,\u2026","rel":"","context":"In &quot;Acts&quot;","block_context":{"text":"Acts","link":"http:\/\/www.rockpixx.com\/wordpress\/category\/acts\/"},"img":{"alt_text":"","src":"https:\/\/i0.wp.com\/www.rockpixx.com\/wordpress\/wp-content\/uploads\/2013\/07\/20130719-04-022_bosse-Artikel.jpg?resize=350%2C200","width":350,"height":200,"srcset":"https:\/\/i0.wp.com\/www.rockpixx.com\/wordpress\/wp-content\/uploads\/2013\/07\/20130719-04-022_bosse-Artikel.jpg?resize=350%2C200 1x, https:\/\/i0.wp.com\/www.rockpixx.com\/wordpress\/wp-content\/uploads\/2013\/07\/20130719-04-022_bosse-Artikel.jpg?resize=525%2C300 1.5x, https:\/\/i0.wp.com\/www.rockpixx.com\/wordpress\/wp-content\/uploads\/2013\/07\/20130719-04-022_bosse-Artikel.jpg?resize=700%2C400 2x"},"classes":[]},{"id":15161,"url":"http:\/\/www.rockpixx.com\/wordpress\/wirtz-18-07-2014-deichbrand-festival-nordholz\/","url_meta":{"origin":11644,"position":4},"title":"Wirtz, 18.07.2014, Deichbrand Festival, Nordholz","author":"admin","date":"18. Juli 2014","format":false,"excerpt":"Wenn man das vierte Jahr in Folge auf das gleiche Festival f\u00e4hrt und dieses Festival dann in diesem Jahr sein zehnj\u00e4hriges Jubil\u00e4um feiert, dann bleibt es nicht aus, dass es mit der einen oder anderen Band ein Wiedersehen gibt. So auch hier jetzt auf der Waterstage mit \u2192 \u201eWirtz\u201c. Ich\u2026","rel":"","context":"In &quot;Acts&quot;","block_context":{"text":"Acts","link":"http:\/\/www.rockpixx.com\/wordpress\/category\/acts\/"},"img":{"alt_text":"Wirtz, 18.07.2014, Deichbrand Open Air, Seeflughafen, Nordholz","src":"https:\/\/i0.wp.com\/www.rockpixx.com\/wordpress\/wp-content\/uploads\/2014\/07\/20140718-02-019_wirtz_Artikel.jpg?resize=350%2C200","width":350,"height":200,"srcset":"https:\/\/i0.wp.com\/www.rockpixx.com\/wordpress\/wp-content\/uploads\/2014\/07\/20140718-02-019_wirtz_Artikel.jpg?resize=350%2C200 1x, https:\/\/i0.wp.com\/www.rockpixx.com\/wordpress\/wp-content\/uploads\/2014\/07\/20140718-02-019_wirtz_Artikel.jpg?resize=525%2C300 1.5x, https:\/\/i0.wp.com\/www.rockpixx.com\/wordpress\/wp-content\/uploads\/2014\/07\/20140718-02-019_wirtz_Artikel.jpg?resize=700%2C400 2x"},"classes":[]},{"id":8824,"url":"http:\/\/www.rockpixx.com\/wordpress\/dick-brave-and-the-backbeats-21-07-2012-nordholz-deichbrand-festival\/","url_meta":{"origin":11644,"position":5},"title":"Dick Brave and the Backbeats, 21.07.2012, Nordholz, Deichbrand Festival","author":"Anja","date":"21. Juli 2012","format":false,"excerpt":"\u201eDick Brave and the Backbeats\u201c: \u2192\u00a0Zum dritten Mal\u00a0habe ich ihn\/sie vor den Kameras und eigentlich machen diese Musiker von Mal zu Mal mir pers\u00f6nlich mehr Spa\u00df. Und auch das Publikum akzeptiert anstandslos den Schwenk vom Punk der Band \u2192\u00a0\u201eTurbostaat\u201c zuvor nun hin zu Rockabilly. Und sogar die Sonne scheint! Fotos:\u00a0Alex\u00a0|\u2026","rel":"","context":"In &quot;Acts&quot;","block_context":{"text":"Acts","link":"http:\/\/www.rockpixx.com\/wordpress\/category\/acts\/"},"img":{"alt_text":"Dick Brave and the Backbeats, 21.07.2012, Nordholz, Deichbrand Festival","src":"https:\/\/i0.wp.com\/www.rockpixx.com\/wordpress\/wp-content\/uploads\/2013\/02\/20120721-06-dick-brave-Artikel.jpg?resize=350%2C200","width":350,"height":200,"srcset":"https:\/\/i0.wp.com\/www.rockpixx.com\/wordpress\/wp-content\/uploads\/2013\/02\/20120721-06-dick-brave-Artikel.jpg?resize=350%2C200 1x, https:\/\/i0.wp.com\/www.rockpixx.com\/wordpress\/wp-content\/uploads\/2013\/02\/20120721-06-dick-brave-Artikel.jpg?resize=525%2C300 1.5x, https:\/\/i0.wp.com\/www.rockpixx.com\/wordpress\/wp-content\/uploads\/2013\/02\/20120721-06-dick-brave-Artikel.jpg?resize=700%2C400 2x"},"classes":[]}],"jetpack_sharing_enabled":true,"publishpress_future_action":{"enabled":false,"date":"2026-05-08 11:41:06","action":"change-status","newStatus":"draft","terms":[],"taxonomy":"category","extraData":[]},"publishpress_future_workflow_manual_trigger":{"enabledWorkflows":[]},"_links":{"self":[{"href":"http:\/\/www.rockpixx.com\/wordpress\/wp-json\/wp\/v2\/posts\/11644","targetHints":{"allow":["GET"]}}],"collection":[{"href":"http:\/\/www.rockpixx.com\/wordpress\/wp-json\/wp\/v2\/posts"}],"about":[{"href":"http:\/\/www.rockpixx.com\/wordpress\/wp-json\/wp\/v2\/types\/post"}],"author":[{"embeddable":true,"href":"http:\/\/www.rockpixx.com\/wordpress\/wp-json\/wp\/v2\/users\/2"}],"replies":[{"embeddable":true,"href":"http:\/\/www.rockpixx.com\/wordpress\/wp-json\/wp\/v2\/comments?post=11644"}],"version-history":[{"count":0,"href":"http:\/\/www.rockpixx.com\/wordpress\/wp-json\/wp\/v2\/posts\/11644\/revisions"}],"wp:featuredmedia":[{"embeddable":true,"href":"http:\/\/www.rockpixx.com\/wordpress\/wp-json\/wp\/v2\/media\/11645"}],"wp:attachment":[{"href":"http:\/\/www.rockpixx.com\/wordpress\/wp-json\/wp\/v2\/media?parent=11644"}],"wp:term":[{"taxonomy":"category","embeddable":true,"href":"http:\/\/www.rockpixx.com\/wordpress\/wp-json\/wp\/v2\/categories?post=11644"},{"taxonomy":"post_tag","embeddable":true,"href":"http:\/\/www.rockpixx.com\/wordpress\/wp-json\/wp\/v2\/tags?post=11644"}],"curies":[{"name":"wp","href":"https:\/\/api.w.org\/{rel}","templated":true}]}}