{"id":11649,"date":"2013-07-25T09:54:24","date_gmt":"2013-07-25T08:54:24","guid":{"rendered":"http:\/\/rockpixx.com\/wordpress\/?p=11649"},"modified":"2013-09-27T20:36:30","modified_gmt":"2013-09-27T19:36:30","slug":"jennifer-rostock-19-07-2013-deichbrand-festival-nordholz","status":"publish","type":"post","link":"http:\/\/www.rockpixx.com\/wordpress\/jennifer-rostock-19-07-2013-deichbrand-festival-nordholz\/","title":{"rendered":"Jennifer Rostock, 19.07.2013, Deichbrand Festival, Nordholz"},"content":{"rendered":"<p>Auch mit \u201eJennifer Rostock\u201c haben wir alte Bekannte vor der Kamera, \u2192\u00a0<a title=\"Jennifer Rostock, 23.07.2011, Nordholz, Deichbrand Festival\" href=\"http:\/\/rockpixx.com\/wordpress\/jennifer-rostock-23-07-2011-nordholz-deichbrand-festival\/\">wie bereits 2011<\/a> ist die Band auch dieses Jahr zu Gast auf dem Deichbrand Festival. Hier steht ein Mainact auf der B\u00fchne, das merkt man als erfahrener Festivalbesucher schnell daran, dass das Infield lange vor Konzertbeginn voll und f\u00fcr weiteres Publikum gesperrt ist.<!--more--><\/p>\n<p>Ich kann es verstehen, kommt doch ein recht bunter Wirbelwind auf die B\u00fchne \u2013 unter Fotografen kursiert die interne Bezeichnung \u201eDas Singende Bilderbuch\u201c f\u00fcr die S\u00e4ngerin Jennifer Weist. Aber das ist eigentlich egal, sie muss sich wohl f\u00fchlen. Nun zur\u00fcck zur musikalischen Leistung und der Performance auf der B\u00fchne. Ein Wirbelwind ist nichts dagegen!<\/p>\n<p>Dass Jennifer ihr Publikum liebt, merkt man zum einen am Ende des ersten Songs, als sie rote Herzen ins Publikum \u201eherabregnen\u201c l\u00e4sst und zum anderen, als sie nach dem dritten Song, als die Fotografen den Graben verlassen, sagt \u201eSo jetzt verlassen uns die ganzen Fotografen und wir sind unter uns.\u201c<\/p>\n<p>Wir r\u00e4umen das Feld und \u00fcberlassen Jennifer Rostock ihrem Publikum.<\/p>\n<p align=\"right\">Fotos: <a href=\"mailto:info@rockpixx.com?subject=Jennifer%20Rostock,%2019.07.2013,%20Deichbrand%20Festival,%20Nordholz\">Alex<\/a>, <a href=\"mailto:a.roselt@rockpixx.com?subject=Jennifer%20Rostock,%2019.07.2013,%20Deichbrand%20Festival,%20Nordholz\">Anja<\/a> | Text: <a href=\"mailto:a.roselt@rockpixx.com?subject=Jennifer%20Rostock,%2019.07.2013,%20Deichbrand%20Festival,%20Nordholz\">Anja<\/a><\/p>\n<p style=\"text-align: left;\" align=\"right\">[slideshow id=354]<\/p>\n","protected":false},"excerpt":{"rendered":"<p>Auch mit \u201eJennifer Rostock\u201c haben wir alte Bekannte vor der Kamera, \u2192\u00a0wie bereits 2011 ist <a href=\"http:\/\/www.rockpixx.com\/wordpress\/jennifer-rostock-19-07-2013-deichbrand-festival-nordholz\/\">Read more<\/a><\/p>\n","protected":false},"author":2,"featured_media":11651,"comment_status":"open","ping_status":"open","sticky":false,"template":"","format":"standard","meta":{"_jetpack_memberships_contains_paid_content":false,"footnotes":"","jetpack_publicize_message":"#JenniferRostock, 19.07.2013, #DeichbrandFestival, #Nordholz","jetpack_publicize_feature_enabled":true,"jetpack_social_post_already_shared":true,"jetpack_social_options":{"image_generator_settings":{"template":"highway","default_image_id":0,"font":"","enabled":false},"version":2}},"categories":[34,595],"tags":[2065,1285,844,133,1957,2058],"class_list":["post-11649","post","type-post","status-publish","format-standard","has-post-thumbnail","hentry","category-acts","category-jennifer-rostock","tag-2065","tag-bundesvision-song-contest","tag-deichbrand-festival","tag-festivals","tag-jennifer-rostock","tag-nordholz"],"aioseo_notices":[],"jetpack_publicize_connections":[],"jetpack_featured_media_url":"http:\/\/www.rockpixx.com\/wordpress\/wp-content\/uploads\/2013\/07\/20130719-06-111_jennifer-rostock-Artikel.jpg","jetpack-related-posts":[{"id":8187,"url":"http:\/\/www.rockpixx.com\/wordpress\/jennifer-rostock-23-07-2011-nordholz-deichbrand-festival\/","url_meta":{"origin":11649,"position":0},"title":"Jennifer Rostock, 23.07.2011, Nordholz, Deichbrand Festival","author":"Anja","date":"23. Juli 2011","format":false,"excerpt":"Vorab eine Anmerkung: Ja, ich wei\u00df, dass die S\u00e4ngerin von \u201eJennifer Rostock\u201c nicht so, sondern \u201eJennifer Weist\u201c hei\u00dft. Und ich wei\u00df auch, dass zur Band noch vier m\u00e4nnliche Musiker geh\u00f6ren. Aber dennoch zeige ich hier ausschlie\u00dflich Bilder von der Frontfrau \u2013 sie gibt optisch einfach mehr her als ihre Kollegen.\u2026","rel":"","context":"In &quot;Acts&quot;","block_context":{"text":"Acts","link":"http:\/\/www.rockpixx.com\/wordpress\/category\/acts\/"},"img":{"alt_text":"Jennifer Rostock, 23.07.2011, Nordholz, Deichbrand Festival","src":"https:\/\/i0.wp.com\/www.rockpixx.com\/wordpress\/wp-content\/uploads\/2011\/07\/20110723-07-jennifer-rostock-Artikel.jpg?resize=350%2C200","width":350,"height":200,"srcset":"https:\/\/i0.wp.com\/www.rockpixx.com\/wordpress\/wp-content\/uploads\/2011\/07\/20110723-07-jennifer-rostock-Artikel.jpg?resize=350%2C200 1x, https:\/\/i0.wp.com\/www.rockpixx.com\/wordpress\/wp-content\/uploads\/2011\/07\/20110723-07-jennifer-rostock-Artikel.jpg?resize=525%2C300 1.5x, https:\/\/i0.wp.com\/www.rockpixx.com\/wordpress\/wp-content\/uploads\/2011\/07\/20110723-07-jennifer-rostock-Artikel.jpg?resize=700%2C400 2x"},"classes":[]},{"id":8196,"url":"http:\/\/www.rockpixx.com\/wordpress\/pennywise-23-07-2011-nordholz-deichbrand-festival\/","url_meta":{"origin":11649,"position":1},"title":"Pennywise, 23.07.2011, Nordholz, Deichbrand Festival","author":"Anja","date":"23. Juli 2011","format":false,"excerpt":"Was erwartet einen bei \u201ePennywise\u201c? Normalerweise ein mitrei\u00dfendes Konzert der \u201eAltmeister des Skate-Punk\u201c. Was erwartet einen bei \u201ePennywise\u201c auf dem \u201eDeichbrand Festival\u201c? Ca. 30 Fotografen dr\u00e4ngen sich am Grabeneingang, die Menge vor der Absperrung ist aufgeheizt, die Securities sind reichlich nerv\u00f6s nach den Vorf\u00e4llen bei \u2192\u00a0Jennifer Rostock und \u2192\u00a0In Extremo\u2026","rel":"","context":"In &quot;Acts&quot;","block_context":{"text":"Acts","link":"http:\/\/www.rockpixx.com\/wordpress\/category\/acts\/"},"img":{"alt_text":"Pennywise, 23.07.2011, Nordholz, Deichbrand Festival","src":"https:\/\/i0.wp.com\/www.rockpixx.com\/wordpress\/wp-content\/uploads\/2013\/02\/20110723-09-pennywise-Artikel.jpg?resize=350%2C200","width":350,"height":200,"srcset":"https:\/\/i0.wp.com\/www.rockpixx.com\/wordpress\/wp-content\/uploads\/2013\/02\/20110723-09-pennywise-Artikel.jpg?resize=350%2C200 1x, https:\/\/i0.wp.com\/www.rockpixx.com\/wordpress\/wp-content\/uploads\/2013\/02\/20110723-09-pennywise-Artikel.jpg?resize=525%2C300 1.5x, https:\/\/i0.wp.com\/www.rockpixx.com\/wordpress\/wp-content\/uploads\/2013\/02\/20110723-09-pennywise-Artikel.jpg?resize=700%2C400 2x"},"classes":[]},{"id":1065,"url":"http:\/\/www.rockpixx.com\/wordpress\/deichbrand-festival-2011-tag-2\/","url_meta":{"origin":11649,"position":2},"title":"Deichbrand Festival 2011, Tag 2","author":"admin","date":"24. Juli 2011","format":false,"excerpt":"Moin, Tag 2 auf dem \u201eDeichbrand Festival\u201c \u2013 der morgendliche Gang \u00fcber das Gel\u00e4nde zeigt die gefl\u00fcgelten M\u00fcllwerker in Aktion und in etlichen Ecken sammelt sich noch weniger schmackhafter M\u00fcll, den der Sturm \u00fcber Nacht zusammengeweht hat. Vor den beiden B\u00fchnen gibt es nun einen sch\u00f6nen Blick auf die \u201eSchie\u00dfscharten\u201c\u2026","rel":"","context":"In &quot;2011&quot;","block_context":{"text":"2011","link":"http:\/\/www.rockpixx.com\/wordpress\/category\/backstage\/2011\/"},"img":{"alt_text":"Deichbrand Festival 2011 | lost & found","src":"https:\/\/i0.wp.com\/www.rockpixx.com\/wordpress\/wp-content\/uploads\/2013\/03\/20110724-20110723-011.jpg?resize=350%2C200","width":350,"height":200,"srcset":"https:\/\/i0.wp.com\/www.rockpixx.com\/wordpress\/wp-content\/uploads\/2013\/03\/20110724-20110723-011.jpg?resize=350%2C200 1x, https:\/\/i0.wp.com\/www.rockpixx.com\/wordpress\/wp-content\/uploads\/2013\/03\/20110724-20110723-011.jpg?resize=525%2C300 1.5x, https:\/\/i0.wp.com\/www.rockpixx.com\/wordpress\/wp-content\/uploads\/2013\/03\/20110724-20110723-011.jpg?resize=700%2C400 2x"},"classes":[]},{"id":15156,"url":"http:\/\/www.rockpixx.com\/wordpress\/exclusive-17-07-2014-deichbrand-festival-nordholz\/","url_meta":{"origin":11649,"position":3},"title":"Exclusive, 17.07.2014, Deichbrand Festival, Nordholz","author":"admin","date":"18. Juli 2014","format":false,"excerpt":"Jetzt geht\u2019s los. Zweiter Tag auf dem Deichbrand, endlich werden die beiden gro\u00dfen B\u00fchnen bespielt, den Anfang macht fr\u00fchmorgens gegen 14:00 die M\u00fcnchner Band \u201eExclusive\u201c auf der Firestage. Und das l\u00e4sst sich schon mal gut an, es geht doch nichts \u00fcber gutes Sonnenlicht, wenn man Konzerte fotografieren will \u2013 kein\u2026","rel":"","context":"In &quot;Acts&quot;","block_context":{"text":"Acts","link":"http:\/\/www.rockpixx.com\/wordpress\/category\/acts\/"},"img":{"alt_text":"Exclusive, 18.07.2014, Deichbrand Open Air, Seeflughafen, Nordholz","src":"https:\/\/i0.wp.com\/www.rockpixx.com\/wordpress\/wp-content\/uploads\/2014\/07\/20140718-01-027_exclusive_Artikel1.jpg?resize=350%2C200","width":350,"height":200,"srcset":"https:\/\/i0.wp.com\/www.rockpixx.com\/wordpress\/wp-content\/uploads\/2014\/07\/20140718-01-027_exclusive_Artikel1.jpg?resize=350%2C200 1x, https:\/\/i0.wp.com\/www.rockpixx.com\/wordpress\/wp-content\/uploads\/2014\/07\/20140718-01-027_exclusive_Artikel1.jpg?resize=525%2C300 1.5x, https:\/\/i0.wp.com\/www.rockpixx.com\/wordpress\/wp-content\/uploads\/2014\/07\/20140718-01-027_exclusive_Artikel1.jpg?resize=700%2C400 2x"},"classes":[]},{"id":8809,"url":"http:\/\/www.rockpixx.com\/wordpress\/deichkind-20-07-2012-nordholz-deichbrand-festival\/","url_meta":{"origin":11649,"position":4},"title":"Deichkind, 20.07.2012, Nordholz, Deichbrand Festival","author":"Anja","date":"20. Juli 2012","format":false,"excerpt":"Und dann endlich auf der \u201eFire Stage\u201c: Die Herren mit den bunten leuchtenden H\u00fcten und der netten Choreografie treten auf. Anweisung: \u201eSongs 2, 3 und 4\u201c. Ok, Zeit also den ersten Song unseres 300. Artists vor dem gro\u00dfen wei\u00dfen Bettlaken ohne Kameras im Anschlag von der Seite aus zu verfolgen\u2026\u2026","rel":"","context":"In &quot;Acts&quot;","block_context":{"text":"Acts","link":"http:\/\/www.rockpixx.com\/wordpress\/category\/acts\/"},"img":{"alt_text":"Deichkind, 20.07.2012, Nordholz, Deichbrand Festival","src":"https:\/\/i0.wp.com\/www.rockpixx.com\/wordpress\/wp-content\/uploads\/2013\/02\/20120720-06-deichkind-Artikel.jpg?resize=350%2C200","width":350,"height":200,"srcset":"https:\/\/i0.wp.com\/www.rockpixx.com\/wordpress\/wp-content\/uploads\/2013\/02\/20120720-06-deichkind-Artikel.jpg?resize=350%2C200 1x, https:\/\/i0.wp.com\/www.rockpixx.com\/wordpress\/wp-content\/uploads\/2013\/02\/20120720-06-deichkind-Artikel.jpg?resize=525%2C300 1.5x, https:\/\/i0.wp.com\/www.rockpixx.com\/wordpress\/wp-content\/uploads\/2013\/02\/20120720-06-deichkind-Artikel.jpg?resize=700%2C400 2x"},"classes":[]},{"id":15239,"url":"http:\/\/www.rockpixx.com\/wordpress\/das-pack-20-07-2014-deichbrand-festival-nordholz\/","url_meta":{"origin":11649,"position":5},"title":"DAS PACK, 20.07.2014, Deichbrand Festival, Nordholz","author":"admin","date":"20. Juli 2014","format":false,"excerpt":"Sonntag, letzter Tag auf dem Deichbrand, die Wetterg\u00f6tter haben ein Einsehen: Es brennt nicht mehr so gnadenlos von oben herab. Vor der Waterstage: Ein \u00fcberm\u00fcdetes Publikum. Auf der B\u00fchne: Die zwei Musiker von \u201eDAS PACK\u201c. E-Gitarre, Drums und zwei Vocals lassen nat\u00fcrlich kein brachiales Soundgewitter erwarten, aber es lohnt sich,\u2026","rel":"","context":"In &quot;Acts&quot;","block_context":{"text":"Acts","link":"http:\/\/www.rockpixx.com\/wordpress\/category\/acts\/"},"img":{"alt_text":"Das Pack, 20.07.2014, Deichbrand Open Air, Seeflughafen, Nordholz","src":"https:\/\/i0.wp.com\/www.rockpixx.com\/wordpress\/wp-content\/uploads\/2014\/07\/20140720-01-002_das-pack_Artikel2.jpg?resize=350%2C200","width":350,"height":200,"srcset":"https:\/\/i0.wp.com\/www.rockpixx.com\/wordpress\/wp-content\/uploads\/2014\/07\/20140720-01-002_das-pack_Artikel2.jpg?resize=350%2C200 1x, https:\/\/i0.wp.com\/www.rockpixx.com\/wordpress\/wp-content\/uploads\/2014\/07\/20140720-01-002_das-pack_Artikel2.jpg?resize=525%2C300 1.5x, https:\/\/i0.wp.com\/www.rockpixx.com\/wordpress\/wp-content\/uploads\/2014\/07\/20140720-01-002_das-pack_Artikel2.jpg?resize=700%2C400 2x"},"classes":[]}],"jetpack_sharing_enabled":true,"publishpress_future_action":{"enabled":false,"date":"2026-05-06 13:01:10","action":"change-status","newStatus":"draft","terms":[],"taxonomy":"category","extraData":[]},"publishpress_future_workflow_manual_trigger":{"enabledWorkflows":[]},"_links":{"self":[{"href":"http:\/\/www.rockpixx.com\/wordpress\/wp-json\/wp\/v2\/posts\/11649","targetHints":{"allow":["GET"]}}],"collection":[{"href":"http:\/\/www.rockpixx.com\/wordpress\/wp-json\/wp\/v2\/posts"}],"about":[{"href":"http:\/\/www.rockpixx.com\/wordpress\/wp-json\/wp\/v2\/types\/post"}],"author":[{"embeddable":true,"href":"http:\/\/www.rockpixx.com\/wordpress\/wp-json\/wp\/v2\/users\/2"}],"replies":[{"embeddable":true,"href":"http:\/\/www.rockpixx.com\/wordpress\/wp-json\/wp\/v2\/comments?post=11649"}],"version-history":[{"count":0,"href":"http:\/\/www.rockpixx.com\/wordpress\/wp-json\/wp\/v2\/posts\/11649\/revisions"}],"wp:featuredmedia":[{"embeddable":true,"href":"http:\/\/www.rockpixx.com\/wordpress\/wp-json\/wp\/v2\/media\/11651"}],"wp:attachment":[{"href":"http:\/\/www.rockpixx.com\/wordpress\/wp-json\/wp\/v2\/media?parent=11649"}],"wp:term":[{"taxonomy":"category","embeddable":true,"href":"http:\/\/www.rockpixx.com\/wordpress\/wp-json\/wp\/v2\/categories?post=11649"},{"taxonomy":"post_tag","embeddable":true,"href":"http:\/\/www.rockpixx.com\/wordpress\/wp-json\/wp\/v2\/tags?post=11649"}],"curies":[{"name":"wp","href":"https:\/\/api.w.org\/{rel}","templated":true}]}}