{"id":11667,"date":"2013-07-25T10:20:43","date_gmt":"2013-07-25T09:20:43","guid":{"rendered":"http:\/\/rockpixx.com\/wordpress\/?p=11667"},"modified":"2013-07-25T10:20:43","modified_gmt":"2013-07-25T09:20:43","slug":"in-flames-19-07-2013-deichbrand-festival-nordholz","status":"publish","type":"post","link":"http:\/\/www.rockpixx.com\/wordpress\/in-flames-19-07-2013-deichbrand-festival-nordholz\/","title":{"rendered":"In Flames, 19.07.2013, Deichbrand Festival, Nordholz"},"content":{"rendered":"<p>Eine dreiundzwanzigj\u00e4hrige Erfolgsgeschichte mit drei Grammies, 10 Alben und davon haben sie \u00fcber 2,5 Millionen Scheiben verkauft. Das Geheimnis ihres Erfolges\u00a0 und ihr Markenzeichen sind zwei perfekt harmonierende Leadgitarren. Ihre Wurzeln haben \u201eIn Flames\u201c im Melodic Metal, im Laufe ihrer Bandgeschichte haben sie eine eigene Stilrichtung entwickelt, die sich in die g\u00e4ngigen Genrebezeichnungen nicht hineinpressen l\u00e4sst. Ein weiteres Charakteristikum von \u201eIn Flames\u201c ist der abwechselnde Klargesang und Growls von Anders Frid\u00e9n.<!--more--><\/p>\n<p>Dieses kraftvolle und starke Spiel von \u201eIn Flames\u201c schallt auch von der Firestage \u00fcber das Festivalgel\u00e4nde. Ein dreifacher namentlicher Fl\u00e4chenbrand wurde heute Abend gez\u00fcndet: \u201eIn Flames\u201c auf der Firestage beim Deichbrand Festival \u2013 brenne, Deich, brenne!<\/p>\n<p>Apropos \u201ebrenne\u201c: Die Lightshow von \u201eIn Flames\u201c ist gewaltig und mindestens genauso kr\u00e4ftig wie das akustische Gewitter \u2013 leider kommen \u00fcberwiegend sehr stark geb\u00fcndelte Backlights und LEDs zum Einsatz; somit wird es schwierig, \u00fcberhaupt brauchbare Bilder im heftigen Gegenlicht einzufangen. Man muss sich auf die stroboskopartigen wei\u00dfen Lichtblitze einlassen und versuchen, in deren Takt auszul\u00f6sen \u2013 ein Unterfangen, welches nicht immer von Erfolg gekr\u00f6nt ist.<\/p>\n<p align=\"right\">Foto: <a href=\"mailto:info@rockpixx.com?subject=In%20Flames,%2021.07.2013,%20Deichbrand%20Festival\">Alex<\/a> | Text: <a href=\"mailto:a.roselt@rockpixx.com?subject=In%20Flames,%2021.07.2013,%20Deichbrand%20Festival\">Anja<\/a><\/p>\n<p style=\"text-align: left;\" align=\"right\">\n<p style=\"text-align: left;\" align=\"right\">[slideshow id=357]<\/p>\n<p>&nbsp;<\/p>\n","protected":false},"excerpt":{"rendered":"<p>Eine dreiundzwanzigj\u00e4hrige Erfolgsgeschichte mit drei Grammies, 10 Alben und davon haben sie \u00fcber 2,5 Millionen <a href=\"http:\/\/www.rockpixx.com\/wordpress\/in-flames-19-07-2013-deichbrand-festival-nordholz\/\">Read more<\/a><\/p>\n","protected":false},"author":2,"featured_media":11668,"comment_status":"open","ping_status":"open","sticky":false,"template":"","format":"standard","meta":{"_jetpack_memberships_contains_paid_content":false,"footnotes":"","jetpack_publicize_message":"#InFlames, 19.07.2013, #DeichbrandFestival, #Nordholz","jetpack_publicize_feature_enabled":true,"jetpack_social_post_already_shared":true,"jetpack_social_options":{"image_generator_settings":{"template":"highway","default_image_id":0,"font":"","enabled":false},"version":2}},"categories":[34,1212],"tags":[2065,844,133,2224,2058],"class_list":["post-11667","post","type-post","status-publish","format-standard","has-post-thumbnail","hentry","category-acts","category-in-flames","tag-2065","tag-deichbrand-festival","tag-festivals","tag-in-flames","tag-nordholz"],"aioseo_notices":[],"jetpack_publicize_connections":[],"jetpack_featured_media_url":"http:\/\/www.rockpixx.com\/wordpress\/wp-content\/uploads\/2013\/07\/20130719-09-058_in-flames-Artikel.jpg","jetpack-related-posts":[{"id":15214,"url":"http:\/\/www.rockpixx.com\/wordpress\/in-extremo-19-07-2014-deichbrand-festival-nordholz\/","url_meta":{"origin":11667,"position":0},"title":"In Extremo, 19.07.2014, Deichbrand Festival, Nordholz","author":"admin","date":"19. Juli 2014","format":false,"excerpt":"Erste Ansage noch am Grabeneingang: \u201eZuerst gibt\u2019s extreme B\u00f6ller, da ist Geh\u00f6rschutz Pflicht. Dann gibt\u2019s Flames und ab Song zwei k\u00f6nnt Ihr dann f\u00fcr zwei Lieder rein.\u201c Ok, Flames also, die k\u00f6nnen gar nicht so hei\u00df sein, wie die Temperaturen auf dem Gel\u00e4nde. Freuen wir uns also nach \u2192 \u201eFAUN\u201c\u2026","rel":"","context":"In &quot;Acts&quot;","block_context":{"text":"Acts","link":"http:\/\/www.rockpixx.com\/wordpress\/category\/acts\/"},"img":{"alt_text":"In Extremo, 19.07.2014, Deichbrand Open Air, Seeflughafen, Nordholz","src":"https:\/\/i0.wp.com\/www.rockpixx.com\/wordpress\/wp-content\/uploads\/2014\/07\/20140719-06-015_in-extremo_Artikel1.jpg?resize=350%2C200","width":350,"height":200,"srcset":"https:\/\/i0.wp.com\/www.rockpixx.com\/wordpress\/wp-content\/uploads\/2014\/07\/20140719-06-015_in-extremo_Artikel1.jpg?resize=350%2C200 1x, https:\/\/i0.wp.com\/www.rockpixx.com\/wordpress\/wp-content\/uploads\/2014\/07\/20140719-06-015_in-extremo_Artikel1.jpg?resize=525%2C300 1.5x, https:\/\/i0.wp.com\/www.rockpixx.com\/wordpress\/wp-content\/uploads\/2014\/07\/20140719-06-015_in-extremo_Artikel1.jpg?resize=700%2C400 2x"},"classes":[]},{"id":15156,"url":"http:\/\/www.rockpixx.com\/wordpress\/exclusive-17-07-2014-deichbrand-festival-nordholz\/","url_meta":{"origin":11667,"position":1},"title":"Exclusive, 17.07.2014, Deichbrand Festival, Nordholz","author":"admin","date":"18. Juli 2014","format":false,"excerpt":"Jetzt geht\u2019s los. Zweiter Tag auf dem Deichbrand, endlich werden die beiden gro\u00dfen B\u00fchnen bespielt, den Anfang macht fr\u00fchmorgens gegen 14:00 die M\u00fcnchner Band \u201eExclusive\u201c auf der Firestage. Und das l\u00e4sst sich schon mal gut an, es geht doch nichts \u00fcber gutes Sonnenlicht, wenn man Konzerte fotografieren will \u2013 kein\u2026","rel":"","context":"In &quot;Acts&quot;","block_context":{"text":"Acts","link":"http:\/\/www.rockpixx.com\/wordpress\/category\/acts\/"},"img":{"alt_text":"Exclusive, 18.07.2014, Deichbrand Open Air, Seeflughafen, Nordholz","src":"https:\/\/i0.wp.com\/www.rockpixx.com\/wordpress\/wp-content\/uploads\/2014\/07\/20140718-01-027_exclusive_Artikel1.jpg?resize=350%2C200","width":350,"height":200,"srcset":"https:\/\/i0.wp.com\/www.rockpixx.com\/wordpress\/wp-content\/uploads\/2014\/07\/20140718-01-027_exclusive_Artikel1.jpg?resize=350%2C200 1x, https:\/\/i0.wp.com\/www.rockpixx.com\/wordpress\/wp-content\/uploads\/2014\/07\/20140718-01-027_exclusive_Artikel1.jpg?resize=525%2C300 1.5x, https:\/\/i0.wp.com\/www.rockpixx.com\/wordpress\/wp-content\/uploads\/2014\/07\/20140718-01-027_exclusive_Artikel1.jpg?resize=700%2C400 2x"},"classes":[]},{"id":11777,"url":"http:\/\/www.rockpixx.com\/wordpress\/madsen-21-07-2013-deichbrand-festival-nordholz\/","url_meta":{"origin":11667,"position":2},"title":"MADSEN, 21.07.2013, Deichbrand Festival, Nordholz","author":"Anja","date":"28. Juli 2013","format":false,"excerpt":"Eigentlich steht ja bei \u201eMADSEN\u201c ein kleines Familienunternehmen auf der B\u00fchne \u2013 besteht doch die Band aus den drei Br\u00fcdern Sebastian, Johannes und Sasha Madsen, welche noch Unterst\u00fctzung von Nico Maurer am Bass erhalten. Die Musik rockt richtig los und geht in die Beine. S\u00e4nger Sebastian Madsen freut sich \u00fcber\u2026","rel":"","context":"In &quot;Acts&quot;","block_context":{"text":"Acts","link":"http:\/\/www.rockpixx.com\/wordpress\/category\/acts\/"},"img":{"alt_text":"Madsen","src":"https:\/\/i0.wp.com\/www.rockpixx.com\/wordpress\/wp-content\/uploads\/2013\/07\/20130721-08-049_madsen-Artikel.jpg?resize=350%2C200","width":350,"height":200,"srcset":"https:\/\/i0.wp.com\/www.rockpixx.com\/wordpress\/wp-content\/uploads\/2013\/07\/20130721-08-049_madsen-Artikel.jpg?resize=350%2C200 1x, https:\/\/i0.wp.com\/www.rockpixx.com\/wordpress\/wp-content\/uploads\/2013\/07\/20130721-08-049_madsen-Artikel.jpg?resize=525%2C300 1.5x, https:\/\/i0.wp.com\/www.rockpixx.com\/wordpress\/wp-content\/uploads\/2013\/07\/20130721-08-049_madsen-Artikel.jpg?resize=700%2C400 2x"},"classes":[]},{"id":15222,"url":"http:\/\/www.rockpixx.com\/wordpress\/heaven-shall-burn-19-07-2014-deichbrand-festival-nordholz\/","url_meta":{"origin":11667,"position":3},"title":"Heaven Shall Burn, 19.07.2014, Deichbrand Festival, Nordholz","author":"admin","date":"19. Juli 2014","format":false,"excerpt":"Noch nicht warm genug? Fein, dann z\u00fcnden wir mal gleich zu Beginn etliche Flames! Wenn man schon \u201eHeaven Shall Burn\u201c hei\u00dft, dann muss man ja seinem Namen irgendwie gerecht werden, oder? Toll, was so alles aus Th\u00fcringen kommt: Von mir geliebte Th\u00fcringer Kl\u00f6\u00dfe (aber bitte ohne so schrecklich viel So\u00dfe),\u2026","rel":"","context":"In &quot;Acts&quot;","block_context":{"text":"Acts","link":"http:\/\/www.rockpixx.com\/wordpress\/category\/acts\/"},"img":{"alt_text":"Heaven Shall Burn, 19.07.2014, Deichbrand Open Air, Seeflughafen, Nordholz","src":"https:\/\/i0.wp.com\/www.rockpixx.com\/wordpress\/wp-content\/uploads\/2014\/07\/20140719-08-092_heaven-shall-burn_Artikel2.jpg?resize=350%2C200","width":350,"height":200,"srcset":"https:\/\/i0.wp.com\/www.rockpixx.com\/wordpress\/wp-content\/uploads\/2014\/07\/20140719-08-092_heaven-shall-burn_Artikel2.jpg?resize=350%2C200 1x, https:\/\/i0.wp.com\/www.rockpixx.com\/wordpress\/wp-content\/uploads\/2014\/07\/20140719-08-092_heaven-shall-burn_Artikel2.jpg?resize=525%2C300 1.5x, https:\/\/i0.wp.com\/www.rockpixx.com\/wordpress\/wp-content\/uploads\/2014\/07\/20140719-08-092_heaven-shall-burn_Artikel2.jpg?resize=700%2C400 2x"},"classes":[]},{"id":15236,"url":"http:\/\/www.rockpixx.com\/wordpress\/jan-delay-disko-no-1-19-07-2014-deichbrand-festival-nordholz\/","url_meta":{"origin":11667,"position":4},"title":"Jan Delay &#038; Disko No. 1, 19.07.2014, Deichbrand Festival, Nordholz","author":"admin","date":"20. Juli 2014","format":false,"excerpt":"Zu meinem pers\u00f6nlichen Abschluss des dritten Tages auf dem Deichbrand stehe ich im Graben vor der Firestage und nehme den Auftritt von Jan Delay noch mit. Sein neues Album \u201eHammer & Michel\u201c ist ja noch frisch in allen Geh\u00f6rg\u00e4ngen, seine \u2013 haupts\u00e4chlich \u00fcber die Medien gef\u00fchrte \u2013 Auseinandersetzung mit \u2192\u2026","rel":"","context":"In &quot;Acts&quot;","block_context":{"text":"Acts","link":"http:\/\/www.rockpixx.com\/wordpress\/category\/acts\/"},"img":{"alt_text":"Jan Delay & Disko No. 1, 19.07.2014, Deichbrand Open Air, Seeflughafen, Nordholz","src":"https:\/\/i0.wp.com\/www.rockpixx.com\/wordpress\/wp-content\/uploads\/2014\/07\/20140719-10-157_jan-delay_Artikel.jpg?resize=350%2C200","width":350,"height":200,"srcset":"https:\/\/i0.wp.com\/www.rockpixx.com\/wordpress\/wp-content\/uploads\/2014\/07\/20140719-10-157_jan-delay_Artikel.jpg?resize=350%2C200 1x, https:\/\/i0.wp.com\/www.rockpixx.com\/wordpress\/wp-content\/uploads\/2014\/07\/20140719-10-157_jan-delay_Artikel.jpg?resize=525%2C300 1.5x, https:\/\/i0.wp.com\/www.rockpixx.com\/wordpress\/wp-content\/uploads\/2014\/07\/20140719-10-157_jan-delay_Artikel.jpg?resize=700%2C400 2x"},"classes":[]},{"id":15198,"url":"http:\/\/www.rockpixx.com\/wordpress\/callejon-19-07-2014-deichbrand-festival-nordholz\/","url_meta":{"origin":11667,"position":5},"title":"Callejon, 19.07.2014, Deichbrand Festival, Nordholz","author":"admin","date":"19. Juli 2014","format":false,"excerpt":"Wer im Jahr 2014 Supportact f\u00fcr \u2192 \u201eBullet for my Valentine\u201c ist, der macht bestimmt keinen vor Betroffenheit triefenden Liedermacher-Singsang. Und wer auf der Firestage auf dem Deichbrand steht, der auch nicht. Insofern \u00fcberrascht es nicht, wenn Kl\u00e4nge der etwas weniger weichgesp\u00fclten Art dort vor mir von \u201eCallejon\u201c zelebriert werden.\u2026","rel":"","context":"In &quot;Acts&quot;","block_context":{"text":"Acts","link":"http:\/\/www.rockpixx.com\/wordpress\/category\/acts\/"},"img":{"alt_text":"Callejon, 19.07.2014, Deichbrand Open Air, Seeflughafen, Nordholz","src":"https:\/\/i0.wp.com\/www.rockpixx.com\/wordpress\/wp-content\/uploads\/2014\/07\/20140719-02-030_callejon_Artikel.jpg?resize=350%2C200","width":350,"height":200,"srcset":"https:\/\/i0.wp.com\/www.rockpixx.com\/wordpress\/wp-content\/uploads\/2014\/07\/20140719-02-030_callejon_Artikel.jpg?resize=350%2C200 1x, https:\/\/i0.wp.com\/www.rockpixx.com\/wordpress\/wp-content\/uploads\/2014\/07\/20140719-02-030_callejon_Artikel.jpg?resize=525%2C300 1.5x, https:\/\/i0.wp.com\/www.rockpixx.com\/wordpress\/wp-content\/uploads\/2014\/07\/20140719-02-030_callejon_Artikel.jpg?resize=700%2C400 2x"},"classes":[]}],"jetpack_sharing_enabled":true,"publishpress_future_action":{"enabled":false,"date":"2026-05-06 09:50:06","action":"change-status","newStatus":"draft","terms":[],"taxonomy":"category","extraData":[]},"publishpress_future_workflow_manual_trigger":{"enabledWorkflows":[]},"_links":{"self":[{"href":"http:\/\/www.rockpixx.com\/wordpress\/wp-json\/wp\/v2\/posts\/11667","targetHints":{"allow":["GET"]}}],"collection":[{"href":"http:\/\/www.rockpixx.com\/wordpress\/wp-json\/wp\/v2\/posts"}],"about":[{"href":"http:\/\/www.rockpixx.com\/wordpress\/wp-json\/wp\/v2\/types\/post"}],"author":[{"embeddable":true,"href":"http:\/\/www.rockpixx.com\/wordpress\/wp-json\/wp\/v2\/users\/2"}],"replies":[{"embeddable":true,"href":"http:\/\/www.rockpixx.com\/wordpress\/wp-json\/wp\/v2\/comments?post=11667"}],"version-history":[{"count":0,"href":"http:\/\/www.rockpixx.com\/wordpress\/wp-json\/wp\/v2\/posts\/11667\/revisions"}],"wp:featuredmedia":[{"embeddable":true,"href":"http:\/\/www.rockpixx.com\/wordpress\/wp-json\/wp\/v2\/media\/11668"}],"wp:attachment":[{"href":"http:\/\/www.rockpixx.com\/wordpress\/wp-json\/wp\/v2\/media?parent=11667"}],"wp:term":[{"taxonomy":"category","embeddable":true,"href":"http:\/\/www.rockpixx.com\/wordpress\/wp-json\/wp\/v2\/categories?post=11667"},{"taxonomy":"post_tag","embeddable":true,"href":"http:\/\/www.rockpixx.com\/wordpress\/wp-json\/wp\/v2\/tags?post=11667"}],"curies":[{"name":"wp","href":"https:\/\/api.w.org\/{rel}","templated":true}]}}