{"id":11698,"date":"2013-07-27T15:32:08","date_gmt":"2013-07-27T14:32:08","guid":{"rendered":"http:\/\/rockpixx.com\/wordpress\/?p=11698"},"modified":"2013-09-27T20:48:02","modified_gmt":"2013-09-27T19:48:02","slug":"die-orsons-20-07-2013-deichbrand-festival-nordholz","status":"publish","type":"post","link":"http:\/\/www.rockpixx.com\/wordpress\/die-orsons-20-07-2013-deichbrand-festival-nordholz\/","title":{"rendered":"Die Orsons, 20.07.2013, Deichbrand Festival, Nordholz"},"content":{"rendered":"<p>Deutscher Hip-Hop \u2013 zuckers\u00fc\u00dfe Texte mit viel Fantasie, Ironie und Sarkasmus. Dies ist die Kurzbeschreibung von \u201eDie Orsons\u201c. Eigentlich k\u00f6nnte ich jetzt Schluss machen, mache ich aber nicht.<!--more--><\/p>\n<p>Ich kannte \u201eDie Orsons\u201c bis zu diesem Festival nicht und fand so das Intro der Band ganz interessant, da die S\u00e4nger erst nach und nach auf die B\u00fchne kamen und ich so bei mir dachte \u201eDa muss ein Nest sein.\u201c Das \u00fcberwiegend weibliche Publikum sang dann auch gleich aus vollem Halse die Texte mit und hatte genauso viel Spa\u00df wie die Jungs auf der B\u00fchne. F\u00fcr die Jungs im Publikum hatten \u201eDie Orsons\u201c dann beim dritten Lied Verst\u00e4rkung in Form ihrer schmucken Background-S\u00e4ngerin erhalten.<\/p>\n<p>Beim Fotografieren entgehen einem oft die Texte und die feine Ironie, die darin enthalten ist. Ein Grund mehr nach dem Festival-Sommer ganz gem\u00fctlich in ihre Alben reinzuh\u00f6ren.<\/p>\n<p align=\"right\">Fotos: <a href=\"mailto:info@rockpixx.com?subject=Die%20Orsons,%2020.07.2013,%20Deichbrand%20Festival,%20Nordholz\">Alex<\/a>, <a href=\"mailto:a.roselt@rockpixx.com?subject=Die%20Orsons,%2020.07.2013,%20Deichbrand%20Festival,%20Nordholz\">Anja<\/a> | Text: <a href=\"mailto:a.roselt@rockpixx.com?subject=Die%20Orsons,%2020.07.2013,%20Deichbrand%20Festival,%20Nordholz\">Anja<\/a><\/p>\n<p style=\"text-align: left;\" align=\"right\">[slideshow id=363]<\/p>\n","protected":false},"excerpt":{"rendered":"<p>Deutscher Hip-Hop \u2013 zuckers\u00fc\u00dfe Texte mit viel Fantasie, Ironie und Sarkasmus. Dies ist die Kurzbeschreibung <a href=\"http:\/\/www.rockpixx.com\/wordpress\/die-orsons-20-07-2013-deichbrand-festival-nordholz\/\">Read more<\/a><\/p>\n","protected":false},"author":2,"featured_media":11701,"comment_status":"open","ping_status":"open","sticky":false,"template":"","format":"standard","meta":{"_jetpack_memberships_contains_paid_content":false,"footnotes":"","jetpack_publicize_message":"#DieOrsons, 20.07.2013, #DeichbrandFestival, #Nordholz","jetpack_publicize_feature_enabled":true,"jetpack_social_post_already_shared":true,"jetpack_social_options":{"image_generator_settings":{"template":"highway","default_image_id":0,"font":"","enabled":false},"version":2}},"categories":[34,1587],"tags":[2065,1285,844,2233,133,2058],"class_list":["post-11698","post","type-post","status-publish","format-standard","has-post-thumbnail","hentry","category-acts","category-die-orsons","tag-2065","tag-bundesvision-song-contest","tag-deichbrand-festival","tag-die-orsons","tag-festivals","tag-nordholz"],"aioseo_notices":[],"jetpack_publicize_connections":[],"jetpack_featured_media_url":"http:\/\/www.rockpixx.com\/wordpress\/wp-content\/uploads\/2013\/07\/20130720-06-006_die-orsons-Artikel.jpg","jetpack-related-posts":[{"id":8834,"url":"http:\/\/www.rockpixx.com\/wordpress\/beatsteaks-21-07-2012-nordholz-deichbrand-festival\/","url_meta":{"origin":11698,"position":0},"title":"Beatsteaks, 21.07.2012, Nordholz, Deichbrand Festival","author":"Anja","date":"21. Juli 2012","format":false,"excerpt":"Und dann der Mainact des heutigen Abends: Die \u201eBeatsteaks\u201c bitten zum Tanz. \u201eTanz\u201c ist vielleicht nicht das richtige Wort f\u00fcr das, was da in den ersten Reihen vor der Absperrung direkt hinter mir losgeht \u2013 die Security hat jede Menge Arbeit damit, Leute aus der Menge in den Graben zu\u2026","rel":"","context":"In &quot;Acts&quot;","block_context":{"text":"Acts","link":"http:\/\/www.rockpixx.com\/wordpress\/category\/acts\/"},"img":{"alt_text":"Beatsteaks, 21.07.2012, Nordholz, Deichbrand Festival","src":"https:\/\/i0.wp.com\/www.rockpixx.com\/wordpress\/wp-content\/uploads\/2013\/02\/20120721-10-beatsteaks-Artikel.jpg?resize=350%2C200","width":350,"height":200,"srcset":"https:\/\/i0.wp.com\/www.rockpixx.com\/wordpress\/wp-content\/uploads\/2013\/02\/20120721-10-beatsteaks-Artikel.jpg?resize=350%2C200 1x, https:\/\/i0.wp.com\/www.rockpixx.com\/wordpress\/wp-content\/uploads\/2013\/02\/20120721-10-beatsteaks-Artikel.jpg?resize=525%2C300 1.5x, https:\/\/i0.wp.com\/www.rockpixx.com\/wordpress\/wp-content\/uploads\/2013\/02\/20120721-10-beatsteaks-Artikel.jpg?resize=700%2C400 2x"},"classes":[]},{"id":11603,"url":"http:\/\/www.rockpixx.com\/wordpress\/letzte-instanz-18-07-2013-deichbrand-festival-nordholz\/","url_meta":{"origin":11698,"position":1},"title":"Letzte Instanz, 18.07.2013, Deichbrand Festival, Nordholz","author":"Anja","date":"23. Juli 2013","format":false,"excerpt":"Fragt mich ein Kollege vor dem Konzert: \u201eWie beschreibt man eigentlich die Musik von \u00bbLetzte Instanz\u00ab?\u201c Zu diesem Zeitpunkt konnte ich ihm nicht weiterhelfen, da ich die Dresdner Band bisher noch nicht vor der Kamera hatte. Also hie\u00df es \u2013 sich \u00fcberraschen lassen. Das Palastzelt, in welchem der WarmUp-Abend stattfand,\u2026","rel":"","context":"In &quot;Acts&quot;","block_context":{"text":"Acts","link":"http:\/\/www.rockpixx.com\/wordpress\/category\/acts\/"},"img":{"alt_text":"","src":"https:\/\/i0.wp.com\/www.rockpixx.com\/wordpress\/wp-content\/uploads\/2013\/07\/20130718-03-169_letzte-instanz-Artikel.jpg?resize=350%2C200","width":350,"height":200,"srcset":"https:\/\/i0.wp.com\/www.rockpixx.com\/wordpress\/wp-content\/uploads\/2013\/07\/20130718-03-169_letzte-instanz-Artikel.jpg?resize=350%2C200 1x, https:\/\/i0.wp.com\/www.rockpixx.com\/wordpress\/wp-content\/uploads\/2013\/07\/20130718-03-169_letzte-instanz-Artikel.jpg?resize=525%2C300 1.5x, https:\/\/i0.wp.com\/www.rockpixx.com\/wordpress\/wp-content\/uploads\/2013\/07\/20130718-03-169_letzte-instanz-Artikel.jpg?resize=700%2C400 2x"},"classes":[]},{"id":11760,"url":"http:\/\/www.rockpixx.com\/wordpress\/grosstadtgefluster-21-07-2013-deichbrand-festival-nordholz\/","url_meta":{"origin":11698,"position":2},"title":"Gro\u00dfstadtgefl\u00fcster, 21.07.2013, Deichbrand Festival, Nordholz","author":"Anja","date":"28. Juli 2013","format":false,"excerpt":"\u201eGrossstadtgefl\u00fcster ist eine dreik\u00f6pfige Band, die sich dem deutschsprachigen Elektropop zugewandt hat\u201c \u2013 so spr\u00f6de und trocken steht\u2019s in Wikipedia. Das wird dem Auftritt nicht ganz gerecht, kommt doch die Band schon in einem etwas abenteuerlich anmutendem Outfit auf die B\u00fchne: Neben vielen bunten Klebebandstreifen auf Haut und Sakko beim\u2026","rel":"","context":"In &quot;Acts&quot;","block_context":{"text":"Acts","link":"http:\/\/www.rockpixx.com\/wordpress\/category\/acts\/"},"img":{"alt_text":"","src":"https:\/\/i0.wp.com\/www.rockpixx.com\/wordpress\/wp-content\/uploads\/2013\/07\/20130721-05-026_grossstadtgefluester-Artikel.jpg?resize=350%2C200","width":350,"height":200,"srcset":"https:\/\/i0.wp.com\/www.rockpixx.com\/wordpress\/wp-content\/uploads\/2013\/07\/20130721-05-026_grossstadtgefluester-Artikel.jpg?resize=350%2C200 1x, https:\/\/i0.wp.com\/www.rockpixx.com\/wordpress\/wp-content\/uploads\/2013\/07\/20130721-05-026_grossstadtgefluester-Artikel.jpg?resize=525%2C300 1.5x, https:\/\/i0.wp.com\/www.rockpixx.com\/wordpress\/wp-content\/uploads\/2013\/07\/20130721-05-026_grossstadtgefluester-Artikel.jpg?resize=700%2C400 2x"},"classes":[]},{"id":8187,"url":"http:\/\/www.rockpixx.com\/wordpress\/jennifer-rostock-23-07-2011-nordholz-deichbrand-festival\/","url_meta":{"origin":11698,"position":3},"title":"Jennifer Rostock, 23.07.2011, Nordholz, Deichbrand Festival","author":"Anja","date":"23. Juli 2011","format":false,"excerpt":"Vorab eine Anmerkung: Ja, ich wei\u00df, dass die S\u00e4ngerin von \u201eJennifer Rostock\u201c nicht so, sondern \u201eJennifer Weist\u201c hei\u00dft. Und ich wei\u00df auch, dass zur Band noch vier m\u00e4nnliche Musiker geh\u00f6ren. Aber dennoch zeige ich hier ausschlie\u00dflich Bilder von der Frontfrau \u2013 sie gibt optisch einfach mehr her als ihre Kollegen.\u2026","rel":"","context":"In &quot;Acts&quot;","block_context":{"text":"Acts","link":"http:\/\/www.rockpixx.com\/wordpress\/category\/acts\/"},"img":{"alt_text":"Jennifer Rostock, 23.07.2011, Nordholz, Deichbrand Festival","src":"https:\/\/i0.wp.com\/www.rockpixx.com\/wordpress\/wp-content\/uploads\/2011\/07\/20110723-07-jennifer-rostock-Artikel.jpg?resize=350%2C200","width":350,"height":200,"srcset":"https:\/\/i0.wp.com\/www.rockpixx.com\/wordpress\/wp-content\/uploads\/2011\/07\/20110723-07-jennifer-rostock-Artikel.jpg?resize=350%2C200 1x, https:\/\/i0.wp.com\/www.rockpixx.com\/wordpress\/wp-content\/uploads\/2011\/07\/20110723-07-jennifer-rostock-Artikel.jpg?resize=525%2C300 1.5x, https:\/\/i0.wp.com\/www.rockpixx.com\/wordpress\/wp-content\/uploads\/2011\/07\/20110723-07-jennifer-rostock-Artikel.jpg?resize=700%2C400 2x"},"classes":[]},{"id":8270,"url":"http:\/\/www.rockpixx.com\/wordpress\/die-fantastischen-vier-24-07-2011-nordholz-deichbrand-festival\/","url_meta":{"origin":11698,"position":4},"title":"Die Fantastischen Vier, 24.07.2011, Nordholz, Deichbrand Festival","author":"Anja","date":"24. Juli 2011","format":false,"excerpt":"Und zu guter Letzt geben alle noch einmal alles: Publikum, Security, Regen, Sturm, Fotografen und \u201eDie Fantastischen Vier\u201c. Auch hier sind die Musiker vom Durchhalteverm\u00f6gen des Publikums so angetan, dass sie ebenfalls hinaus auf die Boxen in den str\u00f6menden Regen klettern und binnen k\u00fcrzester Zeit v\u00f6llig durchn\u00e4sst \u00fcber die B\u00fchne\u2026","rel":"","context":"In &quot;Acts&quot;","block_context":{"text":"Acts","link":"http:\/\/www.rockpixx.com\/wordpress\/category\/acts\/"},"img":{"alt_text":"Die Fantastischen Vier, 24.07.2011, Nordholz, Deichbrand Festival","src":"https:\/\/i0.wp.com\/www.rockpixx.com\/wordpress\/wp-content\/uploads\/2013\/02\/20110724-10-fanta4-Artikel.jpg?resize=350%2C200","width":350,"height":200,"srcset":"https:\/\/i0.wp.com\/www.rockpixx.com\/wordpress\/wp-content\/uploads\/2013\/02\/20110724-10-fanta4-Artikel.jpg?resize=350%2C200 1x, https:\/\/i0.wp.com\/www.rockpixx.com\/wordpress\/wp-content\/uploads\/2013\/02\/20110724-10-fanta4-Artikel.jpg?resize=525%2C300 1.5x, https:\/\/i0.wp.com\/www.rockpixx.com\/wordpress\/wp-content\/uploads\/2013\/02\/20110724-10-fanta4-Artikel.jpg?resize=700%2C400 2x"},"classes":[]},{"id":15203,"url":"http:\/\/www.rockpixx.com\/wordpress\/irie-revoltes-19-07-2014-deichbrand-festival-nordholz\/","url_meta":{"origin":11698,"position":5},"title":"Irie R\u00e9volt\u00e9s, 19.07.2014, Deichbrand Festival, Nordholz","author":"admin","date":"19. Juli 2014","format":false,"excerpt":"Die W\u00e4rmegrade auf dem Thermometer guckt sich sowieso schon keiner mehr an \u2013 ist zu anstrengend. Passend zur Hitze wird es jetzt auf der Waterstage auch noch richtig hei\u00df und turbulent: \u201eIrie R\u00e9volt\u00e9s\u201c toben da rum. Bereits \u2192 2012 hatte ich sie ja schon auf dem Deichbrand gesehen und geh\u00f6rt\u2026","rel":"","context":"In &quot;Acts&quot;","block_context":{"text":"Acts","link":"http:\/\/www.rockpixx.com\/wordpress\/category\/acts\/"},"img":{"alt_text":"Irie R\u00e9volt\u00e9s, 19.07.2014, Deichbrand Open Air, Seeflughafen, Nordholz","src":"https:\/\/i0.wp.com\/www.rockpixx.com\/wordpress\/wp-content\/uploads\/2014\/07\/20140719-03-008_irie-revoltes_Artikel.jpg?resize=350%2C200","width":350,"height":200,"srcset":"https:\/\/i0.wp.com\/www.rockpixx.com\/wordpress\/wp-content\/uploads\/2014\/07\/20140719-03-008_irie-revoltes_Artikel.jpg?resize=350%2C200 1x, https:\/\/i0.wp.com\/www.rockpixx.com\/wordpress\/wp-content\/uploads\/2014\/07\/20140719-03-008_irie-revoltes_Artikel.jpg?resize=525%2C300 1.5x, https:\/\/i0.wp.com\/www.rockpixx.com\/wordpress\/wp-content\/uploads\/2014\/07\/20140719-03-008_irie-revoltes_Artikel.jpg?resize=700%2C400 2x"},"classes":[]}],"jetpack_sharing_enabled":true,"publishpress_future_action":{"enabled":false,"date":"2026-05-07 20:59:17","action":"change-status","newStatus":"draft","terms":[],"taxonomy":"category","extraData":[]},"publishpress_future_workflow_manual_trigger":{"enabledWorkflows":[]},"_links":{"self":[{"href":"http:\/\/www.rockpixx.com\/wordpress\/wp-json\/wp\/v2\/posts\/11698","targetHints":{"allow":["GET"]}}],"collection":[{"href":"http:\/\/www.rockpixx.com\/wordpress\/wp-json\/wp\/v2\/posts"}],"about":[{"href":"http:\/\/www.rockpixx.com\/wordpress\/wp-json\/wp\/v2\/types\/post"}],"author":[{"embeddable":true,"href":"http:\/\/www.rockpixx.com\/wordpress\/wp-json\/wp\/v2\/users\/2"}],"replies":[{"embeddable":true,"href":"http:\/\/www.rockpixx.com\/wordpress\/wp-json\/wp\/v2\/comments?post=11698"}],"version-history":[{"count":0,"href":"http:\/\/www.rockpixx.com\/wordpress\/wp-json\/wp\/v2\/posts\/11698\/revisions"}],"wp:featuredmedia":[{"embeddable":true,"href":"http:\/\/www.rockpixx.com\/wordpress\/wp-json\/wp\/v2\/media\/11701"}],"wp:attachment":[{"href":"http:\/\/www.rockpixx.com\/wordpress\/wp-json\/wp\/v2\/media?parent=11698"}],"wp:term":[{"taxonomy":"category","embeddable":true,"href":"http:\/\/www.rockpixx.com\/wordpress\/wp-json\/wp\/v2\/categories?post=11698"},{"taxonomy":"post_tag","embeddable":true,"href":"http:\/\/www.rockpixx.com\/wordpress\/wp-json\/wp\/v2\/tags?post=11698"}],"curies":[{"name":"wp","href":"https:\/\/api.w.org\/{rel}","templated":true}]}}