{"id":11720,"date":"2013-07-28T12:37:10","date_gmt":"2013-07-28T11:37:10","guid":{"rendered":"http:\/\/rockpixx.com\/wordpress\/?p=11720"},"modified":"2013-09-27T20:47:02","modified_gmt":"2013-09-27T19:47:02","slug":"kraftclub-20-07-2013-deichbrand-festival-nordholz","status":"publish","type":"post","link":"http:\/\/www.rockpixx.com\/wordpress\/kraftclub-20-07-2013-deichbrand-festival-nordholz\/","title":{"rendered":"Kraftklub, 20.07.2013, Deichbrand Festival, Nordholz"},"content":{"rendered":"<p>Nebel&#8230; er lichtet sich\u2026 zwei riesige aufgeblasene \u201ePommesgabeln\u201c stehen auf der B\u00fchne\u2026 Nebel\u2026 er lichtet sich weiter und wer jetzt die harten Metaller erwartet der unterliegt einem Irrtum. Musiker im Outfit von amerikanischen Collegeboys betreten die B\u00fchne. Das Publikum flippt aus.<!--more--><\/p>\n<p>Die f\u00fcnf Chemnitzer rocken und rappen was das Zeug h\u00e4lt, es macht Spa\u00df, ihnen zuzuh\u00f6ren, die Show anzuschauen und nat\u00fcrlich auch geile Fotos zu machen. \u201eIch will nicht nach Berlin\u201c erschallt von der B\u00fchne und wenn man die Atmosph\u00e4re hier auf dem Deichbrand live erlebt, dann versteht man die Musiker von \u201eKraftklub\u201c.<\/p>\n<p>\u201eKraftklub\u201c steht nicht nur f\u00fcr gute Musik, sondern auch f\u00fcr soziales und politisches Engagement. So unterst\u00fctzen die Bandmitglieder den Kampf gegen Analphabetismus in der Kampagne \u201eiCHANCE\u201c. Politisch zogen Sie die Aufmerksamkeit auf die Echonominierung von \u201eFrei Wild\u201c da diese in der gleichen Kategorie wie Kraftclub nominiert waren. Kraftclub lehnte die eigene Nominierung auf Grund des rechtspopulistischen Hintergrunds von \u201eFrei Wild\u201c ab. Hut ab f\u00fcr die \u201eEinstellung gegen Rechts\u201c.<\/p>\n<p align=\"right\">Fotos: <a href=\"mailto:info@rockpixx.com?subject=Kraftclub,%2020.07.2013,%20Deichbrand%20Festival,%20Nordholz\">Alex<\/a>, <a href=\"mailto:a.roselt@rockpixx.com?subject=Kraftclub,%2020.07.2013,%20Deichbrand%20Festival,%20Nordholz\">Anja<\/a> | Text: <a href=\"mailto:a.roselt@rockpixx.com?subject=Kraftclub,%2020.07.2013,%20Deichbrand%20Festival,%20Nordholz\">Anja<\/a><\/p>\n<p style=\"text-align: left;\" align=\"right\">[slideshow id=366]<\/p>\n","protected":false},"excerpt":{"rendered":"<p>Nebel&#8230; er lichtet sich\u2026 zwei riesige aufgeblasene \u201ePommesgabeln\u201c stehen auf der B\u00fchne\u2026 Nebel\u2026 er lichtet <a href=\"http:\/\/www.rockpixx.com\/wordpress\/kraftclub-20-07-2013-deichbrand-festival-nordholz\/\">Read more<\/a><\/p>\n","protected":false},"author":2,"featured_media":11721,"comment_status":"open","ping_status":"open","sticky":false,"template":"","format":"standard","meta":{"_jetpack_memberships_contains_paid_content":false,"footnotes":"","jetpack_publicize_message":"#Kraftclub, 20.07.2013, #DeichbrandFestival, #Nordholz","jetpack_publicize_feature_enabled":true,"jetpack_social_post_already_shared":true,"jetpack_social_options":{"image_generator_settings":{"template":"highway","default_image_id":0,"font":"","enabled":false},"version":2}},"categories":[34,1219],"tags":[2065,1285,844,133,2237,2058],"class_list":["post-11720","post","type-post","status-publish","format-standard","has-post-thumbnail","hentry","category-acts","category-kraftklub","tag-2065","tag-bundesvision-song-contest","tag-deichbrand-festival","tag-festivals","tag-kraftklub","tag-nordholz"],"aioseo_notices":[],"jetpack_publicize_connections":[],"jetpack_featured_media_url":"http:\/\/www.rockpixx.com\/wordpress\/wp-content\/uploads\/2013\/07\/20130720-09-044_kraftklub-Artikel.jpg","jetpack-related-posts":[{"id":15156,"url":"http:\/\/www.rockpixx.com\/wordpress\/exclusive-17-07-2014-deichbrand-festival-nordholz\/","url_meta":{"origin":11720,"position":0},"title":"Exclusive, 17.07.2014, Deichbrand Festival, Nordholz","author":"admin","date":"18. Juli 2014","format":false,"excerpt":"Jetzt geht\u2019s los. Zweiter Tag auf dem Deichbrand, endlich werden die beiden gro\u00dfen B\u00fchnen bespielt, den Anfang macht fr\u00fchmorgens gegen 14:00 die M\u00fcnchner Band \u201eExclusive\u201c auf der Firestage. Und das l\u00e4sst sich schon mal gut an, es geht doch nichts \u00fcber gutes Sonnenlicht, wenn man Konzerte fotografieren will \u2013 kein\u2026","rel":"","context":"In &quot;Acts&quot;","block_context":{"text":"Acts","link":"http:\/\/www.rockpixx.com\/wordpress\/category\/acts\/"},"img":{"alt_text":"Exclusive, 18.07.2014, Deichbrand Open Air, Seeflughafen, Nordholz","src":"https:\/\/i0.wp.com\/www.rockpixx.com\/wordpress\/wp-content\/uploads\/2014\/07\/20140718-01-027_exclusive_Artikel1.jpg?resize=350%2C200","width":350,"height":200,"srcset":"https:\/\/i0.wp.com\/www.rockpixx.com\/wordpress\/wp-content\/uploads\/2014\/07\/20140718-01-027_exclusive_Artikel1.jpg?resize=350%2C200 1x, https:\/\/i0.wp.com\/www.rockpixx.com\/wordpress\/wp-content\/uploads\/2014\/07\/20140718-01-027_exclusive_Artikel1.jpg?resize=525%2C300 1.5x, https:\/\/i0.wp.com\/www.rockpixx.com\/wordpress\/wp-content\/uploads\/2014\/07\/20140718-01-027_exclusive_Artikel1.jpg?resize=700%2C400 2x"},"classes":[]},{"id":8179,"url":"http:\/\/www.rockpixx.com\/wordpress\/blackmail-23-07-2011-nordholz-deichbrand-festival\/","url_meta":{"origin":11720,"position":1},"title":"Blackmail, 23.07.2011, Nordholz, Deichbrand Festival","author":"Anja","date":"23. Juli 2011","format":false,"excerpt":"Die \u201eIndierock-Institution\u201c \u201eBlackmail\u201c hat einen neuen S\u00e4nger! Mir fehlt leider der Vergleich zu fr\u00fcher, da ich diese Band zum ersten Mal erlebe. Also konzentriere ich mich darauf, ein paar graue Fotos zu machen, da immer noch keine Chance auf Nebel auf der B\u00fchne besteht \u2013 so sehr sich die Nebelwerfer\u2026","rel":"","context":"In &quot;Acts&quot;","block_context":{"text":"Acts","link":"http:\/\/www.rockpixx.com\/wordpress\/category\/acts\/"},"img":{"alt_text":"Blackmail, 23.07.2011, Nordholz, Deichbrand Festival","src":"https:\/\/i0.wp.com\/www.rockpixx.com\/wordpress\/wp-content\/uploads\/2013\/02\/20110723-04-blackmail-Artikel.jpg?resize=350%2C200","width":350,"height":200,"srcset":"https:\/\/i0.wp.com\/www.rockpixx.com\/wordpress\/wp-content\/uploads\/2013\/02\/20110723-04-blackmail-Artikel.jpg?resize=350%2C200 1x, https:\/\/i0.wp.com\/www.rockpixx.com\/wordpress\/wp-content\/uploads\/2013\/02\/20110723-04-blackmail-Artikel.jpg?resize=525%2C300 1.5x, https:\/\/i0.wp.com\/www.rockpixx.com\/wordpress\/wp-content\/uploads\/2013\/02\/20110723-04-blackmail-Artikel.jpg?resize=700%2C400 2x"},"classes":[]},{"id":15239,"url":"http:\/\/www.rockpixx.com\/wordpress\/das-pack-20-07-2014-deichbrand-festival-nordholz\/","url_meta":{"origin":11720,"position":2},"title":"DAS PACK, 20.07.2014, Deichbrand Festival, Nordholz","author":"admin","date":"20. Juli 2014","format":false,"excerpt":"Sonntag, letzter Tag auf dem Deichbrand, die Wetterg\u00f6tter haben ein Einsehen: Es brennt nicht mehr so gnadenlos von oben herab. Vor der Waterstage: Ein \u00fcberm\u00fcdetes Publikum. Auf der B\u00fchne: Die zwei Musiker von \u201eDAS PACK\u201c. E-Gitarre, Drums und zwei Vocals lassen nat\u00fcrlich kein brachiales Soundgewitter erwarten, aber es lohnt sich,\u2026","rel":"","context":"In &quot;Acts&quot;","block_context":{"text":"Acts","link":"http:\/\/www.rockpixx.com\/wordpress\/category\/acts\/"},"img":{"alt_text":"Das Pack, 20.07.2014, Deichbrand Open Air, Seeflughafen, Nordholz","src":"https:\/\/i0.wp.com\/www.rockpixx.com\/wordpress\/wp-content\/uploads\/2014\/07\/20140720-01-002_das-pack_Artikel2.jpg?resize=350%2C200","width":350,"height":200,"srcset":"https:\/\/i0.wp.com\/www.rockpixx.com\/wordpress\/wp-content\/uploads\/2014\/07\/20140720-01-002_das-pack_Artikel2.jpg?resize=350%2C200 1x, https:\/\/i0.wp.com\/www.rockpixx.com\/wordpress\/wp-content\/uploads\/2014\/07\/20140720-01-002_das-pack_Artikel2.jpg?resize=525%2C300 1.5x, https:\/\/i0.wp.com\/www.rockpixx.com\/wordpress\/wp-content\/uploads\/2014\/07\/20140720-01-002_das-pack_Artikel2.jpg?resize=700%2C400 2x"},"classes":[]},{"id":11738,"url":"http:\/\/www.rockpixx.com\/wordpress\/anchors-and-hearts-21-07-2013-deichbrand-festival-nordholz\/","url_meta":{"origin":11720,"position":3},"title":"Anchors and Hearts, 21.07.2013, Deichbrand Festival, Nordholz","author":"Anja","date":"28. Juli 2013","format":false,"excerpt":"Am Rande durften wir noch erleben, wie der Asia-Food-Stand auf dem Festivalgel\u00e4nde das Motto des Festivals \u201eDer Deich brennt\u201c etwas zu wortw\u00f6rtlich genommen hat. So waren dann leider auch noch nicht so viele Besucher vor der B\u00fchne. (Und es gab anschlie\u00dfend f\u00fcr den Rest des Tages gebratenen Nudeln ohne Ende\u2026)\u2026","rel":"","context":"In &quot;Acts&quot;","block_context":{"text":"Acts","link":"http:\/\/www.rockpixx.com\/wordpress\/category\/acts\/"},"img":{"alt_text":"","src":"https:\/\/i0.wp.com\/www.rockpixx.com\/wordpress\/wp-content\/uploads\/2013\/07\/20130721-01-013_anchors-and-hearts-Artikel.jpg?resize=350%2C200","width":350,"height":200,"srcset":"https:\/\/i0.wp.com\/www.rockpixx.com\/wordpress\/wp-content\/uploads\/2013\/07\/20130721-01-013_anchors-and-hearts-Artikel.jpg?resize=350%2C200 1x, https:\/\/i0.wp.com\/www.rockpixx.com\/wordpress\/wp-content\/uploads\/2013\/07\/20130721-01-013_anchors-and-hearts-Artikel.jpg?resize=525%2C300 1.5x, https:\/\/i0.wp.com\/www.rockpixx.com\/wordpress\/wp-content\/uploads\/2013\/07\/20130721-01-013_anchors-and-hearts-Artikel.jpg?resize=700%2C400 2x"},"classes":[]},{"id":11592,"url":"http:\/\/www.rockpixx.com\/wordpress\/disco-ensemble-18-07-2013-deichbrand-festival-nordholz\/","url_meta":{"origin":11720,"position":4},"title":"Disco Ensemble, 18.07.2013, Deichbrand Festival, Nordholz","author":"Anja","date":"23. Juli 2013","format":false,"excerpt":"Mit \u201eDisco Ensemble\u201c startet mein erster Einsatz auf dem Deichbrand Festival. Eigentlich kann ich mich auch nicht beschweren, nach den Schlammschlachten der letzen Jahre erwartet uns diesmal ein hei\u00dfes Festivalwochenende \u2013 so macht die Arbeit Spa\u00df. Aber zur\u00fcck zu \u201eDisco Ensemble\u201c: Die vier Musiker kommen aus dem hohen Norden, genauer\u2026","rel":"","context":"In &quot;Acts&quot;","block_context":{"text":"Acts","link":"http:\/\/www.rockpixx.com\/wordpress\/category\/acts\/"},"img":{"alt_text":"","src":"https:\/\/i0.wp.com\/www.rockpixx.com\/wordpress\/wp-content\/uploads\/2013\/07\/20130718-01-069_disco-ensemble-Artikel.jpg?resize=350%2C200","width":350,"height":200,"srcset":"https:\/\/i0.wp.com\/www.rockpixx.com\/wordpress\/wp-content\/uploads\/2013\/07\/20130718-01-069_disco-ensemble-Artikel.jpg?resize=350%2C200 1x, https:\/\/i0.wp.com\/www.rockpixx.com\/wordpress\/wp-content\/uploads\/2013\/07\/20130718-01-069_disco-ensemble-Artikel.jpg?resize=525%2C300 1.5x, https:\/\/i0.wp.com\/www.rockpixx.com\/wordpress\/wp-content\/uploads\/2013\/07\/20130718-01-069_disco-ensemble-Artikel.jpg?resize=700%2C400 2x"},"classes":[]},{"id":8080,"url":"http:\/\/www.rockpixx.com\/wordpress\/suffocating-sight-22-07-2011-nordholz-deichbrand-festival\/","url_meta":{"origin":11720,"position":5},"title":"Suffocating Sight, 22.07.2011, Nordholz, Deichbrand Festival","author":"Anja","date":"22. Juli 2011","format":false,"excerpt":"\u201eDeath- und Thrash-Metal\u201c\u00a0und\u00a0\u201emelodischer Ohrenschmaus\u201c\u00a0ist \u2013 laut Programmheft \u2013 angesagt. Nix f\u00fcr meine Ohren: Au\u00dfer irgendwelchen \u201eaaaahgrsss\u201c und \u201euhrgssss\u201c verstehe ich nicht viel \u2013 aber ordentlich laut ist es auch auf der zweiten B\u00fchne, der \u201eWater Stage\u201c. Die vier Jungs aus dem benachbarten Cuxhaven legen sich allerdings m\u00e4chtig ins Zeug \u2013\u2026","rel":"","context":"In &quot;Acts&quot;","block_context":{"text":"Acts","link":"http:\/\/www.rockpixx.com\/wordpress\/category\/acts\/"},"img":{"alt_text":"Suffocating Sight, 22.07.2011, Nordholz, Deichbrand Festival","src":"https:\/\/i0.wp.com\/www.rockpixx.com\/wordpress\/wp-content\/uploads\/2013\/02\/20110722-02-suffocating-sight-Artikel.jpg?resize=350%2C200","width":350,"height":200,"srcset":"https:\/\/i0.wp.com\/www.rockpixx.com\/wordpress\/wp-content\/uploads\/2013\/02\/20110722-02-suffocating-sight-Artikel.jpg?resize=350%2C200 1x, https:\/\/i0.wp.com\/www.rockpixx.com\/wordpress\/wp-content\/uploads\/2013\/02\/20110722-02-suffocating-sight-Artikel.jpg?resize=525%2C300 1.5x, https:\/\/i0.wp.com\/www.rockpixx.com\/wordpress\/wp-content\/uploads\/2013\/02\/20110722-02-suffocating-sight-Artikel.jpg?resize=700%2C400 2x"},"classes":[]}],"jetpack_sharing_enabled":true,"publishpress_future_action":{"enabled":false,"date":"2026-05-06 11:51:13","action":"change-status","newStatus":"draft","terms":[],"taxonomy":"category","extraData":[]},"publishpress_future_workflow_manual_trigger":{"enabledWorkflows":[]},"_links":{"self":[{"href":"http:\/\/www.rockpixx.com\/wordpress\/wp-json\/wp\/v2\/posts\/11720","targetHints":{"allow":["GET"]}}],"collection":[{"href":"http:\/\/www.rockpixx.com\/wordpress\/wp-json\/wp\/v2\/posts"}],"about":[{"href":"http:\/\/www.rockpixx.com\/wordpress\/wp-json\/wp\/v2\/types\/post"}],"author":[{"embeddable":true,"href":"http:\/\/www.rockpixx.com\/wordpress\/wp-json\/wp\/v2\/users\/2"}],"replies":[{"embeddable":true,"href":"http:\/\/www.rockpixx.com\/wordpress\/wp-json\/wp\/v2\/comments?post=11720"}],"version-history":[{"count":0,"href":"http:\/\/www.rockpixx.com\/wordpress\/wp-json\/wp\/v2\/posts\/11720\/revisions"}],"wp:featuredmedia":[{"embeddable":true,"href":"http:\/\/www.rockpixx.com\/wordpress\/wp-json\/wp\/v2\/media\/11721"}],"wp:attachment":[{"href":"http:\/\/www.rockpixx.com\/wordpress\/wp-json\/wp\/v2\/media?parent=11720"}],"wp:term":[{"taxonomy":"category","embeddable":true,"href":"http:\/\/www.rockpixx.com\/wordpress\/wp-json\/wp\/v2\/categories?post=11720"},{"taxonomy":"post_tag","embeddable":true,"href":"http:\/\/www.rockpixx.com\/wordpress\/wp-json\/wp\/v2\/tags?post=11720"}],"curies":[{"name":"wp","href":"https:\/\/api.w.org\/{rel}","templated":true}]}}