{"id":11725,"date":"2013-07-28T13:24:35","date_gmt":"2013-07-28T12:24:35","guid":{"rendered":"http:\/\/rockpixx.com\/wordpress\/?p=11725"},"modified":"2013-07-28T13:24:35","modified_gmt":"2013-07-28T12:24:35","slug":"frittenbude-20-07-2013-deichbrand-festival-nordholz","status":"publish","type":"post","link":"http:\/\/www.rockpixx.com\/wordpress\/frittenbude-20-07-2013-deichbrand-festival-nordholz\/","title":{"rendered":"Frittenbude, 20.07.2013, Deichbrand Festival, Nordholz"},"content":{"rendered":"<p>Nachdem der Sturm im letzten Jahr eine der Stages in der Nacht vor dem Festival arg in Mitleidenschaft gezogen hatte und das Festival beinahe auf der Kippe stand, musste leider der Auftritt von \u201eFrittenbude\u201c gecancelt werden. Ein Aufschrei ging durch die Fans\u2026 es glich fast einem Aufstand. Die Veranstalter versprachen, dass \u201eFrittenbude\u201c fest f\u00fcr dieses Jahr gebucht w\u00fcrde und sie haben ihr Versprechen gehalten.<!--more--><\/p>\n<p>Mein pers\u00f6nlicher Geschmack ist die Musik von \u201eFrittenbude\u201c nicht, aber ich hab mich noch nie f\u00fcr Elektro-Rap begeistern k\u00f6nnen. Au\u00dferdem hat mich das Aussehen des S\u00e4ngers an einen Salafisten-Prediger erinnert \u2013 gemischte Gef\u00fchle stellen sich da bei mir ein \u2013 vermutlich zu Unrecht, aber sie sind nun mal dennoch irgendwo in Bauch und Hinterkopf.<\/p>\n<p>Noch was anderes m\u00f6chte ich erw\u00e4hnen: Da mit Crowdsurfern gerechnet wurde, mussten sich die Fotografen wieder in zwei Gruppen aufteilen. Die zweite Gruppe hoffte nat\u00fcrlich, dass die Crowdsurfer bis nach den ersten drei Songs warten. Sie taten es! Danke an die Fans und da wir gerade beim Bedanken sind: Ein Danke und ganz gro\u00dfes Kompliment den Securities von OKS. Sie haben es bestens verstanden, die kochende Menge auf positiver Temperatur zu halten. Zeitweise erinnerten sie uns an das Animationsteam in einem Ferienhotel. Einfach Klasse.<\/p>\n<p align=\"right\">Fotos: <a href=\"mailto:info@rockpixx.com?subject=Frittenbude,%2020.07.2013,%20Deichbrand%20Festival,%20Nordholz\">Alex<\/a>, <a href=\"mailto:a.roselt@rockpixx.com?subject=Frittenbude,%2020.07.2013,%20Deichbrand%20Festival,%20Nordholz\">Anja<\/a> | Text: <a href=\"mailto:a.roselt@rockpixx.com?subject=Frittenbude,%2020.07.2013,%20Deichbrand%20Festival,%20Nordholz\">Anja<\/a><\/p>\n<p style=\"text-align: left;\" align=\"right\">[slideshow id=367]<\/p>\n","protected":false},"excerpt":{"rendered":"<p>Nachdem der Sturm im letzten Jahr eine der Stages in der Nacht vor dem Festival <a href=\"http:\/\/www.rockpixx.com\/wordpress\/frittenbude-20-07-2013-deichbrand-festival-nordholz\/\">Read more<\/a><\/p>\n","protected":false},"author":2,"featured_media":11726,"comment_status":"open","ping_status":"open","sticky":false,"template":"","format":"standard","meta":{"_jetpack_memberships_contains_paid_content":false,"footnotes":"","jetpack_publicize_message":"#Frittenbude, 20.07.2013, #DeichbrandFestival, #Nordholz","jetpack_publicize_feature_enabled":true,"jetpack_social_post_already_shared":true,"jetpack_social_options":{"image_generator_settings":{"template":"highway","default_image_id":0,"font":"","enabled":false},"version":2}},"categories":[34,1221],"tags":[2065,844,133,2239,2058],"class_list":["post-11725","post","type-post","status-publish","format-standard","has-post-thumbnail","hentry","category-acts","category-frittenbude","tag-2065","tag-deichbrand-festival","tag-festivals","tag-frittenbude","tag-nordholz"],"aioseo_notices":[],"jetpack_publicize_connections":[],"jetpack_featured_media_url":"http:\/\/www.rockpixx.com\/wordpress\/wp-content\/uploads\/2013\/07\/20130720-10-073_frittenbude-Artikel.jpg","jetpack-related-posts":[{"id":8201,"url":"http:\/\/www.rockpixx.com\/wordpress\/guano-apes-23-07-2011-nordholz-deichbrand-festival\/","url_meta":{"origin":11725,"position":0},"title":"Guano Apes, 23.07.2011, Nordholz, Deichbrand Festival","author":"Anja","date":"23. Juli 2011","format":false,"excerpt":"Und nun die absoluten Headliner des Sonnabends: Die \u201eGuano Apes\u201c stehen auf der B\u00fchne, nachdem sie sich nach 5\u00a0Jahren Pause eindrucksvoll mit dem neuen Album \u201eBel Air\u201c zur\u00fcckgemeldet haben. Vor der B\u00fchne herrscht Alarmstufe 1: Noch mehr Securities, die Wellenbrecher werden noch einmal ausgebaut, wir d\u00fcrfen nur noch durch den\u2026","rel":"","context":"In &quot;Acts&quot;","block_context":{"text":"Acts","link":"http:\/\/www.rockpixx.com\/wordpress\/category\/acts\/"},"img":{"alt_text":"Guano Apes, 23.07.2011, Nordholz, Deichbrand Festival","src":"https:\/\/i0.wp.com\/www.rockpixx.com\/wordpress\/wp-content\/uploads\/2013\/02\/20110723-10-guano-apes-Artikel.jpg?resize=350%2C200","width":350,"height":200,"srcset":"https:\/\/i0.wp.com\/www.rockpixx.com\/wordpress\/wp-content\/uploads\/2013\/02\/20110723-10-guano-apes-Artikel.jpg?resize=350%2C200 1x, https:\/\/i0.wp.com\/www.rockpixx.com\/wordpress\/wp-content\/uploads\/2013\/02\/20110723-10-guano-apes-Artikel.jpg?resize=525%2C300 1.5x, https:\/\/i0.wp.com\/www.rockpixx.com\/wordpress\/wp-content\/uploads\/2013\/02\/20110723-10-guano-apes-Artikel.jpg?resize=700%2C400 2x"},"classes":[]},{"id":8088,"url":"http:\/\/www.rockpixx.com\/wordpress\/frida-gold-22-07-2011-nordholz-deichbrand-festival\/","url_meta":{"origin":11725,"position":1},"title":"Frida Gold, 22.07.2011, Nordholz, Deichbrand Festival","author":"Anja","date":"22. Juli 2011","format":false,"excerpt":"Im Pressezelt ist Kaffee eingetroffen aber das ist mir egal, denn \u201eFrida Gold\u201c \u2013\u00a0\u201edie Elektropop-Sensation aus Deutschen Landen\u201c\u00a0\u2013 steht auf der \u201eWater Stage\u201c! Musikalisch\u00a0\u201erieselt es zuckrig ins Herz\u201c\u00a0(so der Pressetext), aber das beeindruckt mich nicht so sehr, wie die Optik von Frontfrau Alina S\u00fcggeler: Trotz einer \u00fcberdimensionalen Sonnenbrille im Design\u2026","rel":"","context":"In &quot;Acts&quot;","block_context":{"text":"Acts","link":"http:\/\/www.rockpixx.com\/wordpress\/category\/acts\/"},"img":{"alt_text":"Frida Gold, 22.07.2011, Nordholz, Deichbrand Festival","src":"https:\/\/i0.wp.com\/www.rockpixx.com\/wordpress\/wp-content\/uploads\/2013\/02\/20110722-04-frida-gold-Artikel.jpg?resize=350%2C200","width":350,"height":200,"srcset":"https:\/\/i0.wp.com\/www.rockpixx.com\/wordpress\/wp-content\/uploads\/2013\/02\/20110722-04-frida-gold-Artikel.jpg?resize=350%2C200 1x, https:\/\/i0.wp.com\/www.rockpixx.com\/wordpress\/wp-content\/uploads\/2013\/02\/20110722-04-frida-gold-Artikel.jpg?resize=525%2C300 1.5x, https:\/\/i0.wp.com\/www.rockpixx.com\/wordpress\/wp-content\/uploads\/2013\/02\/20110722-04-frida-gold-Artikel.jpg?resize=700%2C400 2x"},"classes":[]},{"id":11782,"url":"http:\/\/www.rockpixx.com\/wordpress\/royal-republic-21-07-2013-deichbrand-festival-nordholz\/","url_meta":{"origin":11725,"position":2},"title":"Royal Republic, 21.07.2013, Deichbrand Festival, Nordholz","author":"Anja","date":"28. Juli 2013","format":false,"excerpt":"Zum letzten Mal in diesem Jahr stehe ich nun also vor der \u201eWaterstage\u201c und erlebe einen Auftritt, dieses Mal sind es die vier Schweden von \u201eRoyal Republic\u201c, die ja auch schon mit den \u201eToten Hosen\u201c und den \u2192\u00a0\u201eDonots\u201c unterwegs waren. Wenn man \u201eSchweden\u201c h\u00f6rt, so denkt man nat\u00fcrlich zuerst an\u2026","rel":"","context":"In &quot;Acts&quot;","block_context":{"text":"Acts","link":"http:\/\/www.rockpixx.com\/wordpress\/category\/acts\/"},"img":{"alt_text":"","src":"https:\/\/i0.wp.com\/www.rockpixx.com\/wordpress\/wp-content\/uploads\/2013\/07\/20130721-09-049_royal-republic-Artikel.jpg?resize=350%2C200","width":350,"height":200,"srcset":"https:\/\/i0.wp.com\/www.rockpixx.com\/wordpress\/wp-content\/uploads\/2013\/07\/20130721-09-049_royal-republic-Artikel.jpg?resize=350%2C200 1x, https:\/\/i0.wp.com\/www.rockpixx.com\/wordpress\/wp-content\/uploads\/2013\/07\/20130721-09-049_royal-republic-Artikel.jpg?resize=525%2C300 1.5x, https:\/\/i0.wp.com\/www.rockpixx.com\/wordpress\/wp-content\/uploads\/2013\/07\/20130721-09-049_royal-republic-Artikel.jpg?resize=700%2C400 2x"},"classes":[]},{"id":8834,"url":"http:\/\/www.rockpixx.com\/wordpress\/beatsteaks-21-07-2012-nordholz-deichbrand-festival\/","url_meta":{"origin":11725,"position":3},"title":"Beatsteaks, 21.07.2012, Nordholz, Deichbrand Festival","author":"Anja","date":"21. Juli 2012","format":false,"excerpt":"Und dann der Mainact des heutigen Abends: Die \u201eBeatsteaks\u201c bitten zum Tanz. \u201eTanz\u201c ist vielleicht nicht das richtige Wort f\u00fcr das, was da in den ersten Reihen vor der Absperrung direkt hinter mir losgeht \u2013 die Security hat jede Menge Arbeit damit, Leute aus der Menge in den Graben zu\u2026","rel":"","context":"In &quot;Acts&quot;","block_context":{"text":"Acts","link":"http:\/\/www.rockpixx.com\/wordpress\/category\/acts\/"},"img":{"alt_text":"Beatsteaks, 21.07.2012, Nordholz, Deichbrand Festival","src":"https:\/\/i0.wp.com\/www.rockpixx.com\/wordpress\/wp-content\/uploads\/2013\/02\/20120721-10-beatsteaks-Artikel.jpg?resize=350%2C200","width":350,"height":200,"srcset":"https:\/\/i0.wp.com\/www.rockpixx.com\/wordpress\/wp-content\/uploads\/2013\/02\/20120721-10-beatsteaks-Artikel.jpg?resize=350%2C200 1x, https:\/\/i0.wp.com\/www.rockpixx.com\/wordpress\/wp-content\/uploads\/2013\/02\/20120721-10-beatsteaks-Artikel.jpg?resize=525%2C300 1.5x, https:\/\/i0.wp.com\/www.rockpixx.com\/wordpress\/wp-content\/uploads\/2013\/02\/20120721-10-beatsteaks-Artikel.jpg?resize=700%2C400 2x"},"classes":[]},{"id":15272,"url":"http:\/\/www.rockpixx.com\/wordpress\/the-hives-20-07-2014-deichbrand-festival-nordholz\/","url_meta":{"origin":11725,"position":4},"title":"The Hives, 20.07.2014, Deichbrand Festival, Nordholz","author":"admin","date":"20. Juli 2014","format":false,"excerpt":"Schweden rockt! Hatte ich ja schon bei \u2192 \u201eMillencolin\u201c am Vortag festgestellt. Und jetzt wird dieser Eindruck von \u201eThe Hives\u201c erneut best\u00e4tigt. F\u00fcnf Herren in Anz\u00fcgen, die wie die Uniform eines Stewards auf einem Kreuzfahrtschiff aussehen, pr\u00e4sentieren sich vor einem originellen B\u00fchnen-Hintergrundbild. Eigentlich bilden vier Herren die Basis f\u00fcr die\u2026","rel":"","context":"In &quot;Acts&quot;","block_context":{"text":"Acts","link":"http:\/\/www.rockpixx.com\/wordpress\/category\/acts\/"},"img":{"alt_text":"The Hives, 20.07.2014, Deichbrand Open Air, Seeflughafen, Nordholz","src":"https:\/\/i0.wp.com\/www.rockpixx.com\/wordpress\/wp-content\/uploads\/2014\/07\/20140720-08-119_the-hives_Artikel1.jpg?resize=350%2C200","width":350,"height":200,"srcset":"https:\/\/i0.wp.com\/www.rockpixx.com\/wordpress\/wp-content\/uploads\/2014\/07\/20140720-08-119_the-hives_Artikel1.jpg?resize=350%2C200 1x, https:\/\/i0.wp.com\/www.rockpixx.com\/wordpress\/wp-content\/uploads\/2014\/07\/20140720-08-119_the-hives_Artikel1.jpg?resize=525%2C300 1.5x, https:\/\/i0.wp.com\/www.rockpixx.com\/wordpress\/wp-content\/uploads\/2014\/07\/20140720-08-119_the-hives_Artikel1.jpg?resize=700%2C400 2x"},"classes":[]},{"id":8222,"url":"http:\/\/www.rockpixx.com\/wordpress\/paint-me-picasso-24-07-2011-nordholz-deichbrand-festival\/","url_meta":{"origin":11725,"position":5},"title":"Paint me Picasso, 24.07.2011, Nordholz, Deichbrand Festival","author":"Anja","date":"24. Juli 2011","format":false,"excerpt":"Der Sonntag beginnt mit Aufr\u00e4umarbeiten: Das gesamte Festivalgel\u00e4nde ist in der Nacht von Sturm und Regen reichlich zerdengelt worden, an einen Einlass um 11:00 Uhr ist nicht zu denken. Zudem m\u00fcssen \u2013 aufgrund der gestrigen Vorf\u00e4lle \u2013 die Sicherheitsma\u00dfnahmen noch einmal versch\u00e4rft werden (weitere Wellenbrecher, deutliche Verbreiterung des Grabens) und\u2026","rel":"","context":"In &quot;Acts&quot;","block_context":{"text":"Acts","link":"http:\/\/www.rockpixx.com\/wordpress\/category\/acts\/"},"img":{"alt_text":"Paint me Picasso, 24.07.2011, Nordholz, Deichbrand Festival","src":"https:\/\/i0.wp.com\/www.rockpixx.com\/wordpress\/wp-content\/uploads\/2013\/02\/20110724-01-paint-me-picasso-Artikel.jpg?resize=350%2C200","width":350,"height":200,"srcset":"https:\/\/i0.wp.com\/www.rockpixx.com\/wordpress\/wp-content\/uploads\/2013\/02\/20110724-01-paint-me-picasso-Artikel.jpg?resize=350%2C200 1x, https:\/\/i0.wp.com\/www.rockpixx.com\/wordpress\/wp-content\/uploads\/2013\/02\/20110724-01-paint-me-picasso-Artikel.jpg?resize=525%2C300 1.5x, https:\/\/i0.wp.com\/www.rockpixx.com\/wordpress\/wp-content\/uploads\/2013\/02\/20110724-01-paint-me-picasso-Artikel.jpg?resize=700%2C400 2x"},"classes":[]}],"jetpack_sharing_enabled":true,"publishpress_future_action":{"enabled":false,"date":"2026-05-07 07:45:53","action":"change-status","newStatus":"draft","terms":[],"taxonomy":"category","extraData":[]},"publishpress_future_workflow_manual_trigger":{"enabledWorkflows":[]},"_links":{"self":[{"href":"http:\/\/www.rockpixx.com\/wordpress\/wp-json\/wp\/v2\/posts\/11725","targetHints":{"allow":["GET"]}}],"collection":[{"href":"http:\/\/www.rockpixx.com\/wordpress\/wp-json\/wp\/v2\/posts"}],"about":[{"href":"http:\/\/www.rockpixx.com\/wordpress\/wp-json\/wp\/v2\/types\/post"}],"author":[{"embeddable":true,"href":"http:\/\/www.rockpixx.com\/wordpress\/wp-json\/wp\/v2\/users\/2"}],"replies":[{"embeddable":true,"href":"http:\/\/www.rockpixx.com\/wordpress\/wp-json\/wp\/v2\/comments?post=11725"}],"version-history":[{"count":0,"href":"http:\/\/www.rockpixx.com\/wordpress\/wp-json\/wp\/v2\/posts\/11725\/revisions"}],"wp:featuredmedia":[{"embeddable":true,"href":"http:\/\/www.rockpixx.com\/wordpress\/wp-json\/wp\/v2\/media\/11726"}],"wp:attachment":[{"href":"http:\/\/www.rockpixx.com\/wordpress\/wp-json\/wp\/v2\/media?parent=11725"}],"wp:term":[{"taxonomy":"category","embeddable":true,"href":"http:\/\/www.rockpixx.com\/wordpress\/wp-json\/wp\/v2\/categories?post=11725"},{"taxonomy":"post_tag","embeddable":true,"href":"http:\/\/www.rockpixx.com\/wordpress\/wp-json\/wp\/v2\/tags?post=11725"}],"curies":[{"name":"wp","href":"https:\/\/api.w.org\/{rel}","templated":true}]}}