{"id":11961,"date":"2013-08-06T16:50:12","date_gmt":"2013-08-06T15:50:12","guid":{"rendered":"http:\/\/rockpixx.com\/wordpress\/?p=11961"},"modified":"2015-12-30T11:56:23","modified_gmt":"2015-12-30T10:56:23","slug":"motoerhead-02-08-2013-wacken-woa-2013","status":"publish","type":"post","link":"http:\/\/www.rockpixx.com\/wordpress\/motoerhead-02-08-2013-wacken-woa-2013\/","title":{"rendered":"Mot\u00f6rhead, 02.08.2013, Wacken, W:O:A 2013"},"content":{"rendered":"<p>Seit 1995 spielen \u201eMot\u00f6rhead\u201c in der aktuellen Besetzung zusammen. Unmittelbar vor dem W:O:A ging das Ger\u00fccht um, dass der diesj\u00e4hrige Auftritt abgesagt werden m\u00fcsse aufgrund des Gesundheitszustandes von Frontmann Lemmy Kilmister. Zum Gl\u00fcck kam es nicht so weit und nun stehe ich also f\u00fcr die Dauer des ersten Songs im Graben und kann \u201eMot\u00f6rhead\u201c und ihr Maskottchen Snaggletooth zum ersten Mal fotografieren.<!--more--><\/p>\n<p>Die Musik ist bekannt, ebenso das relativ eint\u00f6nige Licht. Ebenfalls zur Routine geh\u00f6rt Lemmys mittlerweile legend\u00e4re Ansage \u201eGood afternoon. We are Mot\u00f6rhead. We\u2019re gonna play some Rock.\u201c Neu hingegen ist, dass Lemmy einen sehr angeschlagenen Eindruck macht und noch \u201enuscheliger\u201c als sonst spricht bzw. singt. Auch jegliche Form von K\u00f6rperspannung ist v\u00f6llig dahin \u2013 irgendwie schleppt er sich nur noch durch die Songs. Und so ist folgerichtig auch nach einer knappen halben Stunde Schlu\u00df, er kann einfach nicht mehr. W\u00fcnschen wir ihm f\u00fcr die Zukunft alles Gute und hoffen auf eine baldige Genesung, damit er wieder so fit ist, wie in den Zeiten, als er mit \u2192\u00a0<a title=\"Alice Cooper\" href=\"http:\/\/rockpixx.com\/wordpress\/category\/acts\/topacts\/top-c\/alice-cooper\/\">Alice Cooper<\/a> gemeinsam auf Tour war.<\/p>\n<p align=\"right\">Fotos: <a href=\"mailto:info@rockpixx.com?subject=Mot\u00f6rhead,%2002.08.2013,%20Wacken,%20W:O:A%202013\">Alex<\/a> | Text: <a href=\"mailto:info@rockpixx.com?subject=Mot\u00f6rhead,%2002.08.2013,%20Wacken,%20W:O:A%202013\">Alex<\/a><\/p>\n<p style=\"text-align: left;\" align=\"right\">[slideshow id=386]<\/p>\n","protected":false},"excerpt":{"rendered":"<p>Seit 1995 spielen \u201eMot\u00f6rhead\u201c in der aktuellen Besetzung zusammen. Unmittelbar vor dem W:O:A ging das <a href=\"http:\/\/www.rockpixx.com\/wordpress\/motoerhead-02-08-2013-wacken-woa-2013\/\">Read more<\/a><\/p>\n","protected":false},"author":2,"featured_media":11962,"comment_status":"open","ping_status":"open","sticky":false,"template":"","format":"standard","meta":{"_jetpack_memberships_contains_paid_content":false,"footnotes":"","jetpack_publicize_message":"#Mot\u00f6rhead, 02.08.2013, #Wacken, #WOA 2013, #WackenOpenAir, #Lemmy Kilmister","jetpack_publicize_feature_enabled":true,"jetpack_social_post_already_shared":true,"jetpack_social_options":{"image_generator_settings":{"template":"highway","default_image_id":0,"font":"","enabled":false},"version":2}},"categories":[34,1246],"tags":[2065,133,2433,2196,883,2061,885],"class_list":["post-11961","post","type-post","status-publish","format-standard","has-post-thumbnail","hentry","category-acts","category-motoerhead","tag-2065","tag-festivals","tag-lemmy-kilmister","tag-motorhead","tag-woa","tag-wacken","tag-wacken-open-air"],"aioseo_notices":[],"jetpack_publicize_connections":[],"jetpack_featured_media_url":"http:\/\/www.rockpixx.com\/wordpress\/wp-content\/uploads\/2013\/08\/20130802-05-110_motoerhead.jpg","jetpack-related-posts":[{"id":16015,"url":"http:\/\/www.rockpixx.com\/wordpress\/motoerhead-01-08-2014-wacken-woa-2014\/","url_meta":{"origin":11961,"position":0},"title":"Mot\u00f6rhead, 01.08.2014, Wacken, W:O:A 2014","author":"admin","date":"2. August 2014","format":false,"excerpt":"Letztes Jahr in Wacken hatte Lemmy ja \u2192 nur einen kurzen Auftritt. Dank der Kunst der \u00c4rzte und Umstieg auf weniger harte alkoholische Getr\u00e4nke ist er nun wieder so weit fit, dass er erneut auf einer B\u00fchne stehen kann. Wie \u00fcblich, wird das Konzert mit dem Standardsatz \u201eWe are Mot\u00f6rhead.\u2026","rel":"","context":"In &quot;Acts&quot;","block_context":{"text":"Acts","link":"http:\/\/www.rockpixx.com\/wordpress\/category\/acts\/"},"img":{"alt_text":"Mot\u00f6rhead, 01.08.2014, Wacken, Wacken Open Air 2014","src":"https:\/\/i0.wp.com\/www.rockpixx.com\/wordpress\/wp-content\/uploads\/2014\/08\/20140801-07-133_mot%C3%B6rhead_Artikel.jpg?resize=350%2C200","width":350,"height":200,"srcset":"https:\/\/i0.wp.com\/www.rockpixx.com\/wordpress\/wp-content\/uploads\/2014\/08\/20140801-07-133_mot%C3%B6rhead_Artikel.jpg?resize=350%2C200 1x, https:\/\/i0.wp.com\/www.rockpixx.com\/wordpress\/wp-content\/uploads\/2014\/08\/20140801-07-133_mot%C3%B6rhead_Artikel.jpg?resize=525%2C300 1.5x, https:\/\/i0.wp.com\/www.rockpixx.com\/wordpress\/wp-content\/uploads\/2014\/08\/20140801-07-133_mot%C3%B6rhead_Artikel.jpg?resize=700%2C400 2x"},"classes":[]},{"id":22448,"url":"http:\/\/www.rockpixx.com\/wordpress\/motoerizer-2019\/","url_meta":{"origin":11961,"position":1},"title":"Mot\u00f6rizer, 28.12.2019, Hamburg, Markthalle","author":"A. Hahl","date":"29. Dezember 2019","format":false,"excerpt":"Das mittlerweile vierte \u201eLemmyversary\u201c findet in der Hamburger Markhalle an Lemmy Kilmisters viertem Todestag statt. Und nat\u00fcrlich sind Martin, Peter und Plug als \u201eMot\u00f6rizer\u201c die Gastgeber und Headliner. Schon beim Supportact \u201ePure Tonic\u201c war klar, dass die Markhalle heute proppevoll sein w\u00fcrde und als nach dem Intro die ersten Kl\u00e4nge\u2026","rel":"","context":"In &quot;Acts&quot;","block_context":{"text":"Acts","link":"http:\/\/www.rockpixx.com\/wordpress\/category\/acts\/"},"img":{"alt_text":"Mot\u00f6rizer, 28.12.2019, Hamburg, Markthalle","src":"https:\/\/i0.wp.com\/www.rockpixx.com\/wordpress\/wp-content\/uploads\/2019\/12\/20191228-2-145.jpg?resize=350%2C200","width":350,"height":200,"srcset":"https:\/\/i0.wp.com\/www.rockpixx.com\/wordpress\/wp-content\/uploads\/2019\/12\/20191228-2-145.jpg?resize=350%2C200 1x, https:\/\/i0.wp.com\/www.rockpixx.com\/wordpress\/wp-content\/uploads\/2019\/12\/20191228-2-145.jpg?resize=525%2C300 1.5x, https:\/\/i0.wp.com\/www.rockpixx.com\/wordpress\/wp-content\/uploads\/2019\/12\/20191228-2-145.jpg?resize=700%2C400 2x"},"classes":[]},{"id":22817,"url":"http:\/\/www.rockpixx.com\/wordpress\/motoerizer-28-12-2023-hamburg-markthalle\/","url_meta":{"origin":11961,"position":2},"title":"Mot\u00f6rizer, 28.12.2023, Hamburg, Markthalle","author":"A. Hahl","date":"2. Januar 2024","format":false,"excerpt":"Nun, Ende Dezember, stehe ich als wieder einmal in der Markthalle in Hamburg und wohne einem weiteren \u201eLemmyversary\u201c bei, mit dem die Band j\u00e4hrlich am Todestag von Lemmy Kilmister seinem Schaffen mit \u201eMot\u00f6rhead\u201c huldigt.","rel":"","context":"In &quot;Acts&quot;","block_context":{"text":"Acts","link":"http:\/\/www.rockpixx.com\/wordpress\/category\/acts\/"},"img":{"alt_text":"Mot\u00f6rizer, 28.12.2023, Hamburg, Markthalle","src":"https:\/\/i0.wp.com\/www.rockpixx.com\/wordpress\/wp-content\/uploads\/2024\/01\/20231228-02-160.jpg?resize=350%2C200","width":350,"height":200,"srcset":"https:\/\/i0.wp.com\/www.rockpixx.com\/wordpress\/wp-content\/uploads\/2024\/01\/20231228-02-160.jpg?resize=350%2C200 1x, https:\/\/i0.wp.com\/www.rockpixx.com\/wordpress\/wp-content\/uploads\/2024\/01\/20231228-02-160.jpg?resize=525%2C300 1.5x, https:\/\/i0.wp.com\/www.rockpixx.com\/wordpress\/wp-content\/uploads\/2024\/01\/20231228-02-160.jpg?resize=700%2C400 2x, https:\/\/i0.wp.com\/www.rockpixx.com\/wordpress\/wp-content\/uploads\/2024\/01\/20231228-02-160.jpg?resize=1050%2C600 3x"},"classes":[]},{"id":21244,"url":"http:\/\/www.rockpixx.com\/wordpress\/motoerizer-20-06-2017-kiel-radio-bob-rockcamp\/","url_meta":{"origin":11961,"position":3},"title":"Mot\u00f6rizer, 20.06.2017, Kiel, Radio BOB! Rockcamp","author":"admin","date":"21. Juni 2017","format":false,"excerpt":"Es gibt Bands, die meint man schon ewig zu kennen, hat sie aber witzigerweise noch gar nicht so schrecklich oft fotografiert. Dennoch hat man zu den einzelnen Musikern ein ausgesprochen freundschaftliches Verh\u00e4ltnis. So gestern Abend auch wieder erlebt mit \u201eMot\u00f6rizer\u201c auf der gro\u00dfen B\u00fchne im Radio BOB! Rockcamp an der\u2026","rel":"","context":"In &quot;Acts&quot;","block_context":{"text":"Acts","link":"http:\/\/www.rockpixx.com\/wordpress\/category\/acts\/"},"img":{"alt_text":"Mot\u00f6rizer, 20.06.2017, Kiel, Radio BOB! Rockcamp","src":"https:\/\/i0.wp.com\/www.rockpixx.com\/wordpress\/wp-content\/uploads\/2017\/06\/20170620-01-035.jpg?resize=350%2C200","width":350,"height":200,"srcset":"https:\/\/i0.wp.com\/www.rockpixx.com\/wordpress\/wp-content\/uploads\/2017\/06\/20170620-01-035.jpg?resize=350%2C200 1x, https:\/\/i0.wp.com\/www.rockpixx.com\/wordpress\/wp-content\/uploads\/2017\/06\/20170620-01-035.jpg?resize=525%2C300 1.5x, https:\/\/i0.wp.com\/www.rockpixx.com\/wordpress\/wp-content\/uploads\/2017\/06\/20170620-01-035.jpg?resize=700%2C400 2x"},"classes":[]},{"id":8925,"url":"http:\/\/www.rockpixx.com\/wordpress\/saxon-02-08-2012-wacken-woa-2012\/","url_meta":{"origin":11961,"position":4},"title":"Saxon, 02.08.2012, Wacken, W:O:A 2012","author":"Anja","date":"2. August 2012","format":false,"excerpt":"Und wieder \u201eHeavy Metal\u201c \u2013 jetzt von den Legenden aus Yorkshire, \u201eSaxon\u201c. Es ist witzig, aber als ich 1986 als Leiter eines Sch\u00fcler-Sprachreise dort gewesen bin, h\u00e4tte ich mir nie vorstellen k\u00f6nnen, einmal eine Band aus dieser Gegend 26 Jahre sp\u00e4ter auf dem weltgr\u00f6\u00dften Metal-Festival vor meinen Kameras zu haben\u2026","rel":"","context":"In &quot;Acts&quot;","block_context":{"text":"Acts","link":"http:\/\/www.rockpixx.com\/wordpress\/category\/acts\/"},"img":{"alt_text":"Saxon, 02.08.2012, Wacken, W:O:A 2012","src":"https:\/\/i0.wp.com\/www.rockpixx.com\/wordpress\/wp-content\/uploads\/2013\/02\/20120802-07-saxon-Artikel.jpg?resize=350%2C200","width":350,"height":200,"srcset":"https:\/\/i0.wp.com\/www.rockpixx.com\/wordpress\/wp-content\/uploads\/2013\/02\/20120802-07-saxon-Artikel.jpg?resize=350%2C200 1x, https:\/\/i0.wp.com\/www.rockpixx.com\/wordpress\/wp-content\/uploads\/2013\/02\/20120802-07-saxon-Artikel.jpg?resize=525%2C300 1.5x, https:\/\/i0.wp.com\/www.rockpixx.com\/wordpress\/wp-content\/uploads\/2013\/02\/20120802-07-saxon-Artikel.jpg?resize=700%2C400 2x"},"classes":[]},{"id":12445,"url":"http:\/\/www.rockpixx.com\/wordpress\/mark-king-level-42-20-12-2013-hamburg-o2-world-aida-night-of-the-proms\/","url_meta":{"origin":11961,"position":5},"title":"Mark King (Level 42), 20.12.2013, Hamburg, O2 World, AIDA Night of the Proms","author":"Anja","date":"6. Januar 2014","format":false,"excerpt":"\u2192\u00a0Mark King (bzw. \u201eLevel 42\u201c) hatten wir ja schon einige Male vor unseren Kameras. Der Mann und sein Bass sind immer wieder faszinierend. Es gibt nach meiner Meinung nicht viele Bassisten, die eine solch unverwechselbare Spielweise haben \u2013 \u2192\u00a0Lemmy Kilmister von \u201eMot\u00f6rhead\u201c f\u00e4llt mir spontan ein, aber der ist auch\u2026","rel":"","context":"In &quot;Acts&quot;","block_context":{"text":"Acts","link":"http:\/\/www.rockpixx.com\/wordpress\/category\/acts\/"},"img":{"alt_text":"Mark King (Level 42), 20.12.2013, Hamburg, AIDA Night of the Proms 2013, O2 World","src":"https:\/\/i0.wp.com\/www.rockpixx.com\/wordpress\/wp-content\/uploads\/2014\/01\/20131220-05-045_mark-king-level-42-Artikel.jpg?resize=350%2C200","width":350,"height":200,"srcset":"https:\/\/i0.wp.com\/www.rockpixx.com\/wordpress\/wp-content\/uploads\/2014\/01\/20131220-05-045_mark-king-level-42-Artikel.jpg?resize=350%2C200 1x, https:\/\/i0.wp.com\/www.rockpixx.com\/wordpress\/wp-content\/uploads\/2014\/01\/20131220-05-045_mark-king-level-42-Artikel.jpg?resize=525%2C300 1.5x, https:\/\/i0.wp.com\/www.rockpixx.com\/wordpress\/wp-content\/uploads\/2014\/01\/20131220-05-045_mark-king-level-42-Artikel.jpg?resize=700%2C400 2x"},"classes":[]}],"jetpack_sharing_enabled":true,"publishpress_future_action":{"enabled":false,"date":"2026-05-06 15:07:52","action":"change-status","newStatus":"draft","terms":[],"taxonomy":"category","extraData":[]},"publishpress_future_workflow_manual_trigger":{"enabledWorkflows":[]},"_links":{"self":[{"href":"http:\/\/www.rockpixx.com\/wordpress\/wp-json\/wp\/v2\/posts\/11961","targetHints":{"allow":["GET"]}}],"collection":[{"href":"http:\/\/www.rockpixx.com\/wordpress\/wp-json\/wp\/v2\/posts"}],"about":[{"href":"http:\/\/www.rockpixx.com\/wordpress\/wp-json\/wp\/v2\/types\/post"}],"author":[{"embeddable":true,"href":"http:\/\/www.rockpixx.com\/wordpress\/wp-json\/wp\/v2\/users\/2"}],"replies":[{"embeddable":true,"href":"http:\/\/www.rockpixx.com\/wordpress\/wp-json\/wp\/v2\/comments?post=11961"}],"version-history":[{"count":0,"href":"http:\/\/www.rockpixx.com\/wordpress\/wp-json\/wp\/v2\/posts\/11961\/revisions"}],"wp:featuredmedia":[{"embeddable":true,"href":"http:\/\/www.rockpixx.com\/wordpress\/wp-json\/wp\/v2\/media\/11962"}],"wp:attachment":[{"href":"http:\/\/www.rockpixx.com\/wordpress\/wp-json\/wp\/v2\/media?parent=11961"}],"wp:term":[{"taxonomy":"category","embeddable":true,"href":"http:\/\/www.rockpixx.com\/wordpress\/wp-json\/wp\/v2\/categories?post=11961"},{"taxonomy":"post_tag","embeddable":true,"href":"http:\/\/www.rockpixx.com\/wordpress\/wp-json\/wp\/v2\/tags?post=11961"}],"curies":[{"name":"wp","href":"https:\/\/api.w.org\/{rel}","templated":true}]}}