{"id":11979,"date":"2013-08-07T18:15:56","date_gmt":"2013-08-07T17:15:56","guid":{"rendered":"http:\/\/rockpixx.com\/wordpress\/?p=11979"},"modified":"2013-08-08T16:51:25","modified_gmt":"2013-08-08T15:51:25","slug":"anthrax-02-08-2013-wacken-woa-2013","status":"publish","type":"post","link":"http:\/\/www.rockpixx.com\/wordpress\/anthrax-02-08-2013-wacken-woa-2013\/","title":{"rendered":"Anthrax, 03.08.2013, Wacken, W:O:A 2013"},"content":{"rendered":"<p>\u201eAnthrax\u201c \u2013 ein Name wie der Ritt auf der Rasierklinge \u2013 vor allem, wenn man eine amerikanische Band ist und an die Anschl\u00e4ge in den USA im Jahr 2011 denkt. F\u00fcr die Fans der Yellow Press ist allerdings auch gesorgt: Gr\u00fcndungsmitglied und Gitarrist Scott Ian (Rosenfeld) ist mit Pearl Aday verheiratet, bekannt als Tochter von Meat Loaf.<!--more--><\/p>\n<p>So, genug der konzertfremden Betrachtungen, widmen wir uns der Band. Diese spielt auf der \u201eTrue Metal Stage\u201c einen satten Thrash-Metal und schafft es eigentlich sofort, mich in Bann zu schlagen. Vielleicht liegt es am charismatischen Immer-mal-wieder-Frontmann Joey Belladonna, vielleicht auch daran, dass sie mittendrin ihre Version vom \u201eAC\/DC\u201c-Klassiker \u201eTNT\u201c spielen. Egal, was es letztendlich ist, diese Band macht Lust auf mehr. Dass ich nicht l\u00e4nger im Graben verweile als eineinhalb Songs, liegt an der gro\u00dfen Anzahl von Fotografen, die wieder einmal in mehreren Schichten w\u00e4hrend der ersten drei Songs durch den Graben getrieben werden. Zudem gibt\u2019s nun endlich Regen in Wacken und ich muss mich sputen, damit ich an der gr\u00f6\u00dften Pf\u00fctze noch einen guten Platz f\u00fcr die obligatorischen \u2192\u00a0<a title=\"W:O:A 2013, Tag-3 (endlich Matsch!)\" href=\"http:\/\/rockpixx.com\/wordpress\/woa-2013-tag-3-endlich-matsch\/\">Matschbilder<\/a> ergattern kann.<\/p>\n<p align=\"right\">Fotos: <a href=\"mailto:info@rockpixx.com?subject=Anthrax,%2003.08.2013,%20Wacken,%20W:O:A%202013\">Alex<\/a> | Text: <a href=\"mailto:info@rockpixx.com?subject=Anthrax,%2003.08.2013,%20Wacken,%20W:O:A%202013\">Alex<\/a><\/p>\n<p style=\"text-align: left;\" align=\"right\">[slideshow id=390]<\/p>\n","protected":false},"excerpt":{"rendered":"<p>\u201eAnthrax\u201c \u2013 ein Name wie der Ritt auf der Rasierklinge \u2013 vor allem, wenn man <a href=\"http:\/\/www.rockpixx.com\/wordpress\/anthrax-02-08-2013-wacken-woa-2013\/\">Read more<\/a><\/p>\n","protected":false},"author":2,"featured_media":11980,"comment_status":"open","ping_status":"open","sticky":false,"template":"","format":"standard","meta":{"_jetpack_memberships_contains_paid_content":false,"footnotes":"","jetpack_publicize_message":"#Anthrax, 02.08.2013, #Wacken, #WOA 2013, #WackenOpenAir","jetpack_publicize_feature_enabled":true,"jetpack_social_post_already_shared":true,"jetpack_social_options":{"image_generator_settings":{"template":"highway","default_image_id":0,"font":"","enabled":false},"version":2}},"categories":[34,1249],"tags":[2065,2269,133,883,2061,885],"class_list":["post-11979","post","type-post","status-publish","format-standard","has-post-thumbnail","hentry","category-acts","category-anthrax","tag-2065","tag-anthrax","tag-festivals","tag-woa","tag-wacken","tag-wacken-open-air"],"aioseo_notices":[],"jetpack_publicize_connections":[],"jetpack_featured_media_url":"http:\/\/www.rockpixx.com\/wordpress\/wp-content\/uploads\/2013\/08\/20130803-03-114_anthrax-Artikel.jpg","jetpack-related-posts":[{"id":16019,"url":"http:\/\/www.rockpixx.com\/wordpress\/slayer-01-08-2014-wacken-woa-2014\/","url_meta":{"origin":11979,"position":0},"title":"Slayer, 01.08.2014, Wacken, W:O:A 2014","author":"admin","date":"2. August 2014","format":false,"excerpt":"Eine Band der \u201eGro\u00dfen Vier des Thrash Metal\u201c stehen vor mir zum Abschluss meines zweiten Wacken-Tages im d\u00fcsteren Rot auf der True Metal Stage: \u201eSlayer\u201c. Im Graben ist es entsprechend voll, es gilt zum wiederholten Male die Regel \u201eNur eineinhalb Songs, dann Wechsel der Fotografengruppen.\u201c Dennoch ist es mit ca.\u2026","rel":"","context":"In &quot;Acts&quot;","block_context":{"text":"Acts","link":"http:\/\/www.rockpixx.com\/wordpress\/category\/acts\/"},"img":{"alt_text":"Slayer, 01.08.2014, Wacken, Wacken Open Air 2014","src":"https:\/\/i0.wp.com\/www.rockpixx.com\/wordpress\/wp-content\/uploads\/2014\/08\/20140801-08-153.jpg?resize=350%2C200","width":350,"height":200,"srcset":"https:\/\/i0.wp.com\/www.rockpixx.com\/wordpress\/wp-content\/uploads\/2014\/08\/20140801-08-153.jpg?resize=350%2C200 1x, https:\/\/i0.wp.com\/www.rockpixx.com\/wordpress\/wp-content\/uploads\/2014\/08\/20140801-08-153.jpg?resize=525%2C300 1.5x, https:\/\/i0.wp.com\/www.rockpixx.com\/wordpress\/wp-content\/uploads\/2014\/08\/20140801-08-153.jpg?resize=700%2C400 2x"},"classes":[]},{"id":16084,"url":"http:\/\/www.rockpixx.com\/wordpress\/megadeth-02-08-2014-wacken-woa-2014\/","url_meta":{"origin":11979,"position":1},"title":"Megadeth 02.08.2014, Wacken, W:O:A 2014","author":"Anja","date":"3. August 2014","format":false,"excerpt":"\u2192 \u201eSlayer\u201c, \u2192 \u201eAnthrax\u201c, \u201eMetallica\u201c, \u201eMegadeth\u201c \u2013 die gro\u00dfen Vier des Thrash Metal bekommen wir nun also zu drei Vierteln komplett: \u201eMegadeth\u201c stehen als n\u00e4chste Band auf der Black Stage an. Wenn da nicht noch eine Kleinigkeit im Format DIN A4 w\u00e4re\u2026 Diese \u201eKleinigkeit\u201c besteht aus einem in Englisch abgefassten\u2026","rel":"","context":"In &quot;Acts&quot;","block_context":{"text":"Acts","link":"http:\/\/www.rockpixx.com\/wordpress\/category\/acts\/"},"img":{"alt_text":"Megadeth, 02.08.2014, Wacken, Wacken Open Air 2014","src":"https:\/\/i0.wp.com\/www.rockpixx.com\/wordpress\/wp-content\/uploads\/2014\/08\/20140802-05-081.jpg?resize=350%2C200","width":350,"height":200,"srcset":"https:\/\/i0.wp.com\/www.rockpixx.com\/wordpress\/wp-content\/uploads\/2014\/08\/20140802-05-081.jpg?resize=350%2C200 1x, https:\/\/i0.wp.com\/www.rockpixx.com\/wordpress\/wp-content\/uploads\/2014\/08\/20140802-05-081.jpg?resize=525%2C300 1.5x, https:\/\/i0.wp.com\/www.rockpixx.com\/wordpress\/wp-content\/uploads\/2014\/08\/20140802-05-081.jpg?resize=700%2C400 2x"},"classes":[]},{"id":15994,"url":"http:\/\/www.rockpixx.com\/wordpress\/accept-31-07-2014-wacken-woa-2014\/","url_meta":{"origin":11979,"position":2},"title":"Accept, 31.07.2014, Wacken, W:O:A 2014","author":"admin","date":"1. August 2014","format":false,"excerpt":"Der letzte Act an diesem ersten Tag ist f\u00fcr mich deutsches Metal-Urgestein aus Solingen. Nein, keine Messer mit feinen Klingen, sondern \u201eAccept\u201c stehen auf der True Metal Stage. Manchmal dauert alles etwas l\u00e4nger. 2005 hatte ich bereits eine \u201eAccept\u201c-Tributeband fotografiert: \u2192 \u201eAxxept\u201c im Nepomuk in Altenkunstadt. Nun stehen also endlich\u2026","rel":"","context":"In &quot;Accept&quot;","block_context":{"text":"Accept","link":"http:\/\/www.rockpixx.com\/wordpress\/category\/acts\/accept\/"},"img":{"alt_text":"Accept, 31.07.2014, Wacken, Wacken Open Air","src":"https:\/\/i0.wp.com\/www.rockpixx.com\/wordpress\/wp-content\/uploads\/2014\/08\/20140731-06-079_accept_Artikel1.jpg?resize=350%2C200","width":350,"height":200,"srcset":"https:\/\/i0.wp.com\/www.rockpixx.com\/wordpress\/wp-content\/uploads\/2014\/08\/20140731-06-079_accept_Artikel1.jpg?resize=350%2C200 1x, https:\/\/i0.wp.com\/www.rockpixx.com\/wordpress\/wp-content\/uploads\/2014\/08\/20140731-06-079_accept_Artikel1.jpg?resize=525%2C300 1.5x, https:\/\/i0.wp.com\/www.rockpixx.com\/wordpress\/wp-content\/uploads\/2014\/08\/20140731-06-079_accept_Artikel1.jpg?resize=700%2C400 2x"},"classes":[]},{"id":8923,"url":"http:\/\/www.rockpixx.com\/wordpress\/u-d-o-02-08-2012-wacken-woa-2012\/","url_meta":{"origin":11979,"position":3},"title":"U.D.O., 02.08.2012, Wacken, W:O:A 2012","author":"Anja","date":"2. August 2012","format":false,"excerpt":"Udo Dirkschneider und seine Mannen stehen auf der B\u00fchne und zum ersten (und gl\u00fccklicherweise einzigen) Mal an diesem Abend sch\u00fcttet es w\u00e4hrend des Gigs wie aus K\u00fcbeln. Aber das kennen wir ja schon vom Deichbrand\u2026 Was ich da vom ehemaligen \u201eTeilzeit-Frontmann\u201c von \u201eAccept\u201c und seinen Mitstreitern zu h\u00f6ren bekomme, das\u2026","rel":"","context":"In &quot;Acts&quot;","block_context":{"text":"Acts","link":"http:\/\/www.rockpixx.com\/wordpress\/category\/acts\/"},"img":{"alt_text":"U.D.O., 02.08.2012, Wacken, W:O:A 2012","src":"https:\/\/i0.wp.com\/www.rockpixx.com\/wordpress\/wp-content\/uploads\/2013\/02\/20120802-06-udo-Artikel.jpg?resize=350%2C200","width":350,"height":200,"srcset":"https:\/\/i0.wp.com\/www.rockpixx.com\/wordpress\/wp-content\/uploads\/2013\/02\/20120802-06-udo-Artikel.jpg?resize=350%2C200 1x, https:\/\/i0.wp.com\/www.rockpixx.com\/wordpress\/wp-content\/uploads\/2013\/02\/20120802-06-udo-Artikel.jpg?resize=525%2C300 1.5x, https:\/\/i0.wp.com\/www.rockpixx.com\/wordpress\/wp-content\/uploads\/2013\/02\/20120802-06-udo-Artikel.jpg?resize=700%2C400 2x"},"classes":[]},{"id":15987,"url":"http:\/\/www.rockpixx.com\/wordpress\/steel-panther-31-07-2014-wacken-woa-2014\/","url_meta":{"origin":11979,"position":4},"title":"Steel Panther, 31.07.2014, Wacken, W:O:A 2014","author":"admin","date":"1. August 2014","format":false,"excerpt":"Man stelle sich einmal die folgende Situation vor: Barbie und drei ihrer besten Freundinnen unterziehen sich einer geschlechtsangleichenden Operation, lassen sich Tatoos stechen, ziehen nietenbesetzte Rock\u2019n\u2019Roll-Klamotten in den bevorzugten Farben Pink, Lila und Rot an, stellen sich als Hardrockband auf die True Metal Stage vom W:O:A und rocken los, was\u2026","rel":"","context":"In &quot;Acts&quot;","block_context":{"text":"Acts","link":"http:\/\/www.rockpixx.com\/wordpress\/category\/acts\/"},"img":{"alt_text":"Steel Panther, 31.07.2014, Wacken, Wacken Open Air","src":"https:\/\/i0.wp.com\/www.rockpixx.com\/wordpress\/wp-content\/uploads\/2014\/08\/20140731-04-035_steel-panther_Artikel2.jpg?resize=350%2C200","width":350,"height":200,"srcset":"https:\/\/i0.wp.com\/www.rockpixx.com\/wordpress\/wp-content\/uploads\/2014\/08\/20140731-04-035_steel-panther_Artikel2.jpg?resize=350%2C200 1x, https:\/\/i0.wp.com\/www.rockpixx.com\/wordpress\/wp-content\/uploads\/2014\/08\/20140731-04-035_steel-panther_Artikel2.jpg?resize=525%2C300 1.5x, https:\/\/i0.wp.com\/www.rockpixx.com\/wordpress\/wp-content\/uploads\/2014\/08\/20140731-04-035_steel-panther_Artikel2.jpg?resize=700%2C400 2x"},"classes":[]},{"id":11975,"url":"http:\/\/www.rockpixx.com\/wordpress\/lamb-of-god-02-08-2013-wacken-woa-2013\/","url_meta":{"origin":11979,"position":5},"title":"Lamb of God, 03.08.2013, Wacken, W:O:A 2013","author":"Anja","date":"7. August 2013","format":false,"excerpt":"Mit \u201eLamb of God\u201c steht eine amerikanische Metal-Band auf der \u201eBlack Stage\u201c, die mich musikalisch nicht so wirklich zu fesseln vermag. Es liegt nicht daran, dass sie eigentlich keinem ausgewiesenen Metal-Genre so wirklich zuzuordnen sind, sich aber zahlreicher Elemente aus Death- und Thrash-Metal bedienen. Vielleicht mag ich auch einfach \u201eGrowling\u201c\u2026","rel":"","context":"In &quot;Acts&quot;","block_context":{"text":"Acts","link":"http:\/\/www.rockpixx.com\/wordpress\/category\/acts\/"},"img":{"alt_text":"","src":"https:\/\/i0.wp.com\/www.rockpixx.com\/wordpress\/wp-content\/uploads\/2013\/08\/20130803-02-050_lamb-of-god-Artikel.jpg?resize=350%2C200","width":350,"height":200,"srcset":"https:\/\/i0.wp.com\/www.rockpixx.com\/wordpress\/wp-content\/uploads\/2013\/08\/20130803-02-050_lamb-of-god-Artikel.jpg?resize=350%2C200 1x, https:\/\/i0.wp.com\/www.rockpixx.com\/wordpress\/wp-content\/uploads\/2013\/08\/20130803-02-050_lamb-of-god-Artikel.jpg?resize=525%2C300 1.5x, https:\/\/i0.wp.com\/www.rockpixx.com\/wordpress\/wp-content\/uploads\/2013\/08\/20130803-02-050_lamb-of-god-Artikel.jpg?resize=700%2C400 2x"},"classes":[]}],"jetpack_sharing_enabled":true,"publishpress_future_action":{"enabled":false,"date":"2026-05-06 11:15:43","action":"change-status","newStatus":"draft","terms":[],"taxonomy":"category","extraData":[]},"publishpress_future_workflow_manual_trigger":{"enabledWorkflows":[]},"_links":{"self":[{"href":"http:\/\/www.rockpixx.com\/wordpress\/wp-json\/wp\/v2\/posts\/11979","targetHints":{"allow":["GET"]}}],"collection":[{"href":"http:\/\/www.rockpixx.com\/wordpress\/wp-json\/wp\/v2\/posts"}],"about":[{"href":"http:\/\/www.rockpixx.com\/wordpress\/wp-json\/wp\/v2\/types\/post"}],"author":[{"embeddable":true,"href":"http:\/\/www.rockpixx.com\/wordpress\/wp-json\/wp\/v2\/users\/2"}],"replies":[{"embeddable":true,"href":"http:\/\/www.rockpixx.com\/wordpress\/wp-json\/wp\/v2\/comments?post=11979"}],"version-history":[{"count":0,"href":"http:\/\/www.rockpixx.com\/wordpress\/wp-json\/wp\/v2\/posts\/11979\/revisions"}],"wp:featuredmedia":[{"embeddable":true,"href":"http:\/\/www.rockpixx.com\/wordpress\/wp-json\/wp\/v2\/media\/11980"}],"wp:attachment":[{"href":"http:\/\/www.rockpixx.com\/wordpress\/wp-json\/wp\/v2\/media?parent=11979"}],"wp:term":[{"taxonomy":"category","embeddable":true,"href":"http:\/\/www.rockpixx.com\/wordpress\/wp-json\/wp\/v2\/categories?post=11979"},{"taxonomy":"post_tag","embeddable":true,"href":"http:\/\/www.rockpixx.com\/wordpress\/wp-json\/wp\/v2\/tags?post=11979"}],"curies":[{"name":"wp","href":"https:\/\/api.w.org\/{rel}","templated":true}]}}